{"id":986,"date":"2018-03-27T14:14:31","date_gmt":"2018-03-27T17:14:31","guid":{"rendered":"http:\/\/www.comuna13online.com.ar\/?p=986"},"modified":"2018-03-27T14:14:31","modified_gmt":"2018-03-27T17:14:31","slug":"la-defensoria-presento-un-proyecto-para-instalar-medidores-de-agua-en-edificios","status":"publish","type":"post","link":"https:\/\/www.comuna13online.com.ar\/?p=986","title":{"rendered":"La Defensor\u00eda present\u00f3 un proyecto para instalar medidores de agua en edificios"},"content":{"rendered":"<p><strong>La iniciativa estipula la implementaci\u00f3n de los medidores \u00fanicamente en edificios nuevos y apunta a una facturaci\u00f3n m\u00e1s equitativa y a colaborar con el ahorro y el desarrollo sostenible.\u00a0<\/strong><\/p>\n<p><img loading=\"lazy\" decoding=\"async\" data-attachment-id=\"987\" data-permalink=\"https:\/\/www.comuna13online.com.ar\/?attachment_id=987\" data-orig-file=\"https:\/\/www.comuna13online.com.ar\/wp-content\/uploads\/2018\/03\/20180327b1.jpg\" data-orig-size=\"678,395\" data-comments-opened=\"0\" data-image-meta=\"{&quot;aperture&quot;:&quot;0&quot;,&quot;credit&quot;:&quot;&quot;,&quot;camera&quot;:&quot;&quot;,&quot;caption&quot;:&quot;&quot;,&quot;created_timestamp&quot;:&quot;0&quot;,&quot;copyright&quot;:&quot;&quot;,&quot;focal_length&quot;:&quot;0&quot;,&quot;iso&quot;:&quot;0&quot;,&quot;shutter_speed&quot;:&quot;0&quot;,&quot;title&quot;:&quot;&quot;,&quot;orientation&quot;:&quot;0&quot;}\" data-image-title=\"20180327b1\" data-image-description=\"\" data-image-caption=\"\" data-large-file=\"https:\/\/www.comuna13online.com.ar\/wp-content\/uploads\/2018\/03\/20180327b1.jpg\" class=\"alignnone size-full wp-image-987\" src=\"http:\/\/www.comuna13online.com.ar\/wp-content\/uploads\/2018\/03\/20180327b1.jpg\" alt=\"\" width=\"678\" height=\"395\" \/><\/p>\n<p>\u200b\u200bLa Defensor\u00eda del Pueblo de la Ciudad Aut\u00f3noma de Buenos Aires impulsa un proyecto de ley para la instalaci\u00f3n de medidores de agua en edificios nuevos, con el objetivo de fomentar facturaciones m\u00e1s equitativas y colaborar con el ahorro y el desarrollo sostenible de este recurso no renovable.<\/p>\n<p>Este proyecto surge a ra\u00edz de la importancia que tiene el agua en nuestras vidas, ya que representa un recurso natural esencial para el goce de los derechos humanos y constituye a su vez un elemento imprescindible que hace a la dignidad de las personas. En ese marco, desde la Defensor\u00eda consideramos indispensable adoptar medidas tendientes a evitar el derroche y a optimizar su uso racional, sin que ello implique de ninguna manera privar o restringir indebidamente su consumo.<\/p>\n<p><strong>\u00bfPOR QU\u00c9 SE IMPULSA ESTE PROYECTO?<\/strong><\/p>\n<p>En nuestro pa\u00eds el acceso al agua constituye un servicio p\u00fablico de car\u00e1cter esencial, el cual debe ser prestado de forma obligatoria, regular, continua y en condiciones de igualdad y universalidad. Tal cual lo establece el art\u00edculo 42 de la Constituci\u00f3n Nacional, las autoridades deben proteger los derechos de consumidores y usuarios, as\u00ed como proveer a \u201cla calidad y eficiencia de los servicios p\u00fablicos\u201d.<\/p>\n<p>Esta Defensor\u00eda del Pueblo advierte que en la prestaci\u00f3n actual del servicio, los m\u00e9todos utilizados para calcular las tarifas pueden mejorarse en pos de garantizar el acceso de todas las personas al agua potable y el saneamiento, as\u00ed como fomentar el consumo racional y sustentable de la mano de una facturaci\u00f3n razonable, m\u00e1s justa y equitativa.<\/p>\n<p>El sistema hasta ahora implementado se basa, en la mayor\u00eda de casos, en un c\u00e1lculo en funci\u00f3n de la superficie de las viviendas de los usuarios, junto a coeficientes relativos a la calidad del inmueble y al indicador zonal. As\u00ed, a diferencia del resto de servicios p\u00fablicos esenciales, la facturaci\u00f3n por el servicio de agua no se encuentra vinculada al consumo real por parte del usuario.<\/p>\n<p>Por otra parte, resulta fundamental tener en cuenta que medir y facturar el consumo de agua, en un contexto de aumentos tarifarios, podr\u00eda generar restricciones y limitaciones en el consumo de determinados sectores de la poblaci\u00f3n, situaci\u00f3n que vulnerar\u00eda los principios de no regresividad y de progresividad en materia de Derechos Humanos.<\/p>\n<p>La Defensor\u00eda del Pueblo entiende que una modificaci\u00f3n legislativa del C\u00f3digo de la Edificaci\u00f3n de la Ciudad, podr\u00eda colaborar a resolver en el mediano plazo de forma justa y razonable esta problem\u00e1tica.<\/p>\n<p><strong>\u00bfC\u00d3MO SE CALCULAR\u00cdA EL GASTO DE AGUA CON ESTE PROYECTO?<\/strong><\/p>\n<p>En este sentido, el proyecto contempla la instalaci\u00f3n de un medidor de agua para cada unidad funcional y otro para los espacios comunes en los edificios de propiedad horizontal nuevos de la Ciudad.<\/p>\n<p>Adem\u00e1s establece que la provisi\u00f3n de dichos medidores ser\u00e1 de forma gratuita, de acuerdo a la actual pol\u00edtica de AySA.<\/p>\n<p>Por \u00faltimo, con el objetivo de elaborar un reglamento t\u00e9cnico para proyectar y ejecutar las instalaciones, el GCBA conformar\u00e1 una mesa t\u00e9cnica integrada por representantes de la Defensor\u00eda del Pueblo de la Ciudad, la Direcci\u00f3n General de Registro de Obras y Catastro, el Ente Regulador de Aguas y Saneamiento, AySA S.A., los consejos profesionales de arquitectura e ingenier\u00eda, y las asociaciones de defensa de usuarios de servicios p\u00fablicos.<\/p>\n<p style=\"text-align: right;\"><span style=\"color: #999999;\">Fuente: Defensor\u00eda del Pueblo de la Ciudad<\/span><\/p>\n","protected":false},"excerpt":{"rendered":"<div class=\"mh-excerpt\">La iniciativa estipula la implementaci\u00f3n de los medidores \u00fanicamente en edificios nuevos y apunta a una facturaci\u00f3n m\u00e1s equitativa y a colaborar con el ahorro y el desarrollo sostenible.\u00a0 \u200b\u200bLa <a class=\"mh-excerpt-more\" href=\"https:\/\/www.comuna13online.com.ar\/?p=986\" title=\"La Defensor\u00eda present\u00f3 un proyecto para instalar medidores de agua en edificios\">[&#8230;]<\/a><\/div>\n","protected":false},"author":1,"featured_media":988,"comment_status":"closed","ping_status":"closed","sticky":false,"template":"","format":"standard","meta":{"_uag_custom_page_level_css":"","_jetpack_memberships_contains_paid_content":false,"footnotes":"","jetpack_publicize_message":"","jetpack_publicize_feature_enabled":true,"jetpack_social_post_already_shared":true,"jetpack_social_options":{"image_generator_settings":{"template":"highway","default_image_id":0,"font":"","enabled":false},"version":2}},"categories":[138],"tags":[51,107],"class_list":{"0":"post-986","1":"post","2":"type-post","3":"status-publish","4":"format-standard","5":"has-post-thumbnail","7":"category-servicios","8":"tag-defensoria-del-pueblo","9":"tag-servicios"},"jetpack_publicize_connections":[],"jetpack_featured_media_url":"https:\/\/www.comuna13online.com.ar\/wp-content\/uploads\/2018\/03\/20180327b.jpg","uagb_featured_image_src":{"full":["https:\/\/www.comuna13online.com.ar\/wp-content\/uploads\/2018\/03\/20180327b.jpg",1030,438,false],"thumbnail":["https:\/\/www.comuna13online.com.ar\/wp-content\/uploads\/2018\/03\/20180327b-150x150.jpg",96,96,true],"medium":["https:\/\/www.comuna13online.com.ar\/wp-content\/uploads\/2018\/03\/20180327b-678x288.jpg",678,288,true],"medium_large":["https:\/\/www.comuna13online.com.ar\/wp-content\/uploads\/2018\/03\/20180327b-768x327.jpg",768,327,true],"large":["https:\/\/www.comuna13online.com.ar\/wp-content\/uploads\/2018\/03\/20180327b.jpg",1030,438,false],"1536x1536":["https:\/\/www.comuna13online.com.ar\/wp-content\/uploads\/2018\/03\/20180327b.jpg",1030,438,false],"2048x2048":["https:\/\/www.comuna13online.com.ar\/wp-content\/uploads\/2018\/03\/20180327b.jpg",1030,438,false],"mh-magazine-slider":["https:\/\/www.comuna13online.com.ar\/wp-content\/uploads\/2018\/03\/20180327b.jpg",1030,438,false],"mh-magazine-content":["https:\/\/www.comuna13online.com.ar\/wp-content\/uploads\/2018\/03\/20180327b-678x381.jpg",678,381,true],"mh-magazine-large":["https:\/\/www.comuna13online.com.ar\/wp-content\/uploads\/2018\/03\/20180327b-678x438.jpg",678,438,true],"mh-magazine-medium":["https:\/\/www.comuna13online.com.ar\/wp-content\/uploads\/2018\/03\/20180327b-326x245.jpg",326,245,true],"mh-magazine-small":["https:\/\/www.comuna13online.com.ar\/wp-content\/uploads\/2018\/03\/20180327b-80x60.jpg",80,60,true],"sow-carousel-default":["https:\/\/www.comuna13online.com.ar\/wp-content\/uploads\/2018\/03\/20180327b-272x182.jpg",272,182,true]},"uagb_author_info":{"display_name":"Comuna13","author_link":"https:\/\/www.comuna13online.com.ar\/?author=1"},"uagb_comment_info":0,"uagb_excerpt":"La iniciativa estipula la implementaci\u00f3n de los medidores \u00fanicamente en edificios nuevos y apunta a una facturaci\u00f3n m\u00e1s equitativa y a colaborar con el ahorro y el desarrollo sostenible.\u00a0 \u200b\u200bLa [...]","jetpack_sharing_enabled":true,"_links":{"self":[{"href":"https:\/\/www.comuna13online.com.ar\/index.php?rest_route=\/wp\/v2\/posts\/986","targetHints":{"allow":["GET"]}}],"collection":[{"href":"https:\/\/www.comuna13online.com.ar\/index.php?rest_route=\/wp\/v2\/posts"}],"about":[{"href":"https:\/\/www.comuna13online.com.ar\/index.php?rest_route=\/wp\/v2\/types\/post"}],"author":[{"embeddable":true,"href":"https:\/\/www.comuna13online.com.ar\/index.php?rest_route=\/wp\/v2\/users\/1"}],"replies":[{"embeddable":true,"href":"https:\/\/www.comuna13online.com.ar\/index.php?rest_route=%2Fwp%2Fv2%2Fcomments&post=986"}],"version-history":[{"count":0,"href":"https:\/\/www.comuna13online.com.ar\/index.php?rest_route=\/wp\/v2\/posts\/986\/revisions"}],"wp:featuredmedia":[{"embeddable":true,"href":"https:\/\/www.comuna13online.com.ar\/index.php?rest_route=\/wp\/v2\/media\/988"}],"wp:attachment":[{"href":"https:\/\/www.comuna13online.com.ar\/index.php?rest_route=%2Fwp%2Fv2%2Fmedia&parent=986"}],"wp:term":[{"taxonomy":"category","embeddable":true,"href":"https:\/\/www.comuna13online.com.ar\/index.php?rest_route=%2Fwp%2Fv2%2Fcategories&post=986"},{"taxonomy":"post_tag","embeddable":true,"href":"https:\/\/www.comuna13online.com.ar\/index.php?rest_route=%2Fwp%2Fv2%2Ftags&post=986"}],"curies":[{"name":"wp","href":"https:\/\/api.w.org\/{rel}","templated":true}]}}