{"id":949,"date":"2018-03-22T09:53:13","date_gmt":"2018-03-22T12:53:13","guid":{"rendered":"http:\/\/www.comuna13online.com.ar\/?p=949"},"modified":"2018-03-22T09:53:13","modified_gmt":"2018-03-22T12:53:13","slug":"ciclo-de-cine-argentino-en-el-museo-coornelio-saavedra","status":"publish","type":"post","link":"https:\/\/www.comuna13online.com.ar\/?p=949","title":{"rendered":"Ciclo de Cine Argentino en el Museo Coornelio Saavedra"},"content":{"rendered":"<p><strong>El Museo \u201cCornelio de Saavedra\u201d hizo llegar a nuestra Redacci\u00f3n una invitaci\u00f3n para presenciar\u00a0 una revisi\u00f3n de pel\u00edculas y autores que marcaron nuevos rumbos en la historia del cine argentino, en esta oportunidad se proyectar\u00e1 el filme \u201cA prop\u00f3sito de Buenos Aires\u00bb. Hacemos extensiva la invitaci\u00f3n a nuestros Lectores.<\/strong><\/p>\n<p><img loading=\"lazy\" decoding=\"async\" data-attachment-id=\"951\" data-permalink=\"https:\/\/www.comuna13online.com.ar\/?attachment_id=951\" data-orig-file=\"https:\/\/www.comuna13online.com.ar\/wp-content\/uploads\/2018\/03\/20180322a1.jpg\" data-orig-size=\"678,384\" data-comments-opened=\"0\" data-image-meta=\"{&quot;aperture&quot;:&quot;0&quot;,&quot;credit&quot;:&quot;&quot;,&quot;camera&quot;:&quot;&quot;,&quot;caption&quot;:&quot;&quot;,&quot;created_timestamp&quot;:&quot;0&quot;,&quot;copyright&quot;:&quot;&quot;,&quot;focal_length&quot;:&quot;0&quot;,&quot;iso&quot;:&quot;0&quot;,&quot;shutter_speed&quot;:&quot;0&quot;,&quot;title&quot;:&quot;&quot;,&quot;orientation&quot;:&quot;0&quot;}\" data-image-title=\"20180322a1\" data-image-description=\"\" data-image-caption=\"\" data-large-file=\"https:\/\/www.comuna13online.com.ar\/wp-content\/uploads\/2018\/03\/20180322a1.jpg\" class=\"alignnone size-full wp-image-951\" src=\"http:\/\/www.comuna13online.com.ar\/wp-content\/uploads\/2018\/03\/20180322a1.jpg\" alt=\"\" width=\"678\" height=\"384\" \/><\/p>\n<p>Domingo 25 de marzo a las 17:30 horas.<br \/>\n<strong>\u201cA prop\u00f3sito de Buenos Aires\u201d<br \/>\n<\/strong>A\u00f1o: 2006, duraci\u00f3n 80 minutos.<\/p>\n<p>Desde el puerto de Santa Mar\u00eda de los Buenos Aires, la ciudad como un desierto donde no cabe esperar piedad ni socorro de nadie. Buques negros y sonoros. Trenes orquestales. Ni\u00f1os abandonados. Letreros luminosos de azul de metileno. Vest\u00edbulos de teatro. Extensas avenidas. Angostas calles rectas. Estudios trasnochados. Colisiones a\u00e9reas. Chimeneas sin humo. Cartas id\u00e9nticas. Encuentros furtivos. Pantanos prefabricados. Lechos legamosos. Islas prohibidas. Casi un mill\u00f3n de libros. \u00c1ngeles de piedra. Piedras aleg\u00f3ricas. Cancionistas porte\u00f1os en cuerpo y alma. Enga\u00f1os. Atracos. Estafas. Im\u00e1genes blancas y negras de una Buenos Aires muerta.<\/p>\n<p>Experimento colectivo de once directores con treinta y dos personajes sobre una ciudad en cinco partes: Las trampas. El dinero. El desierto. Las luces. Los muertos. Templados y rientes, los restos de un naufragio: A prop\u00f3sito de Buenos Aires.<\/p>\n<p>Estos j\u00f3venes directores se reunieron para colaborar en este proyecto at\u00edpico, no s\u00f3lo por su ficha t\u00e9cnica, sino por su estructura narrativa. Hay varias escenas solamente unidas entre s\u00ed por la ciudad. Ninguna de \u00e9stas llega a definir una \u00fanica historia, cada una es parte de una situaci\u00f3n mayor que no vemos, como si el comienzo y el fin de cada historia debieran ser completados por el espectador. O, mejor: como si no hubiera necesidad de comenzar y terminar porque, en \u00faltima instancia, esa no es m\u00e1s que la forma convencional de contar historias.<\/p>\n<div align=\"center\"><iframe loading=\"lazy\" src=\"https:\/\/www.youtube.com\/embed\/OzMH_xVVZuo\" width=\"560\" height=\"315\" frameborder=\"0\" allowfullscreen=\"allowfullscreen\"><\/iframe><\/div>\n<p><strong>Ficha T\u00e9cnica<\/strong><\/p>\n<p>Directores:\u00a0Manuel Ferrari, Alejo Franzetti, Mart\u00edn Kalina, Cecilia Libster, Francisco Pedemonte, Clara Picasso, Mat\u00edas Pi\u00f1eiro, Juan Ronco, Andrea Santamar\u00eda, Malena Solarz, Nicol\u00e1s Zukerfeld.<\/p>\n<p>G\u00e9nero:\u00a0Drama<\/p>\n<p>Pa\u00eds:\u00a0Argentina<\/p>\n<p>Reparto:\u00a0Mar\u00eda Abadi, Mariana Chaud, In\u00e9s Efron, Milagros Gallo, Guillermo Garc\u00eda Faure, Walter Jakob, Gonzalo Mart\u00ednez, Julia Mart\u00ednez Rubio, Clara Miglioli, Dulio Orso, Romina Paula, Mart\u00edn Policastro, Ignacio Rogers.<\/p>\n<p>Sinopsis:\u00a0Pel\u00edcula epis\u00f3dica en la que confluyen distintas perspectivas y enfoques sobre Buenos Aires: espacios contempor\u00e1neos y cotidianos se convierten en fragmentos de un territorio en disputa y en una ficci\u00f3n no lineal donde emergen voces que no siempre son escuchadas.<\/p>\n<hr \/>\n<p><strong>Museo Hist\u00f3rico de Buenos Aires \u201cCornelio de Saavedra\u201d<\/strong><br \/>\nAv. Cris\u00f3logo Larralde 6309, Saavedra<\/p>\n<p>Horario:<br \/>\nMartes a viernes de 9 a 17 hs.<br \/>\nS\u00e1bado, domingo y feriados de 10 a 20 hs.<br \/>\nLunes cerrado.<\/p>\n<p>Tel\u00e9fono:\u00a04572-0746 \/ 4574-1328<br \/>\nE-mail:\u00a0museosaavedra_ecultural@buenosaires.gob.ar<\/p>\n<p>Entrada\u00a0General: $5. Martes y viernes gratis<\/p>\n<p><iframe loading=\"lazy\" style=\"border: 0;\" src=\"https:\/\/www.google.com\/maps\/embed?pb=!1m14!1m8!1m3!1d13141.588098614468!2d-58.50750599999999!3d-34.56881933844473!3m2!1i1024!2i768!4f13.1!3m3!1m2!1s0x0%3A0xbaf03b952551a39f!2sMuseo+Hist%C3%B3rico+Cornelio+Saavedra!5e0!3m2!1ses!2sar!4v1521722838333\" width=\"300\" height=\"250\" frameborder=\"0\" allowfullscreen=\"allowfullscreen\"><\/iframe><\/p>\n<p><strong>Transportes Cercanos:\u00a0<\/strong><br \/>\nColectivos:\u00a021, 28, 110, 111, 112, 117, 127, 140, 169, 175 y 176.<\/p>\n","protected":false},"excerpt":{"rendered":"<div class=\"mh-excerpt\">El Museo \u201cCornelio de Saavedra\u201d hizo llegar a nuestra Redacci\u00f3n una invitaci\u00f3n para presenciar\u00a0 una revisi\u00f3n de pel\u00edculas y autores que marcaron nuevos rumbos en la historia del cine argentino, <a class=\"mh-excerpt-more\" href=\"https:\/\/www.comuna13online.com.ar\/?p=949\" title=\"Ciclo de Cine Argentino en el Museo Coornelio Saavedra\">[&#8230;]<\/a><\/div>\n","protected":false},"author":1,"featured_media":950,"comment_status":"closed","ping_status":"closed","sticky":false,"template":"","format":"standard","meta":{"_uag_custom_page_level_css":"","_jetpack_memberships_contains_paid_content":false,"footnotes":"","jetpack_publicize_message":"","jetpack_publicize_feature_enabled":true,"jetpack_social_post_already_shared":true,"jetpack_social_options":{"image_generator_settings":{"template":"highway","default_image_id":0,"font":"","enabled":false},"version":2}},"categories":[142],"tags":[143,144,127,71],"class_list":{"0":"post-949","1":"post","2":"type-post","3":"status-publish","4":"format-standard","5":"has-post-thumbnail","7":"category-cine","8":"tag-cine","9":"tag-museo-coornelio-saavedra","10":"tag-museos","11":"tag-tiempo-libre"},"jetpack_publicize_connections":[],"jetpack_featured_media_url":"https:\/\/www.comuna13online.com.ar\/wp-content\/uploads\/2018\/03\/20180322a.jpg","uagb_featured_image_src":{"full":["https:\/\/www.comuna13online.com.ar\/wp-content\/uploads\/2018\/03\/20180322a.jpg",1030,438,false],"thumbnail":["https:\/\/www.comuna13online.com.ar\/wp-content\/uploads\/2018\/03\/20180322a-150x150.jpg",96,96,true],"medium":["https:\/\/www.comuna13online.com.ar\/wp-content\/uploads\/2018\/03\/20180322a-678x288.jpg",678,288,true],"medium_large":["https:\/\/www.comuna13online.com.ar\/wp-content\/uploads\/2018\/03\/20180322a-768x327.jpg",768,327,true],"large":["https:\/\/www.comuna13online.com.ar\/wp-content\/uploads\/2018\/03\/20180322a.jpg",1030,438,false],"1536x1536":["https:\/\/www.comuna13online.com.ar\/wp-content\/uploads\/2018\/03\/20180322a.jpg",1030,438,false],"2048x2048":["https:\/\/www.comuna13online.com.ar\/wp-content\/uploads\/2018\/03\/20180322a.jpg",1030,438,false],"mh-magazine-slider":["https:\/\/www.comuna13online.com.ar\/wp-content\/uploads\/2018\/03\/20180322a.jpg",1030,438,false],"mh-magazine-content":["https:\/\/www.comuna13online.com.ar\/wp-content\/uploads\/2018\/03\/20180322a-678x381.jpg",678,381,true],"mh-magazine-large":["https:\/\/www.comuna13online.com.ar\/wp-content\/uploads\/2018\/03\/20180322a-678x438.jpg",678,438,true],"mh-magazine-medium":["https:\/\/www.comuna13online.com.ar\/wp-content\/uploads\/2018\/03\/20180322a-326x245.jpg",326,245,true],"mh-magazine-small":["https:\/\/www.comuna13online.com.ar\/wp-content\/uploads\/2018\/03\/20180322a-80x60.jpg",80,60,true],"sow-carousel-default":["https:\/\/www.comuna13online.com.ar\/wp-content\/uploads\/2018\/03\/20180322a-272x182.jpg",272,182,true]},"uagb_author_info":{"display_name":"Comuna13","author_link":"https:\/\/www.comuna13online.com.ar\/?author=1"},"uagb_comment_info":0,"uagb_excerpt":"El Museo \u201cCornelio de Saavedra\u201d hizo llegar a nuestra Redacci\u00f3n una invitaci\u00f3n para presenciar\u00a0 una revisi\u00f3n de pel\u00edculas y autores que marcaron nuevos rumbos en la historia del cine argentino, [...]","jetpack_sharing_enabled":true,"_links":{"self":[{"href":"https:\/\/www.comuna13online.com.ar\/index.php?rest_route=\/wp\/v2\/posts\/949","targetHints":{"allow":["GET"]}}],"collection":[{"href":"https:\/\/www.comuna13online.com.ar\/index.php?rest_route=\/wp\/v2\/posts"}],"about":[{"href":"https:\/\/www.comuna13online.com.ar\/index.php?rest_route=\/wp\/v2\/types\/post"}],"author":[{"embeddable":true,"href":"https:\/\/www.comuna13online.com.ar\/index.php?rest_route=\/wp\/v2\/users\/1"}],"replies":[{"embeddable":true,"href":"https:\/\/www.comuna13online.com.ar\/index.php?rest_route=%2Fwp%2Fv2%2Fcomments&post=949"}],"version-history":[{"count":0,"href":"https:\/\/www.comuna13online.com.ar\/index.php?rest_route=\/wp\/v2\/posts\/949\/revisions"}],"wp:featuredmedia":[{"embeddable":true,"href":"https:\/\/www.comuna13online.com.ar\/index.php?rest_route=\/wp\/v2\/media\/950"}],"wp:attachment":[{"href":"https:\/\/www.comuna13online.com.ar\/index.php?rest_route=%2Fwp%2Fv2%2Fmedia&parent=949"}],"wp:term":[{"taxonomy":"category","embeddable":true,"href":"https:\/\/www.comuna13online.com.ar\/index.php?rest_route=%2Fwp%2Fv2%2Fcategories&post=949"},{"taxonomy":"post_tag","embeddable":true,"href":"https:\/\/www.comuna13online.com.ar\/index.php?rest_route=%2Fwp%2Fv2%2Ftags&post=949"}],"curies":[{"name":"wp","href":"https:\/\/api.w.org\/{rel}","templated":true}]}}