{"id":9436,"date":"2020-04-30T06:39:00","date_gmt":"2020-04-30T09:39:00","guid":{"rendered":"http:\/\/www.comuna13online.com.ar\/?p=9436"},"modified":"2020-04-29T18:06:27","modified_gmt":"2020-04-29T21:06:27","slug":"prorrogan-120-dias-el-vencimiento-del-registro-de-conducir","status":"publish","type":"post","link":"https:\/\/www.comuna13online.com.ar\/?p=9436","title":{"rendered":"Prorrogan 120 d\u00edas el vencimiento del registro de conducir"},"content":{"rendered":"\n<p><strong>Las licencias de conducir que tengan un vencimiento entre el 15 de febrero y el 30 de abril de 2020 tienen validez por 120 d\u00edas corridos, desde su vencimiento.<\/strong><\/p>\n\n\n\n<figure class=\"wp-block-image size-full\"><img loading=\"lazy\" decoding=\"async\" width=\"678\" height=\"449\" data-attachment-id=\"9437\" data-permalink=\"https:\/\/www.comuna13online.com.ar\/?attachment_id=9437\" data-orig-file=\"https:\/\/www.comuna13online.com.ar\/wp-content\/uploads\/2020\/04\/20200430b1.jpg\" data-orig-size=\"678,449\" data-comments-opened=\"0\" data-image-meta=\"{&quot;aperture&quot;:&quot;0&quot;,&quot;credit&quot;:&quot;&quot;,&quot;camera&quot;:&quot;&quot;,&quot;caption&quot;:&quot;&quot;,&quot;created_timestamp&quot;:&quot;0&quot;,&quot;copyright&quot;:&quot;&quot;,&quot;focal_length&quot;:&quot;0&quot;,&quot;iso&quot;:&quot;0&quot;,&quot;shutter_speed&quot;:&quot;0&quot;,&quot;title&quot;:&quot;&quot;,&quot;orientation&quot;:&quot;0&quot;}\" data-image-title=\"20200430b1\" data-image-description=\"\" data-image-caption=\"\" data-large-file=\"https:\/\/www.comuna13online.com.ar\/wp-content\/uploads\/2020\/04\/20200430b1-661x438.jpg\" src=\"http:\/\/www.comuna13online.com.ar\/wp-content\/uploads\/2020\/04\/20200430b1.jpg\" alt=\"\" class=\"wp-image-9437\" srcset=\"https:\/\/www.comuna13online.com.ar\/wp-content\/uploads\/2020\/04\/20200430b1.jpg 678w, https:\/\/www.comuna13online.com.ar\/wp-content\/uploads\/2020\/04\/20200430b1-661x438.jpg 661w\" sizes=\"auto, (max-width: 678px) 100vw, 678px\" \/><\/figure>\n\n\n\n<p>En l\u00ednea con las acciones que est\u00e1 llevando adelante el Gobierno de la Ciudad junto con el Gobierno Nacional, la atenci\u00f3n en las Sedes Comunales y en Sede Central se encuentra suspendida hasta una vez finalizado el Aislamiento Social Preventivo y Obligatorio.<\/p>\n\n\n\n<p>En ese contexto, la Ciudad de Buenos Aires dispuso la pr\u00f3rroga de la validez de las licencias de conducir en virtud de la ampliaci\u00f3n del aislamiento social extendido por el gobierno nacional. Son 120 los d\u00edas de pr\u00f3rroga desde el vencimiento original, lapso de tiempo que tendr\u00e1n los vecinos para poder renovar su licencia por un nuevo per\u00edodo para circular con normalidad.<\/p>\n\n\n\n<p>Por otra parte, la Direcci\u00f3n Nacional de Vialidad ampli\u00f3 el alcance de la Resoluci\u00f3n 214\/2020 hasta el 10 de mayo inclusive. La medida establece la suspensi\u00f3n del cobro de las tarifas de peaje en los corredores 4, 6, 8, 18, A, B, C, D, E, F y SUR, y los Accesos Norte y Oeste a la Ciudad de Buenos Aires. Adem\u00e1s, obliga a concesionarias y contratistas PPP a prestar un servicio de emergencia en las redes viales correspondientes.<\/p>\n\n\n\n<p><em>\u201cLa medida apunta a facilitar a nuestros vecinos las gestiones que se podr\u00e1n realizar a futuro\u201d<\/em>, afirm\u00f3 Facundo Carrillo, secretario de Atenci\u00f3n Ciudadana y Gesti\u00f3n Comunal, al tiempo que explic\u00f3: <em>\u201cla reprogramaci\u00f3n de turnos permitir\u00e1 atender a todos los vecinos de eficiente y de acuerdo los vencimientos\u201d<\/em>.<\/p>\n\n\n\n<p>Desde Defensa al Consumidor porte\u00f1a se inform\u00f3 que, como medida excepcional y dado que los denunciantes no pueden asistir a las audiencias de conciliaci\u00f3n, ha implementado un nuevo procedimiento \u201cdurante la pandemia\u201d. A trav\u00e9s del mismo, les env\u00eda a las empresas en forma electr\u00f3nica una copia de las denuncias para que se pueda resolver \u201ca distancia\u201d aquello que motiv\u00f3 la denuncia en un plazo perentorio. En ese marco, ya se resolvieron 180 casos que tuvieron acuerdo de los consumidores.<\/p>\n\n\n\n<p>El inicio de los tr\u00e1mites presenciales que se realizan en los Cementerios de la Chacarita, Recoleta y Flores fueron prorrogados por 60 d\u00edas. Asimismo los turnos ya gestionados fueron reprogramados con el objetivo de cumplir con las medidas de aislamiento social obligatorio.&nbsp; La medida alcanza tanto a los servicios que se prestan a vecinos como tambi\u00e9n a la presentaci\u00f3n de la declaraci\u00f3n jurada anual correspondiente al a\u00f1o 2020 de las empresas de servicios f\u00fanebres.<\/p>\n\n\n\n<p>La Ciudad ofrece la gesti\u00f3n de solicitudes a trav\u00e9s de la web <a rel=\"noreferrer noopener\" href=\"https:\/\/www.buenosaires.gob.ar\/\" target=\"_blank\">buenosaires.gob.ar<\/a>, la aplicaci\u00f3n BA147 ofrece m\u00e1s de 300 opciones para gestionar servicios, realizar denuncias, reclamos y solicitudes. Asimismo, a trav\u00e9s de whatsapp los vecinos puede interactuar con Boti el asesor virtual que brinda informaci\u00f3n y tambi\u00e9n facilita el acceso a todas las gestiones disponibles.<\/p>\n\n\n\n<hr class=\"wp-block-separator\"\/>\n\n\n\n<p><strong>Se decreta (DNU-2020-4-GCABA-AJG)<\/strong><br><br><br><strong>Art\u00edculo 1\u00b0.- Modif\u00edcase el art\u00edculo 2\u00b0 del Decreto de Necesidad y Urgencia N\u00b0 1\/20, el que quedar\u00e1 redactado de la siguiente manera:<\/strong><\/p>\n\n\n\n<p><strong>Prorr\u00f3gase de manera excepcional por el t\u00e9rmino de ciento veinte (120) d\u00edas corridos, a partir de la publicaci\u00f3n del presente, la vigencia de las licencias de conducir cuyo vencimiento opere entre los d\u00edas 15 de febrero y 30 de abril del corriente a\u00f1o. El plazo de pr\u00f3rroga se computar\u00e1 a partir del d\u00eda subsiguiente a la fecha de vencimiento consignada en cada licencia.\u201d<\/strong><br><\/p>\n\n\n\n<p><strong>Art\u00edculo 2\u00b0.- Modif\u00edcase el art\u00edculo 3\u00b0 del Decreto de Necesidad y Urgencia N\u00b0 1\/20, el que quedar\u00e1 redactado de la siguiente manera:<\/strong><\/p>\n\n\n\n<p><strong>Prorr\u00f3gase de manera excepcional por el t\u00e9rmino de ciento veinte (120) d\u00edas corridos, a partir de la publicaci\u00f3n del presente, la vigencia de los registros de transportes de taxis, remises, de escolares y veh\u00edculos destinados al servicio de mensajer\u00eda y delivery, cuyo vencimiento opere entre los d\u00edas 15 de febrero y 30 de abril de 2020. El plazo de pr\u00f3rroga se computar\u00e1 a partir del d\u00eda subsiguiente a la fecha de vencimiento consignada en cada registro.\u201d<\/strong><br><\/p>\n\n\n\n<p><strong>Art\u00edculo 3\u00b0.- Modif\u00edcase el art\u00edculo 4\u00b0 del Decreto de Necesidad y Urgencia N\u00b0 1\/20, el que quedar\u00e1 redactado de la siguiente manera:<\/strong><\/p>\n\n\n\n<p><strong>Prorr\u00f3gase de manera excepcional por el t\u00e9rmino de ciento veinte (120) d\u00edas corridos, a partir de la publicaci\u00f3n del presente, la vigencia de las licencias de taxi cuyo vencimiento opere entre los d\u00edas 15 de febrero y 30 de abril de 2020. El plazo de pr\u00f3rroga se computar\u00e1 a partir del d\u00eda subsiguiente a la fecha de vencimiento consignada en cada licencia.\u201d<\/strong><\/p>\n\n\n\n<figure class=\"wp-block-image size-large is-resized\"><img loading=\"lazy\" decoding=\"async\" data-attachment-id=\"99\" data-permalink=\"https:\/\/www.comuna13online.com.ar\/?attachment_id=99\" data-orig-file=\"https:\/\/www.comuna13online.com.ar\/wp-content\/uploads\/2017\/12\/line.jpg\" data-orig-size=\"678,1\" data-comments-opened=\"0\" data-image-meta=\"{&quot;aperture&quot;:&quot;0&quot;,&quot;credit&quot;:&quot;&quot;,&quot;camera&quot;:&quot;&quot;,&quot;caption&quot;:&quot;&quot;,&quot;created_timestamp&quot;:&quot;0&quot;,&quot;copyright&quot;:&quot;&quot;,&quot;focal_length&quot;:&quot;0&quot;,&quot;iso&quot;:&quot;0&quot;,&quot;shutter_speed&quot;:&quot;0&quot;,&quot;title&quot;:&quot;&quot;,&quot;orientation&quot;:&quot;0&quot;}\" data-image-title=\"line\" data-image-description=\"\" data-image-caption=\"\" data-large-file=\"https:\/\/www.comuna13online.com.ar\/wp-content\/uploads\/2017\/12\/line.jpg\" src=\"http:\/\/www.comuna13online.com.ar\/wp-content\/uploads\/2017\/12\/line.jpg\" alt=\"\" class=\"wp-image-99\" width=\"678\" height=\"1\" srcset=\"https:\/\/www.comuna13online.com.ar\/wp-content\/uploads\/2017\/12\/line.jpg 678w, https:\/\/www.comuna13online.com.ar\/wp-content\/uploads\/2017\/12\/line-150x1.jpg 150w, https:\/\/www.comuna13online.com.ar\/wp-content\/uploads\/2017\/12\/line-326x1.jpg 326w, https:\/\/www.comuna13online.com.ar\/wp-content\/uploads\/2017\/12\/line-80x1.jpg 80w, https:\/\/www.comuna13online.com.ar\/wp-content\/uploads\/2017\/12\/line-272x1.jpg 272w\" sizes=\"auto, (max-width: 678px) 100vw, 678px\" \/><\/figure>\n\n\n\n<figure class=\"wp-block-image size-full\"><img loading=\"lazy\" decoding=\"async\" width=\"678\" height=\"180\" data-attachment-id=\"8918\" data-permalink=\"https:\/\/www.comuna13online.com.ar\/?attachment_id=8918\" data-orig-file=\"https:\/\/www.comuna13online.com.ar\/wp-content\/uploads\/2020\/04\/corona2.jpg\" data-orig-size=\"678,180\" data-comments-opened=\"0\" data-image-meta=\"{&quot;aperture&quot;:&quot;0&quot;,&quot;credit&quot;:&quot;&quot;,&quot;camera&quot;:&quot;&quot;,&quot;caption&quot;:&quot;&quot;,&quot;created_timestamp&quot;:&quot;0&quot;,&quot;copyright&quot;:&quot;&quot;,&quot;focal_length&quot;:&quot;0&quot;,&quot;iso&quot;:&quot;0&quot;,&quot;shutter_speed&quot;:&quot;0&quot;,&quot;title&quot;:&quot;&quot;,&quot;orientation&quot;:&quot;0&quot;}\" data-image-title=\"corona2\" data-image-description=\"\" data-image-caption=\"\" data-large-file=\"https:\/\/www.comuna13online.com.ar\/wp-content\/uploads\/2020\/04\/corona2.jpg\" src=\"http:\/\/www.comuna13online.com.ar\/wp-content\/uploads\/2020\/04\/corona2.jpg\" alt=\"\" class=\"wp-image-8918\"\/><\/figure>\n","protected":false},"excerpt":{"rendered":"<div class=\"mh-excerpt\">Las licencias de conducir que tengan un vencimiento entre el 15 de febrero y el 30 de abril de 2020 tienen validez por 120 d\u00edas corridos, desde su vencimiento. En <a class=\"mh-excerpt-more\" href=\"https:\/\/www.comuna13online.com.ar\/?p=9436\" title=\"Prorrogan 120 d\u00edas el vencimiento del registro de conducir\">[&#8230;]<\/a><\/div>\n","protected":false},"author":1,"featured_media":9438,"comment_status":"closed","ping_status":"closed","sticky":false,"template":"","format":"standard","meta":{"_uag_custom_page_level_css":"","_jetpack_memberships_contains_paid_content":false,"footnotes":"","jetpack_publicize_message":"","jetpack_publicize_feature_enabled":true,"jetpack_social_post_already_shared":true,"jetpack_social_options":{"image_generator_settings":{"template":"highway","default_image_id":0,"font":"","enabled":false},"version":2}},"categories":[73],"tags":[246,250,75,54],"class_list":{"0":"post-9436","1":"post","2":"type-post","3":"status-publish","4":"format-standard","5":"has-post-thumbnail","7":"category-seguridad-vial","8":"tag-h1","9":"tag-h2","10":"tag-seguridad-vial","11":"tag-transito"},"jetpack_publicize_connections":[],"jetpack_featured_media_url":"https:\/\/www.comuna13online.com.ar\/wp-content\/uploads\/2020\/04\/20200430b.jpg","uagb_featured_image_src":{"full":["https:\/\/www.comuna13online.com.ar\/wp-content\/uploads\/2020\/04\/20200430b.jpg",1030,438,false],"thumbnail":["https:\/\/www.comuna13online.com.ar\/wp-content\/uploads\/2020\/04\/20200430b-150x150.jpg",96,96,true],"medium":["https:\/\/www.comuna13online.com.ar\/wp-content\/uploads\/2020\/04\/20200430b-678x288.jpg",678,288,true],"medium_large":["https:\/\/www.comuna13online.com.ar\/wp-content\/uploads\/2020\/04\/20200430b-768x327.jpg",768,327,true],"large":["https:\/\/www.comuna13online.com.ar\/wp-content\/uploads\/2020\/04\/20200430b.jpg",1030,438,false],"1536x1536":["https:\/\/www.comuna13online.com.ar\/wp-content\/uploads\/2020\/04\/20200430b.jpg",1030,438,false],"2048x2048":["https:\/\/www.comuna13online.com.ar\/wp-content\/uploads\/2020\/04\/20200430b.jpg",1030,438,false],"mh-magazine-slider":["https:\/\/www.comuna13online.com.ar\/wp-content\/uploads\/2020\/04\/20200430b.jpg",1030,438,false],"mh-magazine-content":["https:\/\/www.comuna13online.com.ar\/wp-content\/uploads\/2020\/04\/20200430b-678x381.jpg",678,381,true],"mh-magazine-large":["https:\/\/www.comuna13online.com.ar\/wp-content\/uploads\/2020\/04\/20200430b-678x438.jpg",678,438,true],"mh-magazine-medium":["https:\/\/www.comuna13online.com.ar\/wp-content\/uploads\/2020\/04\/20200430b-326x245.jpg",326,245,true],"mh-magazine-small":["https:\/\/www.comuna13online.com.ar\/wp-content\/uploads\/2020\/04\/20200430b-80x60.jpg",80,60,true],"sow-carousel-default":["https:\/\/www.comuna13online.com.ar\/wp-content\/uploads\/2020\/04\/20200430b-272x182.jpg",272,182,true]},"uagb_author_info":{"display_name":"Comuna13","author_link":"https:\/\/www.comuna13online.com.ar\/?author=1"},"uagb_comment_info":0,"uagb_excerpt":"Las licencias de conducir que tengan un vencimiento entre el 15 de febrero y el 30 de abril de 2020 tienen validez por 120 d\u00edas corridos, desde su vencimiento. En [...]","jetpack_sharing_enabled":true,"_links":{"self":[{"href":"https:\/\/www.comuna13online.com.ar\/index.php?rest_route=\/wp\/v2\/posts\/9436","targetHints":{"allow":["GET"]}}],"collection":[{"href":"https:\/\/www.comuna13online.com.ar\/index.php?rest_route=\/wp\/v2\/posts"}],"about":[{"href":"https:\/\/www.comuna13online.com.ar\/index.php?rest_route=\/wp\/v2\/types\/post"}],"author":[{"embeddable":true,"href":"https:\/\/www.comuna13online.com.ar\/index.php?rest_route=\/wp\/v2\/users\/1"}],"replies":[{"embeddable":true,"href":"https:\/\/www.comuna13online.com.ar\/index.php?rest_route=%2Fwp%2Fv2%2Fcomments&post=9436"}],"version-history":[{"count":0,"href":"https:\/\/www.comuna13online.com.ar\/index.php?rest_route=\/wp\/v2\/posts\/9436\/revisions"}],"wp:featuredmedia":[{"embeddable":true,"href":"https:\/\/www.comuna13online.com.ar\/index.php?rest_route=\/wp\/v2\/media\/9438"}],"wp:attachment":[{"href":"https:\/\/www.comuna13online.com.ar\/index.php?rest_route=%2Fwp%2Fv2%2Fmedia&parent=9436"}],"wp:term":[{"taxonomy":"category","embeddable":true,"href":"https:\/\/www.comuna13online.com.ar\/index.php?rest_route=%2Fwp%2Fv2%2Fcategories&post=9436"},{"taxonomy":"post_tag","embeddable":true,"href":"https:\/\/www.comuna13online.com.ar\/index.php?rest_route=%2Fwp%2Fv2%2Ftags&post=9436"}],"curies":[{"name":"wp","href":"https:\/\/api.w.org\/{rel}","templated":true}]}}