{"id":9348,"date":"2020-04-27T13:42:08","date_gmt":"2020-04-27T16:42:08","guid":{"rendered":"http:\/\/www.comuna13online.com.ar\/?p=9348"},"modified":"2020-04-27T13:42:12","modified_gmt":"2020-04-27T16:42:12","slug":"la-ciudad-no-permitira-las-salidas-recreativas","status":"publish","type":"post","link":"https:\/\/www.comuna13online.com.ar\/?p=9348","title":{"rendered":"La Ciudad no permitir\u00e1 las salidas recreativas"},"content":{"rendered":"\n<p><strong>El vicejefe de Gobierno porte\u00f1o, Diegho Santilli justific\u00f3 la decisi\u00f3n en base a un crecimiento en la curva de contagios, aunque sugiri\u00f3 que se analizar\u00e1 semanalmente la medida.<\/strong><\/p>\n\n\n\n<p>En una entrevista a Radio Mitre, <strong>Diego Santilli<\/strong>, sostuvo que en la Ciudad de Buenos Aires >se est\u00e1 dando un <strong>crecimiento de contagios\u00a0<\/strong>y que en los \u00faltimos cinco d\u00edas la curva subi\u00f3 sustancialmente en lo que refiere a contagios de \u00a0coronavirus. <\/p>\n\n\n\n<p>Bajo ese contexto, el Gobierno porte\u00f1o justific\u00f3 la prohibici\u00f3n de las salidas recreativas que habilit\u00f3 el Gobierno nacional.\u00a0<\/p>\n\n\n\n<div class=\"uagb-testomonial__outer-wrap uagb-slick-carousel uagb-tm__arrow-outside uagb-block-696d95cd-f1ea-4874-a756-ba2f00c2d040\"><div class=\"is-carousel uagb-tm__columns-1 uagb-tm__items\"><div class=\"uagb-testimonial__wrap  uagb-tm__imgicon-style-circle uagb-tm__image-position-bottom uagb-tm__bg-type-color \"><div class=\"uagb-tm__content\"><div class=\"uagb-tm__overlay\"><\/div><div class=\"uagb-tm__text-wrap\"><div class=\"uagb-testinomial-text-wrap\"><div class=\"uagb-tm__desc\"><em>\u201cNo es sencillo lograr una coordinaci\u00f3n para que la gente salga a la calle en ciudades como la nuestra y basta con mirar Madrid, que adem\u00e1s tiene una diferencia, porque viene bajando sus casos, y nosotros estamos en crecimiento en los contagios, y reci\u00e9n esta semana podemos analizar la semana de mayor apertura, que fue la semana pasada, c\u00f3mo ha repercutido el mayor flujo de personas\u201d<\/em><\/div><\/div><div class=\"uagb-tm__meta\"><div class=\"uagb-tm__meta-inner\"><div class=\"uagb-tm__image-content\"><div class=\"uagb-tm__image\"><img decoding=\"async\" class=\"\" src=\"http:\/\/www.comuna13online.com.ar\/wp-content\/uploads\/2020\/04\/santilli-150x150.jpg\" alt=\"\"\/><\/div><\/div><div class=\"uagb-testimonial-details\"><span class=\"uagb-tm__author-name\">Diego Santilli<\/span><span class=\"uagb-tm__company\">Vicejefe de Gobierno<\/span><\/div><\/div><\/div><\/div><\/div><\/div><\/div><\/div>\n\n\n\n<p><em>\u201cHay que analizar lunes contra lunes para saber si avanzar o no en esta medida\u201d<\/em>\u00a0se\u00f1al\u00f3 Santilli<\/p>\n\n\n\n<p>Junto con la Ciudad de Buenos Aires,\u00a0las provincias de Buenos Aires, Santa Fe y C\u00f3rdoba, Misiones, Corrientes, Tucum\u00e1n, San Luis, La Pampa, Chaco, y algunos distritos de Mendoza tomaron la misma medida.<\/p>\n\n\n\n<p><em>\u201cPara ciudades de nuestro tama\u00f1o no es sencillo la coordinaci\u00f3n, miren lo que ocurri\u00f3 en Madrid ayer\u201d<\/em>, haciendo referencia a la masiva salida de ni\u00f1os a la calle en Espa\u00f1a, lo que gener\u00f3 una oleada de cr\u00edticas.<\/p>\n\n\n\n<p><em>\u201cTodo esto nos hizo coordinar con las ciudades y provincias de mayor cantidad de habitantes (C\u00f3rdoba, Santa Fe y Buenos Aires) para sostener que deb\u00edamos seguir como hasta ahora. Y vamos a analizar en estos d\u00edas qu\u00e9 tipos de actividades se pueden abrir\u201d<\/em>, consider\u00f3 Santilli.\u00a0<\/p>\n\n\n\n<p>El funcionario record\u00f3 a los porte\u00f1os que <em>\u201cla ciudad contin\u00faa con su cuarentena tal cual venimos manteniendo\u00a0y venimos analizando los casos que viene creciendo en los \u00faltimos cinco d\u00edas, que se fueron por arriba de los 100 de contagios. Por eso no hay cambios\u201d<\/em>.\u00a0<\/p>\n\n\n\n<p>Por otro lado aseguro que <em>\u201cestamos analizando tambi\u00e9n si podemos en alg\u00fan sector econ\u00f3mico que est\u00e1 abierto mejorar, para permitirle a las pymes poder resolver el tema de salarios, o que la econom\u00eda pueda tener un motor de desarrollo suave, gradual\u201d<\/em>.<\/p>\n\n\n\n<p><\/p>\n\n\n\n<figure class=\"wp-block-image size-large is-resized\"><img loading=\"lazy\" decoding=\"async\" data-attachment-id=\"99\" data-permalink=\"https:\/\/www.comuna13online.com.ar\/?attachment_id=99\" data-orig-file=\"https:\/\/www.comuna13online.com.ar\/wp-content\/uploads\/2017\/12\/line.jpg\" data-orig-size=\"678,1\" data-comments-opened=\"0\" data-image-meta=\"{&quot;aperture&quot;:&quot;0&quot;,&quot;credit&quot;:&quot;&quot;,&quot;camera&quot;:&quot;&quot;,&quot;caption&quot;:&quot;&quot;,&quot;created_timestamp&quot;:&quot;0&quot;,&quot;copyright&quot;:&quot;&quot;,&quot;focal_length&quot;:&quot;0&quot;,&quot;iso&quot;:&quot;0&quot;,&quot;shutter_speed&quot;:&quot;0&quot;,&quot;title&quot;:&quot;&quot;,&quot;orientation&quot;:&quot;0&quot;}\" data-image-title=\"line\" data-image-description=\"\" data-image-caption=\"\" data-large-file=\"https:\/\/www.comuna13online.com.ar\/wp-content\/uploads\/2017\/12\/line.jpg\" src=\"http:\/\/www.comuna13online.com.ar\/wp-content\/uploads\/2017\/12\/line.jpg\" alt=\"\" class=\"wp-image-99\" width=\"678\" height=\"1\" srcset=\"https:\/\/www.comuna13online.com.ar\/wp-content\/uploads\/2017\/12\/line.jpg 678w, https:\/\/www.comuna13online.com.ar\/wp-content\/uploads\/2017\/12\/line-150x1.jpg 150w, https:\/\/www.comuna13online.com.ar\/wp-content\/uploads\/2017\/12\/line-326x1.jpg 326w, https:\/\/www.comuna13online.com.ar\/wp-content\/uploads\/2017\/12\/line-80x1.jpg 80w, https:\/\/www.comuna13online.com.ar\/wp-content\/uploads\/2017\/12\/line-272x1.jpg 272w\" sizes=\"auto, (max-width: 678px) 100vw, 678px\" \/><\/figure>\n\n\n\n<figure class=\"wp-block-image size-full\"><img loading=\"lazy\" decoding=\"async\" width=\"678\" height=\"180\" data-attachment-id=\"8918\" data-permalink=\"https:\/\/www.comuna13online.com.ar\/?attachment_id=8918\" data-orig-file=\"https:\/\/www.comuna13online.com.ar\/wp-content\/uploads\/2020\/04\/corona2.jpg\" data-orig-size=\"678,180\" data-comments-opened=\"0\" data-image-meta=\"{&quot;aperture&quot;:&quot;0&quot;,&quot;credit&quot;:&quot;&quot;,&quot;camera&quot;:&quot;&quot;,&quot;caption&quot;:&quot;&quot;,&quot;created_timestamp&quot;:&quot;0&quot;,&quot;copyright&quot;:&quot;&quot;,&quot;focal_length&quot;:&quot;0&quot;,&quot;iso&quot;:&quot;0&quot;,&quot;shutter_speed&quot;:&quot;0&quot;,&quot;title&quot;:&quot;&quot;,&quot;orientation&quot;:&quot;0&quot;}\" data-image-title=\"corona2\" data-image-description=\"\" data-image-caption=\"\" data-large-file=\"https:\/\/www.comuna13online.com.ar\/wp-content\/uploads\/2020\/04\/corona2.jpg\" src=\"http:\/\/www.comuna13online.com.ar\/wp-content\/uploads\/2020\/04\/corona2.jpg\" alt=\"\" class=\"wp-image-8918\"\/><\/figure>\n\n\n\n<p><\/p>\n","protected":false},"excerpt":{"rendered":"<div class=\"mh-excerpt\">El vicejefe de Gobierno porte\u00f1o, Diegho Santilli justific\u00f3 la decisi\u00f3n en base a un crecimiento en la curva de contagios, aunque sugiri\u00f3 que se analizar\u00e1 semanalmente la medida. En una <a class=\"mh-excerpt-more\" href=\"https:\/\/www.comuna13online.com.ar\/?p=9348\" title=\"La Ciudad no permitir\u00e1 las salidas recreativas\">[&#8230;]<\/a><\/div>\n","protected":false},"author":1,"featured_media":9350,"comment_status":"closed","ping_status":"closed","sticky":false,"template":"","format":"standard","meta":{"_uag_custom_page_level_css":"","_jetpack_memberships_contains_paid_content":false,"footnotes":"","jetpack_publicize_message":"","jetpack_publicize_feature_enabled":true,"jetpack_social_post_already_shared":true,"jetpack_social_options":{"image_generator_settings":{"template":"highway","default_image_id":0,"font":"","enabled":false},"version":2}},"categories":[269],"tags":[271,246,250],"class_list":{"0":"post-9348","1":"post","2":"type-post","3":"status-publish","4":"format-standard","5":"has-post-thumbnail","7":"category-coronavirus","8":"tag-coronavirus","9":"tag-h1","10":"tag-h2"},"jetpack_publicize_connections":[],"jetpack_featured_media_url":"https:\/\/www.comuna13online.com.ar\/wp-content\/uploads\/2020\/04\/20200427a.jpg","uagb_featured_image_src":{"full":["https:\/\/www.comuna13online.com.ar\/wp-content\/uploads\/2020\/04\/20200427a.jpg",1030,438,false],"thumbnail":["https:\/\/www.comuna13online.com.ar\/wp-content\/uploads\/2020\/04\/20200427a-150x150.jpg",96,96,true],"medium":["https:\/\/www.comuna13online.com.ar\/wp-content\/uploads\/2020\/04\/20200427a-678x288.jpg",678,288,true],"medium_large":["https:\/\/www.comuna13online.com.ar\/wp-content\/uploads\/2020\/04\/20200427a-768x327.jpg",768,327,true],"large":["https:\/\/www.comuna13online.com.ar\/wp-content\/uploads\/2020\/04\/20200427a.jpg",1030,438,false],"1536x1536":["https:\/\/www.comuna13online.com.ar\/wp-content\/uploads\/2020\/04\/20200427a.jpg",1030,438,false],"2048x2048":["https:\/\/www.comuna13online.com.ar\/wp-content\/uploads\/2020\/04\/20200427a.jpg",1030,438,false],"mh-magazine-slider":["https:\/\/www.comuna13online.com.ar\/wp-content\/uploads\/2020\/04\/20200427a.jpg",1030,438,false],"mh-magazine-content":["https:\/\/www.comuna13online.com.ar\/wp-content\/uploads\/2020\/04\/20200427a-678x381.jpg",678,381,true],"mh-magazine-large":["https:\/\/www.comuna13online.com.ar\/wp-content\/uploads\/2020\/04\/20200427a-678x438.jpg",678,438,true],"mh-magazine-medium":["https:\/\/www.comuna13online.com.ar\/wp-content\/uploads\/2020\/04\/20200427a-326x245.jpg",326,245,true],"mh-magazine-small":["https:\/\/www.comuna13online.com.ar\/wp-content\/uploads\/2020\/04\/20200427a-80x60.jpg",80,60,true],"sow-carousel-default":["https:\/\/www.comuna13online.com.ar\/wp-content\/uploads\/2020\/04\/20200427a-272x182.jpg",272,182,true]},"uagb_author_info":{"display_name":"Comuna13","author_link":"https:\/\/www.comuna13online.com.ar\/?author=1"},"uagb_comment_info":0,"uagb_excerpt":"El vicejefe de Gobierno porte\u00f1o, Diegho Santilli justific\u00f3 la decisi\u00f3n en base a un crecimiento en la curva de contagios, aunque sugiri\u00f3 que se analizar\u00e1 semanalmente la medida. En una [...]","jetpack_sharing_enabled":true,"_links":{"self":[{"href":"https:\/\/www.comuna13online.com.ar\/index.php?rest_route=\/wp\/v2\/posts\/9348","targetHints":{"allow":["GET"]}}],"collection":[{"href":"https:\/\/www.comuna13online.com.ar\/index.php?rest_route=\/wp\/v2\/posts"}],"about":[{"href":"https:\/\/www.comuna13online.com.ar\/index.php?rest_route=\/wp\/v2\/types\/post"}],"author":[{"embeddable":true,"href":"https:\/\/www.comuna13online.com.ar\/index.php?rest_route=\/wp\/v2\/users\/1"}],"replies":[{"embeddable":true,"href":"https:\/\/www.comuna13online.com.ar\/index.php?rest_route=%2Fwp%2Fv2%2Fcomments&post=9348"}],"version-history":[{"count":0,"href":"https:\/\/www.comuna13online.com.ar\/index.php?rest_route=\/wp\/v2\/posts\/9348\/revisions"}],"wp:featuredmedia":[{"embeddable":true,"href":"https:\/\/www.comuna13online.com.ar\/index.php?rest_route=\/wp\/v2\/media\/9350"}],"wp:attachment":[{"href":"https:\/\/www.comuna13online.com.ar\/index.php?rest_route=%2Fwp%2Fv2%2Fmedia&parent=9348"}],"wp:term":[{"taxonomy":"category","embeddable":true,"href":"https:\/\/www.comuna13online.com.ar\/index.php?rest_route=%2Fwp%2Fv2%2Fcategories&post=9348"},{"taxonomy":"post_tag","embeddable":true,"href":"https:\/\/www.comuna13online.com.ar\/index.php?rest_route=%2Fwp%2Fv2%2Ftags&post=9348"}],"curies":[{"name":"wp","href":"https:\/\/api.w.org\/{rel}","templated":true}]}}