{"id":9340,"date":"2020-04-26T16:50:47","date_gmt":"2020-04-26T19:50:47","guid":{"rendered":"http:\/\/www.comuna13online.com.ar\/?p=9340"},"modified":"2020-04-26T16:50:51","modified_gmt":"2020-04-26T19:50:51","slug":"extienden-la-cuarentena-aunque-con-salidas-exparsivas","status":"publish","type":"post","link":"https:\/\/www.comuna13online.com.ar\/?p=9340","title":{"rendered":"Extienden la cuarentena aunque con \u00absalidas exparsivas\u00bb"},"content":{"rendered":"\n<p><strong>El Presidente Alberto Fern\u00e1ndez anunci\u00f3 una nueva etapa del aislamiento social preventivo obligatorio hasta el 10 de mayo, habilita salidas de 1 hora en un rango de 500 metros.<\/strong><\/p>\n\n\n\n<iframe loading=\"lazy\" width=\"678\" height=\"381\" src=\"https:\/\/www.youtube.com\/embed\/atZnEeF7Pjw\" frameborder=\"0\" allow=\"accelerometer; autoplay; encrypted-media; gyroscope; picture-in-picture\" allowfullscreen><\/iframe>\n\n\n\n<p>El presidente Alberto Fern\u00e1ndez anunci\u00f3 la extensi\u00f3n del aislamiento social preventivo y obligatorio por el coronavirus hasta el 10 de mayo aunque se agregaron excepciones para provincias sin casos de coronavirus y en las ciudades con m\u00e1s de 500 mil habitantes continuar\u00e1 como hasta ahora.<\/p>\n\n\n\n<p>En tanto que en aquellas poblaciones con menos de 500 habitantes ser\u00e1n los gobernadores quienes podr\u00e1n decidir las excepciones al aislamiento.<\/p>\n\n\n\n<p>Tambi\u00e9n dispuso que en todo el pa\u00eds se podr\u00e1n realizar  salidas de 1 hora a un radio no mayor a 500 metros del domicilio con <strong>fines de esparcimiento<\/strong>. <\/p>\n\n\n\n<p>En una presentaci\u00f3n que hizo esta noche desde la residencia de Olivos, el jefe de Estado asegur\u00f3 que <em>\u201cestamos lejos de decir que esto est\u00e1 terminado<em>\u201d<\/em>, <\/em>y destac\u00f3 que<em> <em>\u201c<\/em>hemos avanzado mucho<em>\u201d<\/em> <\/em>pero advirti\u00f3 que esto<em> <em>\u201c<\/em>no quiere decir que est\u00e1 resuelto el tema\u201d<\/em>.<\/p>\n\n\n\n<p>El Presidente, estuvo acompa\u00f1ado por el jefe de Gabinete, Santiago Cafiero, los ministros de Salud, Gin\u00e9s Gonz\u00e1lez Garc\u00eda, y de Interior, Eduardo \u201cWado\u201d de Pedro, y la Secretaria de Acceso a la Salud, Carla Vizotti.<\/p>\n\n\n\n<p>En cuanto a su mayor preocupaci\u00f3n post pandemia, sostuvo que <em>\u201cla econom\u00eda vuelva a recuperar su actividad tan pronto se pueda\u201d<\/em>.<\/p>\n\n\n\n<div class=\"uagb-testomonial__outer-wrap uagb-slick-carousel uagb-tm__arrow-outside uagb-block-ee69d652-4da5-4170-8364-d393a208f73b\"><div class=\"is-carousel uagb-tm__columns-1 uagb-tm__items\"><div class=\"uagb-testimonial__wrap  uagb-tm__imgicon-style-circle uagb-tm__image-position-bottom uagb-tm__bg-type-color \"><div class=\"uagb-tm__content\"><div class=\"uagb-tm__overlay\"><\/div><div class=\"uagb-tm__text-wrap\"><div class=\"uagb-testinomial-text-wrap\"><div class=\"uagb-tm__desc\"><strong>\u201cSe que a todos nos hubiera gustado vivir en otro tiempo, pero es el tiempo que nos toc\u00f3. No debe ser un sacrificio cuidar nuestra vida y la de otros, debe ser un orgullo\u201d<\/strong><\/div><\/div><div class=\"uagb-tm__meta\"><div class=\"uagb-tm__meta-inner\"><div class=\"uagb-tm__image-content\"><div class=\"uagb-tm__image\"><img decoding=\"async\" class=\"\" src=\"http:\/\/www.comuna13online.com.ar\/wp-content\/uploads\/2020\/04\/alberto-150x150.jpg\" alt=\"\"\/><\/div><\/div><div class=\"uagb-testimonial-details\"><span class=\"uagb-tm__author-name\">Alberto Fern\u00e1ndez<\/span><span class=\"uagb-tm__company\">Presidente de la Naci\u00f3n<\/span><\/div><\/div><\/div><\/div><\/div><\/div><\/div><\/div>\n\n\n\n<p><em>\u201cHemos logrado el objetivo que les se\u00f1al\u00e9 el primer d\u00eda: lograr que el contagio p<strong>or coronavirus fuera m\u00e1s lento para poder prepararnos\u201d<\/strong><\/em>, resalt\u00f3 el mandatario y afirm\u00f3 que el pa\u00eds cuenta con m\u00e1s de 700 respiradores nuevos, entre otras adquisiciones.<\/p>\n\n\n\n<p>Asimismo, advirti\u00f3 que <em>\u201chay un riesgo en los grandes centros urbanos como Rosario, C\u00f3rdoba, Buenos Aires, Resistencia y Ushuaia\u201d<\/em> y afirm\u00f3 que <em>\u201clos grandes conglomerados son un tema singular porque se concentra gran parte de la epidemia\u201d<\/em>.<\/p>\n\n\n\n<p>Por otra parte, anunci\u00f3 que el Gobierno nacional <em>\u201cva a autorizar que cualquier persona pueda salir un radio de 500 metros fuera de su casa con fines de esparciamiento\u201d<\/em>.<\/p>\n\n\n\n<p><strong><em>\u201cSe trata de una hora diariamente y en un radio de 500 metros. Los ni\u00f1os pueden salir acompa\u00f1ados por sus padres, y los adolescentes solos\u201d<\/em><\/strong>, dijo el primer mandatario y resalt\u00f3 la importancia de mantener el protocolo establecido para evitar contagios.<\/p>\n\n\n\n<p>El anuncio se concret\u00f3 tras el firme apoyo que el jefe de Estado recibi\u00f3 ayer de los gobernadores a las medidas para hacer frente a la pandemia de coronavirus durante una videoconferencia, y una reuni\u00f3n que mantuvo el jueves en la Residencia de Olivos con los miembros del comit\u00e9 de expertos, integrado por epidemi\u00f3logos, m\u00e9dicos y cient\u00edficos.<\/p>\n\n\n\n<h3 class=\"wp-block-heading\"><span class=\"has-inline-color has-vivid-cyan-blue-color\"><strong>Filminas de la nueva etapa de aislamiento<\/strong>:<\/span><\/h3>\n\n\n\n<div class=\"wp-block-pdf-viewer-block-standard\" style=\"text-align:left\"><div class=\"uploaded-pdf\"><a href=\"http:\/\/www.comuna13online.com.ar\/wp-content\/uploads\/2020\/04\/Filminas-de-la-nueva-etapa-de-aislamiento.pdf\" data-width=\"\" data-height=\"\"><\/a><\/div><\/div>\n\n\n\n<p><\/p>\n\n\n\n<figure class=\"wp-block-image size-large is-resized\"><img loading=\"lazy\" decoding=\"async\" data-attachment-id=\"99\" data-permalink=\"https:\/\/www.comuna13online.com.ar\/?attachment_id=99\" data-orig-file=\"https:\/\/www.comuna13online.com.ar\/wp-content\/uploads\/2017\/12\/line.jpg\" data-orig-size=\"678,1\" data-comments-opened=\"0\" data-image-meta=\"{&quot;aperture&quot;:&quot;0&quot;,&quot;credit&quot;:&quot;&quot;,&quot;camera&quot;:&quot;&quot;,&quot;caption&quot;:&quot;&quot;,&quot;created_timestamp&quot;:&quot;0&quot;,&quot;copyright&quot;:&quot;&quot;,&quot;focal_length&quot;:&quot;0&quot;,&quot;iso&quot;:&quot;0&quot;,&quot;shutter_speed&quot;:&quot;0&quot;,&quot;title&quot;:&quot;&quot;,&quot;orientation&quot;:&quot;0&quot;}\" data-image-title=\"line\" data-image-description=\"\" data-image-caption=\"\" data-large-file=\"https:\/\/www.comuna13online.com.ar\/wp-content\/uploads\/2017\/12\/line.jpg\" src=\"http:\/\/www.comuna13online.com.ar\/wp-content\/uploads\/2017\/12\/line.jpg\" alt=\"\" class=\"wp-image-99\" width=\"678\" height=\"1\" srcset=\"https:\/\/www.comuna13online.com.ar\/wp-content\/uploads\/2017\/12\/line.jpg 678w, https:\/\/www.comuna13online.com.ar\/wp-content\/uploads\/2017\/12\/line-150x1.jpg 150w, https:\/\/www.comuna13online.com.ar\/wp-content\/uploads\/2017\/12\/line-326x1.jpg 326w, https:\/\/www.comuna13online.com.ar\/wp-content\/uploads\/2017\/12\/line-80x1.jpg 80w, https:\/\/www.comuna13online.com.ar\/wp-content\/uploads\/2017\/12\/line-272x1.jpg 272w\" sizes=\"auto, (max-width: 678px) 100vw, 678px\" \/><\/figure>\n\n\n\n<figure class=\"wp-block-image size-full\"><img loading=\"lazy\" decoding=\"async\" width=\"678\" height=\"180\" data-attachment-id=\"8918\" data-permalink=\"https:\/\/www.comuna13online.com.ar\/?attachment_id=8918\" data-orig-file=\"https:\/\/www.comuna13online.com.ar\/wp-content\/uploads\/2020\/04\/corona2.jpg\" data-orig-size=\"678,180\" data-comments-opened=\"0\" data-image-meta=\"{&quot;aperture&quot;:&quot;0&quot;,&quot;credit&quot;:&quot;&quot;,&quot;camera&quot;:&quot;&quot;,&quot;caption&quot;:&quot;&quot;,&quot;created_timestamp&quot;:&quot;0&quot;,&quot;copyright&quot;:&quot;&quot;,&quot;focal_length&quot;:&quot;0&quot;,&quot;iso&quot;:&quot;0&quot;,&quot;shutter_speed&quot;:&quot;0&quot;,&quot;title&quot;:&quot;&quot;,&quot;orientation&quot;:&quot;0&quot;}\" data-image-title=\"corona2\" data-image-description=\"\" data-image-caption=\"\" data-large-file=\"https:\/\/www.comuna13online.com.ar\/wp-content\/uploads\/2020\/04\/corona2.jpg\" src=\"http:\/\/www.comuna13online.com.ar\/wp-content\/uploads\/2020\/04\/corona2.jpg\" alt=\"\" class=\"wp-image-8918\"\/><\/figure>\n\n\n\n<figure class=\"wp-block-image size-large\"><img loading=\"lazy\" decoding=\"async\" width=\"677\" height=\"251\" data-attachment-id=\"9344\" data-permalink=\"https:\/\/www.comuna13online.com.ar\/?attachment_id=9344\" data-orig-file=\"https:\/\/www.comuna13online.com.ar\/wp-content\/uploads\/2020\/04\/120.jpg\" data-orig-size=\"677,251\" data-comments-opened=\"0\" data-image-meta=\"{&quot;aperture&quot;:&quot;0&quot;,&quot;credit&quot;:&quot;&quot;,&quot;camera&quot;:&quot;&quot;,&quot;caption&quot;:&quot;&quot;,&quot;created_timestamp&quot;:&quot;0&quot;,&quot;copyright&quot;:&quot;&quot;,&quot;focal_length&quot;:&quot;0&quot;,&quot;iso&quot;:&quot;0&quot;,&quot;shutter_speed&quot;:&quot;0&quot;,&quot;title&quot;:&quot;&quot;,&quot;orientation&quot;:&quot;0&quot;}\" data-image-title=\"120\" data-image-description=\"\" data-image-caption=\"\" data-large-file=\"https:\/\/www.comuna13online.com.ar\/wp-content\/uploads\/2020\/04\/120.jpg\" src=\"http:\/\/www.comuna13online.com.ar\/wp-content\/uploads\/2020\/04\/120.jpg\" alt=\"\" class=\"wp-image-9344\"\/><\/figure>\n\n\n\n<p><\/p>\n","protected":false},"excerpt":{"rendered":"<div class=\"mh-excerpt\">El Presidente Alberto Fern\u00e1ndez anunci\u00f3 una nueva etapa del aislamiento social preventivo obligatorio hasta el 10 de mayo, habilita salidas de 1 hora en un rango de 500 metros. El <a class=\"mh-excerpt-more\" href=\"https:\/\/www.comuna13online.com.ar\/?p=9340\" title=\"Extienden la cuarentena aunque con \u00absalidas exparsivas\u00bb\">[&#8230;]<\/a><\/div>\n","protected":false},"author":1,"featured_media":9343,"comment_status":"closed","ping_status":"closed","sticky":false,"template":"","format":"standard","meta":{"_uag_custom_page_level_css":"","_jetpack_memberships_contains_paid_content":false,"footnotes":"","jetpack_publicize_message":"","jetpack_publicize_feature_enabled":true,"jetpack_social_post_already_shared":true,"jetpack_social_options":{"image_generator_settings":{"template":"highway","default_image_id":0,"font":"","enabled":false},"version":2}},"categories":[269],"tags":[271,246,250],"class_list":{"0":"post-9340","1":"post","2":"type-post","3":"status-publish","4":"format-standard","5":"has-post-thumbnail","7":"category-coronavirus","8":"tag-coronavirus","9":"tag-h1","10":"tag-h2"},"jetpack_publicize_connections":[],"jetpack_featured_media_url":"https:\/\/www.comuna13online.com.ar\/wp-content\/uploads\/2020\/04\/20200426b.jpg","uagb_featured_image_src":{"full":["https:\/\/www.comuna13online.com.ar\/wp-content\/uploads\/2020\/04\/20200426b.jpg",1030,438,false],"thumbnail":["https:\/\/www.comuna13online.com.ar\/wp-content\/uploads\/2020\/04\/20200426b-150x150.jpg",96,96,true],"medium":["https:\/\/www.comuna13online.com.ar\/wp-content\/uploads\/2020\/04\/20200426b-678x288.jpg",678,288,true],"medium_large":["https:\/\/www.comuna13online.com.ar\/wp-content\/uploads\/2020\/04\/20200426b-768x327.jpg",768,327,true],"large":["https:\/\/www.comuna13online.com.ar\/wp-content\/uploads\/2020\/04\/20200426b.jpg",1030,438,false],"1536x1536":["https:\/\/www.comuna13online.com.ar\/wp-content\/uploads\/2020\/04\/20200426b.jpg",1030,438,false],"2048x2048":["https:\/\/www.comuna13online.com.ar\/wp-content\/uploads\/2020\/04\/20200426b.jpg",1030,438,false],"mh-magazine-slider":["https:\/\/www.comuna13online.com.ar\/wp-content\/uploads\/2020\/04\/20200426b.jpg",1030,438,false],"mh-magazine-content":["https:\/\/www.comuna13online.com.ar\/wp-content\/uploads\/2020\/04\/20200426b-678x381.jpg",678,381,true],"mh-magazine-large":["https:\/\/www.comuna13online.com.ar\/wp-content\/uploads\/2020\/04\/20200426b-678x438.jpg",678,438,true],"mh-magazine-medium":["https:\/\/www.comuna13online.com.ar\/wp-content\/uploads\/2020\/04\/20200426b-326x245.jpg",326,245,true],"mh-magazine-small":["https:\/\/www.comuna13online.com.ar\/wp-content\/uploads\/2020\/04\/20200426b-80x60.jpg",80,60,true],"sow-carousel-default":["https:\/\/www.comuna13online.com.ar\/wp-content\/uploads\/2020\/04\/20200426b-272x182.jpg",272,182,true]},"uagb_author_info":{"display_name":"Comuna13","author_link":"https:\/\/www.comuna13online.com.ar\/?author=1"},"uagb_comment_info":0,"uagb_excerpt":"El Presidente Alberto Fern\u00e1ndez anunci\u00f3 una nueva etapa del aislamiento social preventivo obligatorio hasta el 10 de mayo, habilita salidas de 1 hora en un rango de 500 metros. El [...]","jetpack_sharing_enabled":true,"_links":{"self":[{"href":"https:\/\/www.comuna13online.com.ar\/index.php?rest_route=\/wp\/v2\/posts\/9340","targetHints":{"allow":["GET"]}}],"collection":[{"href":"https:\/\/www.comuna13online.com.ar\/index.php?rest_route=\/wp\/v2\/posts"}],"about":[{"href":"https:\/\/www.comuna13online.com.ar\/index.php?rest_route=\/wp\/v2\/types\/post"}],"author":[{"embeddable":true,"href":"https:\/\/www.comuna13online.com.ar\/index.php?rest_route=\/wp\/v2\/users\/1"}],"replies":[{"embeddable":true,"href":"https:\/\/www.comuna13online.com.ar\/index.php?rest_route=%2Fwp%2Fv2%2Fcomments&post=9340"}],"version-history":[{"count":0,"href":"https:\/\/www.comuna13online.com.ar\/index.php?rest_route=\/wp\/v2\/posts\/9340\/revisions"}],"wp:featuredmedia":[{"embeddable":true,"href":"https:\/\/www.comuna13online.com.ar\/index.php?rest_route=\/wp\/v2\/media\/9343"}],"wp:attachment":[{"href":"https:\/\/www.comuna13online.com.ar\/index.php?rest_route=%2Fwp%2Fv2%2Fmedia&parent=9340"}],"wp:term":[{"taxonomy":"category","embeddable":true,"href":"https:\/\/www.comuna13online.com.ar\/index.php?rest_route=%2Fwp%2Fv2%2Fcategories&post=9340"},{"taxonomy":"post_tag","embeddable":true,"href":"https:\/\/www.comuna13online.com.ar\/index.php?rest_route=%2Fwp%2Fv2%2Ftags&post=9340"}],"curies":[{"name":"wp","href":"https:\/\/api.w.org\/{rel}","templated":true}]}}