{"id":9330,"date":"2020-04-24T12:43:41","date_gmt":"2020-04-24T15:43:41","guid":{"rendered":"http:\/\/www.comuna13online.com.ar\/?p=9330"},"modified":"2020-04-24T12:43:46","modified_gmt":"2020-04-24T15:43:46","slug":"nueva-linea-telefonica-para-brindar-informacion-sobre-el-coronavirus","status":"publish","type":"post","link":"https:\/\/www.comuna13online.com.ar\/?p=9330","title":{"rendered":"Nueva l\u00ednea telef\u00f3nica para brindar informaci\u00f3n sobre el coronavirus"},"content":{"rendered":"\n<p><strong>El Gobierno Nacional habilit\u00f3 la l\u00ednea 120 como el nuevo n\u00famero de referencia para consultas e informaci\u00f3n sobre Covid-19 en Argentina. Para otras consultas sobre salud llamar al 0800-222-1002.<\/strong><\/p>\n\n\n\n<p>A trav\u00e9s del Ente Nacional de Comunicaciones (ENACOM), el Ministerio de Salud pone a disposici\u00f3n de toda la ciudadan\u00eda un\u00a0nuevo n\u00famero telef\u00f3nico exclusivo\u00a0para evacuar dudas u obtener informaci\u00f3n sobre la pandemia del Covid-19 en el pa\u00eds.<\/p>\n\n\n\n<p>Por eso, desde hoy, queda habilitada la<strong>\u00a0l\u00ednea 120<\/strong>, para brindar atenci\u00f3n, contenci\u00f3n y evacuaci\u00f3n de consultas sobre el\u00a0coronavirus\u00a0en todas las provincias por igual.<\/p>\n\n\n\n<p>El n\u00famero\u00a0ser\u00e1 gratuito y estar\u00e1 disponible para solicitar informaci\u00f3n y consultar sobre medidas preventivas contra el coronavirus, las 24 horas.<\/p>\n\n\n\n<p><strong>\u201cA efectos de cuidar la atenci\u00f3n del resto de los temas de salud que puedan afectar a la poblaci\u00f3n, por los canales actualmente habilitados, se considera pertinente el establecimiento temporal de un\u00a0nuevo C\u00f3digo de Servicio Especial\u00a0para abordar la problem\u00e1tica de manera espec\u00edfica\u201d<\/strong>, establece la Resoluci\u00f3n 361\/2020 publicada hoy en el Bolet\u00edn Oficial.<\/p>\n\n\n\n<div align=\"center\">\n<blockquote class=\"twitter-tweet\"><p lang=\"es\" dir=\"ltr\">\u260e\ufe0f Nueva L\u00ednea 120<br>Informaci\u00f3n y consultas sobre COVID-19 las 24 hs. desde todo el pa\u00eds.<a href=\"https:\/\/twitter.com\/hashtag\/CuidarteEsCuidarnos?src=hash&amp;ref_src=twsrc%5Etfw\">#CuidarteEsCuidarnos<\/a> <a href=\"https:\/\/t.co\/fvuYhz6Gtw\">pic.twitter.com\/fvuYhz6Gtw<\/a><\/p>&mdash; Ministerio de Salud de la Naci\u00f3n (@msalnacion) <a href=\"https:\/\/twitter.com\/msalnacion\/status\/1253096127316013061?ref_src=twsrc%5Etfw\">April 22, 2020<\/a><\/blockquote> <script async src=\"https:\/\/platform.twitter.com\/widgets.js\" charset=\"utf-8\"><\/script>\n<\/div>\n\n\n\n<p><strong>\u201cEste C\u00f3digo de Servicio Especial \u201c120\u201d deber\u00e1 ser considerado como numeraci\u00f3n para la atenci\u00f3n de llamadas vinculadas a Emergencias\u201d<\/strong>, aclara el texto.<\/p>\n\n\n\n<p>Dicha l\u00ednea telef\u00f3nica es de car\u00e1cter nacional y en el caso de comunicarse desde alguna de las provincias, la misma redirecciona inmediatamente a los ministerios locales brindando toda la informaci\u00f3n necesaria. Para otras consultas sobre salud, se mantiene el 0800-222-1002.<\/p>\n\n\n\n<p>En este sentido, y en el reciente contexto de emergencia sanitaria, es destacable la tarea realizada en tan poco tiempo por los equipos t\u00e9cnicos de las compa\u00f1\u00edas Telef\u00f3nica, Telecom, Claro e IPLAN quienes, con una gran predisposici\u00f3n, trabajaron excepcionalmente durante varios fines de semana y feriados para tener implementado y en funcionamiento el servicio.<\/p>\n\n\n\n<div class=\"wp-block-pdf-viewer-block-standard\" style=\"text-align:left\"><div class=\"uploaded-pdf\"><a href=\"http:\/\/www.comuna13online.com.ar\/wp-content\/uploads\/2020\/04\/aviso_228229.pdf\" data-width=\"\" data-height=\"\"><\/a><\/div><\/div>\n\n\n\n<figure class=\"wp-block-image size-full\"><img loading=\"lazy\" decoding=\"async\" width=\"678\" height=\"1\" data-attachment-id=\"99\" data-permalink=\"https:\/\/www.comuna13online.com.ar\/?attachment_id=99\" data-orig-file=\"https:\/\/www.comuna13online.com.ar\/wp-content\/uploads\/2017\/12\/line.jpg\" data-orig-size=\"678,1\" data-comments-opened=\"0\" data-image-meta=\"{&quot;aperture&quot;:&quot;0&quot;,&quot;credit&quot;:&quot;&quot;,&quot;camera&quot;:&quot;&quot;,&quot;caption&quot;:&quot;&quot;,&quot;created_timestamp&quot;:&quot;0&quot;,&quot;copyright&quot;:&quot;&quot;,&quot;focal_length&quot;:&quot;0&quot;,&quot;iso&quot;:&quot;0&quot;,&quot;shutter_speed&quot;:&quot;0&quot;,&quot;title&quot;:&quot;&quot;,&quot;orientation&quot;:&quot;0&quot;}\" data-image-title=\"line\" data-image-description=\"\" data-image-caption=\"\" data-large-file=\"https:\/\/www.comuna13online.com.ar\/wp-content\/uploads\/2017\/12\/line.jpg\" src=\"http:\/\/www.comuna13online.com.ar\/wp-content\/uploads\/2017\/12\/line.jpg\" alt=\"\" class=\"wp-image-99\" srcset=\"https:\/\/www.comuna13online.com.ar\/wp-content\/uploads\/2017\/12\/line.jpg 678w, https:\/\/www.comuna13online.com.ar\/wp-content\/uploads\/2017\/12\/line-150x1.jpg 150w, https:\/\/www.comuna13online.com.ar\/wp-content\/uploads\/2017\/12\/line-326x1.jpg 326w, https:\/\/www.comuna13online.com.ar\/wp-content\/uploads\/2017\/12\/line-80x1.jpg 80w, https:\/\/www.comuna13online.com.ar\/wp-content\/uploads\/2017\/12\/line-272x1.jpg 272w\" sizes=\"auto, (max-width: 678px) 100vw, 678px\" \/><\/figure>\n\n\n\n<figure class=\"wp-block-image size-large is-resized\"><img loading=\"lazy\" decoding=\"async\" data-attachment-id=\"99\" data-permalink=\"https:\/\/www.comuna13online.com.ar\/?attachment_id=99\" data-orig-file=\"https:\/\/www.comuna13online.com.ar\/wp-content\/uploads\/2017\/12\/line.jpg\" data-orig-size=\"678,1\" data-comments-opened=\"0\" data-image-meta=\"{&quot;aperture&quot;:&quot;0&quot;,&quot;credit&quot;:&quot;&quot;,&quot;camera&quot;:&quot;&quot;,&quot;caption&quot;:&quot;&quot;,&quot;created_timestamp&quot;:&quot;0&quot;,&quot;copyright&quot;:&quot;&quot;,&quot;focal_length&quot;:&quot;0&quot;,&quot;iso&quot;:&quot;0&quot;,&quot;shutter_speed&quot;:&quot;0&quot;,&quot;title&quot;:&quot;&quot;,&quot;orientation&quot;:&quot;0&quot;}\" data-image-title=\"line\" data-image-description=\"\" data-image-caption=\"\" data-large-file=\"https:\/\/www.comuna13online.com.ar\/wp-content\/uploads\/2017\/12\/line.jpg\" src=\"http:\/\/www.comuna13online.com.ar\/wp-content\/uploads\/2017\/12\/line.jpg\" alt=\"\" class=\"wp-image-99\" width=\"678\" height=\"1\" srcset=\"https:\/\/www.comuna13online.com.ar\/wp-content\/uploads\/2017\/12\/line.jpg 678w, https:\/\/www.comuna13online.com.ar\/wp-content\/uploads\/2017\/12\/line-150x1.jpg 150w, https:\/\/www.comuna13online.com.ar\/wp-content\/uploads\/2017\/12\/line-326x1.jpg 326w, https:\/\/www.comuna13online.com.ar\/wp-content\/uploads\/2017\/12\/line-80x1.jpg 80w, https:\/\/www.comuna13online.com.ar\/wp-content\/uploads\/2017\/12\/line-272x1.jpg 272w\" sizes=\"auto, (max-width: 678px) 100vw, 678px\" \/><\/figure>\n\n\n\n<figure class=\"wp-block-image size-full\"><img loading=\"lazy\" decoding=\"async\" width=\"678\" height=\"180\" data-attachment-id=\"8918\" data-permalink=\"https:\/\/www.comuna13online.com.ar\/?attachment_id=8918\" data-orig-file=\"https:\/\/www.comuna13online.com.ar\/wp-content\/uploads\/2020\/04\/corona2.jpg\" data-orig-size=\"678,180\" data-comments-opened=\"0\" data-image-meta=\"{&quot;aperture&quot;:&quot;0&quot;,&quot;credit&quot;:&quot;&quot;,&quot;camera&quot;:&quot;&quot;,&quot;caption&quot;:&quot;&quot;,&quot;created_timestamp&quot;:&quot;0&quot;,&quot;copyright&quot;:&quot;&quot;,&quot;focal_length&quot;:&quot;0&quot;,&quot;iso&quot;:&quot;0&quot;,&quot;shutter_speed&quot;:&quot;0&quot;,&quot;title&quot;:&quot;&quot;,&quot;orientation&quot;:&quot;0&quot;}\" data-image-title=\"corona2\" data-image-description=\"\" data-image-caption=\"\" data-large-file=\"https:\/\/www.comuna13online.com.ar\/wp-content\/uploads\/2020\/04\/corona2.jpg\" src=\"http:\/\/www.comuna13online.com.ar\/wp-content\/uploads\/2020\/04\/corona2.jpg\" alt=\"\" class=\"wp-image-8918\"\/><\/figure>\n","protected":false},"excerpt":{"rendered":"<div class=\"mh-excerpt\">El Gobierno Nacional habilit\u00f3 la l\u00ednea 120 como el nuevo n\u00famero de referencia para consultas e informaci\u00f3n sobre Covid-19 en Argentina. Para otras consultas sobre salud llamar al 0800-222-1002. A <a class=\"mh-excerpt-more\" href=\"https:\/\/www.comuna13online.com.ar\/?p=9330\" title=\"Nueva l\u00ednea telef\u00f3nica para brindar informaci\u00f3n sobre el coronavirus\">[&#8230;]<\/a><\/div>\n","protected":false},"author":1,"featured_media":9331,"comment_status":"closed","ping_status":"closed","sticky":false,"template":"","format":"standard","meta":{"_uag_custom_page_level_css":"","_jetpack_memberships_contains_paid_content":false,"footnotes":"","jetpack_publicize_message":"","jetpack_publicize_feature_enabled":true,"jetpack_social_post_already_shared":true,"jetpack_social_options":{"image_generator_settings":{"template":"highway","default_image_id":0,"font":"","enabled":false},"version":2}},"categories":[269],"tags":[271,246,250],"class_list":{"0":"post-9330","1":"post","2":"type-post","3":"status-publish","4":"format-standard","5":"has-post-thumbnail","7":"category-coronavirus","8":"tag-coronavirus","9":"tag-h1","10":"tag-h2"},"jetpack_publicize_connections":[],"jetpack_featured_media_url":"https:\/\/www.comuna13online.com.ar\/wp-content\/uploads\/2020\/04\/20200424a.jpg","uagb_featured_image_src":{"full":["https:\/\/www.comuna13online.com.ar\/wp-content\/uploads\/2020\/04\/20200424a.jpg",1030,438,false],"thumbnail":["https:\/\/www.comuna13online.com.ar\/wp-content\/uploads\/2020\/04\/20200424a-150x150.jpg",96,96,true],"medium":["https:\/\/www.comuna13online.com.ar\/wp-content\/uploads\/2020\/04\/20200424a-678x288.jpg",678,288,true],"medium_large":["https:\/\/www.comuna13online.com.ar\/wp-content\/uploads\/2020\/04\/20200424a-768x327.jpg",768,327,true],"large":["https:\/\/www.comuna13online.com.ar\/wp-content\/uploads\/2020\/04\/20200424a.jpg",1030,438,false],"1536x1536":["https:\/\/www.comuna13online.com.ar\/wp-content\/uploads\/2020\/04\/20200424a.jpg",1030,438,false],"2048x2048":["https:\/\/www.comuna13online.com.ar\/wp-content\/uploads\/2020\/04\/20200424a.jpg",1030,438,false],"mh-magazine-slider":["https:\/\/www.comuna13online.com.ar\/wp-content\/uploads\/2020\/04\/20200424a.jpg",1030,438,false],"mh-magazine-content":["https:\/\/www.comuna13online.com.ar\/wp-content\/uploads\/2020\/04\/20200424a-678x381.jpg",678,381,true],"mh-magazine-large":["https:\/\/www.comuna13online.com.ar\/wp-content\/uploads\/2020\/04\/20200424a-678x438.jpg",678,438,true],"mh-magazine-medium":["https:\/\/www.comuna13online.com.ar\/wp-content\/uploads\/2020\/04\/20200424a-326x245.jpg",326,245,true],"mh-magazine-small":["https:\/\/www.comuna13online.com.ar\/wp-content\/uploads\/2020\/04\/20200424a-80x60.jpg",80,60,true],"sow-carousel-default":["https:\/\/www.comuna13online.com.ar\/wp-content\/uploads\/2020\/04\/20200424a-272x182.jpg",272,182,true]},"uagb_author_info":{"display_name":"Comuna13","author_link":"https:\/\/www.comuna13online.com.ar\/?author=1"},"uagb_comment_info":0,"uagb_excerpt":"El Gobierno Nacional habilit\u00f3 la l\u00ednea 120 como el nuevo n\u00famero de referencia para consultas e informaci\u00f3n sobre Covid-19 en Argentina. Para otras consultas sobre salud llamar al 0800-222-1002. A [...]","jetpack_sharing_enabled":true,"_links":{"self":[{"href":"https:\/\/www.comuna13online.com.ar\/index.php?rest_route=\/wp\/v2\/posts\/9330","targetHints":{"allow":["GET"]}}],"collection":[{"href":"https:\/\/www.comuna13online.com.ar\/index.php?rest_route=\/wp\/v2\/posts"}],"about":[{"href":"https:\/\/www.comuna13online.com.ar\/index.php?rest_route=\/wp\/v2\/types\/post"}],"author":[{"embeddable":true,"href":"https:\/\/www.comuna13online.com.ar\/index.php?rest_route=\/wp\/v2\/users\/1"}],"replies":[{"embeddable":true,"href":"https:\/\/www.comuna13online.com.ar\/index.php?rest_route=%2Fwp%2Fv2%2Fcomments&post=9330"}],"version-history":[{"count":0,"href":"https:\/\/www.comuna13online.com.ar\/index.php?rest_route=\/wp\/v2\/posts\/9330\/revisions"}],"wp:featuredmedia":[{"embeddable":true,"href":"https:\/\/www.comuna13online.com.ar\/index.php?rest_route=\/wp\/v2\/media\/9331"}],"wp:attachment":[{"href":"https:\/\/www.comuna13online.com.ar\/index.php?rest_route=%2Fwp%2Fv2%2Fmedia&parent=9330"}],"wp:term":[{"taxonomy":"category","embeddable":true,"href":"https:\/\/www.comuna13online.com.ar\/index.php?rest_route=%2Fwp%2Fv2%2Fcategories&post=9330"},{"taxonomy":"post_tag","embeddable":true,"href":"https:\/\/www.comuna13online.com.ar\/index.php?rest_route=%2Fwp%2Fv2%2Ftags&post=9330"}],"curies":[{"name":"wp","href":"https:\/\/api.w.org\/{rel}","templated":true}]}}