{"id":9303,"date":"2020-04-23T10:48:20","date_gmt":"2020-04-23T13:48:20","guid":{"rendered":"http:\/\/www.comuna13online.com.ar\/?p=9303"},"modified":"2020-04-23T10:59:24","modified_gmt":"2020-04-23T13:59:24","slug":"habilitaron-el-acceso-a-la-ciudad-por-de-av-del-libertador","status":"publish","type":"post","link":"https:\/\/www.comuna13online.com.ar\/?p=9303","title":{"rendered":"Habilitaron el acceso a la Ciudad por de Av. del Libertador"},"content":{"rendered":"\n<p><strong>Con el objetivo de agilizar el tr\u00e1nsito ante la flexibilizaci\u00f3n de algunas actividades durante la cuarentena, la Ciudad abri\u00f3 el acceso de la Avenida del Libertador en nuestra comuna 13.<\/strong><\/p>\n\n\n\n<figure class=\"wp-block-image size-full\"><img loading=\"lazy\" decoding=\"async\" width=\"678\" height=\"432\" data-attachment-id=\"8835\" data-permalink=\"https:\/\/www.comuna13online.com.ar\/?attachment_id=8835\" data-orig-file=\"https:\/\/www.comuna13online.com.ar\/wp-content\/uploads\/2020\/03\/20200324b1.jpg\" data-orig-size=\"678,432\" data-comments-opened=\"0\" data-image-meta=\"{&quot;aperture&quot;:&quot;0&quot;,&quot;credit&quot;:&quot;&quot;,&quot;camera&quot;:&quot;&quot;,&quot;caption&quot;:&quot;&quot;,&quot;created_timestamp&quot;:&quot;0&quot;,&quot;copyright&quot;:&quot;&quot;,&quot;focal_length&quot;:&quot;0&quot;,&quot;iso&quot;:&quot;0&quot;,&quot;shutter_speed&quot;:&quot;0&quot;,&quot;title&quot;:&quot;&quot;,&quot;orientation&quot;:&quot;0&quot;}\" data-image-title=\"20200324b1\" data-image-description=\"\" data-image-caption=\"\" data-large-file=\"https:\/\/www.comuna13online.com.ar\/wp-content\/uploads\/2020\/03\/20200324b1.jpg\" src=\"http:\/\/www.comuna13online.com.ar\/wp-content\/uploads\/2020\/03\/20200324b1.jpg\" alt=\"\" class=\"wp-image-8835\"\/><\/figure>\n\n\n\n<p>Ministerio de Justicia y Seguridad de la Ciudad en un trabajo conjunto con el Gobierno Nacional, decidi\u00f3 modificar el esquema de los 111 accesos a la Ciudad con el objetivo de agilizar el tr\u00e1nsito vehicular.<\/p>\n\n\n\n<p>El cambio m\u00e1s significativo es la apertura del cruce de la Avenida del Libertador, que aliviar\u00e1 el paso de la Avenida Cabildo por donde ingresaba hasta ayer todo el tr\u00e1nsito vehicular proveniente de la zona metropolitana del norte de la Provincia de Buenos Aires.<\/p>\n\n\n\n<p>Adem\u00e1s hay cambios en los accesos que estaban cerrados para veh\u00edculos en general y en accesos denominados semi habilitados para personal de sanidad, seguridad o transporte p\u00fablico o de cargas, el redireccionamiento del transporte p\u00fablico o de cargas a accesos espec\u00edficos y la implementaci\u00f3n de horarios s\u00f3lo para el ingreso vehicular.<\/p>\n\n\n\n<p>El acceso por el Puente Pueyrred\u00f3n, que une nuestra Ciudad con el partido de Avellaneda en el sur de la Provincia, queda habilitado para la circulaci\u00f3n de veh\u00edculos particulares, por el carril izquierdo, y transporte de cargas, por el derecho. El transporte p\u00fablico, el personal de sanidad y de las fuerzas de seguridad deben utilizar por el viejo Puente Pueyrred\u00f3n.<\/p>\n\n\n\n<p>El Puente Nicol\u00e1s Avellaneda, ubicado en el barrio de La Boca, se implementa un sistema de horarios diferidos para el sentido de circulaci\u00f3n, de 6 a 12 solamente se puede acceder en sentido a la Ciudad y fuera de ese horario se convierte en doble mano.<\/p>\n\n\n\n<p>Por el Puente de la Noria s\u00f3lo puede transitar personal de sanidad y seguridad y por el Puente Alsina lo pueden hacer todos los veh\u00edculos, menos los de transporte de cargas.<\/p>\n\n\n\n<p>Con las modificaciones aplicadas, de los 111 accesos a la Ciudad quedan 14&nbsp;Habilitados, 24 Semi Habilitados, 26 Puentes Peatonales y se mantienen 47 cruces cerrados.<\/p>\n\n\n\n<h4 class=\"wp-block-heading\"><strong><span class=\"has-inline-color has-vivid-cyan-blue-color\">Detalle de los cambios en los accesos:<\/span><\/strong><\/h4>\n\n\n\n<p><strong>Pasos Semi Habilitados:<\/strong>&nbsp;Pasan de 20 a 24, seg\u00fan el siguiente esquema:<\/p>\n\n\n\n<ul class=\"wp-block-list\"><li>Cruce Avenida Libertador y General Paz pasa a ser Acceso Habilitado<\/li><li>Se cierran los Cruces de General Paz y Mosconi y General Paz y Tinogasta<\/li><\/ul>\n\n\n\n<p><strong>Se abren y pasan a ser Semi Habilitados:<\/strong><\/p>\n\n\n\n<ul class=\"wp-block-list\"><li>Cruce General Paz y Calle Rodolfo Scapino<\/li><li>Puente Pueyrred\u00f3n Viejo<\/li><li>Puente La Noria Viejo<\/li><li>Cruce General Paz y Calle Agrelo<\/li><li>Bajada Lope de Veja General Paz<\/li><li>Puente Zapiola<\/li><li>Subida General Paz por Avenida 27 de Febrero<\/li><li><strong>Puente Pueyrred\u00f3n<\/strong>. Queda habilitado para el ingreso exclusivo de veh\u00edculos particulares y transporte de cargas. (Transporte de Cargas por carril derecho, veh\u00edculos particulares por la izquierda).<\/li><li><strong>Puente Pueyrred\u00f3n Viejo.<\/strong>&nbsp;Queda habilitado para ingreso exclusivo del transporte p\u00fablico de pasajeros, personal de sanidad y de seguridad.<\/li><li><strong>Puente Ol\u00edmpico.<\/strong>&nbsp;Queda habilitado para uso exclusivo de transporte de cargas.<\/li><li><strong>Puente Avellaneda.<\/strong>&nbsp;Entre las 6 y las 12 horas pasa a tener s\u00f3lo carriles de ingreso a la Ciudad. Luego de ese horario vuelve a ser doble mano.<\/li><li><strong>Puente de la Noria Viejo.<\/strong>&nbsp;Queda habilitado s\u00f3lo para personal de sanidad y seguridad.<\/li><li><strong>Puente Alsina.<\/strong>&nbsp;Queda habilitado s\u00f3lo para todos los veh\u00edculos, MENOS transporte de cargas.<\/li><\/ul>\n\n\n\n<div class=\"wp-block-pdf-viewer-block-standard\" style=\"text-align:left\"><div class=\"uploaded-pdf\"><a href=\"http:\/\/www.comuna13online.com.ar\/wp-content\/uploads\/2020\/04\/ACCESOS-A-LA-CIUDAD-NUEVOS-ESQUEMA-22-ABRIL.pdf\" data-width=\"\" data-height=\"\"><\/a><\/div><\/div>\n\n\n\n<p><\/p>\n\n\n\n<figure class=\"wp-block-image size-full\"><img loading=\"lazy\" decoding=\"async\" width=\"678\" height=\"1\" data-attachment-id=\"99\" data-permalink=\"https:\/\/www.comuna13online.com.ar\/?attachment_id=99\" data-orig-file=\"https:\/\/www.comuna13online.com.ar\/wp-content\/uploads\/2017\/12\/line.jpg\" data-orig-size=\"678,1\" data-comments-opened=\"0\" data-image-meta=\"{&quot;aperture&quot;:&quot;0&quot;,&quot;credit&quot;:&quot;&quot;,&quot;camera&quot;:&quot;&quot;,&quot;caption&quot;:&quot;&quot;,&quot;created_timestamp&quot;:&quot;0&quot;,&quot;copyright&quot;:&quot;&quot;,&quot;focal_length&quot;:&quot;0&quot;,&quot;iso&quot;:&quot;0&quot;,&quot;shutter_speed&quot;:&quot;0&quot;,&quot;title&quot;:&quot;&quot;,&quot;orientation&quot;:&quot;0&quot;}\" data-image-title=\"line\" data-image-description=\"\" data-image-caption=\"\" data-large-file=\"https:\/\/www.comuna13online.com.ar\/wp-content\/uploads\/2017\/12\/line.jpg\" src=\"http:\/\/www.comuna13online.com.ar\/wp-content\/uploads\/2017\/12\/line.jpg\" alt=\"\" class=\"wp-image-99\" srcset=\"https:\/\/www.comuna13online.com.ar\/wp-content\/uploads\/2017\/12\/line.jpg 678w, https:\/\/www.comuna13online.com.ar\/wp-content\/uploads\/2017\/12\/line-150x1.jpg 150w, https:\/\/www.comuna13online.com.ar\/wp-content\/uploads\/2017\/12\/line-326x1.jpg 326w, https:\/\/www.comuna13online.com.ar\/wp-content\/uploads\/2017\/12\/line-80x1.jpg 80w, https:\/\/www.comuna13online.com.ar\/wp-content\/uploads\/2017\/12\/line-272x1.jpg 272w\" sizes=\"auto, (max-width: 678px) 100vw, 678px\" \/><\/figure>\n\n\n\n<figure class=\"wp-block-image size-large is-resized\"><img loading=\"lazy\" decoding=\"async\" data-attachment-id=\"99\" data-permalink=\"https:\/\/www.comuna13online.com.ar\/?attachment_id=99\" data-orig-file=\"https:\/\/www.comuna13online.com.ar\/wp-content\/uploads\/2017\/12\/line.jpg\" data-orig-size=\"678,1\" data-comments-opened=\"0\" data-image-meta=\"{&quot;aperture&quot;:&quot;0&quot;,&quot;credit&quot;:&quot;&quot;,&quot;camera&quot;:&quot;&quot;,&quot;caption&quot;:&quot;&quot;,&quot;created_timestamp&quot;:&quot;0&quot;,&quot;copyright&quot;:&quot;&quot;,&quot;focal_length&quot;:&quot;0&quot;,&quot;iso&quot;:&quot;0&quot;,&quot;shutter_speed&quot;:&quot;0&quot;,&quot;title&quot;:&quot;&quot;,&quot;orientation&quot;:&quot;0&quot;}\" data-image-title=\"line\" data-image-description=\"\" data-image-caption=\"\" data-large-file=\"https:\/\/www.comuna13online.com.ar\/wp-content\/uploads\/2017\/12\/line.jpg\" src=\"http:\/\/www.comuna13online.com.ar\/wp-content\/uploads\/2017\/12\/line.jpg\" alt=\"\" class=\"wp-image-99\" width=\"678\" height=\"1\" srcset=\"https:\/\/www.comuna13online.com.ar\/wp-content\/uploads\/2017\/12\/line.jpg 678w, https:\/\/www.comuna13online.com.ar\/wp-content\/uploads\/2017\/12\/line-150x1.jpg 150w, https:\/\/www.comuna13online.com.ar\/wp-content\/uploads\/2017\/12\/line-326x1.jpg 326w, https:\/\/www.comuna13online.com.ar\/wp-content\/uploads\/2017\/12\/line-80x1.jpg 80w, https:\/\/www.comuna13online.com.ar\/wp-content\/uploads\/2017\/12\/line-272x1.jpg 272w\" sizes=\"auto, (max-width: 678px) 100vw, 678px\" \/><\/figure>\n\n\n\n<figure class=\"wp-block-image size-full\"><img loading=\"lazy\" decoding=\"async\" width=\"678\" height=\"180\" data-attachment-id=\"8918\" data-permalink=\"https:\/\/www.comuna13online.com.ar\/?attachment_id=8918\" data-orig-file=\"https:\/\/www.comuna13online.com.ar\/wp-content\/uploads\/2020\/04\/corona2.jpg\" data-orig-size=\"678,180\" data-comments-opened=\"0\" data-image-meta=\"{&quot;aperture&quot;:&quot;0&quot;,&quot;credit&quot;:&quot;&quot;,&quot;camera&quot;:&quot;&quot;,&quot;caption&quot;:&quot;&quot;,&quot;created_timestamp&quot;:&quot;0&quot;,&quot;copyright&quot;:&quot;&quot;,&quot;focal_length&quot;:&quot;0&quot;,&quot;iso&quot;:&quot;0&quot;,&quot;shutter_speed&quot;:&quot;0&quot;,&quot;title&quot;:&quot;&quot;,&quot;orientation&quot;:&quot;0&quot;}\" data-image-title=\"corona2\" data-image-description=\"\" data-image-caption=\"\" data-large-file=\"https:\/\/www.comuna13online.com.ar\/wp-content\/uploads\/2020\/04\/corona2.jpg\" src=\"http:\/\/www.comuna13online.com.ar\/wp-content\/uploads\/2020\/04\/corona2.jpg\" alt=\"\" class=\"wp-image-8918\"\/><\/figure>\n","protected":false},"excerpt":{"rendered":"<div class=\"mh-excerpt\">Con el objetivo de agilizar el tr\u00e1nsito ante la flexibilizaci\u00f3n de algunas actividades durante la cuarentena, la Ciudad abri\u00f3 el acceso de la Avenida del Libertador en nuestra comuna 13. <a class=\"mh-excerpt-more\" href=\"https:\/\/www.comuna13online.com.ar\/?p=9303\" title=\"Habilitaron el acceso a la Ciudad por de Av. del Libertador\">[&#8230;]<\/a><\/div>\n","protected":false},"author":1,"featured_media":9317,"comment_status":"closed","ping_status":"closed","sticky":false,"template":"","format":"standard","meta":{"_uag_custom_page_level_css":"","_jetpack_memberships_contains_paid_content":false,"footnotes":"","jetpack_publicize_message":"","jetpack_publicize_feature_enabled":true,"jetpack_social_post_already_shared":true,"jetpack_social_options":{"image_generator_settings":{"template":"highway","default_image_id":0,"font":"","enabled":false},"version":2}},"categories":[53],"tags":[19,271,246,250,54],"class_list":{"0":"post-9303","1":"post","2":"type-post","3":"status-publish","4":"format-standard","5":"has-post-thumbnail","7":"category-transito","8":"tag-comuna-13","9":"tag-coronavirus","10":"tag-h1","11":"tag-h2","12":"tag-transito"},"jetpack_publicize_connections":[],"jetpack_featured_media_url":"https:\/\/www.comuna13online.com.ar\/wp-content\/uploads\/2020\/04\/20200423a.jpg","uagb_featured_image_src":{"full":["https:\/\/www.comuna13online.com.ar\/wp-content\/uploads\/2020\/04\/20200423a.jpg",1030,438,false],"thumbnail":["https:\/\/www.comuna13online.com.ar\/wp-content\/uploads\/2020\/04\/20200423a-150x150.jpg",96,96,true],"medium":["https:\/\/www.comuna13online.com.ar\/wp-content\/uploads\/2020\/04\/20200423a-678x288.jpg",678,288,true],"medium_large":["https:\/\/www.comuna13online.com.ar\/wp-content\/uploads\/2020\/04\/20200423a-768x327.jpg",768,327,true],"large":["https:\/\/www.comuna13online.com.ar\/wp-content\/uploads\/2020\/04\/20200423a.jpg",1030,438,false],"1536x1536":["https:\/\/www.comuna13online.com.ar\/wp-content\/uploads\/2020\/04\/20200423a.jpg",1030,438,false],"2048x2048":["https:\/\/www.comuna13online.com.ar\/wp-content\/uploads\/2020\/04\/20200423a.jpg",1030,438,false],"mh-magazine-slider":["https:\/\/www.comuna13online.com.ar\/wp-content\/uploads\/2020\/04\/20200423a.jpg",1030,438,false],"mh-magazine-content":["https:\/\/www.comuna13online.com.ar\/wp-content\/uploads\/2020\/04\/20200423a-678x381.jpg",678,381,true],"mh-magazine-large":["https:\/\/www.comuna13online.com.ar\/wp-content\/uploads\/2020\/04\/20200423a-678x438.jpg",678,438,true],"mh-magazine-medium":["https:\/\/www.comuna13online.com.ar\/wp-content\/uploads\/2020\/04\/20200423a-326x245.jpg",326,245,true],"mh-magazine-small":["https:\/\/www.comuna13online.com.ar\/wp-content\/uploads\/2020\/04\/20200423a-80x60.jpg",80,60,true],"sow-carousel-default":["https:\/\/www.comuna13online.com.ar\/wp-content\/uploads\/2020\/04\/20200423a-272x182.jpg",272,182,true]},"uagb_author_info":{"display_name":"Comuna13","author_link":"https:\/\/www.comuna13online.com.ar\/?author=1"},"uagb_comment_info":0,"uagb_excerpt":"Con el objetivo de agilizar el tr\u00e1nsito ante la flexibilizaci\u00f3n de algunas actividades durante la cuarentena, la Ciudad abri\u00f3 el acceso de la Avenida del Libertador en nuestra comuna 13. [...]","jetpack_sharing_enabled":true,"_links":{"self":[{"href":"https:\/\/www.comuna13online.com.ar\/index.php?rest_route=\/wp\/v2\/posts\/9303","targetHints":{"allow":["GET"]}}],"collection":[{"href":"https:\/\/www.comuna13online.com.ar\/index.php?rest_route=\/wp\/v2\/posts"}],"about":[{"href":"https:\/\/www.comuna13online.com.ar\/index.php?rest_route=\/wp\/v2\/types\/post"}],"author":[{"embeddable":true,"href":"https:\/\/www.comuna13online.com.ar\/index.php?rest_route=\/wp\/v2\/users\/1"}],"replies":[{"embeddable":true,"href":"https:\/\/www.comuna13online.com.ar\/index.php?rest_route=%2Fwp%2Fv2%2Fcomments&post=9303"}],"version-history":[{"count":0,"href":"https:\/\/www.comuna13online.com.ar\/index.php?rest_route=\/wp\/v2\/posts\/9303\/revisions"}],"wp:featuredmedia":[{"embeddable":true,"href":"https:\/\/www.comuna13online.com.ar\/index.php?rest_route=\/wp\/v2\/media\/9317"}],"wp:attachment":[{"href":"https:\/\/www.comuna13online.com.ar\/index.php?rest_route=%2Fwp%2Fv2%2Fmedia&parent=9303"}],"wp:term":[{"taxonomy":"category","embeddable":true,"href":"https:\/\/www.comuna13online.com.ar\/index.php?rest_route=%2Fwp%2Fv2%2Fcategories&post=9303"},{"taxonomy":"post_tag","embeddable":true,"href":"https:\/\/www.comuna13online.com.ar\/index.php?rest_route=%2Fwp%2Fv2%2Ftags&post=9303"}],"curies":[{"name":"wp","href":"https:\/\/api.w.org\/{rel}","templated":true}]}}