{"id":9278,"date":"2020-04-21T13:32:29","date_gmt":"2020-04-21T16:32:29","guid":{"rendered":"http:\/\/www.comuna13online.com.ar\/?p=9278"},"modified":"2020-04-21T15:58:22","modified_gmt":"2020-04-21T18:58:22","slug":"el-ministro-de-salud-de-la-ciudad-brindo-un-informe-de-la-situacion-sanitaria-a-legisladores-portenos","status":"publish","type":"post","link":"https:\/\/www.comuna13online.com.ar\/?p=9278","title":{"rendered":"El ministro de Salud de la Ciudad brind\u00f3 un informe de la situaci\u00f3n sanitaria a legisladores porte\u00f1os"},"content":{"rendered":"\n<p><strong>Fern\u00e1n Quir\u00f3s detall\u00f3 en un encuentro virtual el cuadro de situaci\u00f3n, las previsiones y estrategias p\u00fablicas sanitarias para enfrentar la pandemia de coronavirus. Tambi\u00e9n habl\u00f3 sobre el dengue.<\/strong><\/p>\n\n\n\n<figure class=\"wp-block-image size-large\"><img loading=\"lazy\" decoding=\"async\" width=\"657\" height=\"438\" data-attachment-id=\"9280\" data-permalink=\"https:\/\/www.comuna13online.com.ar\/?attachment_id=9280\" data-orig-file=\"https:\/\/www.comuna13online.com.ar\/wp-content\/uploads\/2020\/04\/20200421c1.jpg\" data-orig-size=\"678,452\" data-comments-opened=\"0\" data-image-meta=\"{&quot;aperture&quot;:&quot;0&quot;,&quot;credit&quot;:&quot;&quot;,&quot;camera&quot;:&quot;&quot;,&quot;caption&quot;:&quot;&quot;,&quot;created_timestamp&quot;:&quot;0&quot;,&quot;copyright&quot;:&quot;&quot;,&quot;focal_length&quot;:&quot;0&quot;,&quot;iso&quot;:&quot;0&quot;,&quot;shutter_speed&quot;:&quot;0&quot;,&quot;title&quot;:&quot;&quot;,&quot;orientation&quot;:&quot;0&quot;}\" data-image-title=\"20200421c1\" data-image-description=\"\" data-image-caption=\"\" data-large-file=\"https:\/\/www.comuna13online.com.ar\/wp-content\/uploads\/2020\/04\/20200421c1-657x438.jpg\" src=\"http:\/\/www.comuna13online.com.ar\/wp-content\/uploads\/2020\/04\/20200421c1-657x438.jpg\" alt=\"\" class=\"wp-image-9280\" srcset=\"https:\/\/www.comuna13online.com.ar\/wp-content\/uploads\/2020\/04\/20200421c1-657x438.jpg 657w, https:\/\/www.comuna13online.com.ar\/wp-content\/uploads\/2020\/04\/20200421c1-272x182.jpg 272w, https:\/\/www.comuna13online.com.ar\/wp-content\/uploads\/2020\/04\/20200421c1.jpg 678w\" sizes=\"auto, (max-width: 657px) 100vw, 657px\" \/><\/figure>\n\n\n\n<p>Desde el sal\u00f3n San Mart\u00edn de la Legislatura de la Ciudad de Buenos Aires y en video conferencia con los diputados porte\u00f1os, el ministro de Salud,&nbsp;<strong>Fern\u00e1n Quir\u00f3s,<\/strong>&nbsp;ofreci\u00f3 este lunes un amplio y minucioso informe sobre la situaci\u00f3n relacionada a la pandemia de coronavirus Covid-19 y su repercusi\u00f3n en el \u00e1rea metropolitana.<\/p>\n\n\n\n<p>Quir\u00f3s hizo una s\u00edntesis informativa y program\u00e1tica de las cuestiones log\u00edsticas, sanitarias, sociales, econ\u00f3micas, presupuestarias, de personal, equipamiento e insumos, tras lo cual respondi\u00f3 un extenso cuestionario previamente formulado por los legisladores de la Ciudad, con preguntas que requirieron detalles y pormenores de la acci\u00f3n oficial en la emergencia.<\/p>\n\n\n\n<p>Desde el sal\u00f3n San Mart\u00edn, acompa\u00f1aron al funcionario del jefe de Gobierno Horacio Rodr\u00edguez Larreta el vicepresidente de la Legislatura,&nbsp;<strong>Agust\u00edn Forchieri&nbsp;<\/strong>(VJ); la presidenta de la comisi\u00f3n parlamentaria de Salud,&nbsp;<strong>Patricia Visch<\/strong>i (UCR-Ev), y el jefe del bloque oficialista,&nbsp;<strong>Diego Garc\u00eda Vilas<\/strong>&nbsp;(VJ).<\/p>\n\n\n\n<div align=\"center\">\n<blockquote class=\"twitter-tweet\"><p lang=\"es\" dir=\"ltr\">Hoy en la <a href=\"https:\/\/twitter.com\/LegisCABA?ref_src=twsrc%5Etfw\">@LegisCABA<\/a> reunidos con la Comisi\u00f3n de Salud acompa\u00f1ado de <a href=\"https:\/\/twitter.com\/aforchieri?ref_src=twsrc%5Etfw\">@aforchieri<\/a>, <a href=\"https:\/\/twitter.com\/dgarciavilas?ref_src=twsrc%5Etfw\">@dgarciavilas<\/a>, <a href=\"https:\/\/twitter.com\/mpvischi?ref_src=twsrc%5Etfw\">@mpvischi<\/a> para contar el trabajo que estamos haciendo en conjunto a la Naci\u00f3n y la Provincia para prevenir el Coronavirus. <a href=\"https:\/\/t.co\/1cFv1Bwiep\">pic.twitter.com\/1cFv1Bwiep<\/a><\/p>\u2014 Fern\u00e1n Quir\u00f3s (@FernanQuirosBA) <a href=\"https:\/\/twitter.com\/FernanQuirosBA\/status\/1252334781418876931?ref_src=twsrc%5Etfw\">April 20, 2020<\/a><\/blockquote> <script async=\"\" src=\"https:\/\/platform.twitter.com\/widgets.js\" charset=\"utf-8\"><\/script>\n<\/div>\n\n\n\n<p>El ministro consign\u00f3 que actualmente la tasa reproductiva del virus (el denominado factor RO) es de 1,3 (se considera que por debajo de 1 no hay epidemia) y que se pronostica que \u201cvamos a tener una curva epid\u00e9mica para la segunda quincena de mayo\u201d. Al respecto, se prev\u00e9 que en la cresta de la epidemia se podr\u00edan estar generando en la Ciudad entre 2.000 y 3.000 casos de pacientes diarios de car\u00e1cter no grave. Para los casos complejos se disponen de unas 600 camas de internaci\u00f3n y 200 disponibilidades de terapia intensiva por d\u00eda.<\/p>\n\n\n\n<p class=\"has-very-light-gray-color has-text-color has-background\" style=\"background-color:#4e4e4e\"><strong>Ya funcionan 15 unidades febriles de urgencia (UFU) frente a los hospitales, que se ampliar\u00e1n a 18 en los pr\u00f3ximos d\u00edas. Adem\u00e1s, se atienden demandas a trav\u00e9s del Same, en los 34 hospitales y 47 Cesac de la Ciudad y en buses sanitarios que se instalaron en los barrios de carentes o villas de emergencia.<\/strong><\/p>\n\n\n\n<p>Ante la requisitoria de una diputada de la oposici\u00f3n, el ministro Quir\u00f3s asegur\u00f3 que se disponen de insumos m\u00e9dicos necesarios para atender la pandemia y que en la unidad sanitaria donde no hubiere alguno de los elementos necesarios, hay un centro de distribuci\u00f3n de insumos que demora no m\u00e1s de media hora en satisfacer la demanda. Quir\u00f3s les dijo a los diputados que si conocen casos concretos de falta de elementos de trabajo, tengan a bien inform\u00e1rselo para encargarse de resolverlo de inmediato.<\/p>\n\n\n\n<p><strong>Otros detalles aportados por el funcionario de la Jefatura de Gobierno fueron los siguientes:<\/strong><\/p>\n\n\n\n<div class=\"wp-block-uagb-icon-list uagb-icon-list__outer-wrap uagb-icon-list__layout-vertical uagb-block-e3c792ba-8f42-4b70-b9bb-2a9e0c47b60e\"><div class=\"uagb-icon-list__wrap\"><div class=\"uagb-icon-list-repeater-0 uagb-icon-list__wrapper\"><div class=\"uagb-icon-list__content-wrap\"><span class=\"uagb-icon-list__source-wrap\"><span class=\"uagb-icon-list__source-icon\"><svg xmlns=\"http:\/\/www.w3.org\/2000\/svg\" viewbox=\"0 0 512 512\"><path d=\"M256 8c137 0 248 111 248 248S393 504 256 504 8 393 8 256 119 8 256 8zm-28.9 143.6l75.5 72.4H120c-13.3 0-24 10.7-24 24v16c0 13.3 10.7 24 24 24h182.6l-75.5 72.4c-9.7 9.3-9.9 24.8-.4 34.3l11 10.9c9.4 9.4 24.6 9.4 33.9 0L404.3 273c9.4-9.4 9.4-24.6 0-33.9L271.6 106.3c-9.4-9.4-24.6-9.4-33.9 0l-11 10.9c-9.5 9.6-9.3 25.1.4 34.4z\"><\/path><\/svg><\/span><\/span><div class=\"uagb-icon-list__label-wrap\"><span class=\"uagb-icon-list__label\">Se duplic\u00f3 la cantidad de personal que atiende en los centros de consulta telef\u00f3nica del n\u00famero 107 (Same).<\/span><\/div><\/div><\/div><\/div><\/div>\n\n\n\n<div class=\"wp-block-uagb-icon-list uagb-icon-list__outer-wrap uagb-icon-list__layout-vertical uagb-block-cfb94f5b-d82b-4b8d-9e1e-4db4067bfea3\"><div class=\"uagb-icon-list__wrap\"><div class=\"uagb-icon-list-repeater-0 uagb-icon-list__wrapper\"><div class=\"uagb-icon-list__content-wrap\"><span class=\"uagb-icon-list__source-wrap\"><span class=\"uagb-icon-list__source-icon\"><svg xmlns=\"http:\/\/www.w3.org\/2000\/svg\" viewbox=\"0 0 512 512\"><path d=\"M256 8c137 0 248 111 248 248S393 504 256 504 8 393 8 256 119 8 256 8zm-28.9 143.6l75.5 72.4H120c-13.3 0-24 10.7-24 24v16c0 13.3 10.7 24 24 24h182.6l-75.5 72.4c-9.7 9.3-9.9 24.8-.4 34.3l11 10.9c9.4 9.4 24.6 9.4 33.9 0L404.3 273c9.4-9.4 9.4-24.6 0-33.9L271.6 106.3c-9.4-9.4-24.6-9.4-33.9 0l-11 10.9c-9.5 9.6-9.3 25.1.4 34.4z\"><\/path><\/svg><\/span><\/span><div class=\"uagb-icon-list__label-wrap\"><span class=\"uagb-icon-list__label\">Se duplic\u00f3 la cantidad de personal que atiende en los centros de consulta telef\u00f3nica del n\u00famero 107 (Same).<\/span><\/div><\/div><\/div><\/div><\/div>\n\n\n\n<div class=\"wp-block-uagb-icon-list uagb-icon-list__outer-wrap uagb-icon-list__layout-vertical uagb-block-a6b5a321-c127-4b25-8652-2e73811c2bef\"><div class=\"uagb-icon-list__wrap\"><div class=\"uagb-icon-list-repeater-0 uagb-icon-list__wrapper\"><div class=\"uagb-icon-list__content-wrap\"><span class=\"uagb-icon-list__source-wrap\"><span class=\"uagb-icon-list__source-icon\"><svg xmlns=\"http:\/\/www.w3.org\/2000\/svg\" viewbox=\"0 0 512 512\"><path d=\"M256 8c137 0 248 111 248 248S393 504 256 504 8 393 8 256 119 8 256 8zm-28.9 143.6l75.5 72.4H120c-13.3 0-24 10.7-24 24v16c0 13.3 10.7 24 24 24h182.6l-75.5 72.4c-9.7 9.3-9.9 24.8-.4 34.3l11 10.9c9.4 9.4 24.6 9.4 33.9 0L404.3 273c9.4-9.4 9.4-24.6 0-33.9L271.6 106.3c-9.4-9.4-24.6-9.4-33.9 0l-11 10.9c-9.5 9.6-9.3 25.1.4 34.4z\"><\/path><\/svg><\/span><\/span><div class=\"uagb-icon-list__label-wrap\"><span class=\"uagb-icon-list__label\">El n\u00famero 147 tiene capacidad para atender 1.030 llamadas simult\u00e1neas. Como ejemplo, en las primeras dos horas de hoy atendi\u00f3 m\u00e1s de 8.000 llamadas.<\/span><\/div><\/div><\/div><\/div><\/div>\n\n\n\n<p>Por otro lado asegur\u00f3 que los cad\u00e1veres se tratan de acuerdo a la normativa internacional y el Gobierno de la Ciudad tiene especial preocupaci\u00f3n por el acompa\u00f1amiento para una muerte digna de personas que, en situaci\u00f3n terminal, no pueden despedirse de sus seres queridos.<em> \u201cNos importa much\u00edsimo\u201d<\/em>, enfatiz\u00f3 el ministro.<\/p>\n\n\n\n<p>Los PCR (testeos cl\u00ednicos de pacientes sospechosos de infecci\u00f3n) aumentaron la \u00faltima semana pero, al respecto, aclar\u00f3 Quir\u00f3s que son las autoridades nacionales las que definen los protocolos y deciden al respecto. Desde el comienzo de la emergencia, en el sistema p\u00fablico de salud metropolitano se testearon 9.175 casos, de los cuales 708 dieron positivo. Actualmente se hacen unos 550-570 test diarios.<\/p>\n\n\n\n<p>Remarc\u00f3 Quir\u00f3s la permanente coordinaci\u00f3n de estrategias y pol\u00edticas con el gobierno nacional y con las autoridades sanitarias de la Provincia y la creaci\u00f3n de <em>\u201cespacios de trabajo conjunto\u201d<\/em> con expertos, especialistas, obras sociales y efectores de salud privados.<\/p>\n\n\n\n<p>Respecto del brote de dengue, se\u00f1al\u00f3 que es una enfermedad con ciclos epid\u00e9micos cada cuatro a seis a\u00f1os, el \u00faltimo registrado en 2016. Este a\u00f1o -dijo- <em>\u201chubo brotes r\u00e9cords en toda Am\u00e9rica latina y en el caso de Paraguay fue una cat\u00e1strofe; esto afect\u00f3 a la Argentina y a la Ciudad de Buenos Aires\u201d<\/em>. Sin embargo, determin\u00f3 que<em> \u201cestamos un 30% abajo de la curva epid\u00e9mica del 2016\u201d<\/em>.<\/p>\n\n\n\n<p>Se registraron desde enero a la fecha 4.049 casos de dengue en la Ciudad y ahora <em>\u201cestamos en la fase de descenso de los casos\u201d<\/em>, apunt\u00f3.<\/p>\n\n\n\n<p>Adem\u00e1s de los mencionados, participaron los diputados&nbsp;<strong>Ana Mar\u00eda Bou P\u00e9rez, Claudio Romero, Paola Micchielotto y Victoria Rold\u00e1n M\u00e9dez y Gimena Villafruela<\/strong>&nbsp;(VJ);&nbsp;<strong>In\u00e9s Gorbea y Diego Weck<\/strong>&nbsp;(UCR-Ev);&nbsp;<strong>Javier Andrade, Victoria Montenegro y Laura Velasco&nbsp;<\/strong>(FdT);&nbsp;<strong>Roy Cortina<\/strong>&nbsp;(PS).<\/p>\n\n\n\n<figure class=\"wp-block-image size-large\"><img loading=\"lazy\" decoding=\"async\" width=\"678\" height=\"1\" data-attachment-id=\"99\" data-permalink=\"https:\/\/www.comuna13online.com.ar\/?attachment_id=99\" data-orig-file=\"https:\/\/www.comuna13online.com.ar\/wp-content\/uploads\/2017\/12\/line.jpg\" data-orig-size=\"678,1\" data-comments-opened=\"0\" data-image-meta=\"{&quot;aperture&quot;:&quot;0&quot;,&quot;credit&quot;:&quot;&quot;,&quot;camera&quot;:&quot;&quot;,&quot;caption&quot;:&quot;&quot;,&quot;created_timestamp&quot;:&quot;0&quot;,&quot;copyright&quot;:&quot;&quot;,&quot;focal_length&quot;:&quot;0&quot;,&quot;iso&quot;:&quot;0&quot;,&quot;shutter_speed&quot;:&quot;0&quot;,&quot;title&quot;:&quot;&quot;,&quot;orientation&quot;:&quot;0&quot;}\" data-image-title=\"line\" data-image-description=\"\" data-image-caption=\"\" data-large-file=\"https:\/\/www.comuna13online.com.ar\/wp-content\/uploads\/2017\/12\/line.jpg\" src=\"http:\/\/www.comuna13online.com.ar\/wp-content\/uploads\/2017\/12\/line.jpg\" alt=\"\" class=\"wp-image-99\" srcset=\"https:\/\/www.comuna13online.com.ar\/wp-content\/uploads\/2017\/12\/line.jpg 678w, https:\/\/www.comuna13online.com.ar\/wp-content\/uploads\/2017\/12\/line-150x1.jpg 150w, https:\/\/www.comuna13online.com.ar\/wp-content\/uploads\/2017\/12\/line-326x1.jpg 326w, https:\/\/www.comuna13online.com.ar\/wp-content\/uploads\/2017\/12\/line-80x1.jpg 80w, https:\/\/www.comuna13online.com.ar\/wp-content\/uploads\/2017\/12\/line-272x1.jpg 272w\" sizes=\"auto, (max-width: 678px) 100vw, 678px\" \/><figcaption>Fuente: Prensa Legislatura de la Ciudad de Buenos Aires<\/figcaption><\/figure>\n\n\n\n<p><\/p>\n\n\n\n<figure class=\"wp-block-image size-large is-resized\"><img loading=\"lazy\" decoding=\"async\" data-attachment-id=\"99\" data-permalink=\"https:\/\/www.comuna13online.com.ar\/?attachment_id=99\" data-orig-file=\"https:\/\/www.comuna13online.com.ar\/wp-content\/uploads\/2017\/12\/line.jpg\" data-orig-size=\"678,1\" data-comments-opened=\"0\" data-image-meta=\"{&quot;aperture&quot;:&quot;0&quot;,&quot;credit&quot;:&quot;&quot;,&quot;camera&quot;:&quot;&quot;,&quot;caption&quot;:&quot;&quot;,&quot;created_timestamp&quot;:&quot;0&quot;,&quot;copyright&quot;:&quot;&quot;,&quot;focal_length&quot;:&quot;0&quot;,&quot;iso&quot;:&quot;0&quot;,&quot;shutter_speed&quot;:&quot;0&quot;,&quot;title&quot;:&quot;&quot;,&quot;orientation&quot;:&quot;0&quot;}\" data-image-title=\"line\" data-image-description=\"\" data-image-caption=\"\" data-large-file=\"https:\/\/www.comuna13online.com.ar\/wp-content\/uploads\/2017\/12\/line.jpg\" src=\"http:\/\/www.comuna13online.com.ar\/wp-content\/uploads\/2017\/12\/line.jpg\" alt=\"\" class=\"wp-image-99\" width=\"678\" height=\"1\" srcset=\"https:\/\/www.comuna13online.com.ar\/wp-content\/uploads\/2017\/12\/line.jpg 678w, https:\/\/www.comuna13online.com.ar\/wp-content\/uploads\/2017\/12\/line-150x1.jpg 150w, https:\/\/www.comuna13online.com.ar\/wp-content\/uploads\/2017\/12\/line-326x1.jpg 326w, https:\/\/www.comuna13online.com.ar\/wp-content\/uploads\/2017\/12\/line-80x1.jpg 80w, https:\/\/www.comuna13online.com.ar\/wp-content\/uploads\/2017\/12\/line-272x1.jpg 272w\" sizes=\"auto, (max-width: 678px) 100vw, 678px\" \/><\/figure>\n\n\n\n<figure class=\"wp-block-image size-full\"><img loading=\"lazy\" decoding=\"async\" width=\"678\" height=\"180\" data-attachment-id=\"8918\" data-permalink=\"https:\/\/www.comuna13online.com.ar\/?attachment_id=8918\" data-orig-file=\"https:\/\/www.comuna13online.com.ar\/wp-content\/uploads\/2020\/04\/corona2.jpg\" data-orig-size=\"678,180\" data-comments-opened=\"0\" data-image-meta=\"{&quot;aperture&quot;:&quot;0&quot;,&quot;credit&quot;:&quot;&quot;,&quot;camera&quot;:&quot;&quot;,&quot;caption&quot;:&quot;&quot;,&quot;created_timestamp&quot;:&quot;0&quot;,&quot;copyright&quot;:&quot;&quot;,&quot;focal_length&quot;:&quot;0&quot;,&quot;iso&quot;:&quot;0&quot;,&quot;shutter_speed&quot;:&quot;0&quot;,&quot;title&quot;:&quot;&quot;,&quot;orientation&quot;:&quot;0&quot;}\" data-image-title=\"corona2\" data-image-description=\"\" data-image-caption=\"\" data-large-file=\"https:\/\/www.comuna13online.com.ar\/wp-content\/uploads\/2020\/04\/corona2.jpg\" src=\"http:\/\/www.comuna13online.com.ar\/wp-content\/uploads\/2020\/04\/corona2.jpg\" alt=\"\" class=\"wp-image-8918\"\/><\/figure>\n","protected":false},"excerpt":{"rendered":"<div class=\"mh-excerpt\">Fern\u00e1n Quir\u00f3s detall\u00f3 en un encuentro virtual el cuadro de situaci\u00f3n, las previsiones y estrategias p\u00fablicas sanitarias para enfrentar la pandemia de coronavirus. Tambi\u00e9n habl\u00f3 sobre el dengue. Desde el <a class=\"mh-excerpt-more\" href=\"https:\/\/www.comuna13online.com.ar\/?p=9278\" title=\"El ministro de Salud de la Ciudad brind\u00f3 un informe de la situaci\u00f3n sanitaria a legisladores porte\u00f1os\">[&#8230;]<\/a><\/div>\n","protected":false},"author":1,"featured_media":9279,"comment_status":"closed","ping_status":"closed","sticky":false,"template":"","format":"standard","meta":{"_uag_custom_page_level_css":"","_jetpack_memberships_contains_paid_content":false,"footnotes":"","jetpack_publicize_message":"","jetpack_publicize_feature_enabled":true,"jetpack_social_post_already_shared":true,"jetpack_social_options":{"image_generator_settings":{"template":"highway","default_image_id":0,"font":"","enabled":false},"version":2}},"categories":[21],"tags":[246,250,7,45],"class_list":{"0":"post-9278","1":"post","2":"type-post","3":"status-publish","4":"format-standard","5":"has-post-thumbnail","7":"category-legislatura","8":"tag-h1","9":"tag-h2","10":"tag-legislatura","11":"tag-salud"},"jetpack_publicize_connections":[],"jetpack_featured_media_url":"https:\/\/www.comuna13online.com.ar\/wp-content\/uploads\/2020\/04\/20200421c.jpg","uagb_featured_image_src":{"full":["https:\/\/www.comuna13online.com.ar\/wp-content\/uploads\/2020\/04\/20200421c.jpg",1030,438,false],"thumbnail":["https:\/\/www.comuna13online.com.ar\/wp-content\/uploads\/2020\/04\/20200421c-150x150.jpg",96,96,true],"medium":["https:\/\/www.comuna13online.com.ar\/wp-content\/uploads\/2020\/04\/20200421c-678x288.jpg",678,288,true],"medium_large":["https:\/\/www.comuna13online.com.ar\/wp-content\/uploads\/2020\/04\/20200421c-768x327.jpg",768,327,true],"large":["https:\/\/www.comuna13online.com.ar\/wp-content\/uploads\/2020\/04\/20200421c.jpg",1030,438,false],"1536x1536":["https:\/\/www.comuna13online.com.ar\/wp-content\/uploads\/2020\/04\/20200421c.jpg",1030,438,false],"2048x2048":["https:\/\/www.comuna13online.com.ar\/wp-content\/uploads\/2020\/04\/20200421c.jpg",1030,438,false],"mh-magazine-slider":["https:\/\/www.comuna13online.com.ar\/wp-content\/uploads\/2020\/04\/20200421c.jpg",1030,438,false],"mh-magazine-content":["https:\/\/www.comuna13online.com.ar\/wp-content\/uploads\/2020\/04\/20200421c-678x381.jpg",678,381,true],"mh-magazine-large":["https:\/\/www.comuna13online.com.ar\/wp-content\/uploads\/2020\/04\/20200421c-678x438.jpg",678,438,true],"mh-magazine-medium":["https:\/\/www.comuna13online.com.ar\/wp-content\/uploads\/2020\/04\/20200421c-326x245.jpg",326,245,true],"mh-magazine-small":["https:\/\/www.comuna13online.com.ar\/wp-content\/uploads\/2020\/04\/20200421c-80x60.jpg",80,60,true],"sow-carousel-default":["https:\/\/www.comuna13online.com.ar\/wp-content\/uploads\/2020\/04\/20200421c-272x182.jpg",272,182,true]},"uagb_author_info":{"display_name":"Comuna13","author_link":"https:\/\/www.comuna13online.com.ar\/?author=1"},"uagb_comment_info":0,"uagb_excerpt":"Fern\u00e1n Quir\u00f3s detall\u00f3 en un encuentro virtual el cuadro de situaci\u00f3n, las previsiones y estrategias p\u00fablicas sanitarias para enfrentar la pandemia de coronavirus. Tambi\u00e9n habl\u00f3 sobre el dengue. Desde el [...]","jetpack_sharing_enabled":true,"_links":{"self":[{"href":"https:\/\/www.comuna13online.com.ar\/index.php?rest_route=\/wp\/v2\/posts\/9278","targetHints":{"allow":["GET"]}}],"collection":[{"href":"https:\/\/www.comuna13online.com.ar\/index.php?rest_route=\/wp\/v2\/posts"}],"about":[{"href":"https:\/\/www.comuna13online.com.ar\/index.php?rest_route=\/wp\/v2\/types\/post"}],"author":[{"embeddable":true,"href":"https:\/\/www.comuna13online.com.ar\/index.php?rest_route=\/wp\/v2\/users\/1"}],"replies":[{"embeddable":true,"href":"https:\/\/www.comuna13online.com.ar\/index.php?rest_route=%2Fwp%2Fv2%2Fcomments&post=9278"}],"version-history":[{"count":0,"href":"https:\/\/www.comuna13online.com.ar\/index.php?rest_route=\/wp\/v2\/posts\/9278\/revisions"}],"wp:featuredmedia":[{"embeddable":true,"href":"https:\/\/www.comuna13online.com.ar\/index.php?rest_route=\/wp\/v2\/media\/9279"}],"wp:attachment":[{"href":"https:\/\/www.comuna13online.com.ar\/index.php?rest_route=%2Fwp%2Fv2%2Fmedia&parent=9278"}],"wp:term":[{"taxonomy":"category","embeddable":true,"href":"https:\/\/www.comuna13online.com.ar\/index.php?rest_route=%2Fwp%2Fv2%2Fcategories&post=9278"},{"taxonomy":"post_tag","embeddable":true,"href":"https:\/\/www.comuna13online.com.ar\/index.php?rest_route=%2Fwp%2Fv2%2Ftags&post=9278"}],"curies":[{"name":"wp","href":"https:\/\/api.w.org\/{rel}","templated":true}]}}