{"id":9273,"date":"2020-04-21T15:31:43","date_gmt":"2020-04-21T18:31:43","guid":{"rendered":"http:\/\/www.comuna13online.com.ar\/?p=9273"},"modified":"2020-04-21T15:31:48","modified_gmt":"2020-04-21T18:31:48","slug":"declararon-inconstitucional-la-restriccion-de-circular-para-mayores-de-70-anos","status":"publish","type":"post","link":"https:\/\/www.comuna13online.com.ar\/?p=9273","title":{"rendered":"Declararon inconstitucional la restricci\u00f3n de circular para mayores de 70 a\u00f1os"},"content":{"rendered":"\n<p><strong>La Justicia porte\u00f1a hizo lugar a un pedido de un ciudadano que reside en la Provincia y se vio afectado por la medida, El Gobierno de la Ciudad no apelar\u00e1 la resoluci\u00f3n.<\/strong><\/p>\n\n\n\n<figure class=\"wp-block-image size-large\"><img loading=\"lazy\" decoding=\"async\" width=\"678\" height=\"392\" data-attachment-id=\"9276\" data-permalink=\"https:\/\/www.comuna13online.com.ar\/?attachment_id=9276\" data-orig-file=\"https:\/\/www.comuna13online.com.ar\/wp-content\/uploads\/2020\/04\/20200421b1.jpg\" data-orig-size=\"678,392\" data-comments-opened=\"0\" data-image-meta=\"{&quot;aperture&quot;:&quot;0&quot;,&quot;credit&quot;:&quot;&quot;,&quot;camera&quot;:&quot;&quot;,&quot;caption&quot;:&quot;&quot;,&quot;created_timestamp&quot;:&quot;0&quot;,&quot;copyright&quot;:&quot;&quot;,&quot;focal_length&quot;:&quot;0&quot;,&quot;iso&quot;:&quot;0&quot;,&quot;shutter_speed&quot;:&quot;0&quot;,&quot;title&quot;:&quot;&quot;,&quot;orientation&quot;:&quot;0&quot;}\" data-image-title=\"20200421b1\" data-image-description=\"\" data-image-caption=\"\" data-large-file=\"https:\/\/www.comuna13online.com.ar\/wp-content\/uploads\/2020\/04\/20200421b1.jpg\" src=\"http:\/\/www.comuna13online.com.ar\/wp-content\/uploads\/2020\/04\/20200421b1.jpg\" alt=\"\" class=\"wp-image-9276\" \/><\/figure>\n\n\n\n<p>El titular del juzgado N\u00ba 14 en lo Contencioso, Administrativo y Tributario de la Ciudad, el  Dr. Lisandro Ezequiel Fastman, <strong>declar\u00f3 la inconstitucionalidad de la resoluci\u00f3n del Gobierno porte\u00f1o que establec\u00eda la restricci\u00f3n para circular en la v\u00eda p\u00fablica a personas mayores de 70 a\u00f1os durante el aislamiento por el coronavirus sin previa autorizaci\u00f3n<\/strong>.<\/p>\n\n\n\n<p>El Juez hizo lugar la acci\u00f3n de amparo interpuesta por Silvano Lanzieri, un ciudadano residente en el Gran Buenos Aires que vio afectados sus derechos para circular por la Ciudad de Buenos Aires.<\/p>\n\n\n\n<p>El magistrado sostuvo que<strong> <em><em>\u201c<\/em><\/em>la imposici\u00f3n a todo adulto mayor de 70 a\u00f1os de edad de la necesidad de comunicarse con el servicio de atenci\u00f3n ciudadana al n\u00famero 147, previamente a hacer uso de la posibilidad de realizar desplazamientos m\u00ednimos e indispensables para aprovisionarse de art\u00edculos de limpieza, medicamentos, resulta una exigencia m\u00e1s gravosa para el colectivo de personas que para el resto de la poblaci\u00f3n<em>\u201d<\/em>.<\/strong><\/p>\n\n\n\n<p>Fastman hizo menci\u00f3n a las normas que protegen la libertad y la igualdad de las personas, como la\u00a0<strong>Constituci\u00f3n Nacional y una reciente resoluci\u00f3n de la Corte Interamericana de Derechos Humanos<\/strong>.<\/p>\n\n\n\n<p>En los fundamentos, el magistrado mencion\u00f3  que si bien existen <em><em>\u201c<\/em><\/em>buenas intenciones<em><em>\u201c<\/em><\/em> por parte del Gobierno de la Ciudad, ello <strong>implica <em><em>\u201c<\/em><\/em>una discriminaci\u00f3n en raz\u00f3n de la edad, que vulnera los derechos y las garant\u00edas del grupo etario al cual se encuentra destinada\u00bb, ya que dispone \u00abimponer una exigencia mayor y distintiva del resto de la poblaci\u00f3n<em><em>\u201c<\/em><\/em><\/strong>.<\/p>\n\n\n\n<p>El juez asever\u00f3 que se ve <em><em>\u201c<\/em><\/em>disminuida la autonom\u00eda personal y la capacidad de decisi\u00f3n\u00bb de ese grupo de personas \u00absolo en funci\u00f3n de la edad<em><em>\u201c<\/em><\/em>, seg\u00fan la resoluci\u00f3n distribuida por el sitio iJudicial, de la Justicia dela Ciudad de Buenos Aires.<\/p>\n\n\n\n<p>Por otro lado, el Magistrado sostuvo que por la repercusi\u00f3n que pudiera llegar a tener su medida, se sumaba a la <strong><em><em>\u201c<\/em><\/em>exhortaci\u00f3n de las autoridades ejecutivas federales y locales<em>\u201d<\/em><\/strong> para que la poblaci\u00f3n respete <strong><em><em>\u201c<\/em><\/em>el cumplimiento de las medidas de aislamiento vigente, de modo de cuidarse y cuidarnos entre todos para superar la emergencia sanitaria en la que nos encontramos<em>\u201d<\/em><\/strong>.<\/p>\n\n\n\n<div class=\"wp-block-uagb-advanced-heading uagb-block-39ed67e3-89c9-4e52-96e7-09c1fc0bafcc\"><h3 class=\"uagb-heading-text\">El Gobierno de la Ciudad no apelar\u00e1 el fallo<\/h3><div class=\"uagb-separator-wrap\"><div class=\"uagb-separator\"><\/div><\/div><p class=\"uagb-desc-text\"><\/p><\/div>\n\n\n\n<figure class=\"wp-block-image size-large\"><img loading=\"lazy\" decoding=\"async\" width=\"677\" height=\"381\" data-attachment-id=\"9274\" data-permalink=\"https:\/\/www.comuna13online.com.ar\/?attachment_id=9274\" data-orig-file=\"https:\/\/www.comuna13online.com.ar\/wp-content\/uploads\/2020\/04\/20200421b2.jpg\" data-orig-size=\"677,381\" data-comments-opened=\"0\" data-image-meta=\"{&quot;aperture&quot;:&quot;0&quot;,&quot;credit&quot;:&quot;&quot;,&quot;camera&quot;:&quot;&quot;,&quot;caption&quot;:&quot;&quot;,&quot;created_timestamp&quot;:&quot;0&quot;,&quot;copyright&quot;:&quot;&quot;,&quot;focal_length&quot;:&quot;0&quot;,&quot;iso&quot;:&quot;0&quot;,&quot;shutter_speed&quot;:&quot;0&quot;,&quot;title&quot;:&quot;&quot;,&quot;orientation&quot;:&quot;0&quot;}\" data-image-title=\"20200421b2\" data-image-description=\"\" data-image-caption=\"\" data-large-file=\"https:\/\/www.comuna13online.com.ar\/wp-content\/uploads\/2020\/04\/20200421b2.jpg\" src=\"http:\/\/www.comuna13online.com.ar\/wp-content\/uploads\/2020\/04\/20200421b2.jpg\" alt=\"\" class=\"wp-image-9274\" \/><\/figure>\n\n\n\n<p>El vicejefe de Gobierno porte\u00f1o, Diego Santilli, afirmo en un comunicaci\u00f3n con radio La Red que la Ciudad no apelar\u00e1 el fallo. <em>\u201cNo vamos a apelar la decisi\u00f3n judicial pero vamos a continuar con la medida, que no es punitoria ni obligatoria; ayer evitamos que salieran a la calle m\u00e1s de 12 mil adultos mayores de 70 que prefirieron usar nuestras herramientas para hacer compras y tr\u00e1mites\u201d<\/em>.<\/p>\n\n\n\n<p>La medida <em>\u201cva a quedar como sistema de apoyo, y ojal\u00e1 nos sigan llamando\u201d<\/em> expres\u00f3.<\/p>\n\n\n\n<p>Ayer el 147 recibi\u00f3 llamadas de <em>\u201c33 mil adultos mayores de 70 a\u00f1os, y un 40% decidi\u00f3 utilizar nuestras herramientas, un 20% estaba exceptuado y el resto decidi\u00f3 salir sin m\u00e1s\u201d<\/em>. detall\u00f3.<\/p>\n\n\n\n<p><\/p>\n\n\n\n<figure class=\"wp-block-image size-large is-resized\"><img loading=\"lazy\" decoding=\"async\" data-attachment-id=\"99\" data-permalink=\"https:\/\/www.comuna13online.com.ar\/?attachment_id=99\" data-orig-file=\"https:\/\/www.comuna13online.com.ar\/wp-content\/uploads\/2017\/12\/line.jpg\" data-orig-size=\"678,1\" data-comments-opened=\"0\" data-image-meta=\"{&quot;aperture&quot;:&quot;0&quot;,&quot;credit&quot;:&quot;&quot;,&quot;camera&quot;:&quot;&quot;,&quot;caption&quot;:&quot;&quot;,&quot;created_timestamp&quot;:&quot;0&quot;,&quot;copyright&quot;:&quot;&quot;,&quot;focal_length&quot;:&quot;0&quot;,&quot;iso&quot;:&quot;0&quot;,&quot;shutter_speed&quot;:&quot;0&quot;,&quot;title&quot;:&quot;&quot;,&quot;orientation&quot;:&quot;0&quot;}\" data-image-title=\"line\" data-image-description=\"\" data-image-caption=\"\" data-large-file=\"https:\/\/www.comuna13online.com.ar\/wp-content\/uploads\/2017\/12\/line.jpg\" src=\"http:\/\/www.comuna13online.com.ar\/wp-content\/uploads\/2017\/12\/line.jpg\" alt=\"\" class=\"wp-image-99\" width=\"678\" height=\"1\" srcset=\"https:\/\/www.comuna13online.com.ar\/wp-content\/uploads\/2017\/12\/line.jpg 678w, https:\/\/www.comuna13online.com.ar\/wp-content\/uploads\/2017\/12\/line-150x1.jpg 150w, https:\/\/www.comuna13online.com.ar\/wp-content\/uploads\/2017\/12\/line-326x1.jpg 326w, https:\/\/www.comuna13online.com.ar\/wp-content\/uploads\/2017\/12\/line-80x1.jpg 80w, https:\/\/www.comuna13online.com.ar\/wp-content\/uploads\/2017\/12\/line-272x1.jpg 272w\" sizes=\"auto, (max-width: 678px) 100vw, 678px\" \/><\/figure>\n\n\n\n<figure class=\"wp-block-image size-full\"><img loading=\"lazy\" decoding=\"async\" width=\"678\" height=\"180\" data-attachment-id=\"8918\" data-permalink=\"https:\/\/www.comuna13online.com.ar\/?attachment_id=8918\" data-orig-file=\"https:\/\/www.comuna13online.com.ar\/wp-content\/uploads\/2020\/04\/corona2.jpg\" data-orig-size=\"678,180\" data-comments-opened=\"0\" data-image-meta=\"{&quot;aperture&quot;:&quot;0&quot;,&quot;credit&quot;:&quot;&quot;,&quot;camera&quot;:&quot;&quot;,&quot;caption&quot;:&quot;&quot;,&quot;created_timestamp&quot;:&quot;0&quot;,&quot;copyright&quot;:&quot;&quot;,&quot;focal_length&quot;:&quot;0&quot;,&quot;iso&quot;:&quot;0&quot;,&quot;shutter_speed&quot;:&quot;0&quot;,&quot;title&quot;:&quot;&quot;,&quot;orientation&quot;:&quot;0&quot;}\" data-image-title=\"corona2\" data-image-description=\"\" data-image-caption=\"\" data-large-file=\"https:\/\/www.comuna13online.com.ar\/wp-content\/uploads\/2020\/04\/corona2.jpg\" src=\"http:\/\/www.comuna13online.com.ar\/wp-content\/uploads\/2020\/04\/corona2.jpg\" alt=\"\" class=\"wp-image-8918\"\/><\/figure>\n","protected":false},"excerpt":{"rendered":"<div class=\"mh-excerpt\">La Justicia porte\u00f1a hizo lugar a un pedido de un ciudadano que reside en la Provincia y se vio afectado por la medida, El Gobierno de la Ciudad no apelar\u00e1 <a class=\"mh-excerpt-more\" href=\"https:\/\/www.comuna13online.com.ar\/?p=9273\" title=\"Declararon inconstitucional la restricci\u00f3n de circular para mayores de 70 a\u00f1os\">[&#8230;]<\/a><\/div>\n","protected":false},"author":1,"featured_media":9275,"comment_status":"closed","ping_status":"closed","sticky":false,"template":"","format":"standard","meta":{"_uag_custom_page_level_css":"","_jetpack_memberships_contains_paid_content":false,"footnotes":"","jetpack_publicize_message":"","jetpack_publicize_feature_enabled":true,"jetpack_social_post_already_shared":true,"jetpack_social_options":{"image_generator_settings":{"template":"highway","default_image_id":0,"font":"","enabled":false},"version":2}},"categories":[4],"tags":[160,271,246,250,108],"class_list":{"0":"post-9273","1":"post","2":"type-post","3":"status-publish","4":"format-standard","5":"has-post-thumbnail","7":"category-justicia","8":"tag-adultos-mayores","9":"tag-coronavirus","10":"tag-h1","11":"tag-h2","12":"tag-justicia"},"jetpack_publicize_connections":[],"jetpack_featured_media_url":"https:\/\/www.comuna13online.com.ar\/wp-content\/uploads\/2020\/04\/20200421b.jpg","uagb_featured_image_src":{"full":["https:\/\/www.comuna13online.com.ar\/wp-content\/uploads\/2020\/04\/20200421b.jpg",1030,438,false],"thumbnail":["https:\/\/www.comuna13online.com.ar\/wp-content\/uploads\/2020\/04\/20200421b-150x150.jpg",96,96,true],"medium":["https:\/\/www.comuna13online.com.ar\/wp-content\/uploads\/2020\/04\/20200421b-678x288.jpg",678,288,true],"medium_large":["https:\/\/www.comuna13online.com.ar\/wp-content\/uploads\/2020\/04\/20200421b-768x327.jpg",768,327,true],"large":["https:\/\/www.comuna13online.com.ar\/wp-content\/uploads\/2020\/04\/20200421b.jpg",1030,438,false],"1536x1536":["https:\/\/www.comuna13online.com.ar\/wp-content\/uploads\/2020\/04\/20200421b.jpg",1030,438,false],"2048x2048":["https:\/\/www.comuna13online.com.ar\/wp-content\/uploads\/2020\/04\/20200421b.jpg",1030,438,false],"mh-magazine-slider":["https:\/\/www.comuna13online.com.ar\/wp-content\/uploads\/2020\/04\/20200421b.jpg",1030,438,false],"mh-magazine-content":["https:\/\/www.comuna13online.com.ar\/wp-content\/uploads\/2020\/04\/20200421b-678x381.jpg",678,381,true],"mh-magazine-large":["https:\/\/www.comuna13online.com.ar\/wp-content\/uploads\/2020\/04\/20200421b-678x438.jpg",678,438,true],"mh-magazine-medium":["https:\/\/www.comuna13online.com.ar\/wp-content\/uploads\/2020\/04\/20200421b-326x245.jpg",326,245,true],"mh-magazine-small":["https:\/\/www.comuna13online.com.ar\/wp-content\/uploads\/2020\/04\/20200421b-80x60.jpg",80,60,true],"sow-carousel-default":["https:\/\/www.comuna13online.com.ar\/wp-content\/uploads\/2020\/04\/20200421b-272x182.jpg",272,182,true]},"uagb_author_info":{"display_name":"Comuna13","author_link":"https:\/\/www.comuna13online.com.ar\/?author=1"},"uagb_comment_info":0,"uagb_excerpt":"La Justicia porte\u00f1a hizo lugar a un pedido de un ciudadano que reside en la Provincia y se vio afectado por la medida, El Gobierno de la Ciudad no apelar\u00e1 [...]","jetpack_sharing_enabled":true,"_links":{"self":[{"href":"https:\/\/www.comuna13online.com.ar\/index.php?rest_route=\/wp\/v2\/posts\/9273","targetHints":{"allow":["GET"]}}],"collection":[{"href":"https:\/\/www.comuna13online.com.ar\/index.php?rest_route=\/wp\/v2\/posts"}],"about":[{"href":"https:\/\/www.comuna13online.com.ar\/index.php?rest_route=\/wp\/v2\/types\/post"}],"author":[{"embeddable":true,"href":"https:\/\/www.comuna13online.com.ar\/index.php?rest_route=\/wp\/v2\/users\/1"}],"replies":[{"embeddable":true,"href":"https:\/\/www.comuna13online.com.ar\/index.php?rest_route=%2Fwp%2Fv2%2Fcomments&post=9273"}],"version-history":[{"count":0,"href":"https:\/\/www.comuna13online.com.ar\/index.php?rest_route=\/wp\/v2\/posts\/9273\/revisions"}],"wp:featuredmedia":[{"embeddable":true,"href":"https:\/\/www.comuna13online.com.ar\/index.php?rest_route=\/wp\/v2\/media\/9275"}],"wp:attachment":[{"href":"https:\/\/www.comuna13online.com.ar\/index.php?rest_route=%2Fwp%2Fv2%2Fmedia&parent=9273"}],"wp:term":[{"taxonomy":"category","embeddable":true,"href":"https:\/\/www.comuna13online.com.ar\/index.php?rest_route=%2Fwp%2Fv2%2Fcategories&post=9273"},{"taxonomy":"post_tag","embeddable":true,"href":"https:\/\/www.comuna13online.com.ar\/index.php?rest_route=%2Fwp%2Fv2%2Ftags&post=9273"}],"curies":[{"name":"wp","href":"https:\/\/api.w.org\/{rel}","templated":true}]}}