{"id":9237,"date":"2020-04-20T09:00:00","date_gmt":"2020-04-20T12:00:00","guid":{"rendered":"http:\/\/www.comuna13online.com.ar\/?p=9237"},"modified":"2020-04-20T12:44:09","modified_gmt":"2020-04-20T15:44:09","slug":"alberto-fernandez-se-reunio-en-forma-virtual-con-legisladores-portenos-del-frente-de-todos","status":"publish","type":"post","link":"https:\/\/www.comuna13online.com.ar\/?p=9237","title":{"rendered":"Alberto Fern\u00e1ndez se reuni\u00f3 en forma virtual con legisladores porte\u00f1os del Frente de Todos"},"content":{"rendered":"\n<p><strong>Al  encuentro virtual que mantuvo el bloque parlamentario porte\u00f1o del Frente de Todos se sum\u00f3 el Presidente de la Naci\u00f3n qui\u00e9n llam\u00f3 a <strong>\u201c<\/strong>seguir trabajando juntos y unidos<strong>\u201d<\/strong><\/strong><\/p>\n\n\n\n<figure class=\"wp-block-image size-large\"><img loading=\"lazy\" decoding=\"async\" width=\"657\" height=\"438\" data-attachment-id=\"9241\" data-permalink=\"https:\/\/www.comuna13online.com.ar\/?attachment_id=9241\" data-orig-file=\"https:\/\/www.comuna13online.com.ar\/wp-content\/uploads\/2020\/04\/20200420c1.jpg\" data-orig-size=\"678,452\" data-comments-opened=\"0\" data-image-meta=\"{&quot;aperture&quot;:&quot;0&quot;,&quot;credit&quot;:&quot;&quot;,&quot;camera&quot;:&quot;&quot;,&quot;caption&quot;:&quot;&quot;,&quot;created_timestamp&quot;:&quot;0&quot;,&quot;copyright&quot;:&quot;&quot;,&quot;focal_length&quot;:&quot;0&quot;,&quot;iso&quot;:&quot;0&quot;,&quot;shutter_speed&quot;:&quot;0&quot;,&quot;title&quot;:&quot;&quot;,&quot;orientation&quot;:&quot;0&quot;}\" data-image-title=\"20200420c1\" data-image-description=\"\" data-image-caption=\"\" data-large-file=\"https:\/\/www.comuna13online.com.ar\/wp-content\/uploads\/2020\/04\/20200420c1-657x438.jpg\" src=\"http:\/\/www.comuna13online.com.ar\/wp-content\/uploads\/2020\/04\/20200420c1-657x438.jpg\" alt=\"\" class=\"wp-image-9241\" srcset=\"https:\/\/www.comuna13online.com.ar\/wp-content\/uploads\/2020\/04\/20200420c1-657x438.jpg 657w, https:\/\/www.comuna13online.com.ar\/wp-content\/uploads\/2020\/04\/20200420c1-272x182.jpg 272w, https:\/\/www.comuna13online.com.ar\/wp-content\/uploads\/2020\/04\/20200420c1.jpg 678w\" sizes=\"auto, (max-width: 657px) 100vw, 657px\" \/><figcaption><em><span class=\"has-inline-color has-very-dark-gray-color\">El Presidente Alberto Fern\u00e1ndez acompa\u00f1ado por el presidente del bloque porte\u00f1o del Frente de Todos, Claudio Ferre\u00f1o.<\/span><\/em><\/figcaption><\/figure>\n\n\n\n<p>Con la presencia del presidente de la Naci\u00f3n, Alberto Fern\u00e1ndez, los Legisladores porte\u00f1os del Frente de Todos llevaron adelante este jueves una reuni\u00f3n de bloque a trav\u00e9s de una plataforma virtual con el objetivo informar al primer mandatario acerca de los proyectos ya presentados y las iniciativas que presentar\u00e1n en forma digital durante los pr\u00f3ximos d\u00edas.<\/p>\n\n\n\n<p>Los integrantes del bloque Frente de Todos de la Ciudad le contaron a Fern\u00e1ndez c\u00f3mo vienen trabajando fuertemente en propuestas para atender la emergencia sanitaria por el Covid-19, adem\u00e1s de la emergencia social y econ\u00f3mica que afecta a los sectores m\u00e1s vulnerables del distrito.<\/p>\n\n\n\n<div align=\"center\">\n<blockquote class=\"twitter-tweet\"><p lang=\"es\" dir=\"ltr\">Los legisladores porte\u00f1os de <a href=\"https:\/\/twitter.com\/TodosCaba?ref_src=twsrc%5Etfw\">@TodosCaba<\/a> nos reunimos hoy en forma virtual con el presidente de la Naci\u00f3n, Alberto Fern\u00e1ndez. <a href=\"https:\/\/t.co\/JjuNofFL4x\">pic.twitter.com\/JjuNofFL4x<\/a><\/p>&mdash; Claudio Ferre\u00f1o (@claudioaferreno) <a href=\"https:\/\/twitter.com\/claudioaferreno\/status\/1250907560397303808?ref_src=twsrc%5Etfw\">April 16, 2020<\/a><\/blockquote> <script async src=\"https:\/\/platform.twitter.com\/widgets.js\" charset=\"utf-8\"><\/script>\n<\/div>\n\n\n\n<p>Al finalizar la reuni\u00f3n, el Presidente del bloque Claudio Ferre\u00f1o cont\u00f3 que el Presidente Alberto Fern\u00e1ndez <em>\u201cNos felicito por el trabajo que estamos haciendo ayudando a las familias m\u00e1s necesitadas y a los sectores que por la pandemia se encuentran en emergencia social y econ\u00f3mica en la Ciudad\u201d<\/em> y <em>\u201cNos inst\u00f3 a seguir trabajando juntos y unidos\u201d<\/em><\/p>\n\n\n\n<p>Por otro lado <em>pidi\u00f3 seguir \u201ccomprometidos y trabajando para brindar especial atenci\u00f3n a la emergencia social y econ\u00f3mica que afecta a los sectores m\u00e1s vulnerables del distrito\u201d.<\/em><\/p>\n\n\n\n<figure class=\"wp-block-image size-large is-resized\"><img loading=\"lazy\" decoding=\"async\" data-attachment-id=\"99\" data-permalink=\"https:\/\/www.comuna13online.com.ar\/?attachment_id=99\" data-orig-file=\"https:\/\/www.comuna13online.com.ar\/wp-content\/uploads\/2017\/12\/line.jpg\" data-orig-size=\"678,1\" data-comments-opened=\"0\" data-image-meta=\"{&quot;aperture&quot;:&quot;0&quot;,&quot;credit&quot;:&quot;&quot;,&quot;camera&quot;:&quot;&quot;,&quot;caption&quot;:&quot;&quot;,&quot;created_timestamp&quot;:&quot;0&quot;,&quot;copyright&quot;:&quot;&quot;,&quot;focal_length&quot;:&quot;0&quot;,&quot;iso&quot;:&quot;0&quot;,&quot;shutter_speed&quot;:&quot;0&quot;,&quot;title&quot;:&quot;&quot;,&quot;orientation&quot;:&quot;0&quot;}\" data-image-title=\"line\" data-image-description=\"\" data-image-caption=\"\" data-large-file=\"https:\/\/www.comuna13online.com.ar\/wp-content\/uploads\/2017\/12\/line.jpg\" src=\"http:\/\/www.comuna13online.com.ar\/wp-content\/uploads\/2017\/12\/line.jpg\" alt=\"\" class=\"wp-image-99\" width=\"678\" height=\"1\" srcset=\"https:\/\/www.comuna13online.com.ar\/wp-content\/uploads\/2017\/12\/line.jpg 678w, https:\/\/www.comuna13online.com.ar\/wp-content\/uploads\/2017\/12\/line-150x1.jpg 150w, https:\/\/www.comuna13online.com.ar\/wp-content\/uploads\/2017\/12\/line-326x1.jpg 326w, https:\/\/www.comuna13online.com.ar\/wp-content\/uploads\/2017\/12\/line-80x1.jpg 80w, https:\/\/www.comuna13online.com.ar\/wp-content\/uploads\/2017\/12\/line-272x1.jpg 272w\" sizes=\"auto, (max-width: 678px) 100vw, 678px\" \/><\/figure>\n\n\n\n<figure class=\"wp-block-image size-full\"><img loading=\"lazy\" decoding=\"async\" width=\"678\" height=\"180\" data-attachment-id=\"8918\" data-permalink=\"https:\/\/www.comuna13online.com.ar\/?attachment_id=8918\" data-orig-file=\"https:\/\/www.comuna13online.com.ar\/wp-content\/uploads\/2020\/04\/corona2.jpg\" data-orig-size=\"678,180\" data-comments-opened=\"0\" data-image-meta=\"{&quot;aperture&quot;:&quot;0&quot;,&quot;credit&quot;:&quot;&quot;,&quot;camera&quot;:&quot;&quot;,&quot;caption&quot;:&quot;&quot;,&quot;created_timestamp&quot;:&quot;0&quot;,&quot;copyright&quot;:&quot;&quot;,&quot;focal_length&quot;:&quot;0&quot;,&quot;iso&quot;:&quot;0&quot;,&quot;shutter_speed&quot;:&quot;0&quot;,&quot;title&quot;:&quot;&quot;,&quot;orientation&quot;:&quot;0&quot;}\" data-image-title=\"corona2\" data-image-description=\"\" data-image-caption=\"\" data-large-file=\"https:\/\/www.comuna13online.com.ar\/wp-content\/uploads\/2020\/04\/corona2.jpg\" src=\"http:\/\/www.comuna13online.com.ar\/wp-content\/uploads\/2020\/04\/corona2.jpg\" alt=\"\" class=\"wp-image-8918\"\/><\/figure>\n","protected":false},"excerpt":{"rendered":"<div class=\"mh-excerpt\">Al encuentro virtual que mantuvo el bloque parlamentario porte\u00f1o del Frente de Todos se sum\u00f3 el Presidente de la Naci\u00f3n qui\u00e9n llam\u00f3 a \u201cseguir trabajando juntos y unidos\u201d Con la <a class=\"mh-excerpt-more\" href=\"https:\/\/www.comuna13online.com.ar\/?p=9237\" title=\"Alberto Fern\u00e1ndez se reuni\u00f3 en forma virtual con legisladores porte\u00f1os del Frente de Todos\">[&#8230;]<\/a><\/div>\n","protected":false},"author":1,"featured_media":9240,"comment_status":"closed","ping_status":"closed","sticky":false,"template":"","format":"standard","meta":{"_uag_custom_page_level_css":"","_jetpack_memberships_contains_paid_content":false,"footnotes":"","jetpack_publicize_message":"","jetpack_publicize_feature_enabled":true,"jetpack_social_post_already_shared":true,"jetpack_social_options":{"image_generator_settings":{"template":"highway","default_image_id":0,"font":"","enabled":false},"version":2}},"categories":[21],"tags":[250,7],"class_list":{"0":"post-9237","1":"post","2":"type-post","3":"status-publish","4":"format-standard","5":"has-post-thumbnail","7":"category-legislatura","8":"tag-h2","9":"tag-legislatura"},"jetpack_publicize_connections":[],"jetpack_featured_media_url":"https:\/\/www.comuna13online.com.ar\/wp-content\/uploads\/2020\/04\/20200420c.jpg","uagb_featured_image_src":{"full":["https:\/\/www.comuna13online.com.ar\/wp-content\/uploads\/2020\/04\/20200420c.jpg",678,452,false],"thumbnail":["https:\/\/www.comuna13online.com.ar\/wp-content\/uploads\/2020\/04\/20200420c-150x150.jpg",96,96,true],"medium":["https:\/\/www.comuna13online.com.ar\/wp-content\/uploads\/2020\/04\/20200420c.jpg",678,452,false],"medium_large":["https:\/\/www.comuna13online.com.ar\/wp-content\/uploads\/2020\/04\/20200420c.jpg",678,452,false],"large":["https:\/\/www.comuna13online.com.ar\/wp-content\/uploads\/2020\/04\/20200420c-657x438.jpg",657,438,true],"1536x1536":["https:\/\/www.comuna13online.com.ar\/wp-content\/uploads\/2020\/04\/20200420c.jpg",678,452,false],"2048x2048":["https:\/\/www.comuna13online.com.ar\/wp-content\/uploads\/2020\/04\/20200420c.jpg",678,452,false],"mh-magazine-slider":["https:\/\/www.comuna13online.com.ar\/wp-content\/uploads\/2020\/04\/20200420c-678x438.jpg",678,438,true],"mh-magazine-content":["https:\/\/www.comuna13online.com.ar\/wp-content\/uploads\/2020\/04\/20200420c-678x381.jpg",678,381,true],"mh-magazine-large":["https:\/\/www.comuna13online.com.ar\/wp-content\/uploads\/2020\/04\/20200420c.jpg",678,452,false],"mh-magazine-medium":["https:\/\/www.comuna13online.com.ar\/wp-content\/uploads\/2020\/04\/20200420c-326x245.jpg",326,245,true],"mh-magazine-small":["https:\/\/www.comuna13online.com.ar\/wp-content\/uploads\/2020\/04\/20200420c-80x60.jpg",80,60,true],"sow-carousel-default":["https:\/\/www.comuna13online.com.ar\/wp-content\/uploads\/2020\/04\/20200420c-272x182.jpg",272,182,true]},"uagb_author_info":{"display_name":"Comuna13","author_link":"https:\/\/www.comuna13online.com.ar\/?author=1"},"uagb_comment_info":0,"uagb_excerpt":"Al encuentro virtual que mantuvo el bloque parlamentario porte\u00f1o del Frente de Todos se sum\u00f3 el Presidente de la Naci\u00f3n qui\u00e9n llam\u00f3 a \u201cseguir trabajando juntos y unidos\u201d Con la [...]","jetpack_sharing_enabled":true,"_links":{"self":[{"href":"https:\/\/www.comuna13online.com.ar\/index.php?rest_route=\/wp\/v2\/posts\/9237","targetHints":{"allow":["GET"]}}],"collection":[{"href":"https:\/\/www.comuna13online.com.ar\/index.php?rest_route=\/wp\/v2\/posts"}],"about":[{"href":"https:\/\/www.comuna13online.com.ar\/index.php?rest_route=\/wp\/v2\/types\/post"}],"author":[{"embeddable":true,"href":"https:\/\/www.comuna13online.com.ar\/index.php?rest_route=\/wp\/v2\/users\/1"}],"replies":[{"embeddable":true,"href":"https:\/\/www.comuna13online.com.ar\/index.php?rest_route=%2Fwp%2Fv2%2Fcomments&post=9237"}],"version-history":[{"count":0,"href":"https:\/\/www.comuna13online.com.ar\/index.php?rest_route=\/wp\/v2\/posts\/9237\/revisions"}],"wp:featuredmedia":[{"embeddable":true,"href":"https:\/\/www.comuna13online.com.ar\/index.php?rest_route=\/wp\/v2\/media\/9240"}],"wp:attachment":[{"href":"https:\/\/www.comuna13online.com.ar\/index.php?rest_route=%2Fwp%2Fv2%2Fmedia&parent=9237"}],"wp:term":[{"taxonomy":"category","embeddable":true,"href":"https:\/\/www.comuna13online.com.ar\/index.php?rest_route=%2Fwp%2Fv2%2Fcategories&post=9237"},{"taxonomy":"post_tag","embeddable":true,"href":"https:\/\/www.comuna13online.com.ar\/index.php?rest_route=%2Fwp%2Fv2%2Ftags&post=9237"}],"curies":[{"name":"wp","href":"https:\/\/api.w.org\/{rel}","templated":true}]}}