{"id":9227,"date":"2020-04-20T12:10:30","date_gmt":"2020-04-20T15:10:30","guid":{"rendered":"http:\/\/www.comuna13online.com.ar\/?p=9227"},"modified":"2020-04-20T16:47:24","modified_gmt":"2020-04-20T19:47:24","slug":"comienzo-a-regir-la-restriccion-de-circulacion-para-los-mayores-de-70-anos","status":"publish","type":"post","link":"https:\/\/www.comuna13online.com.ar\/?p=9227","title":{"rendered":"Comienz\u00f3 a regir la restricci\u00f3n de circulaci\u00f3n para los mayores de 70 a\u00f1os"},"content":{"rendered":"\n<p><strong>El Jefe de Gobierno brind\u00f3 una conferencia de prensa donde detall\u00f3 las medidas para proteger a los adultos mayores de 70 a\u00f1os del coronavirus, todos deber\u00e1n llamar al 147.<\/strong><\/p>\n\n\n\n<iframe loading=\"lazy\" width=\"678\" height=\"381\" src=\"https:\/\/www.youtube.com\/embed\/EQ9N9IEHUCg\" frameborder=\"0\" allow=\"accelerometer; autoplay; encrypted-media; gyroscope; picture-in-picture\" allowfullscreen=\"\"><\/iframe>\n\n\n\n<p>Tras la pol\u00e9mica que gener\u00f3 el gobierno porte\u00f1o por los permisos de circulaci\u00f3n para personas mayores de 70 a\u00f1os, Rodr\u00edguez Larreta, junto a Diego Santilli y el Ministro de Salud Fern\u00e1n Quir\u00f3s explicaron del&nbsp;Plan de Cuidado y Acompa\u00f1amiento para los Adultos Mayores durante la pandemia.<\/p>\n\n\n\n<p>Rodr\u00edguez Larreta indic\u00f3 <em>\u201clos datos son contundentes: en Europa 8 de 10 fallecidos por el coronavirus son mayores de 70 a\u00f1os\u201d<\/em> y detall\u00f3 que <em>\u201cen Argentina la edad promedio de los fallecidos es de 71 a\u00f1os\u201d<\/em>.<\/p>\n\n\n\n<p><em>\u201cOtro dato que es incontrastable es que hay m\u00e1s circulaci\u00f3n en la calle y es predecible que eso se incremente a\u00fan m\u00e1s, dados los sectores que fueron sacados de la restricci\u00f3n. Con lo cual, m\u00e1s gente en la calle significa mayor riesgo de contagio, \u00bfy qui\u00e9n tiene m\u00e1s riesgo de vida cuando se contagian? Los mayores de 70\u201d<\/em>, se\u00f1al\u00f3 el Jefe de Gobierno.<\/p>\n\n\n\n<div class=\"uagb-testomonial__outer-wrap uagb-slick-carousel uagb-tm__arrow-outside uagb-block-e18b44d9-e6e7-44f9-8ae7-1c8d548674a7\"><div class=\"is-carousel uagb-tm__columns-1 uagb-tm__items\"><div class=\"uagb-testimonial__wrap  uagb-tm__imgicon-style-circle uagb-tm__image-position-bottom uagb-tm__bg-type-color \"><div class=\"uagb-tm__content\"><div class=\"uagb-tm__overlay\"><\/div><div class=\"uagb-tm__text-wrap\"><div class=\"uagb-testinomial-text-wrap\"><div class=\"uagb-tm__desc\"><strong>\u201ctodas las decisiones que tomamos tienen un solo criterio, que es cuidar la vida de los vecinos de la Ciudad de Buenos Aires. Estamos convencidos que si logramos darles una alternativa, estamos cuidando sus vidas\u201d<\/strong>.<\/div><\/div><div class=\"uagb-tm__meta\"><div class=\"uagb-tm__meta-inner\"><div class=\"uagb-tm__image-content\"><div class=\"uagb-tm__image\"><img decoding=\"async\" class=\"\" src=\"http:\/\/www.comuna13online.com.ar\/wp-content\/uploads\/2020\/04\/ico_larreta-150x150.jpg\" alt=\"\"\/><\/div><\/div><div class=\"uagb-testimonial-details\"><span class=\"uagb-tm__author-name\">Rodriguez Larreta<\/span><span class=\"uagb-tm__company\"><\/span><\/div><\/div><\/div><\/div><\/div><\/div><\/div><\/div>\n\n\n\n<p>En la resoluci\u00f3n se detalla que <strong>\u201ca\u00a0los efectos de garantizar el conocimiento de todas las alternativaspuestas a disposici\u00f3n por parte de la Ciudad, para evitar que las personas de setenta(70) o m\u00e1s a\u00f1os salgan innecesariamente de su domicilio o lugar en el que seencuentren cumpliendo el\u00a0\u00abaislamiento social,\u00a0preventivo y obligatorio\u00bb dispuesto por elDecreto de Necesidad y Urgencia N\u00b0 297\/PEN\/20, establ\u00e9cese la necesidad decomunicarse previamente con el servicio de atenci\u00f3n ciudadana al n\u00famero 147\u201d<\/strong><\/p>\n\n\n\n<p>El objetivo del aviso al 147 para las personas mayores de 70 a\u00f1os es brindar asistencia e informaci\u00f3n a quienes lo necesiten, a fin de evitar situaciones que los expongan al riesgo de contagio de coronavirus y afectaci\u00f3n del sistema de salud. El permiso tendr\u00e1 una validez de 48 horas en lugar de 24 como se mencion\u00f3 el pasado viernes.<\/p>\n\n\n\n<p>Tambi\u00e9n se busca concientizar sobre de los riesgos de contagio en esta franja etaria, escuchar a las personas, identificar las necesidades que se planteen y dar la orientaci\u00f3n, o posterior derivaci\u00f3n y resoluci\u00f3n de esas necesidades.<\/p>\n\n\n\n<p>Cabe destacar que quienes incumplan la medida no ser\u00e1n sancionados.<\/p>\n\n\n\n<p class=\"has-text-align-justify has-background\" style=\"background-color:#f6e1a7\"><strong>Quedan exceptuados de tramitar el permiso:<\/strong><\/p>\n\n\n\n<p class=\"has-very-light-gray-background-color has-background\"><strong>1. <\/strong>Personal de Salud, Fuerzas de Seguridad, Fuerzas Armadas, actividad migratoria, servicio meteorol\u00f3gico nacional, bomberos y control de tr\u00e1fico a\u00e9reo. <br><br><strong>2.<\/strong> Autoridades superiores de los gobiernos nacional, provinciales, municipales y de la Ciudad Aut\u00f3noma de Buenos Aires.<br><br><strong>3.<\/strong> Personal diplom\u00e1tico y consular extranjero acreditado ante el gobierno argentino, en el marco de la Convenci\u00f3n de Viena sobre Relaciones Diplom\u00e1ticas y la Convenci\u00f3n de Viena de 1963 sobre Relaciones Consulares y al personal de los organismos internacionales acreditados ante el gobierno argentino, de la Cruz Roja y Cascos Blancos.<br><br><strong>4.<\/strong> Personal que se desempe\u00f1a en los servicios de comunicaci\u00f3n audiovisuales, radiales y gr\u00e1ficos.<br><br><strong>5.<\/strong> Los titulares de las actividades y servicios declarados esenciales por el Decreto de Necesidad y Urgencia N\u00b0 297\/PEN\/20 y las autorizadas por las Decisiones Administrativas N\u00b0 429\/20, 450\/20, 467\/20, 468\/20 y 490, as\u00ed como las que en el futuro se establezcan.<br><br><strong>6.<\/strong> Las personas que deban recibir las vacunas seg\u00fan el calendario establecido y\/o para realizar tratamientos m\u00e9dicos programados.<br><br><strong>7.<\/strong> Las personas que deban cobrar su sueldo o jubilaci\u00f3n en el d\u00eda que corresponda conforme el calendario de pago establecido.<\/p>\n\n\n\n<p>El titular de la cartera de Salud de la Ciudad, Fern\u00e1n Quir\u00f3s, explic\u00f3 <em>\u201cesta pol\u00edtica p\u00fablica intenta abordar la problem\u00e1tica de las personas de m\u00e1s riesgo, entendiendo que son personas que tienen m\u00faltiples dimensiones esenciales: la dimensi\u00f3n psicol\u00f3gica, la dimensi\u00f3n afectiva emocional, la cultural y recreativa, la social y vincular, y la de las tareas cotidianas\u201d<\/em>.<\/p>\n\n\n\n<figure class=\"wp-block-image size-large is-resized\"><img loading=\"lazy\" decoding=\"async\" data-attachment-id=\"99\" data-permalink=\"https:\/\/www.comuna13online.com.ar\/?attachment_id=99\" data-orig-file=\"https:\/\/www.comuna13online.com.ar\/wp-content\/uploads\/2017\/12\/line.jpg\" data-orig-size=\"678,1\" data-comments-opened=\"0\" data-image-meta=\"{&quot;aperture&quot;:&quot;0&quot;,&quot;credit&quot;:&quot;&quot;,&quot;camera&quot;:&quot;&quot;,&quot;caption&quot;:&quot;&quot;,&quot;created_timestamp&quot;:&quot;0&quot;,&quot;copyright&quot;:&quot;&quot;,&quot;focal_length&quot;:&quot;0&quot;,&quot;iso&quot;:&quot;0&quot;,&quot;shutter_speed&quot;:&quot;0&quot;,&quot;title&quot;:&quot;&quot;,&quot;orientation&quot;:&quot;0&quot;}\" data-image-title=\"line\" data-image-description=\"\" data-image-caption=\"\" data-large-file=\"https:\/\/www.comuna13online.com.ar\/wp-content\/uploads\/2017\/12\/line.jpg\" src=\"http:\/\/www.comuna13online.com.ar\/wp-content\/uploads\/2017\/12\/line.jpg\" alt=\"\" class=\"wp-image-99\" width=\"678\" height=\"1\" srcset=\"https:\/\/www.comuna13online.com.ar\/wp-content\/uploads\/2017\/12\/line.jpg 678w, https:\/\/www.comuna13online.com.ar\/wp-content\/uploads\/2017\/12\/line-150x1.jpg 150w, https:\/\/www.comuna13online.com.ar\/wp-content\/uploads\/2017\/12\/line-326x1.jpg 326w, https:\/\/www.comuna13online.com.ar\/wp-content\/uploads\/2017\/12\/line-80x1.jpg 80w, https:\/\/www.comuna13online.com.ar\/wp-content\/uploads\/2017\/12\/line-272x1.jpg 272w\" sizes=\"auto, (max-width: 678px) 100vw, 678px\" \/><\/figure>\n\n\n\n<figure class=\"wp-block-image size-full\"><img loading=\"lazy\" decoding=\"async\" width=\"678\" height=\"180\" data-attachment-id=\"8918\" data-permalink=\"https:\/\/www.comuna13online.com.ar\/?attachment_id=8918\" data-orig-file=\"https:\/\/www.comuna13online.com.ar\/wp-content\/uploads\/2020\/04\/corona2.jpg\" data-orig-size=\"678,180\" data-comments-opened=\"0\" data-image-meta=\"{&quot;aperture&quot;:&quot;0&quot;,&quot;credit&quot;:&quot;&quot;,&quot;camera&quot;:&quot;&quot;,&quot;caption&quot;:&quot;&quot;,&quot;created_timestamp&quot;:&quot;0&quot;,&quot;copyright&quot;:&quot;&quot;,&quot;focal_length&quot;:&quot;0&quot;,&quot;iso&quot;:&quot;0&quot;,&quot;shutter_speed&quot;:&quot;0&quot;,&quot;title&quot;:&quot;&quot;,&quot;orientation&quot;:&quot;0&quot;}\" data-image-title=\"corona2\" data-image-description=\"\" data-image-caption=\"\" data-large-file=\"https:\/\/www.comuna13online.com.ar\/wp-content\/uploads\/2020\/04\/corona2.jpg\" src=\"http:\/\/www.comuna13online.com.ar\/wp-content\/uploads\/2020\/04\/corona2.jpg\" alt=\"\" class=\"wp-image-8918\"\/><\/figure>\n\n\n\n<div class=\"wp-block-pdf-viewer-block-standard\" style=\"text-align:left\"><div class=\"uploaded-pdf\"><a href=\"http:\/\/www.comuna13online.com.ar\/wp-content\/uploads\/2020\/04\/457321286-457318091-Aviso-Para-Circular-Para-Mayores-de-70-Anos.pdf\" data-width=\"\" data-height=\"\"><\/a><\/div><\/div>\n","protected":false},"excerpt":{"rendered":"<div class=\"mh-excerpt\">El Jefe de Gobierno brind\u00f3 una conferencia de prensa donde detall\u00f3 las medidas para proteger a los adultos mayores de 70 a\u00f1os del coronavirus, todos deber\u00e1n llamar al 147. Tras <a class=\"mh-excerpt-more\" href=\"https:\/\/www.comuna13online.com.ar\/?p=9227\" title=\"Comienz\u00f3 a regir la restricci\u00f3n de circulaci\u00f3n para los mayores de 70 a\u00f1os\">[&#8230;]<\/a><\/div>\n","protected":false},"author":1,"featured_media":9234,"comment_status":"closed","ping_status":"closed","sticky":false,"template":"","format":"standard","meta":{"_uag_custom_page_level_css":"","_jetpack_memberships_contains_paid_content":false,"footnotes":"","jetpack_publicize_message":"","jetpack_publicize_feature_enabled":true,"jetpack_social_post_already_shared":true,"jetpack_social_options":{"image_generator_settings":{"template":"highway","default_image_id":0,"font":"","enabled":false},"version":2}},"categories":[159],"tags":[160,246,250],"class_list":{"0":"post-9227","1":"post","2":"type-post","3":"status-publish","4":"format-standard","5":"has-post-thumbnail","7":"category-adultos-mayores","8":"tag-adultos-mayores","9":"tag-h1","10":"tag-h2"},"jetpack_publicize_connections":[],"jetpack_featured_media_url":"https:\/\/www.comuna13online.com.ar\/wp-content\/uploads\/2020\/04\/20200420a.jpg","uagb_featured_image_src":{"full":["https:\/\/www.comuna13online.com.ar\/wp-content\/uploads\/2020\/04\/20200420a.jpg",1030,438,false],"thumbnail":["https:\/\/www.comuna13online.com.ar\/wp-content\/uploads\/2020\/04\/20200420a-150x150.jpg",96,96,true],"medium":["https:\/\/www.comuna13online.com.ar\/wp-content\/uploads\/2020\/04\/20200420a-678x288.jpg",678,288,true],"medium_large":["https:\/\/www.comuna13online.com.ar\/wp-content\/uploads\/2020\/04\/20200420a-768x327.jpg",768,327,true],"large":["https:\/\/www.comuna13online.com.ar\/wp-content\/uploads\/2020\/04\/20200420a.jpg",1030,438,false],"1536x1536":["https:\/\/www.comuna13online.com.ar\/wp-content\/uploads\/2020\/04\/20200420a.jpg",1030,438,false],"2048x2048":["https:\/\/www.comuna13online.com.ar\/wp-content\/uploads\/2020\/04\/20200420a.jpg",1030,438,false],"mh-magazine-slider":["https:\/\/www.comuna13online.com.ar\/wp-content\/uploads\/2020\/04\/20200420a.jpg",1030,438,false],"mh-magazine-content":["https:\/\/www.comuna13online.com.ar\/wp-content\/uploads\/2020\/04\/20200420a-678x381.jpg",678,381,true],"mh-magazine-large":["https:\/\/www.comuna13online.com.ar\/wp-content\/uploads\/2020\/04\/20200420a-678x438.jpg",678,438,true],"mh-magazine-medium":["https:\/\/www.comuna13online.com.ar\/wp-content\/uploads\/2020\/04\/20200420a-326x245.jpg",326,245,true],"mh-magazine-small":["https:\/\/www.comuna13online.com.ar\/wp-content\/uploads\/2020\/04\/20200420a-80x60.jpg",80,60,true],"sow-carousel-default":["https:\/\/www.comuna13online.com.ar\/wp-content\/uploads\/2020\/04\/20200420a-272x182.jpg",272,182,true]},"uagb_author_info":{"display_name":"Comuna13","author_link":"https:\/\/www.comuna13online.com.ar\/?author=1"},"uagb_comment_info":0,"uagb_excerpt":"El Jefe de Gobierno brind\u00f3 una conferencia de prensa donde detall\u00f3 las medidas para proteger a los adultos mayores de 70 a\u00f1os del coronavirus, todos deber\u00e1n llamar al 147. Tras [...]","jetpack_sharing_enabled":true,"_links":{"self":[{"href":"https:\/\/www.comuna13online.com.ar\/index.php?rest_route=\/wp\/v2\/posts\/9227","targetHints":{"allow":["GET"]}}],"collection":[{"href":"https:\/\/www.comuna13online.com.ar\/index.php?rest_route=\/wp\/v2\/posts"}],"about":[{"href":"https:\/\/www.comuna13online.com.ar\/index.php?rest_route=\/wp\/v2\/types\/post"}],"author":[{"embeddable":true,"href":"https:\/\/www.comuna13online.com.ar\/index.php?rest_route=\/wp\/v2\/users\/1"}],"replies":[{"embeddable":true,"href":"https:\/\/www.comuna13online.com.ar\/index.php?rest_route=%2Fwp%2Fv2%2Fcomments&post=9227"}],"version-history":[{"count":0,"href":"https:\/\/www.comuna13online.com.ar\/index.php?rest_route=\/wp\/v2\/posts\/9227\/revisions"}],"wp:featuredmedia":[{"embeddable":true,"href":"https:\/\/www.comuna13online.com.ar\/index.php?rest_route=\/wp\/v2\/media\/9234"}],"wp:attachment":[{"href":"https:\/\/www.comuna13online.com.ar\/index.php?rest_route=%2Fwp%2Fv2%2Fmedia&parent=9227"}],"wp:term":[{"taxonomy":"category","embeddable":true,"href":"https:\/\/www.comuna13online.com.ar\/index.php?rest_route=%2Fwp%2Fv2%2Fcategories&post=9227"},{"taxonomy":"post_tag","embeddable":true,"href":"https:\/\/www.comuna13online.com.ar\/index.php?rest_route=%2Fwp%2Fv2%2Ftags&post=9227"}],"curies":[{"name":"wp","href":"https:\/\/api.w.org\/{rel}","templated":true}]}}