{"id":9218,"date":"2020-04-17T12:58:48","date_gmt":"2020-04-17T15:58:48","guid":{"rendered":"http:\/\/www.comuna13online.com.ar\/?p=9218"},"modified":"2020-04-17T12:58:50","modified_gmt":"2020-04-17T15:58:50","slug":"mayores-de-70-anos-deberan-solicitar-un-permiso-para-circular-en-la-ciudad","status":"publish","type":"post","link":"https:\/\/www.comuna13online.com.ar\/?p=9218","title":{"rendered":"Mayores de 70 a\u00f1os deber\u00e1n solicitar un permiso para circular en la Ciudad"},"content":{"rendered":"\n<p><strong>El permiso ser\u00e1 obligatorio, ya sea para las compras de alimentos, farmacias o sacar a la mascota. Regir\u00e1 desde el lunes 20 y se gestionar\u00e1 por el 147. <\/strong><\/p>\n\n\n\n<figure class=\"wp-block-image size-large\"><img loading=\"lazy\" decoding=\"async\" width=\"678\" height=\"339\" data-attachment-id=\"9221\" data-permalink=\"https:\/\/www.comuna13online.com.ar\/?attachment_id=9221\" data-orig-file=\"https:\/\/www.comuna13online.com.ar\/wp-content\/uploads\/2020\/04\/20200417a1.jpg\" data-orig-size=\"678,339\" data-comments-opened=\"0\" data-image-meta=\"{&quot;aperture&quot;:&quot;0&quot;,&quot;credit&quot;:&quot;&quot;,&quot;camera&quot;:&quot;&quot;,&quot;caption&quot;:&quot;&quot;,&quot;created_timestamp&quot;:&quot;0&quot;,&quot;copyright&quot;:&quot;&quot;,&quot;focal_length&quot;:&quot;0&quot;,&quot;iso&quot;:&quot;0&quot;,&quot;shutter_speed&quot;:&quot;0&quot;,&quot;title&quot;:&quot;&quot;,&quot;orientation&quot;:&quot;0&quot;}\" data-image-title=\"20200417a1\" data-image-description=\"\" data-image-caption=\"\" data-large-file=\"https:\/\/www.comuna13online.com.ar\/wp-content\/uploads\/2020\/04\/20200417a1.jpg\" src=\"http:\/\/www.comuna13online.com.ar\/wp-content\/uploads\/2020\/04\/20200417a1.jpg\" alt=\"\" class=\"wp-image-9221\"\/><\/figure>\n\n\n\n<p>El Gobierno de la Ciudad implementar\u00e1 a partir del pr\u00f3ximo lunes una pol\u00e9mica medida que obliga a los adultos mayores de 70 a\u00f1os a tramitar un permiso para poder transitar por la v\u00eda p\u00fablica, estar\u00e1n exceptuados aquellos que salgan para vacunarse, recibir tratamientos m\u00e9dicos o cobrar la jubilaci\u00f3n.<\/p>\n\n\n\n<p>En la Capital Federal viven 650.000 adultos mayores de 65 a\u00f1os y 490.000 superan los 70 a\u00f1os y representa el 70% de la poblaci\u00f3n de la Ciudad. El objetivo de la medida es reducir los contagios en la poblaci\u00f3n de mayor riesgo de muerte tiene por coronavirus.<\/p>\n\n\n\n<p>Seg\u00fan el Decreto de Necesidad y Urgencia (DNU) y una resoluci\u00f3n que lleva la firma conjunta de sus ministros, el permiso de circulaci\u00f3n tendr\u00e1 validez solo por el d\u00eda\u00a0y debe solicitarse a trav\u00e9s de la l\u00ednea de atenci\u00f3n telef\u00f3nica 147.\u00a0<\/p>\n\n\n\n<p>Los ancianos que deban salir para comprar alimentos, medicamentos o cualquier otros art\u00edculo de primera necesidad, tendr\u00e1n que tramitar el permiso y ser\u00e1 otorgado luego de una charla donde se intentar\u00e1 desalentar la salida.<\/p>\n\n\n\n<p>Si bien los incumplidores no ser\u00e1n sancionados con multas econ\u00f3micas, quienes sean encontrados infringiendo la norma\u00a0podr\u00edan ser castigados con trabajo comunitario.\u00a0<\/p>\n\n\n\n<p>La normativa actual prev\u00e9 excepciones a familiares, personas a cargo o encargados de edificios para asistir a los adultos mayores en lo que necesiten.<\/p>\n\n\n\n<p>por otro lado, el Gobierno de la Ciudad cuenta con el programa\u00a0<strong>\u00abCuidados Mayores\u00bb<\/strong>, que cuenta con m\u00e1s de 25.000 voluntarios para atender a los adultos mayores y al que solo se anotaron 6000 adultos, apenas 1% de la poblaci\u00f3n aludida.<\/p>\n\n\n\n<div align=\"center\">\n<blockquote class=\"twitter-tweet\"><p lang=\"es\" dir=\"ltr\"><a href=\"https:\/\/twitter.com\/hashtag\/CuidadosMayores?src=hash&amp;ref_src=twsrc%5Etfw\">#CuidadosMayores<\/a> <br>Ayudanos a cuidar a nuestros adultos mayores, hoy nos necesitan m\u00e1s que nunca. <br><br>Inscribite en <a href=\"https:\/\/t.co\/BRZC069kDQ\">https:\/\/t.co\/BRZC069kDQ<\/a> <a href=\"https:\/\/twitter.com\/hashtag\/CuidarteEsCuidarnos?src=hash&amp;ref_src=twsrc%5Etfw\">#CuidarteEsCuidarnos<\/a> <a href=\"https:\/\/t.co\/1yVFRryT1Z\">pic.twitter.com\/1yVFRryT1Z<\/a><\/p>&mdash; GugaSuarezBA (@GugaSuarezBA) <a href=\"https:\/\/twitter.com\/GugaSuarezBA\/status\/1241742138754453507?ref_src=twsrc%5Etfw\">March 22, 2020<\/a><\/blockquote> <script async src=\"https:\/\/platform.twitter.com\/widgets.js\" charset=\"utf-8\"><\/script>\n<\/div>\n\n\n\n<p>Con esta medida,\u00a0el Gobierno de la Ciudad busca desalentar la circulaci\u00f3n de adultos mayores dado que la tasa de mortalidad frente al coronavirus es significativamente superior\u00a0que en otras franjas etarias.\u00a0Ocho de cada diez muertos en la Ciudad por coronavirus son mayores de 70 a\u00f1os.<\/p>\n\n\n\n<p><\/p>\n\n\n\n<h4 class=\"wp-block-heading\">C\u00f3mo obtener el permiso<\/h4>\n\n\n\n<ol class=\"wp-block-list\"><li>El tr\u00e1mite es telef\u00f3nico, llamando al 147.<\/li><li>El operador buscar\u00e1 concientizar sobre el riesgo de contagio inform\u00e1ndole al adulto las estad\u00edsticas sobre el coronavirus para su grupo etario, y qu\u00e9 alternativas tiene para cubrir la necesidad por la que busca salir. Tambi\u00e9n sugerir\u00e1 acudir a la red de apoyo oficial.<\/li><li>Si a\u00fan as\u00ed es necesario el Permiso, se le pedir\u00e1 el DNI y se le dar\u00e1 un c\u00f3digo de tr\u00e1mite. El plazo de uso del permiso es solo para el d\u00eda en que fue otorgado. Puede ramitarse desde el d\u00eda anterior.<\/li><li>\u00a0En la calle el control tecnol\u00f3gico lo har\u00e1n agentes a trav\u00e9s de celulares con el DNI del adulto, \u00fanico documento requerido.<\/li><li>No habr\u00e1 multas.\u00a0Si el adulto no tiene el permiso se le va a pedir que vuelva a su\u00a0 casa y se le recordar\u00e1n los riesgos de salir a la calle, pero si reincide deber\u00e1 hacer trabajo comunitario.<\/li><li>No hace falta permiso para ir a vacunarse, cobrar la jubilaci\u00f3n, o acudir a la atenci\u00f3n m\u00e9dica.<\/li><li>No hay l\u00edmite en cantidad de Permisos ni por persona ni por mes.<\/li><\/ol>\n\n\n\n<figure class=\"wp-block-image size-large is-resized\"><img loading=\"lazy\" decoding=\"async\" data-attachment-id=\"99\" data-permalink=\"https:\/\/www.comuna13online.com.ar\/?attachment_id=99\" data-orig-file=\"https:\/\/www.comuna13online.com.ar\/wp-content\/uploads\/2017\/12\/line.jpg\" data-orig-size=\"678,1\" data-comments-opened=\"0\" data-image-meta=\"{&quot;aperture&quot;:&quot;0&quot;,&quot;credit&quot;:&quot;&quot;,&quot;camera&quot;:&quot;&quot;,&quot;caption&quot;:&quot;&quot;,&quot;created_timestamp&quot;:&quot;0&quot;,&quot;copyright&quot;:&quot;&quot;,&quot;focal_length&quot;:&quot;0&quot;,&quot;iso&quot;:&quot;0&quot;,&quot;shutter_speed&quot;:&quot;0&quot;,&quot;title&quot;:&quot;&quot;,&quot;orientation&quot;:&quot;0&quot;}\" data-image-title=\"line\" data-image-description=\"\" data-image-caption=\"\" data-large-file=\"https:\/\/www.comuna13online.com.ar\/wp-content\/uploads\/2017\/12\/line.jpg\" src=\"http:\/\/www.comuna13online.com.ar\/wp-content\/uploads\/2017\/12\/line.jpg\" alt=\"\" class=\"wp-image-99\" width=\"678\" height=\"1\" srcset=\"https:\/\/www.comuna13online.com.ar\/wp-content\/uploads\/2017\/12\/line.jpg 678w, https:\/\/www.comuna13online.com.ar\/wp-content\/uploads\/2017\/12\/line-150x1.jpg 150w, https:\/\/www.comuna13online.com.ar\/wp-content\/uploads\/2017\/12\/line-326x1.jpg 326w, https:\/\/www.comuna13online.com.ar\/wp-content\/uploads\/2017\/12\/line-80x1.jpg 80w, https:\/\/www.comuna13online.com.ar\/wp-content\/uploads\/2017\/12\/line-272x1.jpg 272w\" sizes=\"auto, (max-width: 678px) 100vw, 678px\" \/><\/figure>\n\n\n\n<figure class=\"wp-block-image size-full\"><img loading=\"lazy\" decoding=\"async\" width=\"678\" height=\"180\" data-attachment-id=\"8918\" data-permalink=\"https:\/\/www.comuna13online.com.ar\/?attachment_id=8918\" data-orig-file=\"https:\/\/www.comuna13online.com.ar\/wp-content\/uploads\/2020\/04\/corona2.jpg\" data-orig-size=\"678,180\" data-comments-opened=\"0\" data-image-meta=\"{&quot;aperture&quot;:&quot;0&quot;,&quot;credit&quot;:&quot;&quot;,&quot;camera&quot;:&quot;&quot;,&quot;caption&quot;:&quot;&quot;,&quot;created_timestamp&quot;:&quot;0&quot;,&quot;copyright&quot;:&quot;&quot;,&quot;focal_length&quot;:&quot;0&quot;,&quot;iso&quot;:&quot;0&quot;,&quot;shutter_speed&quot;:&quot;0&quot;,&quot;title&quot;:&quot;&quot;,&quot;orientation&quot;:&quot;0&quot;}\" data-image-title=\"corona2\" data-image-description=\"\" data-image-caption=\"\" data-large-file=\"https:\/\/www.comuna13online.com.ar\/wp-content\/uploads\/2020\/04\/corona2.jpg\" src=\"http:\/\/www.comuna13online.com.ar\/wp-content\/uploads\/2020\/04\/corona2.jpg\" alt=\"\" class=\"wp-image-8918\"\/><\/figure>\n","protected":false},"excerpt":{"rendered":"<div class=\"mh-excerpt\">El permiso ser\u00e1 obligatorio, ya sea para las compras de alimentos, farmacias o sacar a la mascota. Regir\u00e1 desde el lunes 20 y se gestionar\u00e1 por el 147. El Gobierno <a class=\"mh-excerpt-more\" href=\"https:\/\/www.comuna13online.com.ar\/?p=9218\" title=\"Mayores de 70 a\u00f1os deber\u00e1n solicitar un permiso para circular en la Ciudad\">[&#8230;]<\/a><\/div>\n","protected":false},"author":1,"featured_media":9220,"comment_status":"closed","ping_status":"closed","sticky":false,"template":"","format":"standard","meta":{"_uag_custom_page_level_css":"","_jetpack_memberships_contains_paid_content":false,"footnotes":"","jetpack_publicize_message":"","jetpack_publicize_feature_enabled":true,"jetpack_social_post_already_shared":true,"jetpack_social_options":{"image_generator_settings":{"template":"highway","default_image_id":0,"font":"","enabled":false},"version":2}},"categories":[159],"tags":[160,271,246,250],"class_list":{"0":"post-9218","1":"post","2":"type-post","3":"status-publish","4":"format-standard","5":"has-post-thumbnail","7":"category-adultos-mayores","8":"tag-adultos-mayores","9":"tag-coronavirus","10":"tag-h1","11":"tag-h2"},"jetpack_publicize_connections":[],"jetpack_featured_media_url":"https:\/\/www.comuna13online.com.ar\/wp-content\/uploads\/2020\/04\/20200417a.jpg","uagb_featured_image_src":{"full":["https:\/\/www.comuna13online.com.ar\/wp-content\/uploads\/2020\/04\/20200417a.jpg",1030,438,false],"thumbnail":["https:\/\/www.comuna13online.com.ar\/wp-content\/uploads\/2020\/04\/20200417a-150x150.jpg",96,96,true],"medium":["https:\/\/www.comuna13online.com.ar\/wp-content\/uploads\/2020\/04\/20200417a-678x288.jpg",678,288,true],"medium_large":["https:\/\/www.comuna13online.com.ar\/wp-content\/uploads\/2020\/04\/20200417a-768x327.jpg",768,327,true],"large":["https:\/\/www.comuna13online.com.ar\/wp-content\/uploads\/2020\/04\/20200417a.jpg",1030,438,false],"1536x1536":["https:\/\/www.comuna13online.com.ar\/wp-content\/uploads\/2020\/04\/20200417a.jpg",1030,438,false],"2048x2048":["https:\/\/www.comuna13online.com.ar\/wp-content\/uploads\/2020\/04\/20200417a.jpg",1030,438,false],"mh-magazine-slider":["https:\/\/www.comuna13online.com.ar\/wp-content\/uploads\/2020\/04\/20200417a.jpg",1030,438,false],"mh-magazine-content":["https:\/\/www.comuna13online.com.ar\/wp-content\/uploads\/2020\/04\/20200417a-678x381.jpg",678,381,true],"mh-magazine-large":["https:\/\/www.comuna13online.com.ar\/wp-content\/uploads\/2020\/04\/20200417a-678x438.jpg",678,438,true],"mh-magazine-medium":["https:\/\/www.comuna13online.com.ar\/wp-content\/uploads\/2020\/04\/20200417a-326x245.jpg",326,245,true],"mh-magazine-small":["https:\/\/www.comuna13online.com.ar\/wp-content\/uploads\/2020\/04\/20200417a-80x60.jpg",80,60,true],"sow-carousel-default":["https:\/\/www.comuna13online.com.ar\/wp-content\/uploads\/2020\/04\/20200417a-272x182.jpg",272,182,true]},"uagb_author_info":{"display_name":"Comuna13","author_link":"https:\/\/www.comuna13online.com.ar\/?author=1"},"uagb_comment_info":0,"uagb_excerpt":"El permiso ser\u00e1 obligatorio, ya sea para las compras de alimentos, farmacias o sacar a la mascota. Regir\u00e1 desde el lunes 20 y se gestionar\u00e1 por el 147. El Gobierno [...]","jetpack_sharing_enabled":true,"_links":{"self":[{"href":"https:\/\/www.comuna13online.com.ar\/index.php?rest_route=\/wp\/v2\/posts\/9218","targetHints":{"allow":["GET"]}}],"collection":[{"href":"https:\/\/www.comuna13online.com.ar\/index.php?rest_route=\/wp\/v2\/posts"}],"about":[{"href":"https:\/\/www.comuna13online.com.ar\/index.php?rest_route=\/wp\/v2\/types\/post"}],"author":[{"embeddable":true,"href":"https:\/\/www.comuna13online.com.ar\/index.php?rest_route=\/wp\/v2\/users\/1"}],"replies":[{"embeddable":true,"href":"https:\/\/www.comuna13online.com.ar\/index.php?rest_route=%2Fwp%2Fv2%2Fcomments&post=9218"}],"version-history":[{"count":0,"href":"https:\/\/www.comuna13online.com.ar\/index.php?rest_route=\/wp\/v2\/posts\/9218\/revisions"}],"wp:featuredmedia":[{"embeddable":true,"href":"https:\/\/www.comuna13online.com.ar\/index.php?rest_route=\/wp\/v2\/media\/9220"}],"wp:attachment":[{"href":"https:\/\/www.comuna13online.com.ar\/index.php?rest_route=%2Fwp%2Fv2%2Fmedia&parent=9218"}],"wp:term":[{"taxonomy":"category","embeddable":true,"href":"https:\/\/www.comuna13online.com.ar\/index.php?rest_route=%2Fwp%2Fv2%2Fcategories&post=9218"},{"taxonomy":"post_tag","embeddable":true,"href":"https:\/\/www.comuna13online.com.ar\/index.php?rest_route=%2Fwp%2Fv2%2Ftags&post=9218"}],"curies":[{"name":"wp","href":"https:\/\/api.w.org\/{rel}","templated":true}]}}