{"id":9180,"date":"2020-04-15T16:20:51","date_gmt":"2020-04-15T19:20:51","guid":{"rendered":"http:\/\/www.comuna13online.com.ar\/?p=9180"},"modified":"2020-04-15T16:25:50","modified_gmt":"2020-04-15T19:25:50","slug":"dio-negativo-el-hisopado-al-trabajador-de-la-linea-b-del-subte","status":"publish","type":"post","link":"https:\/\/www.comuna13online.com.ar\/?p=9180","title":{"rendered":"Dio negativo el hisopado al trabajador de la L\u00ednea B del Subte"},"content":{"rendered":"\n<p><strong>Se trata de un conductor que permanec\u00eda internado desde el s\u00e1bado con fiebre, finalmente el hisopado para COVID-19 dio negativo y los trabajadores retornaron a sus puestos habituales.<\/strong><\/p>\n\n\n\n<p><\/p>\n\n\n\n<figure class=\"wp-block-image size-large\"><img loading=\"lazy\" decoding=\"async\" width=\"678\" height=\"381\" data-attachment-id=\"9181\" data-permalink=\"https:\/\/www.comuna13online.com.ar\/?attachment_id=9181\" data-orig-file=\"https:\/\/www.comuna13online.com.ar\/wp-content\/uploads\/2020\/04\/20200415e1.jpg\" data-orig-size=\"678,381\" data-comments-opened=\"0\" data-image-meta=\"{&quot;aperture&quot;:&quot;0&quot;,&quot;credit&quot;:&quot;&quot;,&quot;camera&quot;:&quot;&quot;,&quot;caption&quot;:&quot;&quot;,&quot;created_timestamp&quot;:&quot;0&quot;,&quot;copyright&quot;:&quot;&quot;,&quot;focal_length&quot;:&quot;0&quot;,&quot;iso&quot;:&quot;0&quot;,&quot;shutter_speed&quot;:&quot;0&quot;,&quot;title&quot;:&quot;&quot;,&quot;orientation&quot;:&quot;0&quot;}\" data-image-title=\"20200415e1\" data-image-description=\"\" data-image-caption=\"\" data-large-file=\"https:\/\/www.comuna13online.com.ar\/wp-content\/uploads\/2020\/04\/20200415e1.jpg\" src=\"http:\/\/www.comuna13online.com.ar\/wp-content\/uploads\/2020\/04\/20200415e1.jpg\" alt=\"\" class=\"wp-image-9181\"\/><\/figure>\n\n\n\n<p>Ayer la l\u00ednea B&nbsp;del Subte&nbsp;inici\u00f3 con un servicio reducido debido a que un trabajador se encontraba internado desde el pasado s\u00e1bado con s\u00edntomas compatibles de COVID-19..<\/p>\n\n\n\n<p>Por tal motivo se activ\u00f3 el protocolo&nbsp;de seguridad previsto para este tipo de situaciones&nbsp;y la l\u00ednea funcion\u00f3 con menor frecuencia dado que fue conducida por personal jer\u00e1rquico&nbsp;de la empresa&nbsp;para garantizar su funcionamiento.<\/p>\n\n\n\n<p>El trabajador afectado se desempe\u00f1a como conductor en la L\u00ednea B, durante el s\u00e1bado&nbsp;hab\u00eda presentado fiebre&nbsp;y fue internado en el Sanatorio G\u00fcemes&nbsp;&nbsp;para la realizaci\u00f3n de estudios y an\u00e1lisis.<\/p>\n\n\n\n<p>La empresa Metrov\u00edas&nbsp;inform\u00f3 que <em>\u201cla zona de trabajo de nuestros colaboradores es desinfectada tres veces por d\u00eda, a la vez que se le brinda a todos los trabajadores los elementos de higiene, como barbijos, alcohol en gel, entre otros\u201d<\/em>. en busca de llevar tranquilidad a sus compa\u00f1eros y ususario.<\/p>\n\n\n\n<p>En la tarde de ayer se conoci\u00f3 que el hisopado tuvo como resultado negativo por lo que se descarta un caso de coronavirus. Es por ello que los trabajadores retomaron a sus puestos habituales y el servicio de la l\u00ednea B funciona con normalidad pero deteni\u00e9ndose \u00fanicamente en las estaciones habilitadas&nbsp;en el esquema dispuesto por el gobierno porte\u00f1o para mitigar el contagio en el Subte. <\/p>\n\n\n\n<figure class=\"wp-block-image size-large\"><a href=\"http:\/\/www.comuna13online.com.ar\/wp-content\/uploads\/2020\/04\/20200415e2.jpg\" target=\"_blank\" rel=\"noopener noreferrer\"><img loading=\"lazy\" decoding=\"async\" width=\"779\" height=\"438\" data-attachment-id=\"9182\" data-permalink=\"https:\/\/www.comuna13online.com.ar\/?attachment_id=9182\" data-orig-file=\"https:\/\/www.comuna13online.com.ar\/wp-content\/uploads\/2020\/04\/20200415e2.jpg\" data-orig-size=\"2048,1152\" data-comments-opened=\"0\" data-image-meta=\"{&quot;aperture&quot;:&quot;0&quot;,&quot;credit&quot;:&quot;&quot;,&quot;camera&quot;:&quot;&quot;,&quot;caption&quot;:&quot;&quot;,&quot;created_timestamp&quot;:&quot;0&quot;,&quot;copyright&quot;:&quot;&quot;,&quot;focal_length&quot;:&quot;0&quot;,&quot;iso&quot;:&quot;0&quot;,&quot;shutter_speed&quot;:&quot;0&quot;,&quot;title&quot;:&quot;&quot;,&quot;orientation&quot;:&quot;0&quot;}\" data-image-title=\"20200415e2\" data-image-description=\"\" data-image-caption=\"\" data-large-file=\"https:\/\/www.comuna13online.com.ar\/wp-content\/uploads\/2020\/04\/20200415e2-779x438.jpg\" src=\"http:\/\/www.comuna13online.com.ar\/wp-content\/uploads\/2020\/04\/20200415e2-779x438.jpg\" alt=\"\" class=\"wp-image-9182\" srcset=\"https:\/\/www.comuna13online.com.ar\/wp-content\/uploads\/2020\/04\/20200415e2-779x438.jpg 779w, https:\/\/www.comuna13online.com.ar\/wp-content\/uploads\/2020\/04\/20200415e2-678x381.jpg 678w, https:\/\/www.comuna13online.com.ar\/wp-content\/uploads\/2020\/04\/20200415e2-768x432.jpg 768w, https:\/\/www.comuna13online.com.ar\/wp-content\/uploads\/2020\/04\/20200415e2-1536x864.jpg 1536w, https:\/\/www.comuna13online.com.ar\/wp-content\/uploads\/2020\/04\/20200415e2.jpg 2048w\" sizes=\"auto, (max-width: 779px) 100vw, 779px\" \/><\/a><\/figure>\n\n\n\n<p>La Asociaci\u00f3n Gremial de Trabajadores del Subte y Premetro emitieron un comunicado notificando que <em>\u201cel resultado del hisopado realizado a nuestro compa\u00f1ero de la L\u00ednea B, internado desde el s\u00e1bado pasado en el Sanatorio G\u00fcemes, ha dado resultado Negativo para Coronavirus\u201d<\/em>.<\/p>\n\n\n\n<p><em>\u201cPor tal motivo, se encuentran dadas las condiciones necesarias para que el servicio pueda normalizarse a partir de la tarde del d\u00eda de la fecha\u201d<\/em>, informa el comunicado que lleva la firma de Roberto Pinelli y N\u00e9stor Segovia.<\/p>\n\n\n\n<div align=\"center\">\n<blockquote class=\"twitter-tweet\"><p lang=\"es\" dir=\"ltr\">El resultado del hisopado realizado a nuestro compa\u00f1ero de la <a href=\"https:\/\/twitter.com\/hashtag\/LineaB?src=hash&amp;ref_src=twsrc%5Etfw\">#LineaB<\/a>, internado desde el s\u00e1bado pasado en el Sanatorio G\u00fcemes, ha dado resultado Negativo para <a href=\"https:\/\/twitter.com\/hashtag\/Coronavirus?src=hash&amp;ref_src=twsrc%5Etfw\">#Coronavirus<\/a>.-<br><br>Se encuentran dadas las condiciones para normalizar el servicio de <a href=\"https:\/\/twitter.com\/hashtag\/subte?src=hash&amp;ref_src=twsrc%5Etfw\">#subte<\/a> por la tarde de hoy.- <a href=\"https:\/\/t.co\/oaADYLdHWY\">pic.twitter.com\/oaADYLdHWY<\/a><\/p>\u2014 Prensa AGTSyP (@prensadelsubte) <a href=\"https:\/\/twitter.com\/prensadelsubte\/status\/1250144692748070914?ref_src=twsrc%5Etfw\">April 14, 2020<\/a><\/blockquote> <script async=\"\" src=\"https:\/\/platform.twitter.com\/widgets.js\" charset=\"utf-8\"><\/script>\n<\/div>\n\n\n\n<figure class=\"wp-block-image size-large is-resized\"><img loading=\"lazy\" decoding=\"async\" data-attachment-id=\"99\" data-permalink=\"https:\/\/www.comuna13online.com.ar\/?attachment_id=99\" data-orig-file=\"https:\/\/www.comuna13online.com.ar\/wp-content\/uploads\/2017\/12\/line.jpg\" data-orig-size=\"678,1\" data-comments-opened=\"0\" data-image-meta=\"{&quot;aperture&quot;:&quot;0&quot;,&quot;credit&quot;:&quot;&quot;,&quot;camera&quot;:&quot;&quot;,&quot;caption&quot;:&quot;&quot;,&quot;created_timestamp&quot;:&quot;0&quot;,&quot;copyright&quot;:&quot;&quot;,&quot;focal_length&quot;:&quot;0&quot;,&quot;iso&quot;:&quot;0&quot;,&quot;shutter_speed&quot;:&quot;0&quot;,&quot;title&quot;:&quot;&quot;,&quot;orientation&quot;:&quot;0&quot;}\" data-image-title=\"line\" data-image-description=\"\" data-image-caption=\"\" data-large-file=\"https:\/\/www.comuna13online.com.ar\/wp-content\/uploads\/2017\/12\/line.jpg\" src=\"http:\/\/www.comuna13online.com.ar\/wp-content\/uploads\/2017\/12\/line.jpg\" alt=\"\" class=\"wp-image-99\" width=\"678\" height=\"1\" srcset=\"https:\/\/www.comuna13online.com.ar\/wp-content\/uploads\/2017\/12\/line.jpg 678w, https:\/\/www.comuna13online.com.ar\/wp-content\/uploads\/2017\/12\/line-150x1.jpg 150w, https:\/\/www.comuna13online.com.ar\/wp-content\/uploads\/2017\/12\/line-326x1.jpg 326w, https:\/\/www.comuna13online.com.ar\/wp-content\/uploads\/2017\/12\/line-80x1.jpg 80w, https:\/\/www.comuna13online.com.ar\/wp-content\/uploads\/2017\/12\/line-272x1.jpg 272w\" sizes=\"auto, (max-width: 678px) 100vw, 678px\" \/><\/figure>\n\n\n\n<figure class=\"wp-block-image size-full\"><img loading=\"lazy\" decoding=\"async\" width=\"678\" height=\"180\" data-attachment-id=\"8918\" data-permalink=\"https:\/\/www.comuna13online.com.ar\/?attachment_id=8918\" data-orig-file=\"https:\/\/www.comuna13online.com.ar\/wp-content\/uploads\/2020\/04\/corona2.jpg\" data-orig-size=\"678,180\" data-comments-opened=\"0\" data-image-meta=\"{&quot;aperture&quot;:&quot;0&quot;,&quot;credit&quot;:&quot;&quot;,&quot;camera&quot;:&quot;&quot;,&quot;caption&quot;:&quot;&quot;,&quot;created_timestamp&quot;:&quot;0&quot;,&quot;copyright&quot;:&quot;&quot;,&quot;focal_length&quot;:&quot;0&quot;,&quot;iso&quot;:&quot;0&quot;,&quot;shutter_speed&quot;:&quot;0&quot;,&quot;title&quot;:&quot;&quot;,&quot;orientation&quot;:&quot;0&quot;}\" data-image-title=\"corona2\" data-image-description=\"\" data-image-caption=\"\" data-large-file=\"https:\/\/www.comuna13online.com.ar\/wp-content\/uploads\/2020\/04\/corona2.jpg\" src=\"http:\/\/www.comuna13online.com.ar\/wp-content\/uploads\/2020\/04\/corona2.jpg\" alt=\"\" class=\"wp-image-8918\"\/><\/figure>\n","protected":false},"excerpt":{"rendered":"<div class=\"mh-excerpt\">Dio negativo el hisopado al trabajador de la L\u00ednea B del Subte Se trata de un conductor que permanec\u00eda internado desde el s\u00e1bado con fiebre, finalmente el hisopado para COVID-19 dio negativo y los trabajadores retornaron a sus puestos habituales.<\/div>\n<p> <a class=\"mh-excerpt-more\" href=\"https:\/\/www.comuna13online.com.ar\/?p=9180\" title=\"Dio negativo el hisopado al trabajador de la L\u00ednea B del Subte\">[&#8230;]<\/a><\/p>\n","protected":false},"author":1,"featured_media":9183,"comment_status":"closed","ping_status":"closed","sticky":false,"template":"","format":"standard","meta":{"_uag_custom_page_level_css":"","_jetpack_memberships_contains_paid_content":false,"footnotes":"","jetpack_publicize_message":"","jetpack_publicize_feature_enabled":true,"jetpack_social_post_already_shared":true,"jetpack_social_options":{"image_generator_settings":{"template":"highway","default_image_id":0,"font":"","enabled":false},"version":2}},"categories":[269],"tags":[271,246,250,16],"class_list":{"0":"post-9180","1":"post","2":"type-post","3":"status-publish","4":"format-standard","5":"has-post-thumbnail","7":"category-coronavirus","8":"tag-coronavirus","9":"tag-h1","10":"tag-h2","11":"tag-subte"},"jetpack_publicize_connections":[],"jetpack_featured_media_url":"https:\/\/www.comuna13online.com.ar\/wp-content\/uploads\/2020\/04\/20200415e.jpg","uagb_featured_image_src":{"full":["https:\/\/www.comuna13online.com.ar\/wp-content\/uploads\/2020\/04\/20200415e.jpg",1030,438,false],"thumbnail":["https:\/\/www.comuna13online.com.ar\/wp-content\/uploads\/2020\/04\/20200415e-150x150.jpg",96,96,true],"medium":["https:\/\/www.comuna13online.com.ar\/wp-content\/uploads\/2020\/04\/20200415e-678x288.jpg",678,288,true],"medium_large":["https:\/\/www.comuna13online.com.ar\/wp-content\/uploads\/2020\/04\/20200415e-768x327.jpg",768,327,true],"large":["https:\/\/www.comuna13online.com.ar\/wp-content\/uploads\/2020\/04\/20200415e.jpg",1030,438,false],"1536x1536":["https:\/\/www.comuna13online.com.ar\/wp-content\/uploads\/2020\/04\/20200415e.jpg",1030,438,false],"2048x2048":["https:\/\/www.comuna13online.com.ar\/wp-content\/uploads\/2020\/04\/20200415e.jpg",1030,438,false],"mh-magazine-slider":["https:\/\/www.comuna13online.com.ar\/wp-content\/uploads\/2020\/04\/20200415e.jpg",1030,438,false],"mh-magazine-content":["https:\/\/www.comuna13online.com.ar\/wp-content\/uploads\/2020\/04\/20200415e-678x381.jpg",678,381,true],"mh-magazine-large":["https:\/\/www.comuna13online.com.ar\/wp-content\/uploads\/2020\/04\/20200415e-678x438.jpg",678,438,true],"mh-magazine-medium":["https:\/\/www.comuna13online.com.ar\/wp-content\/uploads\/2020\/04\/20200415e-326x245.jpg",326,245,true],"mh-magazine-small":["https:\/\/www.comuna13online.com.ar\/wp-content\/uploads\/2020\/04\/20200415e-80x60.jpg",80,60,true],"sow-carousel-default":["https:\/\/www.comuna13online.com.ar\/wp-content\/uploads\/2020\/04\/20200415e-272x182.jpg",272,182,true]},"uagb_author_info":{"display_name":"Comuna13","author_link":"https:\/\/www.comuna13online.com.ar\/?author=1"},"uagb_comment_info":0,"uagb_excerpt":"Dio negativo el hisopado al trabajador de la L\u00ednea B del Subte Se trata de un conductor que permanec\u00eda internado desde el s\u00e1bado con fiebre, finalmente el hisopado para COVID-19 dio negativo y los trabajadores retornaron a sus puestos habituales. [...]","jetpack_sharing_enabled":true,"_links":{"self":[{"href":"https:\/\/www.comuna13online.com.ar\/index.php?rest_route=\/wp\/v2\/posts\/9180","targetHints":{"allow":["GET"]}}],"collection":[{"href":"https:\/\/www.comuna13online.com.ar\/index.php?rest_route=\/wp\/v2\/posts"}],"about":[{"href":"https:\/\/www.comuna13online.com.ar\/index.php?rest_route=\/wp\/v2\/types\/post"}],"author":[{"embeddable":true,"href":"https:\/\/www.comuna13online.com.ar\/index.php?rest_route=\/wp\/v2\/users\/1"}],"replies":[{"embeddable":true,"href":"https:\/\/www.comuna13online.com.ar\/index.php?rest_route=%2Fwp%2Fv2%2Fcomments&post=9180"}],"version-history":[{"count":0,"href":"https:\/\/www.comuna13online.com.ar\/index.php?rest_route=\/wp\/v2\/posts\/9180\/revisions"}],"wp:featuredmedia":[{"embeddable":true,"href":"https:\/\/www.comuna13online.com.ar\/index.php?rest_route=\/wp\/v2\/media\/9183"}],"wp:attachment":[{"href":"https:\/\/www.comuna13online.com.ar\/index.php?rest_route=%2Fwp%2Fv2%2Fmedia&parent=9180"}],"wp:term":[{"taxonomy":"category","embeddable":true,"href":"https:\/\/www.comuna13online.com.ar\/index.php?rest_route=%2Fwp%2Fv2%2Fcategories&post=9180"},{"taxonomy":"post_tag","embeddable":true,"href":"https:\/\/www.comuna13online.com.ar\/index.php?rest_route=%2Fwp%2Fv2%2Ftags&post=9180"}],"curies":[{"name":"wp","href":"https:\/\/api.w.org\/{rel}","templated":true}]}}