{"id":9161,"date":"2020-04-15T14:36:41","date_gmt":"2020-04-15T17:36:41","guid":{"rendered":"http:\/\/www.comuna13online.com.ar\/?p=9161"},"modified":"2020-04-15T14:36:50","modified_gmt":"2020-04-15T17:36:50","slug":"cronograma-de-circulacion-para-las-personas-con-discapacidad","status":"publish","type":"post","link":"https:\/\/www.comuna13online.com.ar\/?p=9161","title":{"rendered":"Cronograma de circulaci\u00f3n para las personas con discapacidad"},"content":{"rendered":"\n<p><strong>Seg\u00fan lo establece la reglamentaci\u00f3n establecida por la Agencia Nacional de Discapacidad, las salidas deber\u00e1n ser cortas y se repartieron los d\u00edas seg\u00fan la terminaci\u00f3n del DNI.<\/strong><\/p>\n\n\n\n<figure class=\"wp-block-image size-large\"><img loading=\"lazy\" decoding=\"async\" width=\"678\" height=\"381\" data-attachment-id=\"9170\" data-permalink=\"https:\/\/www.comuna13online.com.ar\/?attachment_id=9170\" data-orig-file=\"https:\/\/www.comuna13online.com.ar\/wp-content\/uploads\/2020\/04\/20200415c1.jpg\" data-orig-size=\"678,381\" data-comments-opened=\"0\" data-image-meta=\"{&quot;aperture&quot;:&quot;0&quot;,&quot;credit&quot;:&quot;&quot;,&quot;camera&quot;:&quot;&quot;,&quot;caption&quot;:&quot;&quot;,&quot;created_timestamp&quot;:&quot;0&quot;,&quot;copyright&quot;:&quot;&quot;,&quot;focal_length&quot;:&quot;0&quot;,&quot;iso&quot;:&quot;0&quot;,&quot;shutter_speed&quot;:&quot;0&quot;,&quot;title&quot;:&quot;&quot;,&quot;orientation&quot;:&quot;0&quot;}\" data-image-title=\"20200415c1\" data-image-description=\"\" data-image-caption=\"\" data-large-file=\"https:\/\/www.comuna13online.com.ar\/wp-content\/uploads\/2020\/04\/20200415c1.jpg\" src=\"http:\/\/www.comuna13online.com.ar\/wp-content\/uploads\/2020\/04\/20200415c1.jpg\" alt=\"\" class=\"wp-image-9170\"\/><\/figure>\n\n\n\n<p>El Gobierno reglament\u00f3 este lunes el permiso para que las<strong>&nbsp;personas con discapacidad<\/strong>&nbsp;puedan circular por la calle durante la cuarentena por el<strong>&nbsp;coronavirus<\/strong>. De acuerdo a la resoluci\u00f3n de la<strong>&nbsp;Agencia Nacional de Discapacidad,<\/strong>&nbsp;habr\u00e1 una distribuci\u00f3n de d\u00edas seg\u00fan la terminaci\u00f3n del DNI.<\/p>\n\n\n\n<p>Entre las nuevas excepciones al cumplimiento del aislamiento social preventivo obligatorio, previstas por decreto el s\u00e1bado pasado, se encuentra la autorizaci\u00f3n concedida a las personas con discapacidad para que puedan dar un paseo corto en la calle.<\/p>\n\n\n\n<p>As\u00ed, los lunes, mi\u00e9rcoles y viernes se encuentran autorizadas las personas cuyo\u00a0<strong>DNI<\/strong>\u00a0culmine en <strong>1,2, 3, 4 y 5<\/strong>, en tanto que los martes, jueves y s\u00e1bados, son para las personas con documento terminado en<strong>\u00a06, 7, 8, 9 y 0.<\/strong><\/p>\n\n\n\n<p>Los paseos pueden ser con un \u00fanico acompa\u00f1ante permitido: familiar o conviviente. Los paseos son definidos como\u00a0breves y no deben alejarse m\u00e1s all\u00e1 de 500 metros de su residencia.<\/p>\n\n\n\n<p>Para salir es obligatorio llevar consigo el<strong>\u00a0<\/strong>Certificado \u00danico de Discapacidad, en papel, foto digital o en la aplicaci\u00f3n MiArgentina. Si est\u00e1 vencido, podr\u00e1n presentar el turno de actualizaci\u00f3n del certificado. <\/p>\n\n\n\n<p class=\"has-text-color has-background has-text-align-justify has-very-light-gray-color has-vivid-red-background-color\"><strong>Se recuerda que todos los certificados vencidos a partir del d\u00eda 16\/03\/2020 se prorrogan de manera autom\u00e1tica por 180 d\u00edas. No ten\u00e9s que pedir turno para la Junta M\u00e9dica Evaluadora ni asistir si ya lo ten\u00edas.<\/strong><\/p>\n\n\n\n<p><strong>No podr\u00e1n salir a la calle aquellos que:<\/strong><\/p>\n\n\n\n<div class=\"wp-block-group\"><div class=\"wp-block-group__inner-container is-layout-flow wp-block-group-is-layout-flow\">\n<ul class=\"wp-block-list\"><li>Tengan s\u00edntomas compatibles con COVID-19 (fiebre, dolor de garganta, tos y\/o dificultad respiratoria).<\/li><li>Sean mayores de 60 a\u00f1os.<\/li><li>Tengan enfermedades respiratorias cr\u00f3nicas, enfermedad pulmonar obstructiva, enfisema cong\u00e9nito, displasia broncopulmonar, bronquiectasias, fibrosis qu\u00edstica y asma moderado o severo<\/li><li>Tengan enfermedades card\u00edacas, insuficiencia card\u00edaca, enfermedad coronaria, valvulopat\u00edas y cardiopat\u00edas cong\u00e9nitas.<\/li><li>Tengan inmunodeficiencias.<\/li><li>Tengan diabetes, insuficiencia renal cr\u00f3nica en di\u00e1lisis o con Expectativas de ingresar a di\u00e1lisis en los siguientes seis meses.<\/li><li>Personas embarazadas.<\/li><li>Toda otra circunstancia que la autoridad sanitaria defina en el futuro.<\/li><\/ul>\n\n\n\n<div class=\"wp-block-pdf-viewer-block-standard\" style=\"text-align:left\"><div class=\"uploaded-pdf\"><a href=\"http:\/\/www.comuna13online.com.ar\/wp-content\/uploads\/2020\/04\/RESOL-2020-77-APN-DE-AND.pdf\" data-width=\"\" data-height=\"\"><\/a><\/div><\/div>\n<\/div><\/div>\n\n\n\n<figure class=\"wp-block-image size-large is-resized\"><img loading=\"lazy\" decoding=\"async\" data-attachment-id=\"99\" data-permalink=\"https:\/\/www.comuna13online.com.ar\/?attachment_id=99\" data-orig-file=\"https:\/\/www.comuna13online.com.ar\/wp-content\/uploads\/2017\/12\/line.jpg\" data-orig-size=\"678,1\" data-comments-opened=\"0\" data-image-meta=\"{&quot;aperture&quot;:&quot;0&quot;,&quot;credit&quot;:&quot;&quot;,&quot;camera&quot;:&quot;&quot;,&quot;caption&quot;:&quot;&quot;,&quot;created_timestamp&quot;:&quot;0&quot;,&quot;copyright&quot;:&quot;&quot;,&quot;focal_length&quot;:&quot;0&quot;,&quot;iso&quot;:&quot;0&quot;,&quot;shutter_speed&quot;:&quot;0&quot;,&quot;title&quot;:&quot;&quot;,&quot;orientation&quot;:&quot;0&quot;}\" data-image-title=\"line\" data-image-description=\"\" data-image-caption=\"\" data-large-file=\"https:\/\/www.comuna13online.com.ar\/wp-content\/uploads\/2017\/12\/line.jpg\" src=\"http:\/\/www.comuna13online.com.ar\/wp-content\/uploads\/2017\/12\/line.jpg\" alt=\"\" class=\"wp-image-99\" width=\"678\" height=\"1\" srcset=\"https:\/\/www.comuna13online.com.ar\/wp-content\/uploads\/2017\/12\/line.jpg 678w, https:\/\/www.comuna13online.com.ar\/wp-content\/uploads\/2017\/12\/line-150x1.jpg 150w, https:\/\/www.comuna13online.com.ar\/wp-content\/uploads\/2017\/12\/line-326x1.jpg 326w, https:\/\/www.comuna13online.com.ar\/wp-content\/uploads\/2017\/12\/line-80x1.jpg 80w, https:\/\/www.comuna13online.com.ar\/wp-content\/uploads\/2017\/12\/line-272x1.jpg 272w\" sizes=\"auto, (max-width: 678px) 100vw, 678px\" \/><\/figure>\n\n\n\n<figure class=\"wp-block-image size-full\"><img loading=\"lazy\" decoding=\"async\" width=\"678\" height=\"180\" data-attachment-id=\"8918\" data-permalink=\"https:\/\/www.comuna13online.com.ar\/?attachment_id=8918\" data-orig-file=\"https:\/\/www.comuna13online.com.ar\/wp-content\/uploads\/2020\/04\/corona2.jpg\" data-orig-size=\"678,180\" data-comments-opened=\"0\" data-image-meta=\"{&quot;aperture&quot;:&quot;0&quot;,&quot;credit&quot;:&quot;&quot;,&quot;camera&quot;:&quot;&quot;,&quot;caption&quot;:&quot;&quot;,&quot;created_timestamp&quot;:&quot;0&quot;,&quot;copyright&quot;:&quot;&quot;,&quot;focal_length&quot;:&quot;0&quot;,&quot;iso&quot;:&quot;0&quot;,&quot;shutter_speed&quot;:&quot;0&quot;,&quot;title&quot;:&quot;&quot;,&quot;orientation&quot;:&quot;0&quot;}\" data-image-title=\"corona2\" data-image-description=\"\" data-image-caption=\"\" data-large-file=\"https:\/\/www.comuna13online.com.ar\/wp-content\/uploads\/2020\/04\/corona2.jpg\" src=\"http:\/\/www.comuna13online.com.ar\/wp-content\/uploads\/2020\/04\/corona2.jpg\" alt=\"\" class=\"wp-image-8918\"\/><\/figure>\n","protected":false},"excerpt":{"rendered":"<div class=\"mh-excerpt\">Seg\u00fan lo establece la reglamentaci\u00f3n establecida por la Agencia Nacional de Discapacidad, las salidas deber\u00e1n ser cortas y se repartieron los d\u00edas seg\u00fan la terminaci\u00f3n del DNI. El Gobierno reglament\u00f3 <a class=\"mh-excerpt-more\" href=\"https:\/\/www.comuna13online.com.ar\/?p=9161\" title=\"Cronograma de circulaci\u00f3n para las personas con discapacidad\">[&#8230;]<\/a><\/div>\n","protected":false},"author":1,"featured_media":9169,"comment_status":"closed","ping_status":"closed","sticky":false,"template":"","format":"standard","meta":{"_uag_custom_page_level_css":"","_jetpack_memberships_contains_paid_content":false,"footnotes":"","jetpack_publicize_message":"","jetpack_publicize_feature_enabled":true,"jetpack_social_post_already_shared":true,"jetpack_social_options":{"image_generator_settings":{"template":"highway","default_image_id":0,"font":"","enabled":false},"version":2}},"categories":[253],"tags":[271,243,250],"class_list":{"0":"post-9161","1":"post","2":"type-post","3":"status-publish","4":"format-standard","5":"has-post-thumbnail","7":"category-discapacidad","8":"tag-coronavirus","9":"tag-discapacidad","10":"tag-h2"},"jetpack_publicize_connections":[],"jetpack_featured_media_url":"https:\/\/www.comuna13online.com.ar\/wp-content\/uploads\/2020\/04\/20200415c.jpg","uagb_featured_image_src":{"full":["https:\/\/www.comuna13online.com.ar\/wp-content\/uploads\/2020\/04\/20200415c.jpg",678,452,false],"thumbnail":["https:\/\/www.comuna13online.com.ar\/wp-content\/uploads\/2020\/04\/20200415c-150x150.jpg",96,96,true],"medium":["https:\/\/www.comuna13online.com.ar\/wp-content\/uploads\/2020\/04\/20200415c.jpg",678,452,false],"medium_large":["https:\/\/www.comuna13online.com.ar\/wp-content\/uploads\/2020\/04\/20200415c.jpg",678,452,false],"large":["https:\/\/www.comuna13online.com.ar\/wp-content\/uploads\/2020\/04\/20200415c-657x438.jpg",657,438,true],"1536x1536":["https:\/\/www.comuna13online.com.ar\/wp-content\/uploads\/2020\/04\/20200415c.jpg",678,452,false],"2048x2048":["https:\/\/www.comuna13online.com.ar\/wp-content\/uploads\/2020\/04\/20200415c.jpg",678,452,false],"mh-magazine-slider":["https:\/\/www.comuna13online.com.ar\/wp-content\/uploads\/2020\/04\/20200415c-678x438.jpg",678,438,true],"mh-magazine-content":["https:\/\/www.comuna13online.com.ar\/wp-content\/uploads\/2020\/04\/20200415c-678x381.jpg",678,381,true],"mh-magazine-large":["https:\/\/www.comuna13online.com.ar\/wp-content\/uploads\/2020\/04\/20200415c.jpg",678,452,false],"mh-magazine-medium":["https:\/\/www.comuna13online.com.ar\/wp-content\/uploads\/2020\/04\/20200415c-326x245.jpg",326,245,true],"mh-magazine-small":["https:\/\/www.comuna13online.com.ar\/wp-content\/uploads\/2020\/04\/20200415c-80x60.jpg",80,60,true],"sow-carousel-default":["https:\/\/www.comuna13online.com.ar\/wp-content\/uploads\/2020\/04\/20200415c-272x182.jpg",272,182,true]},"uagb_author_info":{"display_name":"Comuna13","author_link":"https:\/\/www.comuna13online.com.ar\/?author=1"},"uagb_comment_info":0,"uagb_excerpt":"Seg\u00fan lo establece la reglamentaci\u00f3n establecida por la Agencia Nacional de Discapacidad, las salidas deber\u00e1n ser cortas y se repartieron los d\u00edas seg\u00fan la terminaci\u00f3n del DNI. El Gobierno reglament\u00f3 [...]","jetpack_sharing_enabled":true,"_links":{"self":[{"href":"https:\/\/www.comuna13online.com.ar\/index.php?rest_route=\/wp\/v2\/posts\/9161","targetHints":{"allow":["GET"]}}],"collection":[{"href":"https:\/\/www.comuna13online.com.ar\/index.php?rest_route=\/wp\/v2\/posts"}],"about":[{"href":"https:\/\/www.comuna13online.com.ar\/index.php?rest_route=\/wp\/v2\/types\/post"}],"author":[{"embeddable":true,"href":"https:\/\/www.comuna13online.com.ar\/index.php?rest_route=\/wp\/v2\/users\/1"}],"replies":[{"embeddable":true,"href":"https:\/\/www.comuna13online.com.ar\/index.php?rest_route=%2Fwp%2Fv2%2Fcomments&post=9161"}],"version-history":[{"count":0,"href":"https:\/\/www.comuna13online.com.ar\/index.php?rest_route=\/wp\/v2\/posts\/9161\/revisions"}],"wp:featuredmedia":[{"embeddable":true,"href":"https:\/\/www.comuna13online.com.ar\/index.php?rest_route=\/wp\/v2\/media\/9169"}],"wp:attachment":[{"href":"https:\/\/www.comuna13online.com.ar\/index.php?rest_route=%2Fwp%2Fv2%2Fmedia&parent=9161"}],"wp:term":[{"taxonomy":"category","embeddable":true,"href":"https:\/\/www.comuna13online.com.ar\/index.php?rest_route=%2Fwp%2Fv2%2Fcategories&post=9161"},{"taxonomy":"post_tag","embeddable":true,"href":"https:\/\/www.comuna13online.com.ar\/index.php?rest_route=%2Fwp%2Fv2%2Ftags&post=9161"}],"curies":[{"name":"wp","href":"https:\/\/api.w.org\/{rel}","templated":true}]}}