{"id":9146,"date":"2020-04-15T08:05:00","date_gmt":"2020-04-15T11:05:00","guid":{"rendered":"http:\/\/www.comuna13online.com.ar\/?p=9146"},"modified":"2020-04-14T19:32:47","modified_gmt":"2020-04-14T22:32:47","slug":"por-el-coronavirus-cae-fuertemente-las-donaciones-de-sangre","status":"publish","type":"post","link":"https:\/\/www.comuna13online.com.ar\/?p=9146","title":{"rendered":"Por el Coronavirus cae fuertemente las donaciones de sangre"},"content":{"rendered":"\n<p><strong>Como consecuencia del coronavirus se produjo una importante ca\u00edda de la donaci\u00f3n de sangre en la ciudad, para alentar a los dadores, Diego Santilli don\u00f3 sangre en la Fundaci\u00f3n Hemocentro Buenos Aires.<\/strong><\/p>\n\n\n\n<figure class=\"wp-block-image size-large\"><img loading=\"lazy\" decoding=\"async\" width=\"678\" height=\"323\" data-attachment-id=\"9149\" data-permalink=\"https:\/\/www.comuna13online.com.ar\/?attachment_id=9149\" data-orig-file=\"https:\/\/www.comuna13online.com.ar\/wp-content\/uploads\/2020\/04\/20200415b1.jpg\" data-orig-size=\"678,323\" data-comments-opened=\"0\" data-image-meta=\"{&quot;aperture&quot;:&quot;0&quot;,&quot;credit&quot;:&quot;&quot;,&quot;camera&quot;:&quot;&quot;,&quot;caption&quot;:&quot;&quot;,&quot;created_timestamp&quot;:&quot;0&quot;,&quot;copyright&quot;:&quot;&quot;,&quot;focal_length&quot;:&quot;0&quot;,&quot;iso&quot;:&quot;0&quot;,&quot;shutter_speed&quot;:&quot;0&quot;,&quot;title&quot;:&quot;&quot;,&quot;orientation&quot;:&quot;0&quot;}\" data-image-title=\"20200415b1\" data-image-description=\"\" data-image-caption=\"\" data-large-file=\"https:\/\/www.comuna13online.com.ar\/wp-content\/uploads\/2020\/04\/20200415b1.jpg\" src=\"http:\/\/www.comuna13online.com.ar\/wp-content\/uploads\/2020\/04\/20200415b1.jpg\" alt=\"\" class=\"wp-image-9149\"\/><\/figure>\n\n\n\n<p>Desde el inicio del brote del Covid-19 y posterior aislamiento obligatorio, el sistema de salud porte\u00f1o sufri\u00f3 una baja del 80% en la donaci\u00f3n de sangre, en ese contexto, el vicejefe de Gobierno, Diego Santilli, se sum\u00f3 a la campa\u00f1a de donaci\u00f3n de la Fundaci\u00f3n Hemocentro Buenos Aires y pidi\u00f3 que los porte\u00f1os se acerquen a donar porque hay escasez en los centros de salud.<\/p>\n\n\n\n<p><em>\u201cEl coronavirus paraliz\u00f3 al pa\u00eds, pero moviliz\u00f3 a la gente. As\u00ed como tuvimos 30 mil voluntarios para asistir a los adultos mayores, espero que muchos vecinos se acerquen a donar sangre en toda la Ciudad\u00bb, se\u00f1al\u00f3 Santilli y remarc\u00f3 que \u00abson momentos dif\u00edciles en donde todos los d\u00edas debemos levantarnos a la ma\u00f1ana pensando como podemos ayudar cada vez m\u00e1s a aquellos que m\u00e1s lo necesiten\u201d<\/em>.<\/p>\n\n\n\n<p>La sangre es un insumo b\u00e1sico para los centros de salud que contin\u00faan atendiendo pacientes con diferentes patolog\u00edas, enfermedades oncol\u00f3gicas, cirug\u00edas complejas o heridos en accidentes de tr\u00e1nsito y necesitan de manera urgente algo que s\u00f3lo se obtiene gracias a la solidaridad de las personas.<\/p>\n\n\n\n<div align=\"center\">\n<blockquote class=\"twitter-tweet\"><p lang=\"es\" dir=\"ltr\">Esta ma\u00f1ana fui a donar sangre a la Fundaci\u00f3n Hemocentro Buenos Aires. Es muy importante que, en medio de todo esto, sepamos que los hospitales de la Ciudad cuentan con turnos programados para donar sangre, porque muchas personas lo necesitan y podemos ayudar a salvar vidas. <a href=\"https:\/\/t.co\/y3Kny0eGU8\">pic.twitter.com\/y3Kny0eGU8<\/a><\/p>&mdash; Diego Santilli \u270b???? (@diegosantilli) <a href=\"https:\/\/twitter.com\/diegosantilli\/status\/1248983480047931398?ref_src=twsrc%5Etfw\">April 11, 2020<\/a><\/blockquote> <script async src=\"https:\/\/platform.twitter.com\/widgets.js\" charset=\"utf-8\"><\/script>\n<\/div>\n\n\n\n<p>Desde el gobierno porte\u00f1o temen que la falta de donaci\u00f3nes se agudice, <em>\u201csi se contin\u00faa con\u00a0 esta situaci\u00f3n de desabastecimiento, a la brevedad se agotar\u00e1 el stock de sangre de los bancos\u201d<\/em>, deslizaron.<\/p>\n\n\n\n<p>Con el objetivo de evitar aglomeraci\u00f3n de personas, el Gobierno porte\u00f1o implemento un sistema en el que se solicita un turno por tel\u00e9fono o mail y  . una vez confirmada la fecha y el horario, se recibir\u00e1 la constancia junto al permiso para la circulaci\u00f3n en v\u00eda p\u00fablica.<\/p>\n\n\n\n<p>Los encargados de coordinarlos son los servicios de Hemoterapia de cada centro de salud, y\u00a0deber\u00e1n ser solicitados telef\u00f3nicamente y\/o por correo electr\u00f3nico al centro de salud elegido.<\/p>\n\n\n\n<p class=\"has-text-color has-very-dark-gray-color\">Por cualquier inquietud, est\u00e1 disponible el correo electr\u00f3nico de la Red de Medicina Transfusional:\u00a0<span class=\"has-inline-color has-vivid-cyan-blue-color\"><em>redmedtransfusional@buenosaires.gob.ar<\/em><\/span>.<\/p>\n\n\n\n<p><strong>Requisitos para donar sangre:<\/strong><\/p>\n\n\n\n<ul class=\"wp-block-list\"><li>Personas entre 18 y 65 a\u00f1os, que gocen de buena salud y pesen m\u00e1s de 50 kilos.<\/li><li>Presentar DNI, C.I., Pasaporte u otro documento que acredite su identidad.<\/li><li>NO estar en ayunas.<\/li><li>Entre una donaci\u00f3n y otra deber\u00e1 pasar por lo menos 8 semanas.<\/li><\/ul>\n\n\n\n<p><strong>COVID-19 No aptos para donar sangre:<\/strong><\/p>\n\n\n\n<ul class=\"wp-block-list\"><li>Aunque est\u00e9s sin s\u00edntomas, hasta despu\u00e9s de un mes del regreso de regiones con circulaci\u00f3n activa del virus (cons\u00faltanos) o si tuviste contacto estrecho con quien haya viajado por esos pa\u00edses.<\/li><li>Si pas\u00f3 menos de un mes desde el \u00faltimo contacto estrecho con una persona con sospecha de infecci\u00f3n por el virus o que tuvo un diagn\u00f3stico cl\u00ednico y\/o de laboratorio de infecci\u00f3n por el COVID-19.<\/li><li>Si pasaron menos de tres meses desde que te recuperaste completamente, si es que fuiste un caso sospechoso o con diagnostico confirmado cl\u00ednico y\/o de laboratorio.<\/li><\/ul>\n\n\n\n<p class=\"has-text-color has-background has-text-align-center has-medium-font-size has-very-light-gray-color has-vivid-red-background-color\"><strong>Se debe llevar un documento que acredite su identidad y NO estar en ayunas.<\/strong><\/p>\n\n\n\n\n\n<p class=\"has-medium-font-size\"><strong>Donaci\u00f3n de sangre en hospitales, en contigencia del COVID-19<\/strong><\/p>\n\n\n\n<figure class=\"wp-block-table is-style-regular\"><table class=\"has-subtle-light-gray-background-color has-fixed-layout has-background\"><thead><tr><th>Hospital<\/th><th>Direcci\u00f3n<\/th><th>Contacto<\/th><th>Disponibilidad<\/th><\/tr><\/thead><tbody><tr><td>\u00c1lvarez<\/td><td><a href=\"https:\/\/mapa.buenosaires.gob.ar\/comollego\/?lat=-34.624292&amp;lng=-58.469422&amp;zl=15&amp;modo=transporte&amp;dir=Aranguren%2C+Juan+F.%2C+Dr.+2701\" target=\"_blank\" rel=\"noreferrer noopener\">Aranguren 2701. Flores<\/a><\/td><td><strong>Solicitar turno solo por email: alvarezhemoterapia@gmail.com | 4630-2950<\/strong><\/td><td>7:30 a 11:30 hs (lunes a viernes)<\/td><\/tr><tr><td>Argerich<\/td><td><a href=\"https:\/\/mapa.buenosaires.gob.ar\/comollego\/?lat=-34.627752&amp;lng=-58.366048&amp;zl=15&amp;modo=transporte&amp;dir=Pi+Y+Margall+750\" target=\"_blank\" rel=\"noreferrer noopener\">Pi y Margall 750 (puesto de vigilancia) | La Boca<\/a><\/td><td><strong>4121-0700 Int. 2718 | bmargerich@gmail.com<\/strong><\/td><td>8 a 11 hs (lunes a viernes)<\/td><\/tr><tr><td>Durand<\/td><td><a href=\"https:\/\/mapa.buenosaires.gob.ar\/comollego\/?lat=-34.608857&amp;lng=-58.437889&amp;zl=15&amp;modo=transporte&amp;dir=Diaz+Velez+Av.+5044\" target=\"_blank\" rel=\"noreferrer noopener\">Ingreso por Calle Ambrosetti 699(al lado del cajero del Banco Ciudad)<\/a><\/td><td><strong>4883-8426 | donantesdurand@gmail.com<\/strong><\/td><td>8 a 11 hs. Lunes a sabado<\/td><\/tr><tr><td>Elizalde<\/td><td><a href=\"https:\/\/mapa.buenosaires.gob.ar\/comollego\/?lat=-34.628882&amp;lng=-58.377635&amp;zl=15&amp;modo=transporte&amp;dir=Montes+De+Oca%2C+Manuel+Av.+40\" target=\"_blank\" rel=\"noreferrer noopener\">Av. Montes de Oca 40, Constituci\u00f3n<\/a><\/td><td><strong>4307-4980 | hemoterapiaelizalde@gmail.com<\/strong><\/td><td>8 a 10.30 hs. (lunes a viernes)<\/td><\/tr><tr><td>Fern\u00e1ndez<\/td><td><a href=\"https:\/\/mapa.buenosaires.gob.ar\/comollego\/?lat=-34.581564&amp;lng=-58.406488&amp;zl=15&amp;modo=transporte&amp;dir=Bulnes+2650\" target=\"_blank\" rel=\"noreferrer noopener\">Bulnes 2650, Palermo<\/a><\/td><td><strong>Solicitar turno solo por email: turnosdonantesfernandez@gmail.com | 4808-2654<\/strong><\/td><td>8 a 13 hs. y 14 a 18 hs. (lunes a viernes)<\/td><\/tr><tr><\/tr><tr><td>Guti\u00e9rrez<\/td><td><a href=\"https:\/\/mapa.buenosaires.gob.ar\/comollego\/?lat=-34.594516&amp;lng=-58.410766&amp;zl=15&amp;modo=transporte&amp;dir=Gallo+1330\" target=\"_blank\" rel=\"noreferrer noopener\">Gallo 1330. Palermo<\/a><\/td><td><strong>4962-5819 y 15-2253-6089 (WhatsApp) | gutierrez_hemoterapia@buenosaires.gob.ar<\/strong><\/td><td>7 a 13 hs. (lunes a viernes) y 8 a 13 hs. (sabados)<\/td><\/tr><tr><td>I.R.E.P.<\/td><td><a href=\"https:\/\/mapa.buenosaires.gob.ar\/comollego\/?lat=-34.553950&amp;lng=-58.440850&amp;zl=15&amp;modo=transporte&amp;dir=Echeverria+955\" target=\"_blank\" rel=\"noreferrer noopener\">Echeverr\u00eda 955, N\u00fa\u00f1ez<\/a><\/td><td><strong>4781-6071 al 75 Int 1008 | hemoterapia_irep@buenosaires.gob.ar<\/strong><\/td><td>8 a 11 hs. (martes y jueves)<\/td><\/tr><tr><td>Mar\u00eda Curie<\/td><td><a href=\"https:\/\/mapa.buenosaires.gob.ar\/comollego\/?lat=-34.606489&amp;lng=-58.432868&amp;zl=15&amp;modo=transporte&amp;dir=Roentgen%2C+Av.+y+Patricias+Argentinas+Av.\" target=\"_blank\" rel=\"noreferrer noopener\">Ingreso por calle Roentgen s\/n, Parque Centenario<\/a><\/td><td><strong>4982-9725<\/strong><\/td><td>8.30 a 10.30 hs. (lunes a viernes)<\/td><\/tr><tr><td>Penna<\/td><td><a href=\"https:\/\/mapa.buenosaires.gob.ar\/comollego\/?lat=-34.642854&amp;lng=-58.413071&amp;zl=15&amp;modo=transporte&amp;dir=Almafuerte+Av.+406\" target=\"_blank\" rel=\"noreferrer noopener\">Almafuerte 406. Parque Patricios<\/a><\/td><td><strong>4911-3212 int. 242 y 390 | hemoteraiapenna@hotmail.com<\/strong><\/td><td>8 a 11 hs. (lunes a viernes)<\/td><\/tr><tr><td>Pi\u00f1ero<\/td><td><a href=\"https:\/\/mapa.buenosaires.gob.ar\/comollego\/?lat=-34.643995&amp;lng=-58.453810&amp;zl=15&amp;modo=transporte&amp;dir=Varela+Av.+1307\" target=\"_blank\" rel=\"noreferrer noopener\">Av. Varela 1307. Flores<\/a><\/td><td><strong>4632-9989 | pinerohemoterapia@gmail.com<\/strong><\/td><td>8 a 12 hs. (lunes a viernes)<\/td><\/tr><tr><td>Pirovano<\/td><td><a href=\"https:\/\/mapa.buenosaires.gob.ar\/comollego\/?lat=-34.565083&amp;lng=-58.471019&amp;zl=15&amp;modo=transporte&amp;dir=Monroe+Av.+3555\" target=\"_blank\" rel=\"noreferrer noopener\">Av. Monroe 3555. Belgrano R<\/a><\/td><td><strong>4542-7623<\/strong><\/td><td>8 a 11 hs. (lunes a viernes)<\/td><\/tr><tr><td>Quemados<\/td><td><a href=\"https:\/\/mapa.buenosaires.gob.ar\/comollego\/?lat=-34.625563&amp;lng=-58.432267&amp;zl=15&amp;modo=transporte&amp;dir=Goyena%2C+Pedro+Av.+369\" target=\"_blank\" rel=\"noreferrer noopener\">Av. pedro Goyena 369. Caballito<\/a><\/td><td><strong>4923-3022\/25 Int.1830 | hemoterapiaquemados@gmail.com<\/strong><\/td><td>8.30 a 10 hs. (lunes a viernes)<\/td><\/tr><tr><td>Ramos Mej\u00eda<\/td><td><a href=\"https:\/\/mapa.buenosaires.gob.ar\/comollego\/?lat=-34.617617&amp;lng=-58.409436&amp;zl=15&amp;modo=transporte&amp;dir=Urquiza%2C+Gral.+609\" target=\"_blank\" rel=\"noreferrer noopener\">General Urquiza 609. Balvanera<\/a><\/td><td><strong>4127-0200 Int. 1355 y 1996<\/strong><\/td><td>8 a 11 hs. (lunes a viernes)<\/td><\/tr><tr><td>Rivadavia<\/td><td><a href=\"https:\/\/mapa.buenosaires.gob.ar\/comollego\/?lat=-34.584341&amp;lng=-58.400853&amp;zl=15&amp;modo=transporte&amp;dir=Las+Heras+General+Av.+2670\" target=\"_blank\" rel=\"noreferrer noopener\">Av. Las Heras 2670 (ingreso por garita de estacionamiento), Palermo<\/a><\/td><td><strong>4809-2020 | rivadavia_hemoterapia@buenosaires.gob.ar<\/strong><\/td><td>8.30 a 11 hs. (lunes a viernes)<\/td><\/tr><tr><td>Santojanni<\/td><td><a href=\"https:\/\/mapa.buenosaires.gob.ar\/comollego\/?lat=-34.647706&amp;lng=-58.515035&amp;zl=15&amp;modo=transporte&amp;dir=Patron+y+Leguizamon%2C+Martiniano\" target=\"_blank\" rel=\"noreferrer noopener\">Patron y Leguizamon, Liniers<\/a><\/td><td><strong>4630-5662 | hemoterapiasantojanni@hotmail.com<\/strong><\/td><td>7.30 a 11.30 hs. (lunes a viernes)<\/td><\/tr><tr><td>Sard\u00e1<\/td><td><a href=\"https:\/\/mapa.buenosaires.gob.ar\/comollego\/?lat=-34.634815&amp;lng=-58.402569&amp;zl=15&amp;modo=transporte&amp;dir=Luca%2C+Esteban+De+2151\" target=\"_blank\" rel=\"noreferrer noopener\">Esteban de Luca 2151. Parque Patricios<\/a><\/td><td><strong>4308-0802<\/strong><\/td><td>8 a 11 hs. (lunes a viernes)<\/td><\/tr><tr><td>Torn\u00fa<\/td><td><a href=\"https:\/\/mapa.buenosaires.gob.ar\/comollego\/?lat=-34.587273&amp;lng=-58.470933&amp;zl=15&amp;modo=transporte&amp;dir=Combatientes+De+Malvinas+Av.+3002\" target=\"_blank\" rel=\"noreferrer noopener\">Combatientes de Malvinas 3002. Villa Ort\u00fazar<\/a><\/td><td><strong>4521-1051\/3600\/1236 | hemoterapiatornu@gmail.com<\/strong><\/td><td>7.30 a 10.30 hs. (lunes a viernes)<\/td><\/tr><tr><td>Udaondo<\/td><td><a href=\"https:\/\/mapa.buenosaires.gob.ar\/comollego\/?lat=-34.634320&amp;lng=-58.391368&amp;zl=15&amp;modo=transporte&amp;dir=Caseros+Av.+2061\" target=\"_blank\" rel=\"noreferrer noopener\">Caseros 2061, Parque Patricios<\/a><\/td><td><strong>4303-4641 al 46. Int. 248 | hemoterapia.udaondo@gmail.com<\/strong><\/td><td>8 a 11.30 hs. (lunes a viernes)<\/td><\/tr><tr><td>V\u00e9lez Sarsfield<\/td><td><a href=\"https:\/\/mapa.buenosaires.gob.ar\/comollego\/?lat=-34.625210&amp;lng=-58.507540&amp;zl=15&amp;modo=transporte&amp;dir=Calderon+De+La+Barca%2C+Pedro+1550\" target=\"_blank\" rel=\"noreferrer noopener\">Calder\u00f3n de la Barca 1550. Monte Castro<\/a><\/td><td><strong>4639-8700 | hemoterapiavelez@gmail.com<\/strong><\/td><td>8 a 12 hs. (lunes a viernes)<\/td><\/tr><tr><td>Zubizarreta<\/td><td><a href=\"https:\/\/mapa.buenosaires.gob.ar\/comollego\/?lat=-34.599885&amp;lng=-58.511231&amp;zl=15&amp;modo=transporte&amp;dir=Nueva+York+3952\" target=\"_blank\" rel=\"noreferrer noopener\">Nueva York 3952 (se ingresa por puerta de rejas), Villa Devoto<\/a><\/td><td><strong>4501-2270\/6166<\/strong><\/td><td>8 a 11 hs. (lunes a viernes)<\/td><\/tr><\/tbody><\/table><\/figure>\n\n\n\n<figure class=\"wp-block-image size-large is-resized\"><img loading=\"lazy\" decoding=\"async\" data-attachment-id=\"99\" data-permalink=\"https:\/\/www.comuna13online.com.ar\/?attachment_id=99\" data-orig-file=\"https:\/\/www.comuna13online.com.ar\/wp-content\/uploads\/2017\/12\/line.jpg\" data-orig-size=\"678,1\" data-comments-opened=\"0\" data-image-meta=\"{&quot;aperture&quot;:&quot;0&quot;,&quot;credit&quot;:&quot;&quot;,&quot;camera&quot;:&quot;&quot;,&quot;caption&quot;:&quot;&quot;,&quot;created_timestamp&quot;:&quot;0&quot;,&quot;copyright&quot;:&quot;&quot;,&quot;focal_length&quot;:&quot;0&quot;,&quot;iso&quot;:&quot;0&quot;,&quot;shutter_speed&quot;:&quot;0&quot;,&quot;title&quot;:&quot;&quot;,&quot;orientation&quot;:&quot;0&quot;}\" data-image-title=\"line\" data-image-description=\"\" data-image-caption=\"\" data-large-file=\"https:\/\/www.comuna13online.com.ar\/wp-content\/uploads\/2017\/12\/line.jpg\" src=\"http:\/\/www.comuna13online.com.ar\/wp-content\/uploads\/2017\/12\/line.jpg\" alt=\"\" class=\"wp-image-99\" width=\"678\" height=\"1\" srcset=\"https:\/\/www.comuna13online.com.ar\/wp-content\/uploads\/2017\/12\/line.jpg 678w, https:\/\/www.comuna13online.com.ar\/wp-content\/uploads\/2017\/12\/line-150x1.jpg 150w, https:\/\/www.comuna13online.com.ar\/wp-content\/uploads\/2017\/12\/line-326x1.jpg 326w, https:\/\/www.comuna13online.com.ar\/wp-content\/uploads\/2017\/12\/line-80x1.jpg 80w, https:\/\/www.comuna13online.com.ar\/wp-content\/uploads\/2017\/12\/line-272x1.jpg 272w\" sizes=\"auto, (max-width: 678px) 100vw, 678px\" \/><\/figure>\n\n\n\n<figure class=\"wp-block-image size-full\"><img loading=\"lazy\" decoding=\"async\" width=\"678\" height=\"180\" data-attachment-id=\"8918\" data-permalink=\"https:\/\/www.comuna13online.com.ar\/?attachment_id=8918\" data-orig-file=\"https:\/\/www.comuna13online.com.ar\/wp-content\/uploads\/2020\/04\/corona2.jpg\" data-orig-size=\"678,180\" data-comments-opened=\"0\" data-image-meta=\"{&quot;aperture&quot;:&quot;0&quot;,&quot;credit&quot;:&quot;&quot;,&quot;camera&quot;:&quot;&quot;,&quot;caption&quot;:&quot;&quot;,&quot;created_timestamp&quot;:&quot;0&quot;,&quot;copyright&quot;:&quot;&quot;,&quot;focal_length&quot;:&quot;0&quot;,&quot;iso&quot;:&quot;0&quot;,&quot;shutter_speed&quot;:&quot;0&quot;,&quot;title&quot;:&quot;&quot;,&quot;orientation&quot;:&quot;0&quot;}\" data-image-title=\"corona2\" data-image-description=\"\" data-image-caption=\"\" data-large-file=\"https:\/\/www.comuna13online.com.ar\/wp-content\/uploads\/2020\/04\/corona2.jpg\" src=\"http:\/\/www.comuna13online.com.ar\/wp-content\/uploads\/2020\/04\/corona2.jpg\" alt=\"\" class=\"wp-image-8918\"\/><\/figure>\n","protected":false},"excerpt":{"rendered":"<div class=\"mh-excerpt\">Como consecuencia del coronavirus se produjo una importante ca\u00edda de la donaci\u00f3n de sangre en la ciudad, para alentar a los dadores, Diego Santilli don\u00f3 sangre en la Fundaci\u00f3n Hemocentro <a class=\"mh-excerpt-more\" href=\"https:\/\/www.comuna13online.com.ar\/?p=9146\" title=\"Por el Coronavirus cae fuertemente las donaciones de sangre\">[&#8230;]<\/a><\/div>\n","protected":false},"author":1,"featured_media":9148,"comment_status":"closed","ping_status":"closed","sticky":false,"template":"","format":"standard","meta":{"_uag_custom_page_level_css":"","_jetpack_memberships_contains_paid_content":false,"footnotes":"","jetpack_publicize_message":"","jetpack_publicize_feature_enabled":true,"jetpack_social_post_already_shared":true,"jetpack_social_options":{"image_generator_settings":{"template":"highway","default_image_id":0,"font":"","enabled":false},"version":2}},"categories":[197],"tags":[250,45,90],"class_list":{"0":"post-9146","1":"post","2":"type-post","3":"status-publish","4":"format-standard","5":"has-post-thumbnail","7":"category-solidaridad","8":"tag-h2","9":"tag-salud","10":"tag-solidaridad"},"jetpack_publicize_connections":[],"jetpack_featured_media_url":"https:\/\/www.comuna13online.com.ar\/wp-content\/uploads\/2020\/04\/20200415b.jpg","uagb_featured_image_src":{"full":["https:\/\/www.comuna13online.com.ar\/wp-content\/uploads\/2020\/04\/20200415b.jpg",678,452,false],"thumbnail":["https:\/\/www.comuna13online.com.ar\/wp-content\/uploads\/2020\/04\/20200415b-150x150.jpg",96,96,true],"medium":["https:\/\/www.comuna13online.com.ar\/wp-content\/uploads\/2020\/04\/20200415b.jpg",678,452,false],"medium_large":["https:\/\/www.comuna13online.com.ar\/wp-content\/uploads\/2020\/04\/20200415b.jpg",678,452,false],"large":["https:\/\/www.comuna13online.com.ar\/wp-content\/uploads\/2020\/04\/20200415b-657x438.jpg",657,438,true],"1536x1536":["https:\/\/www.comuna13online.com.ar\/wp-content\/uploads\/2020\/04\/20200415b.jpg",678,452,false],"2048x2048":["https:\/\/www.comuna13online.com.ar\/wp-content\/uploads\/2020\/04\/20200415b.jpg",678,452,false],"mh-magazine-slider":["https:\/\/www.comuna13online.com.ar\/wp-content\/uploads\/2020\/04\/20200415b-678x438.jpg",678,438,true],"mh-magazine-content":["https:\/\/www.comuna13online.com.ar\/wp-content\/uploads\/2020\/04\/20200415b-678x381.jpg",678,381,true],"mh-magazine-large":["https:\/\/www.comuna13online.com.ar\/wp-content\/uploads\/2020\/04\/20200415b.jpg",678,452,false],"mh-magazine-medium":["https:\/\/www.comuna13online.com.ar\/wp-content\/uploads\/2020\/04\/20200415b-326x245.jpg",326,245,true],"mh-magazine-small":["https:\/\/www.comuna13online.com.ar\/wp-content\/uploads\/2020\/04\/20200415b-80x60.jpg",80,60,true],"sow-carousel-default":["https:\/\/www.comuna13online.com.ar\/wp-content\/uploads\/2020\/04\/20200415b-272x182.jpg",272,182,true]},"uagb_author_info":{"display_name":"Comuna13","author_link":"https:\/\/www.comuna13online.com.ar\/?author=1"},"uagb_comment_info":0,"uagb_excerpt":"Como consecuencia del coronavirus se produjo una importante ca\u00edda de la donaci\u00f3n de sangre en la ciudad, para alentar a los dadores, Diego Santilli don\u00f3 sangre en la Fundaci\u00f3n Hemocentro [...]","jetpack_sharing_enabled":true,"_links":{"self":[{"href":"https:\/\/www.comuna13online.com.ar\/index.php?rest_route=\/wp\/v2\/posts\/9146","targetHints":{"allow":["GET"]}}],"collection":[{"href":"https:\/\/www.comuna13online.com.ar\/index.php?rest_route=\/wp\/v2\/posts"}],"about":[{"href":"https:\/\/www.comuna13online.com.ar\/index.php?rest_route=\/wp\/v2\/types\/post"}],"author":[{"embeddable":true,"href":"https:\/\/www.comuna13online.com.ar\/index.php?rest_route=\/wp\/v2\/users\/1"}],"replies":[{"embeddable":true,"href":"https:\/\/www.comuna13online.com.ar\/index.php?rest_route=%2Fwp%2Fv2%2Fcomments&post=9146"}],"version-history":[{"count":0,"href":"https:\/\/www.comuna13online.com.ar\/index.php?rest_route=\/wp\/v2\/posts\/9146\/revisions"}],"wp:featuredmedia":[{"embeddable":true,"href":"https:\/\/www.comuna13online.com.ar\/index.php?rest_route=\/wp\/v2\/media\/9148"}],"wp:attachment":[{"href":"https:\/\/www.comuna13online.com.ar\/index.php?rest_route=%2Fwp%2Fv2%2Fmedia&parent=9146"}],"wp:term":[{"taxonomy":"category","embeddable":true,"href":"https:\/\/www.comuna13online.com.ar\/index.php?rest_route=%2Fwp%2Fv2%2Fcategories&post=9146"},{"taxonomy":"post_tag","embeddable":true,"href":"https:\/\/www.comuna13online.com.ar\/index.php?rest_route=%2Fwp%2Fv2%2Ftags&post=9146"}],"curies":[{"name":"wp","href":"https:\/\/api.w.org\/{rel}","templated":true}]}}