{"id":9138,"date":"2020-04-14T18:11:42","date_gmt":"2020-04-14T21:11:42","guid":{"rendered":"http:\/\/www.comuna13online.com.ar\/?p=9138"},"modified":"2020-04-14T18:17:28","modified_gmt":"2020-04-14T21:17:28","slug":"actividades-exceptuadas-al-decreto-de-aislamiento-preventivo-social-y-obligatorio","status":"publish","type":"post","link":"https:\/\/www.comuna13online.com.ar\/?p=9138","title":{"rendered":"Actividades exceptuadas al decreto de aislamiento preventivo, social y obligatorio"},"content":{"rendered":"\n<p><strong>Desde comuna13online te informamos todas las actividades que la Jefatura de Gabinete de Ministros de la Naci\u00f3n exceptu\u00f3 al aislamiento social, preventivo y obligatorio y se encuentran habilitadas a circular.<\/strong><\/p>\n\n\n\n<p><strong>Excepciones del:<\/strong><\/p>\n\n\n\n<p class=\"has-text-color has-background has-medium-font-size has-very-light-gray-color has-vivid-cyan-blue-background-color\"><a rel=\"noreferrer noopener\" href=\"https:\/\/www.boletinoficial.gob.ar\/detalleAviso\/primera\/227042\/20200320?busqueda=1\" target=\"_blank\"><span class=\"has-inline-color has-very-light-gray-color\"><strong>Decreto 297\/2020<\/strong><\/span><\/a><strong><span class=\"has-inline-color has-very-light-gray-color\">:\u00a0<\/span><\/strong><\/p>\n\n\n\n<p><strong>1.<\/strong> Personal de Salud, Fuerzas de seguridad, Fuerzas Armadas, actividad migratoria, servicio meteorol\u00f3gico nacional, bomberos y control de tr\u00e1fico a\u00e9reo.<\/p>\n\n\n\n<p><strong>2.<\/strong> Autoridades superiores de los gobiernos nacional, provinciales, municipales y de la Ciudad Aut\u00f3noma de Buenos Aires Trabajadores y trabajadoras del sector p\u00fablico nacional, provincial, municipal y de la Ciudad Aut\u00f3noma de Buenos Aires, convocados para garantizar actividades esenciales requeridas por las respectivas autoridades.<\/p>\n\n\n\n<p><strong>3.<\/strong> Personal de los servicios de justicia de turno, conforme establezcan las autoridades competentes.<\/p>\n\n\n\n<p><strong>4.<\/strong> Personal diplom\u00e1tico y consular extranjero acreditado ante el gobierno argentino, en el marco de la Convenci\u00f3n de Viena sobre Relaciones Diplom\u00e1ticas y la Convenci\u00f3n de Viena de 1963 sobre Relaciones Consulares y al personal de los organismos internacionales acreditados ante el gobierno argentino, de la Cruz Roja y Cascos Blancos.<\/p>\n\n\n\n<p><strong>5.<\/strong> Personas que deban asistir a otras con discapacidad; familiares que necesiten asistencia; a personas mayores; a ni\u00f1os, a ni\u00f1as y a adolescentes.<\/p>\n\n\n\n<p><strong>6.<\/strong> Personas que deban atender una situaci\u00f3n de fuerza mayor.<\/p>\n\n\n\n<p><strong>7.<\/strong> Personas afectadas a la realizaci\u00f3n de servicios funerarios, entierros y cremaciones. En tal marco, no se autorizan actividades que signifiquen reuni\u00f3n de personas.<\/p>\n\n\n\n<p><strong>8.<\/strong> Personas afectadas a la atenci\u00f3n de comedores escolares, comunitarios y merenderos.<\/p>\n\n\n\n<p><strong>9.<\/strong> Personal que se desempe\u00f1a en los servicios de comunicaci\u00f3n audiovisuales, radiales y gr\u00e1ficos.<\/p>\n\n\n\n<p><strong>10.<\/strong> Personal afectado a obra p\u00fablica.<\/p>\n\n\n\n<p><strong>11.<\/strong> Supermercados mayoristas y minoristas y comercios minoristas de proximidad. Farmacias. Ferreter\u00edas. Veterinarias. Provisi\u00f3n de garrafas.<\/p>\n\n\n\n<p><strong>12.<\/strong> Industrias de alimentaci\u00f3n, su cadena productiva e insumos; de higiene personal y limpieza; de equipamiento m\u00e9dico, medicamentos, vacunas y otros insumos sanitarios.<\/p>\n\n\n\n<p><strong>13.<\/strong> Actividades vinculadas con la producci\u00f3n, distribuci\u00f3n y comercializaci\u00f3n agropecuaria y de pesca.<\/p>\n\n\n\n<p><strong>14.<\/strong> Actividades de telecomunicaciones, internet fija y m\u00f3vil y servicios digitales.<\/p>\n\n\n\n<p><strong>15.<\/strong> Actividades impostergables vinculadas con el comercio exterior.<\/p>\n\n\n\n<p><strong>16.<\/strong> Recolecci\u00f3n, transporte y tratamiento de residuos s\u00f3lidos urbanos, peligrosos y patog\u00e9nicos.<\/p>\n\n\n\n<p><strong>17.<\/strong> Mantenimiento de los servicios b\u00e1sicos (agua, electricidad, gas, comunicaciones, etc.) y atenci\u00f3n de emergencias.<\/p>\n\n\n\n<p><strong>18.<\/strong> Transporte p\u00fablico de pasajeros, transporte de mercader\u00edas, petr\u00f3leo, combustibles y GLP.<\/p>\n\n\n\n<p><strong>19.<\/strong> Reparto a domicilio de alimentos, medicamentos, productos de higiene, de limpieza y otros insumos de necesidad.<\/p>\n\n\n\n<p><strong>20.<\/strong> Servicios de lavander\u00eda.<\/p>\n\n\n\n<p><strong>21.<\/strong> Servicios postales y de distribuci\u00f3n de paqueter\u00eda.<\/p>\n\n\n\n<p><strong>22.<\/strong> Servicios esenciales de vigilancia, limpieza y guardia.<\/p>\n\n\n\n<p><strong>23.<\/strong> Guardias m\u00ednimas que aseguren la operaci\u00f3n y mantenimiento de Yacimientos de Petr\u00f3leo y Gas, plantas de tratamiento y\/o refinaci\u00f3n de Petr\u00f3leo y gas, transporte y distribuci\u00f3n de energ\u00eda el\u00e9ctrica, combustibles l\u00edquidos, petr\u00f3leo y gas, estaciones expendedoras de combustibles y generadores de energ\u00eda el\u00e9ctrica.<\/p>\n\n\n\n<p><strong>24.<\/strong> S.E. Casa de\u00a0 Moneda, servicios de cajeros autom\u00e1ticos, transporte de caudales y todas aquellas actividades que el BANCO CENTRAL DE LA REP\u00daBLICA ARGENTINA disponga imprescindibles para garantizar el funcionamiento del sistema de pagos.<\/p>\n\n\n\n<p class=\"has-text-color has-background has-medium-font-size has-very-light-gray-color has-vivid-cyan-blue-background-color\"><a rel=\"noreferrer noopener\" href=\"http:\/\/servicios.infoleg.gob.ar\/infolegInternet\/anexos\/335000-339999\/335789\/norma.htm\" target=\"_blank\"><span class=\"has-inline-color has-very-light-gray-color\"><strong>Decisi\u00f3n Administrativa 429\/2020<\/strong><\/span><\/a><strong><span class=\"has-inline-color has-very-light-gray-color\">:\u00a0<\/span><\/strong><\/p>\n\n\n\n<p><strong>1.<\/strong> Industrias que realicen procesos continuos cuya interrupci\u00f3n implique da\u00f1os estructurales en las l\u00edneas de producci\u00f3n y\/o maquinarias podr\u00e1n solicitar autorizaci\u00f3n a la Secretar\u00eda de Industria, Econom\u00eda del Conocimiento y Gesti\u00f3n Comercial Externa, para no discontinuar su producci\u00f3n, reduciendo al m\u00ednimo su actividad y dotaci\u00f3n de personal.\u00a0<\/p>\n\n\n\n<p><strong>2.<\/strong> Producci\u00f3n y distribuci\u00f3n de biocombustibles.\u00a0<\/p>\n\n\n\n<p><strong>3.<\/strong> Operaci\u00f3n de centrales nucleares.\u00a0<\/p>\n\n\n\n<p><strong>4.<\/strong> Hoteles afectados al servicio de emergencia sanitaria. Tambi\u00e9n deber\u00e1n garantizar las prestaciones a las personas que se hallaren alojadas en los mismos a la fecha del dictado del Decreto N\u00b0 297\/20.\u00a0<\/p>\n\n\n\n<p><strong>5.<\/strong> Dotaci\u00f3n de personal m\u00ednima necesaria para la operaci\u00f3n de la F\u00e1brica Argentina de Aviones Brig. San Mart\u00edn S.A.\u00a0<\/p>\n\n\n\n<p><strong>6.<\/strong> Las autoridades de la Comisi\u00f3n Nacional de Valores podr\u00e1n autorizar la actividad de una dotaci\u00f3n m\u00ednima de personal y de la de sus regulados, en caso de resultar\u00a0necesario.\u00a0<\/p>\n\n\n\n<p><strong>7.<\/strong> Operaci\u00f3n de aeropuertos. Operaciones de garages y estacionamientos, con dotaciones m\u00ednimas.<br><strong>8.<\/strong> Sostenimiento de actividades vinculadas a la protecci\u00f3n ambiental minera.<br><strong>9.<\/strong> Curtiembres, con dotaci\u00f3n m\u00ednima, para la recepci\u00f3n de cuero proveniente de la actividad frigor\u00edfica.\u00a0<\/p>\n\n\n\n<p><strong>10.<\/strong> Los restaurantes, locales de comidas preparadas y locales de comidas r\u00e1pidas, podr\u00e1n vender sus productos a trav\u00e9s de servicios de reparto domiciliario, con sujeci\u00f3n al protocolo espec\u00edfico establecido por la autoridad sanitaria. En ning\u00fan caso podr\u00e1n brindar servicios con atenci\u00f3n al p\u00fablico en forma personal.\u00a0<\/p>\n\n\n\n<p class=\"has-text-color has-background has-medium-font-size has-cyan-bluish-gray-color has-vivid-cyan-blue-background-color\"><strong><a href=\"https:\/\/www.boletinoficial.gob.ar\/detalleAviso\/primera\/227401\/20200403\" target=\"_blank\" rel=\"noreferrer noopener\"><span class=\"has-inline-color has-very-light-gray-color\">Decisi\u00f3n A<\/span><\/a><\/strong><a href=\"https:\/\/www.boletinoficial.gob.ar\/detalleAviso\/primera\/227401\/20200403\"><strong><span class=\"has-inline-color has-very-light-gray-color\">dministrativa 450\/2020<\/span><\/strong><\/a><\/p>\n\n\n\n<div class=\"wp-block-group\"><div class=\"wp-block-group__inner-container is-layout-flow wp-block-group-is-layout-flow\">\n<div class=\"wp-block-group\"><div class=\"wp-block-group__inner-container is-layout-flow wp-block-group-is-layout-flow\">\n<p class=\"has-text-color has-normal-font-size has-very-dark-gray-color\"><strong>1.<\/strong> Venta de insumos y materiales de la construcci\u00f3n provistos por corralones.<\/p>\n<\/div><\/div>\n\n\n\n<p><strong>2.<\/strong> Actividades vinculadas con la producci\u00f3n, distribuci\u00f3n y comercializaci\u00f3n forestal y minera.<\/p>\n\n\n\n<p><strong>3.<\/strong> Curtiembres, aserraderos y f\u00e1bricas de productos de madera, f\u00e1bricas de colchones y f\u00e1bricas de maquinaria vial y agr\u00edcola.<\/p>\n\n\n\n<p><strong>4. <\/strong>Actividades vinculadas con el comercio exterior: exportaciones de productos ya elaborados e importaciones esenciales para el funcionamiento de la econom\u00eda.<\/p>\n\n\n\n<p><strong>5. <\/strong>Exploraci\u00f3n, prospecci\u00f3n, producci\u00f3n, transformaci\u00f3n y comercializaci\u00f3n de combustible nuclear.<\/p>\n\n\n\n<p><strong>6. <\/strong>Servicios esenciales de mantenimiento y fumigaci\u00f3n.<\/p>\n\n\n\n<p><strong>7. <\/strong>Mutuales y cooperativas de cr\u00e9dito, mediante guardias m\u00ednimas de atenci\u00f3n, al solo efecto de garantizar el funcionamiento del sistema de cr\u00e9ditos y\/o de pagos.<\/p>\n\n\n\n<p><strong>8. <\/strong>Inscripci\u00f3n, identificaci\u00f3n y documentaci\u00f3n de personas.<\/p>\n<\/div><\/div>\n\n\n\n<p class=\"has-text-color has-background has-medium-font-size has-very-light-gray-color has-vivid-cyan-blue-background-color\"><a href=\"https:\/\/www.boletinoficial.gob.ar\/suplementos\/2020040701NS.pdf\"><strong>Decisi\u00f3n Administrativa 467\/2020<\/strong><\/a><\/p>\n\n\n\n<p><strong>1.<\/strong> Actividad Notarial, cuando la misma se encuentre limitada exclusivamente a posibilitar el cumplimiento de las actividades y servicios de que da cuenta la precitada normativa u otra que pudiera en el futuro ampliar el listado de actividades y servicios esenciales, debi\u00e9ndose otorgar los actos notariales del caso s\u00f3lo con la intervenci\u00f3n de las personas indispensables para ello, evitando todo tipo de reuniones.\u00a0<\/p>\n\n\n\n<p class=\"has-text-color has-background has-medium-font-size has-very-light-gray-color has-vivid-cyan-blue-background-color\"><strong><a href=\"https:\/\/www.boletinoficial.gob.ar\/detalleAviso\/primera\/227588\/20200407\" target=\"_blank\" rel=\"noreferrer noopener\">Decisi\u00f3n Administrativa 468\/2020<\/a><\/strong><\/p>\n\n\n\n<p><strong>1.<\/strong> Obra privada de infraestructura energ\u00e9tica<\/p>\n\n\n\n<p class=\"has-text-color has-background has-medium-font-size has-very-light-gray-color has-vivid-cyan-blue-background-color\"><strong><a href=\"https:\/\/www.boletinoficial.gob.ar\/detalleAviso\/primera\/227696\/20200411\" target=\"_blank\" rel=\"noreferrer noopener\">Decisi\u00f3n Administrativa 490\/2020<\/a><\/strong><\/p>\n\n\n\n<p><strong>1.<\/strong> Circulaci\u00f3n de las personas con discapacidad y aquellas comprendidas en el colectivo de trastorno del espectro autista, para realizar breves salidas en la cercan\u00eda de su residencia, junto con un familiar o conviviente. En tales casos, las \u00a0 \u00a0 personas asistidas y su acompa\u00f1ante deber\u00e1n portar sus respectivos Documentos Nacionales de Identidad y el Certificado \u00danico de Discapacidad o la prescripci\u00f3n m\u00e9dica donde se indique el diagn\u00f3stico y la necesidad de salidas, la cual podr\u00e1 ser confeccionada en forma digital.<\/p>\n\n\n\n<p><strong>2.<\/strong> Prestaciones profesionales a domicilio destinadas a personas con discapacidad y aquellas comprendidas en el colectivo de trastorno del espectro autista. Los profesionales deber\u00e1n portar copia del Documento Nacional de Identidad de la persona bajo tratamiento y del Certificado \u00danico de Discapacidad, o la prescripci\u00f3n m\u00e9dica correspondiente con los requisitos previstos en el inciso anterior.<\/p>\n\n\n\n<p><strong>3.<\/strong> Actividad bancaria con atenci\u00f3n al p\u00fablico, exclusivamente con sistema de turnos. El BANCO CENTRAL DE LA REP\u00daBLICA ARGENTINA establecer\u00e1, mientras dure la medida de aislamiento social, preventivo y obligatorio, los t\u00e9rminos y condiciones en los cuales se realizar\u00e1 la actividad bancaria, pudiendo ampliar o restringir d\u00edas y horarios de atenci\u00f3n, servicios a ser prestados y grupos exclusivos o prioritarios de personas a ser atendidas, as\u00ed como todo otro aspecto necesario para dar cumplimiento a las instrucciones y recomendaciones de la autoridad sanitaria.<\/p>\n\n\n\n<p><strong>4.<\/strong> Talleres para mantenimiento y reparaci\u00f3n de automotores, motocicletas y bicicletas, exclusivamente para transporte p\u00fablico, veh\u00edculos de las fuerzas de seguridad y fuerzas armadas, veh\u00edculos afectados a las p restaciones de salud o al personal con autorizaci\u00f3n para circular, conforme la normativa vigente.<\/p>\n\n\n\n<p><strong>5.<\/strong> Venta de repuestos, partes y piezas para automotores, motocicletas y bicicletas \u00fanicamente bajo la modalidad de entrega puerta a puerta. En ning\u00fan caso podr\u00e1n realizar atenci\u00f3n al p\u00fablico.<\/p>\n\n\n\n<p><strong>6.<\/strong> Fabricaci\u00f3n de neum\u00e1ticos; venta y reparaci\u00f3n de los mismos exclusivamente para transporte p\u00fablico, veh\u00edculos de las fuerzas de seguridad y fuerzas armadas, veh\u00edculos afectados a las prestaciones de salud o al personal con autorizaci\u00f3n para circular, conforme la normativa vigente.<\/p>\n\n\n\n<p><strong>7.<\/strong> Venta de art\u00edculos de librer\u00eda e insumos inform\u00e1ticos, exclusivamente bajo la modalidad de entrega a domicilio. En ning\u00fan caso se podr\u00e1 realizar atenci\u00f3n al p\u00fablico.<\/p>\n\n\n\n<p>Los desplazamientos de las personas alcanzadas por el presente art\u00edculo deber\u00e1n limitarse al estricto cumplimiento de las actividades y servicios exceptuados.<\/p>\n\n\n\n<p>En todos los casos se deber\u00e1n observar las recomendaciones e instrucciones de la autoridad sanitaria con el fin de evitar el contagio, incorporando protocolos sanitarios, organizaci\u00f3n por turnos para la prestaci\u00f3n de servicios, adecuaci\u00f3n de los modos de trabajo y de traslado a tal efecto. Los empleadores y las empleadoras deber\u00e1n garantizar las condiciones de higiene y seguridad establecidas por el MINISTERIO DE SALUD para preservar la salud de las\u00a0 trabajadoras y de los trabajadores.<\/p>\n\n\n\n<figure class=\"wp-block-image size-large is-resized\"><img loading=\"lazy\" decoding=\"async\" data-attachment-id=\"99\" data-permalink=\"https:\/\/www.comuna13online.com.ar\/?attachment_id=99\" data-orig-file=\"https:\/\/www.comuna13online.com.ar\/wp-content\/uploads\/2017\/12\/line.jpg\" data-orig-size=\"678,1\" data-comments-opened=\"0\" data-image-meta=\"{&quot;aperture&quot;:&quot;0&quot;,&quot;credit&quot;:&quot;&quot;,&quot;camera&quot;:&quot;&quot;,&quot;caption&quot;:&quot;&quot;,&quot;created_timestamp&quot;:&quot;0&quot;,&quot;copyright&quot;:&quot;&quot;,&quot;focal_length&quot;:&quot;0&quot;,&quot;iso&quot;:&quot;0&quot;,&quot;shutter_speed&quot;:&quot;0&quot;,&quot;title&quot;:&quot;&quot;,&quot;orientation&quot;:&quot;0&quot;}\" data-image-title=\"line\" data-image-description=\"\" data-image-caption=\"\" data-large-file=\"https:\/\/www.comuna13online.com.ar\/wp-content\/uploads\/2017\/12\/line.jpg\" src=\"http:\/\/www.comuna13online.com.ar\/wp-content\/uploads\/2017\/12\/line.jpg\" alt=\"\" class=\"wp-image-99\" width=\"678\" height=\"1\" srcset=\"https:\/\/www.comuna13online.com.ar\/wp-content\/uploads\/2017\/12\/line.jpg 678w, https:\/\/www.comuna13online.com.ar\/wp-content\/uploads\/2017\/12\/line-150x1.jpg 150w, https:\/\/www.comuna13online.com.ar\/wp-content\/uploads\/2017\/12\/line-326x1.jpg 326w, https:\/\/www.comuna13online.com.ar\/wp-content\/uploads\/2017\/12\/line-80x1.jpg 80w, https:\/\/www.comuna13online.com.ar\/wp-content\/uploads\/2017\/12\/line-272x1.jpg 272w\" sizes=\"auto, (max-width: 678px) 100vw, 678px\" \/><\/figure>\n\n\n\n<figure class=\"wp-block-image size-full\"><img loading=\"lazy\" decoding=\"async\" width=\"678\" height=\"180\" data-attachment-id=\"8918\" data-permalink=\"https:\/\/www.comuna13online.com.ar\/?attachment_id=8918\" data-orig-file=\"https:\/\/www.comuna13online.com.ar\/wp-content\/uploads\/2020\/04\/corona2.jpg\" data-orig-size=\"678,180\" data-comments-opened=\"0\" data-image-meta=\"{&quot;aperture&quot;:&quot;0&quot;,&quot;credit&quot;:&quot;&quot;,&quot;camera&quot;:&quot;&quot;,&quot;caption&quot;:&quot;&quot;,&quot;created_timestamp&quot;:&quot;0&quot;,&quot;copyright&quot;:&quot;&quot;,&quot;focal_length&quot;:&quot;0&quot;,&quot;iso&quot;:&quot;0&quot;,&quot;shutter_speed&quot;:&quot;0&quot;,&quot;title&quot;:&quot;&quot;,&quot;orientation&quot;:&quot;0&quot;}\" data-image-title=\"corona2\" data-image-description=\"\" data-image-caption=\"\" data-large-file=\"https:\/\/www.comuna13online.com.ar\/wp-content\/uploads\/2020\/04\/corona2.jpg\" src=\"http:\/\/www.comuna13online.com.ar\/wp-content\/uploads\/2020\/04\/corona2.jpg\" alt=\"\" class=\"wp-image-8918\"\/><\/figure>\n","protected":false},"excerpt":{"rendered":"<div class=\"mh-excerpt\">Desde comuna13online te informamos todas las actividades que la Jefatura de Gabinete de Ministros de la Naci\u00f3n exceptu\u00f3 al aislamiento social, preventivo y obligatorio y se encuentran habilitadas a circular. <a class=\"mh-excerpt-more\" href=\"https:\/\/www.comuna13online.com.ar\/?p=9138\" title=\"Actividades exceptuadas al decreto de aislamiento preventivo, social y obligatorio\">[&#8230;]<\/a><\/div>\n","protected":false},"author":1,"featured_media":9141,"comment_status":"closed","ping_status":"closed","sticky":false,"template":"","format":"standard","meta":{"_uag_custom_page_level_css":"","_jetpack_memberships_contains_paid_content":false,"footnotes":"","jetpack_publicize_message":"","jetpack_publicize_feature_enabled":true,"jetpack_social_post_already_shared":true,"jetpack_social_options":{"image_generator_settings":{"template":"highway","default_image_id":0,"font":"","enabled":false},"version":2}},"categories":[269],"tags":[271,246,250],"class_list":{"0":"post-9138","1":"post","2":"type-post","3":"status-publish","4":"format-standard","5":"has-post-thumbnail","7":"category-coronavirus","8":"tag-coronavirus","9":"tag-h1","10":"tag-h2"},"jetpack_publicize_connections":[],"jetpack_featured_media_url":"https:\/\/www.comuna13online.com.ar\/wp-content\/uploads\/2020\/04\/20200414b.jpg","uagb_featured_image_src":{"full":["https:\/\/www.comuna13online.com.ar\/wp-content\/uploads\/2020\/04\/20200414b.jpg",1030,438,false],"thumbnail":["https:\/\/www.comuna13online.com.ar\/wp-content\/uploads\/2020\/04\/20200414b-150x150.jpg",96,96,true],"medium":["https:\/\/www.comuna13online.com.ar\/wp-content\/uploads\/2020\/04\/20200414b-678x288.jpg",678,288,true],"medium_large":["https:\/\/www.comuna13online.com.ar\/wp-content\/uploads\/2020\/04\/20200414b-768x327.jpg",768,327,true],"large":["https:\/\/www.comuna13online.com.ar\/wp-content\/uploads\/2020\/04\/20200414b.jpg",1030,438,false],"1536x1536":["https:\/\/www.comuna13online.com.ar\/wp-content\/uploads\/2020\/04\/20200414b.jpg",1030,438,false],"2048x2048":["https:\/\/www.comuna13online.com.ar\/wp-content\/uploads\/2020\/04\/20200414b.jpg",1030,438,false],"mh-magazine-slider":["https:\/\/www.comuna13online.com.ar\/wp-content\/uploads\/2020\/04\/20200414b.jpg",1030,438,false],"mh-magazine-content":["https:\/\/www.comuna13online.com.ar\/wp-content\/uploads\/2020\/04\/20200414b-678x381.jpg",678,381,true],"mh-magazine-large":["https:\/\/www.comuna13online.com.ar\/wp-content\/uploads\/2020\/04\/20200414b-678x438.jpg",678,438,true],"mh-magazine-medium":["https:\/\/www.comuna13online.com.ar\/wp-content\/uploads\/2020\/04\/20200414b-326x245.jpg",326,245,true],"mh-magazine-small":["https:\/\/www.comuna13online.com.ar\/wp-content\/uploads\/2020\/04\/20200414b-80x60.jpg",80,60,true],"sow-carousel-default":["https:\/\/www.comuna13online.com.ar\/wp-content\/uploads\/2020\/04\/20200414b-272x182.jpg",272,182,true]},"uagb_author_info":{"display_name":"Comuna13","author_link":"https:\/\/www.comuna13online.com.ar\/?author=1"},"uagb_comment_info":0,"uagb_excerpt":"Desde comuna13online te informamos todas las actividades que la Jefatura de Gabinete de Ministros de la Naci\u00f3n exceptu\u00f3 al aislamiento social, preventivo y obligatorio y se encuentran habilitadas a circular. [...]","jetpack_sharing_enabled":true,"_links":{"self":[{"href":"https:\/\/www.comuna13online.com.ar\/index.php?rest_route=\/wp\/v2\/posts\/9138","targetHints":{"allow":["GET"]}}],"collection":[{"href":"https:\/\/www.comuna13online.com.ar\/index.php?rest_route=\/wp\/v2\/posts"}],"about":[{"href":"https:\/\/www.comuna13online.com.ar\/index.php?rest_route=\/wp\/v2\/types\/post"}],"author":[{"embeddable":true,"href":"https:\/\/www.comuna13online.com.ar\/index.php?rest_route=\/wp\/v2\/users\/1"}],"replies":[{"embeddable":true,"href":"https:\/\/www.comuna13online.com.ar\/index.php?rest_route=%2Fwp%2Fv2%2Fcomments&post=9138"}],"version-history":[{"count":0,"href":"https:\/\/www.comuna13online.com.ar\/index.php?rest_route=\/wp\/v2\/posts\/9138\/revisions"}],"wp:featuredmedia":[{"embeddable":true,"href":"https:\/\/www.comuna13online.com.ar\/index.php?rest_route=\/wp\/v2\/media\/9141"}],"wp:attachment":[{"href":"https:\/\/www.comuna13online.com.ar\/index.php?rest_route=%2Fwp%2Fv2%2Fmedia&parent=9138"}],"wp:term":[{"taxonomy":"category","embeddable":true,"href":"https:\/\/www.comuna13online.com.ar\/index.php?rest_route=%2Fwp%2Fv2%2Fcategories&post=9138"},{"taxonomy":"post_tag","embeddable":true,"href":"https:\/\/www.comuna13online.com.ar\/index.php?rest_route=%2Fwp%2Fv2%2Ftags&post=9138"}],"curies":[{"name":"wp","href":"https:\/\/api.w.org\/{rel}","templated":true}]}}