{"id":9111,"date":"2020-04-13T20:00:00","date_gmt":"2020-04-13T23:00:00","guid":{"rendered":"http:\/\/www.comuna13online.com.ar\/?p=9111"},"modified":"2020-04-12T17:14:20","modified_gmt":"2020-04-12T20:14:20","slug":"las-siete-actividades-que-se-flexibilizan-a-partir-de-hoy","status":"publish","type":"post","link":"https:\/\/www.comuna13online.com.ar\/?p=9111","title":{"rendered":"Las siete actividades que se flexibilizan a partir de hoy"},"content":{"rendered":"\n<p><strong>El Gobierno public\u00f3 las excepciones a lo que denomin\u00f3 cuarentena administrada que pueden volver a desarrollar actividades a partir de este lunes. Librer\u00edas, insumos inform\u00e1ticos, gomer\u00edas entre otros.<\/strong><\/p>\n\n\n\n<p>El Gobierno oficializ\u00f3 las siete actividades que pasan a ser consideradas como esenciales en el marco de la<strong>\u00a0cuarentena\u00a0administrada o\u00a0aislamiento\u00a0social, preventivo y obligatorio<\/strong>\u00a0para prevenir el avance de la pandemia de\u00a0coronavirus\u00a0en Argentina.<\/p>\n\n\n\n<p>A trav\u00e9s de la Decisi\u00f3n Administrativa 490 a publicarse en el Bolet\u00edn Oficial con firma del ministro de\u00a0Salud, Gin\u00e9s Gonz\u00e1lez Garc\u00eda, y el jefe de Gabinete, Santiago Cafiero, enumeraron los siguientes \u00edtems:<\/p>\n\n\n\n<ol class=\"wp-block-list\"><li><strong>Circulaci\u00f3n de las personas con discapacidad y aquellas comprendidas en el colectivo de trastorno del espectro autista, para realizar breves salidas en la cercan\u00eda de su residencia<\/strong>, junto con un familiar o conviviente. En tales casos, las personas asistidas y su acompa\u00f1ante deber\u00e1n portar sus respectivos Documentos Nacionales de Identidad y el Certificado \u00danico de Discapacidad o la prescripci\u00f3n m\u00e9dica donde se indique el diagn\u00f3stico y la necesidad de salidas, la cual podr\u00e1 ser confeccionada en forma digital.<\/li><li><strong>Prestaciones profesionales a domicilio destinadas a personas con discapacidad y aquellas comprendidas en el colectivo de trastorno del espectro autista<\/strong>. Los profesionales deber\u00e1n portar copia del Documento Nacional de Identidad de la persona bajo tratamiento y del Certificado \u00danico de Discapacidad, o la prescripci\u00f3n m\u00e9dica correspondiente con los requisitos previstos en el inciso anterior.<\/li><li><strong>Actividad bancaria con atenci\u00f3n al p\u00fablico, exclusivamente con sistema de turnos<\/strong>. El Banco Central establecer\u00e1, mientras dure la medida de aislamiento social, preventivo y obligatorio, los t\u00e9rminos y condiciones en los cuales se realizar\u00e1 la actividad bancaria, pudiendo ampliar o restringir d\u00edas y horarios de atenci\u00f3n, servicios a ser prestados y grupos exclusivos o prioritarios de personas a ser atendidas, as\u00ed como todo otro aspecto necesario para dar cumplimiento a las instrucciones y recomendaciones de la autoridad sanitaria.<\/li><li><strong>Talleres para mantenimiento y reparaci\u00f3n de automotores, motocicletas y bicicletas<\/strong>, exclusivamente para transporte p\u00fablico, veh\u00edculos de las fuerzas de seguridad y fuerzas armadas, veh\u00edculos afectados a las prestaciones de salud o al personal con autorizaci\u00f3n para circular, conforme la normativa vigente.<\/li><li><strong>Venta de repuestos, partes y piezas para automotores<\/strong>, motocicletas y bicicletas \u00fanicamente bajo la modalidad de entrega puerta a puerta. En ning\u00fan caso podr\u00e1n realizar atenci\u00f3n al p\u00fablico.<\/li><li><strong>Fabricaci\u00f3n de neum\u00e1ticos<\/strong>; venta y reparaci\u00f3n de los mismos exclusivamente para transporte p\u00fablico, veh\u00edculos de las fuerzas de seguridad y fuerzas armadas, veh\u00edculos afectados a las prestaciones de salud o al personal con autorizaci\u00f3n para circular, conforme la normativa vigente.<\/li><li><strong>Venta de art\u00edculos de librer\u00eda e insumos inform\u00e1ticos<\/strong>, exclusivamente bajo la modalidad de entrega a domiclio. En ning\u00fan caso se podr\u00e1 realizar atenci\u00f3n al p\u00fablico.<\/li><\/ol>\n\n\n\n<p>El decreto exige a los \u00abempleadores y las empleadoras\u00bb garantizar las condiciones de higiene y seguridad establecidas por el Ministerio de Salud para preservar la salud de las trabajadoras y de los trabajadores\u00bb en el marco del aislamiento o cuarentena administrada.<\/p>\n\n\n\n<figure class=\"wp-block-image size-large is-resized\"><img loading=\"lazy\" decoding=\"async\" data-attachment-id=\"99\" data-permalink=\"https:\/\/www.comuna13online.com.ar\/?attachment_id=99\" data-orig-file=\"https:\/\/www.comuna13online.com.ar\/wp-content\/uploads\/2017\/12\/line.jpg\" data-orig-size=\"678,1\" data-comments-opened=\"0\" data-image-meta=\"{&quot;aperture&quot;:&quot;0&quot;,&quot;credit&quot;:&quot;&quot;,&quot;camera&quot;:&quot;&quot;,&quot;caption&quot;:&quot;&quot;,&quot;created_timestamp&quot;:&quot;0&quot;,&quot;copyright&quot;:&quot;&quot;,&quot;focal_length&quot;:&quot;0&quot;,&quot;iso&quot;:&quot;0&quot;,&quot;shutter_speed&quot;:&quot;0&quot;,&quot;title&quot;:&quot;&quot;,&quot;orientation&quot;:&quot;0&quot;}\" data-image-title=\"line\" data-image-description=\"\" data-image-caption=\"\" data-large-file=\"https:\/\/www.comuna13online.com.ar\/wp-content\/uploads\/2017\/12\/line.jpg\" src=\"http:\/\/www.comuna13online.com.ar\/wp-content\/uploads\/2017\/12\/line.jpg\" alt=\"\" class=\"wp-image-99\" width=\"678\" height=\"1\" srcset=\"https:\/\/www.comuna13online.com.ar\/wp-content\/uploads\/2017\/12\/line.jpg 678w, https:\/\/www.comuna13online.com.ar\/wp-content\/uploads\/2017\/12\/line-150x1.jpg 150w, https:\/\/www.comuna13online.com.ar\/wp-content\/uploads\/2017\/12\/line-326x1.jpg 326w, https:\/\/www.comuna13online.com.ar\/wp-content\/uploads\/2017\/12\/line-80x1.jpg 80w, https:\/\/www.comuna13online.com.ar\/wp-content\/uploads\/2017\/12\/line-272x1.jpg 272w\" sizes=\"auto, (max-width: 678px) 100vw, 678px\" \/><\/figure>\n\n\n\n<figure class=\"wp-block-image size-full\"><img loading=\"lazy\" decoding=\"async\" width=\"678\" height=\"180\" data-attachment-id=\"8918\" data-permalink=\"https:\/\/www.comuna13online.com.ar\/?attachment_id=8918\" data-orig-file=\"https:\/\/www.comuna13online.com.ar\/wp-content\/uploads\/2020\/04\/corona2.jpg\" data-orig-size=\"678,180\" data-comments-opened=\"0\" data-image-meta=\"{&quot;aperture&quot;:&quot;0&quot;,&quot;credit&quot;:&quot;&quot;,&quot;camera&quot;:&quot;&quot;,&quot;caption&quot;:&quot;&quot;,&quot;created_timestamp&quot;:&quot;0&quot;,&quot;copyright&quot;:&quot;&quot;,&quot;focal_length&quot;:&quot;0&quot;,&quot;iso&quot;:&quot;0&quot;,&quot;shutter_speed&quot;:&quot;0&quot;,&quot;title&quot;:&quot;&quot;,&quot;orientation&quot;:&quot;0&quot;}\" data-image-title=\"corona2\" data-image-description=\"\" data-image-caption=\"\" data-large-file=\"https:\/\/www.comuna13online.com.ar\/wp-content\/uploads\/2020\/04\/corona2.jpg\" src=\"http:\/\/www.comuna13online.com.ar\/wp-content\/uploads\/2020\/04\/corona2.jpg\" alt=\"\" class=\"wp-image-8918\"\/><\/figure>\n","protected":false},"excerpt":{"rendered":"<div class=\"mh-excerpt\">El Gobierno public\u00f3 las excepciones a lo que denomin\u00f3 cuarentena administrada que pueden volver a desarrollar actividades a partir de este lunes. Librer\u00edas, insumos inform\u00e1ticos, gomer\u00edas entre otros. El Gobierno <a class=\"mh-excerpt-more\" href=\"https:\/\/www.comuna13online.com.ar\/?p=9111\" title=\"Las siete actividades que se flexibilizan a partir de hoy\">[&#8230;]<\/a><\/div>\n","protected":false},"author":1,"featured_media":9113,"comment_status":"closed","ping_status":"closed","sticky":false,"template":"","format":"standard","meta":{"_uag_custom_page_level_css":"","_jetpack_memberships_contains_paid_content":false,"footnotes":"","jetpack_publicize_message":"","jetpack_publicize_feature_enabled":true,"jetpack_social_post_already_shared":true,"jetpack_social_options":{"image_generator_settings":{"template":"highway","default_image_id":0,"font":"","enabled":false},"version":2}},"categories":[269],"tags":[],"class_list":{"0":"post-9111","1":"post","2":"type-post","3":"status-publish","4":"format-standard","5":"has-post-thumbnail","7":"category-coronavirus"},"jetpack_publicize_connections":[],"jetpack_featured_media_url":"https:\/\/www.comuna13online.com.ar\/wp-content\/uploads\/2020\/04\/20200413a.jpg","uagb_featured_image_src":{"full":["https:\/\/www.comuna13online.com.ar\/wp-content\/uploads\/2020\/04\/20200413a.jpg",1030,438,false],"thumbnail":["https:\/\/www.comuna13online.com.ar\/wp-content\/uploads\/2020\/04\/20200413a-150x150.jpg",96,96,true],"medium":["https:\/\/www.comuna13online.com.ar\/wp-content\/uploads\/2020\/04\/20200413a-678x288.jpg",678,288,true],"medium_large":["https:\/\/www.comuna13online.com.ar\/wp-content\/uploads\/2020\/04\/20200413a-768x327.jpg",768,327,true],"large":["https:\/\/www.comuna13online.com.ar\/wp-content\/uploads\/2020\/04\/20200413a.jpg",1030,438,false],"1536x1536":["https:\/\/www.comuna13online.com.ar\/wp-content\/uploads\/2020\/04\/20200413a.jpg",1030,438,false],"2048x2048":["https:\/\/www.comuna13online.com.ar\/wp-content\/uploads\/2020\/04\/20200413a.jpg",1030,438,false],"mh-magazine-slider":["https:\/\/www.comuna13online.com.ar\/wp-content\/uploads\/2020\/04\/20200413a.jpg",1030,438,false],"mh-magazine-content":["https:\/\/www.comuna13online.com.ar\/wp-content\/uploads\/2020\/04\/20200413a-678x381.jpg",678,381,true],"mh-magazine-large":["https:\/\/www.comuna13online.com.ar\/wp-content\/uploads\/2020\/04\/20200413a-678x438.jpg",678,438,true],"mh-magazine-medium":["https:\/\/www.comuna13online.com.ar\/wp-content\/uploads\/2020\/04\/20200413a-326x245.jpg",326,245,true],"mh-magazine-small":["https:\/\/www.comuna13online.com.ar\/wp-content\/uploads\/2020\/04\/20200413a-80x60.jpg",80,60,true],"sow-carousel-default":["https:\/\/www.comuna13online.com.ar\/wp-content\/uploads\/2020\/04\/20200413a-272x182.jpg",272,182,true]},"uagb_author_info":{"display_name":"Comuna13","author_link":"https:\/\/www.comuna13online.com.ar\/?author=1"},"uagb_comment_info":0,"uagb_excerpt":"El Gobierno public\u00f3 las excepciones a lo que denomin\u00f3 cuarentena administrada que pueden volver a desarrollar actividades a partir de este lunes. Librer\u00edas, insumos inform\u00e1ticos, gomer\u00edas entre otros. El Gobierno [...]","jetpack_sharing_enabled":true,"_links":{"self":[{"href":"https:\/\/www.comuna13online.com.ar\/index.php?rest_route=\/wp\/v2\/posts\/9111","targetHints":{"allow":["GET"]}}],"collection":[{"href":"https:\/\/www.comuna13online.com.ar\/index.php?rest_route=\/wp\/v2\/posts"}],"about":[{"href":"https:\/\/www.comuna13online.com.ar\/index.php?rest_route=\/wp\/v2\/types\/post"}],"author":[{"embeddable":true,"href":"https:\/\/www.comuna13online.com.ar\/index.php?rest_route=\/wp\/v2\/users\/1"}],"replies":[{"embeddable":true,"href":"https:\/\/www.comuna13online.com.ar\/index.php?rest_route=%2Fwp%2Fv2%2Fcomments&post=9111"}],"version-history":[{"count":0,"href":"https:\/\/www.comuna13online.com.ar\/index.php?rest_route=\/wp\/v2\/posts\/9111\/revisions"}],"wp:featuredmedia":[{"embeddable":true,"href":"https:\/\/www.comuna13online.com.ar\/index.php?rest_route=\/wp\/v2\/media\/9113"}],"wp:attachment":[{"href":"https:\/\/www.comuna13online.com.ar\/index.php?rest_route=%2Fwp%2Fv2%2Fmedia&parent=9111"}],"wp:term":[{"taxonomy":"category","embeddable":true,"href":"https:\/\/www.comuna13online.com.ar\/index.php?rest_route=%2Fwp%2Fv2%2Fcategories&post=9111"},{"taxonomy":"post_tag","embeddable":true,"href":"https:\/\/www.comuna13online.com.ar\/index.php?rest_route=%2Fwp%2Fv2%2Ftags&post=9111"}],"curies":[{"name":"wp","href":"https:\/\/api.w.org\/{rel}","templated":true}]}}