{"id":9103,"date":"2020-04-12T13:28:41","date_gmt":"2020-04-12T16:28:41","guid":{"rendered":"http:\/\/www.comuna13online.com.ar\/?p=9103"},"modified":"2020-04-12T13:28:45","modified_gmt":"2020-04-12T16:28:45","slug":"la-ciudad-refuerza-la-salud-con-19-unidades-febriles-para-atencion-exclusiva-de-coronavirus","status":"publish","type":"post","link":"https:\/\/www.comuna13online.com.ar\/?p=9103","title":{"rendered":"La Ciudad refuerza la salud con 19 unidades febriles para atenci\u00f3n exclusiva de coronavirus"},"content":{"rendered":"\n<p><strong>Se ubican en espacios anexos fuera de los hospitales de alta complejidad porte\u00f1os y se utilizan para que los pacientes no se mezclen con quienes necesitan atenderse en las guardias.<\/strong><\/p>\n\n\n\n<figure class=\"wp-block-image size-large\"><img loading=\"lazy\" decoding=\"async\" width=\"657\" height=\"438\" data-attachment-id=\"9108\" data-permalink=\"https:\/\/www.comuna13online.com.ar\/?attachment_id=9108\" data-orig-file=\"https:\/\/www.comuna13online.com.ar\/wp-content\/uploads\/2020\/04\/20200412a2.jpg\" data-orig-size=\"678,452\" data-comments-opened=\"0\" data-image-meta=\"{&quot;aperture&quot;:&quot;0&quot;,&quot;credit&quot;:&quot;&quot;,&quot;camera&quot;:&quot;&quot;,&quot;caption&quot;:&quot;&quot;,&quot;created_timestamp&quot;:&quot;0&quot;,&quot;copyright&quot;:&quot;&quot;,&quot;focal_length&quot;:&quot;0&quot;,&quot;iso&quot;:&quot;0&quot;,&quot;shutter_speed&quot;:&quot;0&quot;,&quot;title&quot;:&quot;&quot;,&quot;orientation&quot;:&quot;0&quot;}\" data-image-title=\"20200412a2\" data-image-description=\"\" data-image-caption=\"\" data-large-file=\"https:\/\/www.comuna13online.com.ar\/wp-content\/uploads\/2020\/04\/20200412a2-657x438.jpg\" src=\"http:\/\/www.comuna13online.com.ar\/wp-content\/uploads\/2020\/04\/20200412a2-657x438.jpg\" alt=\"\" class=\"wp-image-9108\" srcset=\"https:\/\/www.comuna13online.com.ar\/wp-content\/uploads\/2020\/04\/20200412a2-657x438.jpg 657w, https:\/\/www.comuna13online.com.ar\/wp-content\/uploads\/2020\/04\/20200412a2-272x182.jpg 272w, https:\/\/www.comuna13online.com.ar\/wp-content\/uploads\/2020\/04\/20200412a2.jpg 678w\" sizes=\"auto, (max-width: 657px) 100vw, 657px\" \/><\/figure>\n\n\n\n<p>El Gobierno de la Ciudad instala 19 Unidades Febriles de Urgencia (UFU) para atender de forma segura a pacientes sospechosos de coronavirus en hospitales porte\u00f1os. <\/p>\n\n\n\n<p>Las mismas se instalan en espacios anexos, fuera del edificio de los hospitales de alta complejidad para que los pacientes no se mezclen con quienes necesitan atenderse en las guardias y as\u00ed evitar aglomeraciones, prevenir la propagaci\u00f3n del virus y atender en forma r\u00e1pida a posibles portadores.<\/p>\n\n\n\n<div align=\"center\">\n<blockquote class=\"twitter-tweet\"><p lang=\"es\" dir=\"ltr\">Con <a href=\"https:\/\/twitter.com\/diegosantilli?ref_src=twsrc%5Etfw\">@diegosantilli<\/a>, <a href=\"https:\/\/twitter.com\/FelipeMiguelBA?ref_src=twsrc%5Etfw\">@FelipeMiguelBA<\/a>, <a href=\"https:\/\/twitter.com\/FernanQuirosBA?ref_src=twsrc%5Etfw\">@FernanQuirosBA<\/a> y <a href=\"https:\/\/twitter.com\/claramuzzio?ref_src=twsrc%5Etfw\">@claramuzzio<\/a> en el Hospital Penna, donde ya funciona una de las Unidades Febriles de Urgencia que sumamos en 18 hospitales de la Ciudad para atender mejor y m\u00e1s r\u00e1pido los casos sospechosos de coronavirus. <a href=\"https:\/\/t.co\/oMS4ZW3Ws8\">pic.twitter.com\/oMS4ZW3Ws8<\/a><\/p>&mdash; Horacio Rodr\u00edguez Larreta \u270b???? (@horaciorlarreta) <a href=\"https:\/\/twitter.com\/horaciorlarreta\/status\/1248669220482793479?ref_src=twsrc%5Etfw\">April 10, 2020<\/a><\/blockquote> <script async src=\"https:\/\/platform.twitter.com\/widgets.js\" charset=\"utf-8\"><\/script>\n<\/div>\n\n\n\n<p>Las UFU est\u00e1n anexadas a 18 hospitales distribuidos en toda la Ciudad y atender\u00e1n \u00fanicamente a personas que presenten s\u00edntomas compatibles con el COVID-19, como deficiencia respiratoria y que tengan o hayan tenido en los \u00faltimos d\u00edas fiebre.<\/p>\n\n\n\n<p>Luego de una primera evaluaci\u00f3n se definir\u00e1 si se trata o no de un caso sospechoso. Los casos descartados ser\u00e1n derivados a las guardias mientras que los sospechosos ser\u00e1n transferidos a una Unidad de Aislamiento (UTA). En esta \u00faltima, los pacientes aguardar\u00e1n en forma segura para ser trasladados al hospital que corresponda seg\u00fan el caso.<\/p>\n\n\n\n<figure class=\"wp-block-image size-full\"><img loading=\"lazy\" decoding=\"async\" width=\"678\" height=\"389\" data-attachment-id=\"9104\" data-permalink=\"https:\/\/www.comuna13online.com.ar\/?attachment_id=9104\" data-orig-file=\"https:\/\/www.comuna13online.com.ar\/wp-content\/uploads\/2020\/04\/ufus.gif\" data-orig-size=\"678,389\" data-comments-opened=\"0\" data-image-meta=\"{&quot;aperture&quot;:&quot;0&quot;,&quot;credit&quot;:&quot;&quot;,&quot;camera&quot;:&quot;&quot;,&quot;caption&quot;:&quot;&quot;,&quot;created_timestamp&quot;:&quot;0&quot;,&quot;copyright&quot;:&quot;&quot;,&quot;focal_length&quot;:&quot;0&quot;,&quot;iso&quot;:&quot;0&quot;,&quot;shutter_speed&quot;:&quot;0&quot;,&quot;title&quot;:&quot;&quot;,&quot;orientation&quot;:&quot;0&quot;}\" data-image-title=\"ufus\" data-image-description=\"\" data-image-caption=\"\" data-large-file=\"https:\/\/www.comuna13online.com.ar\/wp-content\/uploads\/2020\/04\/ufus.gif\" src=\"http:\/\/www.comuna13online.com.ar\/wp-content\/uploads\/2020\/04\/ufus.gif\" alt=\"\" class=\"wp-image-9104\"\/><\/figure>\n\n\n\n<p>La construcci\u00f3n consiste en m\u00f3dulos sanitarios de r\u00e1pida ejecuci\u00f3n, cada uno con su propio consultorio m\u00e9dico aislado del resto del hospital. Adem\u00e1s est\u00e1n equipadas con todos los medios de prevenci\u00f3n necesaria para el cuidado del personal sanitario.<\/p>\n\n\n\n<p>Horacio Rodr\u00ecguez Larreta visit\u00f3 junto al Ministro de Salud porte\u00f1o,\u00a0Fern\u00e1n Quir\u00f3s, la Unidad Febril de Urgencia del Hospital General de Agudos Jos\u00e9 Mar\u00eda Penna, <em>\u201cHay que tomar todos los recaudos posibles ante el previsible aumento de casos\u201d<\/em>, expres\u00f3.<\/p>\n\n\n\n<p>Adem\u00e1s, el Jefe de Gobierno porte\u00f1o destac\u00f3 el hecho de que <em>\u201clas primeras medidas fueran anunciadas cuando ni siquiera hab\u00eda un caso en la Argentina\u201d<\/em>, y agreg\u00f3: <em>\u201cTrabajamos para anticiparnos, tomando la experiencia de otros pa\u00edses\u201d<\/em>.<\/p>\n\n\n\n<p><em>\u201cEl objetivo de estas unidades es que no haya ninguna posibilidad de contacto entre los casos sospechosos y el resto de las personas\u201d<\/em> detall\u00f3.<\/p>\n\n\n\n<figure class=\"wp-block-image size-large\"><img loading=\"lazy\" decoding=\"async\" width=\"657\" height=\"438\" data-attachment-id=\"9105\" data-permalink=\"https:\/\/www.comuna13online.com.ar\/?attachment_id=9105\" data-orig-file=\"https:\/\/www.comuna13online.com.ar\/wp-content\/uploads\/2020\/04\/20200412a1.jpg\" data-orig-size=\"678,452\" data-comments-opened=\"0\" data-image-meta=\"{&quot;aperture&quot;:&quot;0&quot;,&quot;credit&quot;:&quot;&quot;,&quot;camera&quot;:&quot;&quot;,&quot;caption&quot;:&quot;&quot;,&quot;created_timestamp&quot;:&quot;0&quot;,&quot;copyright&quot;:&quot;&quot;,&quot;focal_length&quot;:&quot;0&quot;,&quot;iso&quot;:&quot;0&quot;,&quot;shutter_speed&quot;:&quot;0&quot;,&quot;title&quot;:&quot;&quot;,&quot;orientation&quot;:&quot;0&quot;}\" data-image-title=\"20200412a1\" data-image-description=\"\" data-image-caption=\"\" data-large-file=\"https:\/\/www.comuna13online.com.ar\/wp-content\/uploads\/2020\/04\/20200412a1-657x438.jpg\" src=\"http:\/\/www.comuna13online.com.ar\/wp-content\/uploads\/2020\/04\/20200412a1-657x438.jpg\" alt=\"\" class=\"wp-image-9105\" srcset=\"https:\/\/www.comuna13online.com.ar\/wp-content\/uploads\/2020\/04\/20200412a1-657x438.jpg 657w, https:\/\/www.comuna13online.com.ar\/wp-content\/uploads\/2020\/04\/20200412a1-272x182.jpg 272w, https:\/\/www.comuna13online.com.ar\/wp-content\/uploads\/2020\/04\/20200412a1.jpg 678w\" sizes=\"auto, (max-width: 657px) 100vw, 657px\" \/><\/figure>\n\n\n\n<h4 class=\"wp-block-heading\"><span style=\"color:#2bad91\" class=\"has-inline-color\">\u00bfC\u00f3mo funcionan las UFO?<\/span><\/h4>\n\n\n\n<p>Est\u00e1n habilitadas los siete d\u00edas de la semana para personas con s\u00edntomas relacionados con el Covid19. En principio funcionar\u00e1n de Las primeras UFU iniciar\u00e1n actividades con una jornada de 8 a 20 e ir\u00e1n aumentando los horarios de atenci\u00f3n y se ir\u00e1n multiplicando seg\u00fan se necesite.<\/p>\n\n\n\n<p>Los pacientes ser\u00e1n recibidos por un orientador que comprobar\u00e1 que todos los que ingresen a las UFU lo hagan por s\u00edntomas de coronavirus. Las personas ser\u00e1n atendidas por orden de llegada, excepto que en casos graves, y se les proveer\u00e1 un barbijo a los que presenten s\u00edntomas respiratorios.<\/p>\n\n\n\n<p>Luego ingresar\u00e1n a un consultorio donde se evaluar\u00e1n sus signos vitales (frecuencia respiratoria, frecuencia cardiaca, saturaci\u00f3n de ox\u00edgeno a aire ambiental, tensi\u00f3n arterial y temperatura) y examen f\u00edsico respiratorio.<\/p>\n\n\n\n<p style=\"color:#2bad91\" class=\"has-text-color\"><strong>Las fechas de arranque de cada UFU son:<\/strong><\/p>\n\n\n\n<ul class=\"wp-block-list\"><li><strong>Viernes 10\/04:<\/strong>\u00a0Hospital Rivadavia<\/li><li><strong>S\u00e1bado 11\/04:<\/strong>\u00a0Hospital Penna<\/li><li><strong>Lunes 13\/04<\/strong>: Hospital Durand<\/li><li><strong>Martes 14\/04:<\/strong>\u00a0Hospital Pi\u00f1ero<\/li><li><strong>Mi\u00e9rcoles 15\/04<\/strong>: Hospital Santojanni<\/li><li><strong>Jueves 16\/04:<\/strong>\u00a0Hospital Mu\u00f1iz<\/li><\/ul>\n\n\n\n<p style=\"color:#2bad91\" class=\"has-text-color\"><strong>Opciones:<\/strong><\/p>\n\n\n\n<ul class=\"wp-block-list\"><li>Si el cuadro es leve ser\u00e1 analizado mediante hisopado y PCR y aislado en las unidades transitorias de aislamiento. Si el hospital cuenta con an\u00e1lisis PCR Covid19 los pacientes aislados podr\u00e1n esperar el resultado en la unidad de aislamiento para luego ser derivados a los hoteles y centros de distanciamiento que el GCBA tiene preparados.<\/li><li>Si es moderado va a un hospital en sala de piso (internaci\u00f3n).<\/li><li>Si es grave se lo deriva a una unidad de cuidados intensivos.<\/li><\/ul>\n\n\n\n<figure class=\"wp-block-image size-large\"><img loading=\"lazy\" decoding=\"async\" width=\"657\" height=\"438\" data-attachment-id=\"9109\" data-permalink=\"https:\/\/www.comuna13online.com.ar\/?attachment_id=9109\" data-orig-file=\"https:\/\/www.comuna13online.com.ar\/wp-content\/uploads\/2020\/04\/20200412a3.jpg\" data-orig-size=\"678,452\" data-comments-opened=\"0\" data-image-meta=\"{&quot;aperture&quot;:&quot;0&quot;,&quot;credit&quot;:&quot;&quot;,&quot;camera&quot;:&quot;&quot;,&quot;caption&quot;:&quot;&quot;,&quot;created_timestamp&quot;:&quot;0&quot;,&quot;copyright&quot;:&quot;&quot;,&quot;focal_length&quot;:&quot;0&quot;,&quot;iso&quot;:&quot;0&quot;,&quot;shutter_speed&quot;:&quot;0&quot;,&quot;title&quot;:&quot;&quot;,&quot;orientation&quot;:&quot;0&quot;}\" data-image-title=\"20200412a3\" data-image-description=\"\" data-image-caption=\"\" data-large-file=\"https:\/\/www.comuna13online.com.ar\/wp-content\/uploads\/2020\/04\/20200412a3-657x438.jpg\" src=\"http:\/\/www.comuna13online.com.ar\/wp-content\/uploads\/2020\/04\/20200412a3-657x438.jpg\" alt=\"\" class=\"wp-image-9109\" srcset=\"https:\/\/www.comuna13online.com.ar\/wp-content\/uploads\/2020\/04\/20200412a3-657x438.jpg 657w, https:\/\/www.comuna13online.com.ar\/wp-content\/uploads\/2020\/04\/20200412a3-272x182.jpg 272w, https:\/\/www.comuna13online.com.ar\/wp-content\/uploads\/2020\/04\/20200412a3.jpg 678w\" sizes=\"auto, (max-width: 657px) 100vw, 657px\" \/><\/figure>\n\n\n\n<h4><span style=\"color:#2bad91\" class=\"has-inline-color\">\u00bfQui\u00e9nes deben ir a las unidades febriles de urgencia?<\/span><\/h4>\n\n\n\n<p>Las personas que tengan s\u00edntomas relacionados con el covid: fiebre de m\u00e1s de 37,5 grados en ese momento o en los \u00faltimos d\u00edas, tos, mocos, y dificultades para respirar. Se recomienda no ir a los Cesac, sin embargo all\u00ed tambi\u00e9n se har\u00e1n los Triage de detecci\u00f3n de casos. Al identificarlos, se tomar\u00e1n las medidas de aislamiento y se los trasladar\u00e1 a las UFU para la toma de muestra y diagn\u00f3stico precoz. Las personas con s\u00edntomas no deben ir a la Guardia del hospital.<\/p>\n\n\n\n<h4><span style=\"color:#2bad91\" class=\"has-inline-color\">\u00bfQu\u00e9 pasa si el diagn\u00f3stico es positivo?<\/span><\/h4>\n\n\n\n<p>El diagn\u00f3stico es de sospechoso o no sospechoso. En caso de ser sospechoso se a\u00edsla a la persona en las unidades transitorias de aislamiento hasta el momento de la derivaci\u00f3n a un hotel u hospital.<\/p>\n\n\n\n<h4><span style=\"color:#2bad91\" class=\"has-inline-color\">\u00bfQu\u00e9 pasa si la persona no vive en la provincia de Buenos Aires?<\/span><\/h4>\n\n\n\n<p>Se resolver\u00e1 con cada Municipio la derivaci\u00f3n.<\/p>\n\n\n\n<h4><span style=\"color:#2bad91\" class=\"has-inline-color\">\u00bfSi la persona tiene obra social privada la atienden igual?<\/span><\/h4>\n\n\n\n<p>S\u00ed, se revisar\u00e1 a todos. En caso de presentar s\u00edntomas sospechosos se comunicar\u00e1 a la obra social privada y el paciente esperar\u00e1 el traslado en la unidad transitoria de aislamiento hasta que el privado lo lleve a un hospital privado.<\/p>\n\n\n\n<h4><span style=\"color:#2bad91\" class=\"has-inline-color\">\u00bfQui\u00e9nes atender\u00e1n?<\/span><\/h4>\n\n\n\n<p>La atenci\u00f3n de las UFU y de las UTA corresponder\u00e1 a personal especializado en medicina. En cada una de las UFU habr\u00e1 enfermeros, m\u00e9dicos de guardia, y el n\u00famero suficiente de orientadores y derivadores para la atenci\u00f3n de los pacientes. Estos \u00faltimos ser\u00e1n estudiantes de las carreras de enfermer\u00eda y medicina. Y cada UFU depende org\u00e1nicamente del Hospital de Agudos en que sea instalada.La log\u00edstica de traslado de pacientes aislados en las UTA hacia espacios extra hospitalarios quedar\u00e1 a cargo de la Secretar\u00eda de Transporte de la Ciudad.<\/p>\n\n\n\n<figure class=\"wp-block-image size-large\"><img loading=\"lazy\" decoding=\"async\" width=\"657\" height=\"438\" data-attachment-id=\"9106\" data-permalink=\"https:\/\/www.comuna13online.com.ar\/?attachment_id=9106\" data-orig-file=\"https:\/\/www.comuna13online.com.ar\/wp-content\/uploads\/2020\/04\/20200412a4.jpg\" data-orig-size=\"678,452\" data-comments-opened=\"0\" data-image-meta=\"{&quot;aperture&quot;:&quot;0&quot;,&quot;credit&quot;:&quot;&quot;,&quot;camera&quot;:&quot;&quot;,&quot;caption&quot;:&quot;&quot;,&quot;created_timestamp&quot;:&quot;0&quot;,&quot;copyright&quot;:&quot;&quot;,&quot;focal_length&quot;:&quot;0&quot;,&quot;iso&quot;:&quot;0&quot;,&quot;shutter_speed&quot;:&quot;0&quot;,&quot;title&quot;:&quot;&quot;,&quot;orientation&quot;:&quot;0&quot;}\" data-image-title=\"20200412a4\" data-image-description=\"\" data-image-caption=\"\" data-large-file=\"https:\/\/www.comuna13online.com.ar\/wp-content\/uploads\/2020\/04\/20200412a4-657x438.jpg\" src=\"http:\/\/www.comuna13online.com.ar\/wp-content\/uploads\/2020\/04\/20200412a4-657x438.jpg\" alt=\"\" class=\"wp-image-9106\" srcset=\"https:\/\/www.comuna13online.com.ar\/wp-content\/uploads\/2020\/04\/20200412a4-657x438.jpg 657w, https:\/\/www.comuna13online.com.ar\/wp-content\/uploads\/2020\/04\/20200412a4-272x182.jpg 272w, https:\/\/www.comuna13online.com.ar\/wp-content\/uploads\/2020\/04\/20200412a4.jpg 678w\" sizes=\"auto, (max-width: 657px) 100vw, 657px\" \/><\/figure>\n\n\n\n<h4><span style=\"color:#2bad91\" class=\"has-inline-color\">\u00bfC\u00f3mo est\u00e1n equipados?<\/span><\/h4>\n\n\n\n<ul class=\"wp-block-list\"><li>Dos consultorios de interrogatorio, atendidos por enfermeros de turno y equipados con computadores y tel\u00e9fono.<\/li><li>Cuatro consultorios m\u00e9dicos, atendidos por cuatro m\u00e9dicos por turno y equipados con computadora e impresora.<\/li><li>Dep\u00f3sito con insumos de limpieza y tacho de residuos patog\u00e9nicos.<\/li><li>Dep\u00f3sito con los insumos esterilizados (material nuevo) y las muestras biol\u00f3gicas (material de hisopado realizado) correctamente sectorizados y distanciados entre s\u00ed. El material de hisopado realizado y su renovaci\u00f3n ser\u00e1 realizado por unidades de traslado de log\u00edstica del Ministerio de Salud.<\/li><li>Un puesto para coordinador de las Unidades Transitorias de Aislamiento (UTA).<\/li><li>Anexo a la UFU habr\u00e1 tres Unidades Transitorias de Aislamiento (UTA) con nueve salas donde ser\u00e1n aislados posibles pacientes de coronavirus hasta su traslado y derivaci\u00f3n.<\/li><\/ul>\n","protected":false},"excerpt":{"rendered":"<div class=\"mh-excerpt\">Se ubican en espacios anexos fuera de los hospitales de alta complejidad porte\u00f1os y se utilizan para que los pacientes no se mezclen con quienes necesitan atenderse en las guardias. <a class=\"mh-excerpt-more\" href=\"https:\/\/www.comuna13online.com.ar\/?p=9103\" title=\"La Ciudad refuerza la salud con 19 unidades febriles para atenci\u00f3n exclusiva de coronavirus\">[&#8230;]<\/a><\/div>\n","protected":false},"author":1,"featured_media":9107,"comment_status":"closed","ping_status":"closed","sticky":false,"template":"","format":"standard","meta":{"_uag_custom_page_level_css":"","_jetpack_memberships_contains_paid_content":false,"footnotes":"","jetpack_publicize_message":"","jetpack_publicize_feature_enabled":true,"jetpack_social_post_already_shared":true,"jetpack_social_options":{"image_generator_settings":{"template":"highway","default_image_id":0,"font":"","enabled":false},"version":2}},"categories":[44],"tags":[271,246,250,45],"class_list":{"0":"post-9103","1":"post","2":"type-post","3":"status-publish","4":"format-standard","5":"has-post-thumbnail","7":"category-salud","8":"tag-coronavirus","9":"tag-h1","10":"tag-h2","11":"tag-salud"},"jetpack_publicize_connections":[],"jetpack_featured_media_url":"https:\/\/www.comuna13online.com.ar\/wp-content\/uploads\/2020\/04\/20200412a.jpg","uagb_featured_image_src":{"full":["https:\/\/www.comuna13online.com.ar\/wp-content\/uploads\/2020\/04\/20200412a.jpg",1030,438,false],"thumbnail":["https:\/\/www.comuna13online.com.ar\/wp-content\/uploads\/2020\/04\/20200412a-150x150.jpg",96,96,true],"medium":["https:\/\/www.comuna13online.com.ar\/wp-content\/uploads\/2020\/04\/20200412a-678x288.jpg",678,288,true],"medium_large":["https:\/\/www.comuna13online.com.ar\/wp-content\/uploads\/2020\/04\/20200412a-768x327.jpg",768,327,true],"large":["https:\/\/www.comuna13online.com.ar\/wp-content\/uploads\/2020\/04\/20200412a.jpg",1030,438,false],"1536x1536":["https:\/\/www.comuna13online.com.ar\/wp-content\/uploads\/2020\/04\/20200412a.jpg",1030,438,false],"2048x2048":["https:\/\/www.comuna13online.com.ar\/wp-content\/uploads\/2020\/04\/20200412a.jpg",1030,438,false],"mh-magazine-slider":["https:\/\/www.comuna13online.com.ar\/wp-content\/uploads\/2020\/04\/20200412a.jpg",1030,438,false],"mh-magazine-content":["https:\/\/www.comuna13online.com.ar\/wp-content\/uploads\/2020\/04\/20200412a-678x381.jpg",678,381,true],"mh-magazine-large":["https:\/\/www.comuna13online.com.ar\/wp-content\/uploads\/2020\/04\/20200412a-678x438.jpg",678,438,true],"mh-magazine-medium":["https:\/\/www.comuna13online.com.ar\/wp-content\/uploads\/2020\/04\/20200412a-326x245.jpg",326,245,true],"mh-magazine-small":["https:\/\/www.comuna13online.com.ar\/wp-content\/uploads\/2020\/04\/20200412a-80x60.jpg",80,60,true],"sow-carousel-default":["https:\/\/www.comuna13online.com.ar\/wp-content\/uploads\/2020\/04\/20200412a-272x182.jpg",272,182,true]},"uagb_author_info":{"display_name":"Comuna13","author_link":"https:\/\/www.comuna13online.com.ar\/?author=1"},"uagb_comment_info":0,"uagb_excerpt":"Se ubican en espacios anexos fuera de los hospitales de alta complejidad porte\u00f1os y se utilizan para que los pacientes no se mezclen con quienes necesitan atenderse en las guardias. [...]","jetpack_sharing_enabled":true,"_links":{"self":[{"href":"https:\/\/www.comuna13online.com.ar\/index.php?rest_route=\/wp\/v2\/posts\/9103","targetHints":{"allow":["GET"]}}],"collection":[{"href":"https:\/\/www.comuna13online.com.ar\/index.php?rest_route=\/wp\/v2\/posts"}],"about":[{"href":"https:\/\/www.comuna13online.com.ar\/index.php?rest_route=\/wp\/v2\/types\/post"}],"author":[{"embeddable":true,"href":"https:\/\/www.comuna13online.com.ar\/index.php?rest_route=\/wp\/v2\/users\/1"}],"replies":[{"embeddable":true,"href":"https:\/\/www.comuna13online.com.ar\/index.php?rest_route=%2Fwp%2Fv2%2Fcomments&post=9103"}],"version-history":[{"count":0,"href":"https:\/\/www.comuna13online.com.ar\/index.php?rest_route=\/wp\/v2\/posts\/9103\/revisions"}],"wp:featuredmedia":[{"embeddable":true,"href":"https:\/\/www.comuna13online.com.ar\/index.php?rest_route=\/wp\/v2\/media\/9107"}],"wp:attachment":[{"href":"https:\/\/www.comuna13online.com.ar\/index.php?rest_route=%2Fwp%2Fv2%2Fmedia&parent=9103"}],"wp:term":[{"taxonomy":"category","embeddable":true,"href":"https:\/\/www.comuna13online.com.ar\/index.php?rest_route=%2Fwp%2Fv2%2Fcategories&post=9103"},{"taxonomy":"post_tag","embeddable":true,"href":"https:\/\/www.comuna13online.com.ar\/index.php?rest_route=%2Fwp%2Fv2%2Ftags&post=9103"}],"curies":[{"name":"wp","href":"https:\/\/api.w.org\/{rel}","templated":true}]}}