{"id":8925,"date":"2020-04-01T10:30:27","date_gmt":"2020-04-01T13:30:27","guid":{"rendered":"http:\/\/www.comuna13online.com.ar\/?p=8925"},"modified":"2020-04-01T10:33:07","modified_gmt":"2020-04-01T13:33:07","slug":"campana-ayudando-a-quienes-nos-ayudan-para-colaborar-con-el-htal-fernandez","status":"publish","type":"post","link":"https:\/\/www.comuna13online.com.ar\/?p=8925","title":{"rendered":"Campa\u00f1a \u00abAyudando a quienes nos ayudan\u00bb para colaborar con el Htal. Fern\u00e1ndez"},"content":{"rendered":"<p><b>La Fundaci\u00f3n Juan A. Fern\u00e1ndez hizo llegar a nuestra redacci\u00f3n una gacetilla para su difusi\u00f3n sobre su campa\u00f1a que busca alentar las donaciones para cuidar a quienes nos cuidan.<\/b><\/p>\n<p>El Hospital Dr. Juan A. Fern\u00e1ndez es un referente indiscutido dentro del sistema de la salud p\u00fablica de la Ciudad de Buenos Aires y con proyecci\u00f3n nacional. La pandemia del coronavirus lo encuentra prepar\u00e1ndose, adecuando sus recursos e instalaciones para hacerle frente.<\/p>\n<p>Por eso, la Fundaci\u00f3n Fern\u00e1ndez lanza su campa\u00f1a \u201cAyudando a quienes nos ayudan\u201d, \u00a0poniendo el foco en dotar al personal de la salud del hospital de elementos imprescindibles para su noble trabajo.<\/p>\n<p>La ONG acaba de donar a su hospital mil kits con mamelucos, guantes, barbijos, m\u00e1scaras faciales y term\u00f3metros. Es\u00a0 solo el comienzo. Falta mucho por hacer. El coronavirus nos exige dar lo mejor\u00a0 y el hospital espera y necesita lo mejor de nosotros.<\/p>\n<div align=\"center\"><iframe loading=\"lazy\" style=\"border: none; overflow: hidden;\" src=\"https:\/\/www.facebook.com\/plugins\/post.php?href=https%3A%2F%2Fwww.facebook.com%2Ffundaciondrjuanfernandez%2Fposts%2F3425342967492796&amp;width=500\" width=\"500\" height=\"764\" frameborder=\"0\" scrolling=\"no\"><\/iframe><\/div>\n<p>La Fundaci\u00f3n Fern\u00e1ndez invita a sumarse a trav\u00e9s de una donaci\u00f3n en su cuenta corriente del Banco Galicia:<\/p>\n<ul>\n<li>N\u00b0 3740-0 133-1<\/li>\n<li>Nombre: FUNDACI\u00d3N DR. JUAN A. FERNANDEZ<\/li>\n<li>CUIT 30-69316979-4<\/li>\n<li>CBU 0070133020000003740011<\/li>\n<li>ALIAS: fundafer3231<\/li>\n<\/ul>\n<p>La presidenta de la Fundaci\u00f3n, la Sra. Miriam Bag\u00f3, expres\u00f3 <em><strong>\u201ces el momento en que todos nos unamos para cuidarnos mejor\u201d<\/strong><\/em>.<\/p>\n<p><strong>Se puede seguir la campa\u00f1a en:<\/strong><\/p>\n<p>Twitter: <a href=\"https:\/\/twitter.com\/fundfernandez\" target=\"_blank\" rel=\"noopener noreferrer\">@FundFernandez<\/a><\/p>\n<p>Facebook: <a href=\"https:\/\/www.facebook.com\/fundaciondrjuanfernandez\/\" target=\"_blank\" rel=\"noopener noreferrer\">fundaciondrjuanfernandez<\/a><\/p>\n<p>Instagram: <a href=\"https:\/\/www.instagram.com\/fundfernandez\/\" target=\"_blank\" rel=\"noopener noreferrer\">@fundfernandez<\/a><\/p>\n<p><a href=\"http:\/\/www.fundacionfernandez.org\" target=\"_blank\" rel=\"noopener noreferrer\">http:\/\/www.fundacionfernandez.org<\/a><\/p>\n<p><img loading=\"lazy\" decoding=\"async\" data-attachment-id=\"99\" data-permalink=\"https:\/\/www.comuna13online.com.ar\/?attachment_id=99\" data-orig-file=\"https:\/\/www.comuna13online.com.ar\/wp-content\/uploads\/2017\/12\/line.jpg\" data-orig-size=\"678,1\" data-comments-opened=\"0\" data-image-meta=\"{&quot;aperture&quot;:&quot;0&quot;,&quot;credit&quot;:&quot;&quot;,&quot;camera&quot;:&quot;&quot;,&quot;caption&quot;:&quot;&quot;,&quot;created_timestamp&quot;:&quot;0&quot;,&quot;copyright&quot;:&quot;&quot;,&quot;focal_length&quot;:&quot;0&quot;,&quot;iso&quot;:&quot;0&quot;,&quot;shutter_speed&quot;:&quot;0&quot;,&quot;title&quot;:&quot;&quot;,&quot;orientation&quot;:&quot;0&quot;}\" data-image-title=\"line\" data-image-description=\"\" data-image-caption=\"\" data-large-file=\"https:\/\/www.comuna13online.com.ar\/wp-content\/uploads\/2017\/12\/line.jpg\" class=\"alignnone size-full wp-image-99\" src=\"http:\/\/www.comuna13online.com.ar\/wp-content\/uploads\/2017\/12\/line.jpg\" alt=\"\" width=\"678\" height=\"1\" srcset=\"https:\/\/www.comuna13online.com.ar\/wp-content\/uploads\/2017\/12\/line.jpg 678w, https:\/\/www.comuna13online.com.ar\/wp-content\/uploads\/2017\/12\/line-150x1.jpg 150w, https:\/\/www.comuna13online.com.ar\/wp-content\/uploads\/2017\/12\/line-326x1.jpg 326w, https:\/\/www.comuna13online.com.ar\/wp-content\/uploads\/2017\/12\/line-80x1.jpg 80w, https:\/\/www.comuna13online.com.ar\/wp-content\/uploads\/2017\/12\/line-272x1.jpg 272w\" sizes=\"auto, (max-width: 678px) 100vw, 678px\" \/><\/p>\n<h3><img loading=\"lazy\" decoding=\"async\" data-attachment-id=\"8926\" data-permalink=\"https:\/\/www.comuna13online.com.ar\/?attachment_id=8926\" data-orig-file=\"https:\/\/www.comuna13online.com.ar\/wp-content\/uploads\/2020\/04\/fundacion-fernandez.png\" data-orig-size=\"74,74\" data-comments-opened=\"0\" data-image-meta=\"{&quot;aperture&quot;:&quot;0&quot;,&quot;credit&quot;:&quot;&quot;,&quot;camera&quot;:&quot;&quot;,&quot;caption&quot;:&quot;&quot;,&quot;created_timestamp&quot;:&quot;0&quot;,&quot;copyright&quot;:&quot;&quot;,&quot;focal_length&quot;:&quot;0&quot;,&quot;iso&quot;:&quot;0&quot;,&quot;shutter_speed&quot;:&quot;0&quot;,&quot;title&quot;:&quot;&quot;,&quot;orientation&quot;:&quot;0&quot;}\" data-image-title=\"fundacion-fernandez\" data-image-description=\"\" data-image-caption=\"\" data-large-file=\"https:\/\/www.comuna13online.com.ar\/wp-content\/uploads\/2020\/04\/fundacion-fernandez.png\" class=\"alignnone size-full wp-image-8926\" src=\"http:\/\/www.comuna13online.com.ar\/wp-content\/uploads\/2020\/04\/fundacion-fernandez.png\" alt=\"\" width=\"74\" height=\"74\" \/><strong>Fundaci\u00f3n Juan A. Fern\u00e1ndez<\/strong><\/h3>\n<p>El objetivo de la fundaci\u00f3n es lograr, a trav\u00e9s de todas las donaciones y aportes recibidos, dotar al Hospital de la m\u00e1s moderna aparatolog\u00eda, instrumental y equipamiento para optimizar la excelencia en la prestaci\u00f3n m\u00e9dico hospitalaria del \u00abHospital de Agudos Dr. Juan A. Fern\u00e1ndez\u00bb<\/p>\n<p><iframe loading=\"lazy\" src=\"https:\/\/www.youtube.com\/embed\/f6K5rXF9X6M\" width=\"678\" height=\"381\" frameborder=\"0\" allowfullscreen=\"allowfullscreen\"><span data-mce-type=\"bookmark\" style=\"display: inline-block; width: 0px; overflow: hidden; line-height: 0;\" class=\"mce_SELRES_start\">\ufeff<\/span><\/iframe><\/p>\n<p><img loading=\"lazy\" decoding=\"async\" data-attachment-id=\"8918\" data-permalink=\"https:\/\/www.comuna13online.com.ar\/?attachment_id=8918\" data-orig-file=\"https:\/\/www.comuna13online.com.ar\/wp-content\/uploads\/2020\/04\/corona2.jpg\" data-orig-size=\"678,180\" data-comments-opened=\"0\" data-image-meta=\"{&quot;aperture&quot;:&quot;0&quot;,&quot;credit&quot;:&quot;&quot;,&quot;camera&quot;:&quot;&quot;,&quot;caption&quot;:&quot;&quot;,&quot;created_timestamp&quot;:&quot;0&quot;,&quot;copyright&quot;:&quot;&quot;,&quot;focal_length&quot;:&quot;0&quot;,&quot;iso&quot;:&quot;0&quot;,&quot;shutter_speed&quot;:&quot;0&quot;,&quot;title&quot;:&quot;&quot;,&quot;orientation&quot;:&quot;0&quot;}\" data-image-title=\"corona2\" data-image-description=\"\" data-image-caption=\"\" data-large-file=\"https:\/\/www.comuna13online.com.ar\/wp-content\/uploads\/2020\/04\/corona2.jpg\" class=\"alignnone size-full wp-image-8918\" src=\"http:\/\/www.comuna13online.com.ar\/wp-content\/uploads\/2020\/04\/corona2.jpg\" alt=\"\" width=\"678\" height=\"180\" \/><\/p>\n","protected":false},"excerpt":{"rendered":"<div class=\"mh-excerpt\">La Fundaci\u00f3n Juan A. Fern\u00e1ndez hizo llegar a nuestra redacci\u00f3n una gacetilla para su difusi\u00f3n sobre su campa\u00f1a que busca alentar las donaciones para cuidar a quienes nos cuidan. El <a class=\"mh-excerpt-more\" href=\"https:\/\/www.comuna13online.com.ar\/?p=8925\" title=\"Campa\u00f1a \u00abAyudando a quienes nos ayudan\u00bb para colaborar con el Htal. Fern\u00e1ndez\">[&#8230;]<\/a><\/div>\n","protected":false},"author":1,"featured_media":8927,"comment_status":"closed","ping_status":"closed","sticky":false,"template":"","format":"standard","meta":{"_uag_custom_page_level_css":"","_jetpack_memberships_contains_paid_content":false,"footnotes":"","jetpack_publicize_message":"","jetpack_publicize_feature_enabled":true,"jetpack_social_post_already_shared":true,"jetpack_social_options":{"image_generator_settings":{"template":"highway","default_image_id":0,"font":"","enabled":false},"version":2}},"categories":[197],"tags":[246,250,45,90],"class_list":{"0":"post-8925","1":"post","2":"type-post","3":"status-publish","4":"format-standard","5":"has-post-thumbnail","7":"category-solidaridad","8":"tag-h1","9":"tag-h2","10":"tag-salud","11":"tag-solidaridad"},"jetpack_publicize_connections":[],"jetpack_featured_media_url":"https:\/\/www.comuna13online.com.ar\/wp-content\/uploads\/2020\/04\/20200401c.jpg","uagb_featured_image_src":{"full":["https:\/\/www.comuna13online.com.ar\/wp-content\/uploads\/2020\/04\/20200401c.jpg",1030,438,false],"thumbnail":["https:\/\/www.comuna13online.com.ar\/wp-content\/uploads\/2020\/04\/20200401c-150x150.jpg",96,96,true],"medium":["https:\/\/www.comuna13online.com.ar\/wp-content\/uploads\/2020\/04\/20200401c-678x288.jpg",678,288,true],"medium_large":["https:\/\/www.comuna13online.com.ar\/wp-content\/uploads\/2020\/04\/20200401c-768x327.jpg",768,327,true],"large":["https:\/\/www.comuna13online.com.ar\/wp-content\/uploads\/2020\/04\/20200401c.jpg",1030,438,false],"1536x1536":["https:\/\/www.comuna13online.com.ar\/wp-content\/uploads\/2020\/04\/20200401c.jpg",1030,438,false],"2048x2048":["https:\/\/www.comuna13online.com.ar\/wp-content\/uploads\/2020\/04\/20200401c.jpg",1030,438,false],"mh-magazine-slider":["https:\/\/www.comuna13online.com.ar\/wp-content\/uploads\/2020\/04\/20200401c.jpg",1030,438,false],"mh-magazine-content":["https:\/\/www.comuna13online.com.ar\/wp-content\/uploads\/2020\/04\/20200401c-678x381.jpg",678,381,true],"mh-magazine-large":["https:\/\/www.comuna13online.com.ar\/wp-content\/uploads\/2020\/04\/20200401c-678x438.jpg",678,438,true],"mh-magazine-medium":["https:\/\/www.comuna13online.com.ar\/wp-content\/uploads\/2020\/04\/20200401c-326x245.jpg",326,245,true],"mh-magazine-small":["https:\/\/www.comuna13online.com.ar\/wp-content\/uploads\/2020\/04\/20200401c-80x60.jpg",80,60,true],"sow-carousel-default":["https:\/\/www.comuna13online.com.ar\/wp-content\/uploads\/2020\/04\/20200401c-272x182.jpg",272,182,true]},"uagb_author_info":{"display_name":"Comuna13","author_link":"https:\/\/www.comuna13online.com.ar\/?author=1"},"uagb_comment_info":0,"uagb_excerpt":"La Fundaci\u00f3n Juan A. Fern\u00e1ndez hizo llegar a nuestra redacci\u00f3n una gacetilla para su difusi\u00f3n sobre su campa\u00f1a que busca alentar las donaciones para cuidar a quienes nos cuidan. El [...]","jetpack_sharing_enabled":true,"_links":{"self":[{"href":"https:\/\/www.comuna13online.com.ar\/index.php?rest_route=\/wp\/v2\/posts\/8925","targetHints":{"allow":["GET"]}}],"collection":[{"href":"https:\/\/www.comuna13online.com.ar\/index.php?rest_route=\/wp\/v2\/posts"}],"about":[{"href":"https:\/\/www.comuna13online.com.ar\/index.php?rest_route=\/wp\/v2\/types\/post"}],"author":[{"embeddable":true,"href":"https:\/\/www.comuna13online.com.ar\/index.php?rest_route=\/wp\/v2\/users\/1"}],"replies":[{"embeddable":true,"href":"https:\/\/www.comuna13online.com.ar\/index.php?rest_route=%2Fwp%2Fv2%2Fcomments&post=8925"}],"version-history":[{"count":0,"href":"https:\/\/www.comuna13online.com.ar\/index.php?rest_route=\/wp\/v2\/posts\/8925\/revisions"}],"wp:featuredmedia":[{"embeddable":true,"href":"https:\/\/www.comuna13online.com.ar\/index.php?rest_route=\/wp\/v2\/media\/8927"}],"wp:attachment":[{"href":"https:\/\/www.comuna13online.com.ar\/index.php?rest_route=%2Fwp%2Fv2%2Fmedia&parent=8925"}],"wp:term":[{"taxonomy":"category","embeddable":true,"href":"https:\/\/www.comuna13online.com.ar\/index.php?rest_route=%2Fwp%2Fv2%2Fcategories&post=8925"},{"taxonomy":"post_tag","embeddable":true,"href":"https:\/\/www.comuna13online.com.ar\/index.php?rest_route=%2Fwp%2Fv2%2Ftags&post=8925"}],"curies":[{"name":"wp","href":"https:\/\/api.w.org\/{rel}","templated":true}]}}