{"id":8920,"date":"2020-04-01T09:52:50","date_gmt":"2020-04-01T12:52:50","guid":{"rendered":"http:\/\/www.comuna13online.com.ar\/?p=8920"},"modified":"2020-04-01T09:52:50","modified_gmt":"2020-04-01T12:52:50","slug":"los-antivacunas-vulneran-derechos-del-nino-segun-el-ministerio-publico-tutelar","status":"publish","type":"post","link":"https:\/\/www.comuna13online.com.ar\/?p=8920","title":{"rendered":"Los antivacunas vulneran derechos del ni\u00f1o seg\u00fan el Ministerio P\u00fablico Tutelar"},"content":{"rendered":"<p><strong>El Ministerio P\u00fablico Tutelar remarc\u00f3 <em>\u201cno vacunar a las ni\u00f1as, ni\u00f1os o adolescentes es vulnerar su derecho a la salud consagrado en la Convenci\u00f3n sobre los Derechos del Ni\u00f1o\u201d.<\/em> Lo advirti\u00f3 mientras proliferan discursos antivacunas, en un marco de avance de graves enfermedades.<\/strong><\/p>\n<p><img loading=\"lazy\" decoding=\"async\" data-attachment-id=\"8922\" data-permalink=\"https:\/\/www.comuna13online.com.ar\/?attachment_id=8922\" data-orig-file=\"https:\/\/www.comuna13online.com.ar\/wp-content\/uploads\/2020\/04\/20200401b1.jpg\" data-orig-size=\"678,283\" data-comments-opened=\"0\" data-image-meta=\"{&quot;aperture&quot;:&quot;0&quot;,&quot;credit&quot;:&quot;&quot;,&quot;camera&quot;:&quot;&quot;,&quot;caption&quot;:&quot;&quot;,&quot;created_timestamp&quot;:&quot;0&quot;,&quot;copyright&quot;:&quot;&quot;,&quot;focal_length&quot;:&quot;0&quot;,&quot;iso&quot;:&quot;0&quot;,&quot;shutter_speed&quot;:&quot;0&quot;,&quot;title&quot;:&quot;&quot;,&quot;orientation&quot;:&quot;0&quot;}\" data-image-title=\"20200401b1\" data-image-description=\"\" data-image-caption=\"\" data-large-file=\"https:\/\/www.comuna13online.com.ar\/wp-content\/uploads\/2020\/04\/20200401b1.jpg\" class=\"alignnone size-full wp-image-8922\" src=\"http:\/\/www.comuna13online.com.ar\/wp-content\/uploads\/2020\/04\/20200401b1.jpg\" alt=\"\" width=\"678\" height=\"283\" \/><\/p>\n<p>Tras las declaraciones de distintas personalidades que promueven el movimiento <strong>Antivacunas &#8211;<\/strong>y en un marco de fuerte preocupaci\u00f3n ante el avance de distintas enfermedades- el Ministerio P\u00fablico Tutelar de la Ciudad de Buenos Aires emiti\u00f3 un comunicado para remarcar que existen en el pa\u00eds leyes como la 27491 de Control de Enfermedades Prevenibles por Vacunaci\u00f3n, promulgada en 2019, <em>\u201cque define a <strong>la vacunaci\u00f3n como un bien social <\/strong>y establece la prevalencia de la Salud P\u00fablica por sobre el inter\u00e9s particular, la Convenci\u00f3n sobre los Derechos del Ni\u00f1o que consagra el derecho y acceso a la salud, el C\u00f3digo Civil y la ley 26061 que establecen la <strong>responsabilidad de los adultos de velar por la salud de ni\u00f1as, ni\u00f1os y adolescentes\u201d.<\/strong><\/em><\/p>\n<div align=\"center\">\n<blockquote class=\"twitter-tweet\">\n<p dir=\"ltr\" lang=\"es\">La ley 27491 declarada la vacunaci\u00f3n como una estrategia de salud p\u00fablica preventiva y la considera un bien social. <a href=\"https:\/\/t.co\/lBbs0XHAHu\">pic.twitter.com\/lBbs0XHAHu<\/a><\/p>\n<p>\u2014 Ministerio P\u00fablico Tutelar (@MPTutelar) <a href=\"https:\/\/twitter.com\/MPTutelar\/status\/1238862632188293127?ref_src=twsrc%5Etfw\">March 14, 2020<\/a><\/p><\/blockquote>\n<p><script async src=\"https:\/\/platform.twitter.com\/widgets.js\" charset=\"utf-8\"><\/script><\/p>\n<\/div>\n<p>Las leyes, como se\u00f1ala el comunicado, <em>\u201cbuscan favorecer el acceso al derecho de vacunarse en todo el ciclo de la vida, debiendo presentar el carnet de vacunas en el ingreso a la escuela (nivel inicial, primaria y secundaria), en el examen pre laboral, en los controles peri\u00f3dicos. Tambi\u00e9n para tramitar el DNI, la licencia de conducir, el pasaporte, adem\u00e1s de las asignaciones familiares, entre otros\u201d.<\/em><\/p>\n<p>En este sentido, la Asesora General Tutelar <strong>Yael Bendel<\/strong> destac\u00f3: <em>\u201cHoy se vive mucha tensi\u00f3n a nivel mundial por el tema del coronavirus y el rebrote del sarampi\u00f3n en diversos pa\u00edses. Por lo tanto, sabemos que esta cuesti\u00f3n es muy sensible y <strong>las personas p\u00fablicas deber\u00edan ser m\u00e1s cuidadosas y respetuosas en el tratamiento de este tema. <\/strong>Porque estamos hablando nada m\u00e1s ni nada menos que del derecho a la salud individual y colectiva\u201d.<\/em><\/p>\n<p><strong>Bendel<\/strong> advirti\u00f3 que <strong><em>\u201cno vacunar a las ni\u00f1as, ni\u00f1os o adolescentes es vulnerar su derecho a la salud consagrado en la Convenci\u00f3n sobre los Derechos del Ni\u00f1o. <\/em><\/strong><em>Los intereses o creencias personales de los padres, madres, tutores o guardadores, no pueden interferir o evitar la vacunaci\u00f3n obligatoria\u201d.<\/em> Y enfatiz\u00f3 que <strong><em>\u201cen caso de negativa de los progenitores o representantes legales, se puede realizar la vacunaci\u00f3n compulsiva\u201d<\/em><\/strong><strong> a ni\u00f1os y ni\u00f1as.<\/strong><\/p>\n<p><img loading=\"lazy\" decoding=\"async\" data-attachment-id=\"8918\" data-permalink=\"https:\/\/www.comuna13online.com.ar\/?attachment_id=8918\" data-orig-file=\"https:\/\/www.comuna13online.com.ar\/wp-content\/uploads\/2020\/04\/corona2.jpg\" data-orig-size=\"678,180\" data-comments-opened=\"0\" data-image-meta=\"{&quot;aperture&quot;:&quot;0&quot;,&quot;credit&quot;:&quot;&quot;,&quot;camera&quot;:&quot;&quot;,&quot;caption&quot;:&quot;&quot;,&quot;created_timestamp&quot;:&quot;0&quot;,&quot;copyright&quot;:&quot;&quot;,&quot;focal_length&quot;:&quot;0&quot;,&quot;iso&quot;:&quot;0&quot;,&quot;shutter_speed&quot;:&quot;0&quot;,&quot;title&quot;:&quot;&quot;,&quot;orientation&quot;:&quot;0&quot;}\" data-image-title=\"corona2\" data-image-description=\"\" data-image-caption=\"\" data-large-file=\"https:\/\/www.comuna13online.com.ar\/wp-content\/uploads\/2020\/04\/corona2.jpg\" class=\"alignnone size-full wp-image-8918\" src=\"http:\/\/www.comuna13online.com.ar\/wp-content\/uploads\/2020\/04\/corona2.jpg\" alt=\"\" width=\"678\" height=\"180\" \/><\/p>\n","protected":false},"excerpt":{"rendered":"<div class=\"mh-excerpt\">El Ministerio P\u00fablico Tutelar remarc\u00f3 \u201cno vacunar a las ni\u00f1as, ni\u00f1os o adolescentes es vulnerar su derecho a la salud consagrado en la Convenci\u00f3n sobre los Derechos del Ni\u00f1o\u201d. Lo <a class=\"mh-excerpt-more\" href=\"https:\/\/www.comuna13online.com.ar\/?p=8920\" title=\"Los antivacunas vulneran derechos del ni\u00f1o seg\u00fan el Ministerio P\u00fablico Tutelar\">[&#8230;]<\/a><\/div>\n","protected":false},"author":1,"featured_media":729,"comment_status":"closed","ping_status":"closed","sticky":false,"template":"","format":"standard","meta":{"_uag_custom_page_level_css":"","_jetpack_memberships_contains_paid_content":false,"footnotes":"","jetpack_publicize_message":"","jetpack_publicize_feature_enabled":true,"jetpack_social_post_already_shared":true,"jetpack_social_options":{"image_generator_settings":{"template":"highway","default_image_id":0,"font":"","enabled":false},"version":2}},"categories":[44],"tags":[246,250,45],"class_list":{"0":"post-8920","1":"post","2":"type-post","3":"status-publish","4":"format-standard","5":"has-post-thumbnail","7":"category-salud","8":"tag-h1","9":"tag-h2","10":"tag-salud"},"jetpack_publicize_connections":[],"jetpack_featured_media_url":"https:\/\/www.comuna13online.com.ar\/wp-content\/uploads\/2018\/02\/20180228d.jpg","uagb_featured_image_src":{"full":["https:\/\/www.comuna13online.com.ar\/wp-content\/uploads\/2018\/02\/20180228d.jpg",1030,438,false],"thumbnail":["https:\/\/www.comuna13online.com.ar\/wp-content\/uploads\/2018\/02\/20180228d-150x150.jpg",96,96,true],"medium":["https:\/\/www.comuna13online.com.ar\/wp-content\/uploads\/2018\/02\/20180228d-678x288.jpg",678,288,true],"medium_large":["https:\/\/www.comuna13online.com.ar\/wp-content\/uploads\/2018\/02\/20180228d-768x327.jpg",768,327,true],"large":["https:\/\/www.comuna13online.com.ar\/wp-content\/uploads\/2018\/02\/20180228d.jpg",1030,438,false],"1536x1536":["https:\/\/www.comuna13online.com.ar\/wp-content\/uploads\/2018\/02\/20180228d.jpg",1030,438,false],"2048x2048":["https:\/\/www.comuna13online.com.ar\/wp-content\/uploads\/2018\/02\/20180228d.jpg",1030,438,false],"mh-magazine-slider":["https:\/\/www.comuna13online.com.ar\/wp-content\/uploads\/2018\/02\/20180228d.jpg",1030,438,false],"mh-magazine-content":["https:\/\/www.comuna13online.com.ar\/wp-content\/uploads\/2018\/02\/20180228d-678x381.jpg",678,381,true],"mh-magazine-large":["https:\/\/www.comuna13online.com.ar\/wp-content\/uploads\/2018\/02\/20180228d-678x438.jpg",678,438,true],"mh-magazine-medium":["https:\/\/www.comuna13online.com.ar\/wp-content\/uploads\/2018\/02\/20180228d-326x245.jpg",326,245,true],"mh-magazine-small":["https:\/\/www.comuna13online.com.ar\/wp-content\/uploads\/2018\/02\/20180228d-80x60.jpg",80,60,true],"sow-carousel-default":["https:\/\/www.comuna13online.com.ar\/wp-content\/uploads\/2018\/02\/20180228d-272x182.jpg",272,182,true]},"uagb_author_info":{"display_name":"Comuna13","author_link":"https:\/\/www.comuna13online.com.ar\/?author=1"},"uagb_comment_info":0,"uagb_excerpt":"El Ministerio P\u00fablico Tutelar remarc\u00f3 \u201cno vacunar a las ni\u00f1as, ni\u00f1os o adolescentes es vulnerar su derecho a la salud consagrado en la Convenci\u00f3n sobre los Derechos del Ni\u00f1o\u201d. Lo [...]","jetpack_sharing_enabled":true,"_links":{"self":[{"href":"https:\/\/www.comuna13online.com.ar\/index.php?rest_route=\/wp\/v2\/posts\/8920","targetHints":{"allow":["GET"]}}],"collection":[{"href":"https:\/\/www.comuna13online.com.ar\/index.php?rest_route=\/wp\/v2\/posts"}],"about":[{"href":"https:\/\/www.comuna13online.com.ar\/index.php?rest_route=\/wp\/v2\/types\/post"}],"author":[{"embeddable":true,"href":"https:\/\/www.comuna13online.com.ar\/index.php?rest_route=\/wp\/v2\/users\/1"}],"replies":[{"embeddable":true,"href":"https:\/\/www.comuna13online.com.ar\/index.php?rest_route=%2Fwp%2Fv2%2Fcomments&post=8920"}],"version-history":[{"count":0,"href":"https:\/\/www.comuna13online.com.ar\/index.php?rest_route=\/wp\/v2\/posts\/8920\/revisions"}],"wp:featuredmedia":[{"embeddable":true,"href":"https:\/\/www.comuna13online.com.ar\/index.php?rest_route=\/wp\/v2\/media\/729"}],"wp:attachment":[{"href":"https:\/\/www.comuna13online.com.ar\/index.php?rest_route=%2Fwp%2Fv2%2Fmedia&parent=8920"}],"wp:term":[{"taxonomy":"category","embeddable":true,"href":"https:\/\/www.comuna13online.com.ar\/index.php?rest_route=%2Fwp%2Fv2%2Fcategories&post=8920"},{"taxonomy":"post_tag","embeddable":true,"href":"https:\/\/www.comuna13online.com.ar\/index.php?rest_route=%2Fwp%2Fv2%2Ftags&post=8920"}],"curies":[{"name":"wp","href":"https:\/\/api.w.org\/{rel}","templated":true}]}}