{"id":8830,"date":"2020-03-24T10:20:39","date_gmt":"2020-03-24T13:20:39","guid":{"rendered":"http:\/\/www.comuna13online.com.ar\/?p=8830"},"modified":"2020-03-24T10:20:39","modified_gmt":"2020-03-24T13:20:39","slug":"concurso-yo-te-cuento-buenos-aires-de-la-legislatura-portena","status":"publish","type":"post","link":"https:\/\/www.comuna13online.com.ar\/?p=8830","title":{"rendered":"Concurso \u201cYo te cuento Buenos Aires\u201d de la Legislatura porte\u00f1a"},"content":{"rendered":"<p><strong>\u00abYo te cuento Buenos Aires\u00bb se abre a todas las autoras y autores argentinos o extranjeros que habiendo visitado o a\u00f1orado nuestra Ciudad quieran contar sus historias.<\/strong><\/p>\n<p><img loading=\"lazy\" decoding=\"async\" data-attachment-id=\"8831\" data-permalink=\"https:\/\/www.comuna13online.com.ar\/?attachment_id=8831\" data-orig-file=\"https:\/\/www.comuna13online.com.ar\/wp-content\/uploads\/2020\/03\/20200324a.jpg\" data-orig-size=\"678,452\" data-comments-opened=\"0\" data-image-meta=\"{&quot;aperture&quot;:&quot;0&quot;,&quot;credit&quot;:&quot;&quot;,&quot;camera&quot;:&quot;&quot;,&quot;caption&quot;:&quot;&quot;,&quot;created_timestamp&quot;:&quot;0&quot;,&quot;copyright&quot;:&quot;&quot;,&quot;focal_length&quot;:&quot;0&quot;,&quot;iso&quot;:&quot;0&quot;,&quot;shutter_speed&quot;:&quot;0&quot;,&quot;title&quot;:&quot;&quot;,&quot;orientation&quot;:&quot;0&quot;}\" data-image-title=\"20200324a\" data-image-description=\"\" data-image-caption=\"\" data-large-file=\"https:\/\/www.comuna13online.com.ar\/wp-content\/uploads\/2020\/03\/20200324a-657x438.jpg\" class=\"alignnone size-full wp-image-8831\" src=\"http:\/\/www.comuna13online.com.ar\/wp-content\/uploads\/2020\/03\/20200324a.jpg\" alt=\"\" width=\"678\" height=\"452\" srcset=\"https:\/\/www.comuna13online.com.ar\/wp-content\/uploads\/2020\/03\/20200324a.jpg 678w, https:\/\/www.comuna13online.com.ar\/wp-content\/uploads\/2020\/03\/20200324a-657x438.jpg 657w, https:\/\/www.comuna13online.com.ar\/wp-content\/uploads\/2020\/03\/20200324a-272x182.jpg 272w\" sizes=\"auto, (max-width: 678px) 100vw, 678px\" \/><\/p>\n<p><strong>\u201cYo te cuento Buenos Aires VIII\u201d<\/strong> es un proyecto de la Legislatura de la Ciudad Aut\u00f3noma de Buenos Aires que se propone mediante un concurso internacional, la publicaci\u00f3n de una antolog\u00eda de 28 cuentos de narradores argentinos y extranjeros.<\/p>\n<p>Los cuentos seleccionados deber\u00e1n narrar una historia de ficci\u00f3n de tema libre que ocurra en la Ciudad de Buenos Aires y que est\u00e9 enmarcada en alg\u00fan barrio de la ciudad con calles reconocibles.<\/p>\n<p>En 2005, cuando naci\u00f3 este proyecto, \u00e9ramos conscientes de la dif\u00edcil situaci\u00f3n de los escritores para llegar a la publicaci\u00f3n de su primera obra. Sab\u00edamos de la prol\u00edfica producci\u00f3n literaria y de sus dificultades para plasmarse en el papel. Durante todos estos a\u00f1os hemos alentado la participaci\u00f3n de nuevas escrituras, operando como una plataforma de lanzamiento para sus voces.<\/p>\n<p>El a\u00f1o pasado con la aparici\u00f3n del YO TE CUENTO DE ORO cerramos ese ciclo. Los tiempos han cambiado y vemos con alegr\u00eda que hoy, gracias a la proliferaci\u00f3n de editoriales independientes y al auxilio de las redes sociales, es accesible la publicaci\u00f3n. Da cuenta de esto la enorme cantidad de obras que semanalmente se nos ofrecen en redes y librer\u00edas.<\/p>\n<p>Los cuentos deben ser in\u00e9ditos y narrar una historia de ficci\u00f3n de tema libre que ocurra en alg\u00fan barrio con calles reconocibles de la Ciudad de Buenos Aires. Se recibir\u00e1n hasta el 29 de mayo 2020 y durante el mes de octubre del presente a\u00f1o se dar\u00e1n a conocer los nombres de los ganadores. El premio consiste en la publicaci\u00f3n de los cuentos galardonados en la Antolog\u00eda YO TE CUENTO BUENOS AIRES VIII.<\/p>\n<p>La plataforma Yo te cuento que en su primera etapa se pens\u00f3 como una instancia de despegue para escritores noveles, hoy se abre a todas las autoras y autores argentinos o extranjeros que quieran contar sus historias.<\/p>\n<p><strong>Bases:<\/strong><\/p>\n<p>1. Podr\u00e1n participar escritores mayores de 16 a\u00f1os, argentinos o extranjeros.<\/p>\n<p>2. Los cuentos de tema libre, escritos en espa\u00f1ol, deber\u00e1n estar enmarcados en la Ciudad de Buenos Aires y tener como contexto alg\u00fan barrio de la ciudad con calles reconocibles.<\/p>\n<p>3. Las obras ser\u00e1n originales e in\u00e9ditas, no premiadas anteriormente ni presentadas simult\u00e1neamente en ning\u00fan otro concurso. No se admitir\u00e1n traducciones, adaptaciones, recreaciones ni refundiciones de otros textos. La confirmaci\u00f3n del no cumplimiento de estos requisitos ser\u00e1 motivo de exclusi\u00f3n de la presente y futuras ediciones.<\/p>\n<p>4. Cada escritor podr\u00e1 participar con un cuento que no deber\u00e1 superar las cuatro p\u00e1ginas A4 en fuente Times New Roman, cuerpo 12, interlineado doble, con marginado est\u00e1ndar (2,5 x 3 cm). Las obras ser\u00e1n firmadas con seud\u00f3nimo y presentadas por triplicado, debidamente abrochadas y mecanografiadas sobre una sola cara del papel. El incumplimiento de alg\u00fan punto de este \u00edtem implica la descalificaci\u00f3n del concursante.<\/p>\n<p>5. Deber\u00e1 adjuntarse a las tres copias impresas en papel, un archivo en soporte digital (CD o PEN DRIVE).<\/p>\n<p>6. Los cuentos se firmar\u00e1n con seud\u00f3nimo. Se eliminar\u00e1n aquellas composiciones que permitan la identificaci\u00f3n del autor. Los datos personales se presentar\u00e1n en un sobre cerrado que deber\u00e1 tener escrito en el frente el seud\u00f3nimo y el t\u00edtulo del cuento. Dentro deber\u00e1n constar los datos personales del escritor: nombre y apellido, DNI o pasaporte, domicilio, c\u00f3digo postal, tel\u00e9fonos de contacto y correo electr\u00f3nico.<\/p>\n<p>7. Las tres copias del cuento, el sobre con los datos personales y el soporte digital podr\u00e1n ser entregados en un sobre que los contenga, personalmente o por correo certificado a:<\/p>\n<p>Concurso de Cuentos \u201cYo te cuento Buenos Aires VIII\u201d<br \/>\nDirecci\u00f3n General de Asuntos Culturales y Patrimoniales<br \/>\nOf. H, Entrepiso<br \/>\nLegislatura de la Ciudad Aut\u00f3noma de Buenos Aires<br \/>\nPer\u00fa 160<br \/>\n(C1067 AAD) Ciudad de Buenos Aires<\/p>\n<p>8. La admisi\u00f3n de trabajos comenzar\u00e1 inmediatamente despu\u00e9s de la publicaci\u00f3n de las presentes bases. Se establece como fecha tope de recepci\u00f3n el 29 de mayo de 2020. En aquellos trabajos que lleguen despu\u00e9s del 29 de mayo se tendr\u00e1 en cuenta la fecha del sello postal. Ser\u00e1n rechazados los sobres recibidos pasada esa fecha.<\/p>\n<p>9. El fallo del jurado se har\u00e1 p\u00fablico a principios del mes de octubre a trav\u00e9s de la p\u00e1gina web de la Legislatura, del Facebook del Yotecuento Buenos Aires y de diferentes medios de comunicaci\u00f3n. El Jurado estar\u00e1 conformado por distintas personalidades vinculadas a las letras y sus nombres se dar\u00e1n a conocer en el acto de presentaci\u00f3n p\u00fablica de la antolog\u00eda que ser\u00e1 en diciembre de 2020 o abril de 2021. Su fallo ser\u00e1 inapelable.<\/p>\n<p>10. Se elegir\u00e1n 28 cuentos. El premio ser\u00e1 la publicaci\u00f3n del cuento seleccionado en la Antolog\u00eda YO TE CUENTO BUENOS AIRES VIII. En caso de no alcanzar todos los textos preseleccionados la calidad literaria requerida para completar la antolog\u00eda, el jurado puede declarar desierto algunos de los 28 lugares dentro de la misma.<\/p>\n<p>11. La Legislatura ofrece antes de la publicaci\u00f3n una instancia de edici\u00f3n -gramatical y estil\u00edstica- de los cuentos seleccionados. S\u00f3lo se permitir\u00e1 presentar una obra por autor.<\/p>\n<p>12. Los autores galardonados ser\u00e1n notificados en forma personalizada. Se les avisar\u00e1 con la debida antelaci\u00f3n sobre la fecha y el lugar de la premiaci\u00f3n, que se realizar\u00e1 en un acto p\u00fablico en la Legislatura de la Ciudad de Buenos Aires. Los galardonados (o la persona en la que delegue) tienen la obligaci\u00f3n de asistir al mismo.<\/p>\n<p>13. Los trabajos presentados no ser\u00e1n devueltos.<\/p>\n<p>14. En el mes de mayo de 2021 se presentar\u00e1 la Antolog\u00eda, en la Feria del Libro. Los ejemplares previstos se repartir\u00e1n gratuitamente en aeropuertos, casetas de turismo, bares notables y bibliotecas.<\/p>\n<p>IMPORTANTE: La participaci\u00f3n en el presente concurso implica el conocimiento de las bases y su total aceptaci\u00f3n. Su incumplimiento ser\u00e1 causa de descalificaci\u00f3n autom\u00e1tica del trabajo presentado. Cualquier situaci\u00f3n no prevista en el presente reglamento ser\u00e1 resuelta, de manera inapelable, por los organizadores.<\/p>\n","protected":false},"excerpt":{"rendered":"<div class=\"mh-excerpt\">\u00abYo te cuento Buenos Aires\u00bb se abre a todas las autoras y autores argentinos o extranjeros que habiendo visitado o a\u00f1orado nuestra Ciudad quieran contar sus historias. \u201cYo te cuento <a class=\"mh-excerpt-more\" href=\"https:\/\/www.comuna13online.com.ar\/?p=8830\" title=\"Concurso \u201cYo te cuento Buenos Aires\u201d de la Legislatura porte\u00f1a\">[&#8230;]<\/a><\/div>\n","protected":false},"author":1,"featured_media":8831,"comment_status":"closed","ping_status":"closed","sticky":false,"template":"","format":"standard","meta":{"_uag_custom_page_level_css":"","_jetpack_memberships_contains_paid_content":false,"footnotes":"","jetpack_publicize_message":"","jetpack_publicize_feature_enabled":true,"jetpack_social_post_already_shared":true,"jetpack_social_options":{"image_generator_settings":{"template":"highway","default_image_id":0,"font":"","enabled":false},"version":2}},"categories":[57],"tags":[60,250,7],"class_list":{"0":"post-8830","1":"post","2":"type-post","3":"status-publish","4":"format-standard","5":"has-post-thumbnail","7":"category-cultura","8":"tag-cultura","9":"tag-h2","10":"tag-legislatura"},"jetpack_publicize_connections":[],"jetpack_featured_media_url":"https:\/\/www.comuna13online.com.ar\/wp-content\/uploads\/2020\/03\/20200324a.jpg","uagb_featured_image_src":{"full":["https:\/\/www.comuna13online.com.ar\/wp-content\/uploads\/2020\/03\/20200324a.jpg",678,452,false],"thumbnail":["https:\/\/www.comuna13online.com.ar\/wp-content\/uploads\/2020\/03\/20200324a-150x150.jpg",96,96,true],"medium":["https:\/\/www.comuna13online.com.ar\/wp-content\/uploads\/2020\/03\/20200324a.jpg",678,452,false],"medium_large":["https:\/\/www.comuna13online.com.ar\/wp-content\/uploads\/2020\/03\/20200324a.jpg",678,452,false],"large":["https:\/\/www.comuna13online.com.ar\/wp-content\/uploads\/2020\/03\/20200324a-657x438.jpg",657,438,true],"1536x1536":["https:\/\/www.comuna13online.com.ar\/wp-content\/uploads\/2020\/03\/20200324a.jpg",678,452,false],"2048x2048":["https:\/\/www.comuna13online.com.ar\/wp-content\/uploads\/2020\/03\/20200324a.jpg",678,452,false],"mh-magazine-slider":["https:\/\/www.comuna13online.com.ar\/wp-content\/uploads\/2020\/03\/20200324a-678x438.jpg",678,438,true],"mh-magazine-content":["https:\/\/www.comuna13online.com.ar\/wp-content\/uploads\/2020\/03\/20200324a-678x381.jpg",678,381,true],"mh-magazine-large":["https:\/\/www.comuna13online.com.ar\/wp-content\/uploads\/2020\/03\/20200324a.jpg",678,452,false],"mh-magazine-medium":["https:\/\/www.comuna13online.com.ar\/wp-content\/uploads\/2020\/03\/20200324a-326x245.jpg",326,245,true],"mh-magazine-small":["https:\/\/www.comuna13online.com.ar\/wp-content\/uploads\/2020\/03\/20200324a-80x60.jpg",80,60,true],"sow-carousel-default":["https:\/\/www.comuna13online.com.ar\/wp-content\/uploads\/2020\/03\/20200324a-272x182.jpg",272,182,true]},"uagb_author_info":{"display_name":"Comuna13","author_link":"https:\/\/www.comuna13online.com.ar\/?author=1"},"uagb_comment_info":0,"uagb_excerpt":"\u00abYo te cuento Buenos Aires\u00bb se abre a todas las autoras y autores argentinos o extranjeros que habiendo visitado o a\u00f1orado nuestra Ciudad quieran contar sus historias. \u201cYo te cuento [...]","jetpack_sharing_enabled":true,"_links":{"self":[{"href":"https:\/\/www.comuna13online.com.ar\/index.php?rest_route=\/wp\/v2\/posts\/8830","targetHints":{"allow":["GET"]}}],"collection":[{"href":"https:\/\/www.comuna13online.com.ar\/index.php?rest_route=\/wp\/v2\/posts"}],"about":[{"href":"https:\/\/www.comuna13online.com.ar\/index.php?rest_route=\/wp\/v2\/types\/post"}],"author":[{"embeddable":true,"href":"https:\/\/www.comuna13online.com.ar\/index.php?rest_route=\/wp\/v2\/users\/1"}],"replies":[{"embeddable":true,"href":"https:\/\/www.comuna13online.com.ar\/index.php?rest_route=%2Fwp%2Fv2%2Fcomments&post=8830"}],"version-history":[{"count":0,"href":"https:\/\/www.comuna13online.com.ar\/index.php?rest_route=\/wp\/v2\/posts\/8830\/revisions"}],"wp:featuredmedia":[{"embeddable":true,"href":"https:\/\/www.comuna13online.com.ar\/index.php?rest_route=\/wp\/v2\/media\/8831"}],"wp:attachment":[{"href":"https:\/\/www.comuna13online.com.ar\/index.php?rest_route=%2Fwp%2Fv2%2Fmedia&parent=8830"}],"wp:term":[{"taxonomy":"category","embeddable":true,"href":"https:\/\/www.comuna13online.com.ar\/index.php?rest_route=%2Fwp%2Fv2%2Fcategories&post=8830"},{"taxonomy":"post_tag","embeddable":true,"href":"https:\/\/www.comuna13online.com.ar\/index.php?rest_route=%2Fwp%2Fv2%2Ftags&post=8830"}],"curies":[{"name":"wp","href":"https:\/\/api.w.org\/{rel}","templated":true}]}}