{"id":8774,"date":"2021-03-01T16:40:53","date_gmt":"2021-03-01T19:40:53","guid":{"rendered":"http:\/\/www.comuna13online.com.ar\/?p=8774"},"modified":"2021-03-02T11:15:56","modified_gmt":"2021-03-02T14:15:56","slug":"las-sedes-comunales-solo-atiende-urgencias","status":"publish","type":"post","link":"https:\/\/www.comuna13online.com.ar\/?p=8774","title":{"rendered":"Las sedes comunales solo atienden urgencias"},"content":{"rendered":"<p><strong>A partir del aislamiento social preventivo y obligatorio dispuesta por el Gobierno Nacional, la Sede de la Comuna 13 inform\u00f3 que se limitar\u00e1n los servicios a las prestaciones de urgencia y seguimiento de las regulaciones establecidas en el marco de la pandemia.\u2063<\/strong><\/p>\n<p><img loading=\"lazy\" decoding=\"async\" data-attachment-id=\"8776\" data-permalink=\"https:\/\/www.comuna13online.com.ar\/?attachment_id=8776\" data-orig-file=\"https:\/\/www.comuna13online.com.ar\/wp-content\/uploads\/2020\/03\/20200320c1.jpg\" data-orig-size=\"678,265\" data-comments-opened=\"0\" data-image-meta=\"{&quot;aperture&quot;:&quot;0&quot;,&quot;credit&quot;:&quot;&quot;,&quot;camera&quot;:&quot;&quot;,&quot;caption&quot;:&quot;&quot;,&quot;created_timestamp&quot;:&quot;0&quot;,&quot;copyright&quot;:&quot;&quot;,&quot;focal_length&quot;:&quot;0&quot;,&quot;iso&quot;:&quot;0&quot;,&quot;shutter_speed&quot;:&quot;0&quot;,&quot;title&quot;:&quot;&quot;,&quot;orientation&quot;:&quot;0&quot;}\" data-image-title=\"20200320c1\" data-image-description=\"\" data-image-caption=\"\" data-large-file=\"https:\/\/www.comuna13online.com.ar\/wp-content\/uploads\/2020\/03\/20200320c1.jpg\" class=\"alignnone size-full wp-image-8776\" src=\"http:\/\/www.comuna13online.com.ar\/wp-content\/uploads\/2020\/03\/20200320c1.jpg\" alt=\"\" width=\"678\" height=\"265\" \/><\/p>\n<h4><strong>CORONAVIRUS:\u00a0<\/strong><br \/>\n<strong>El Gobierno de la Ciudad inform\u00f3 que la atenci\u00f3n en las Sedes Comunales se encuentra suspendida<\/strong>.\u00a0 Las solicitudes y denuncias las pod\u00e9s hacer desde la aplicaci\u00f3n\u00a0<a href=\"https:\/\/www.buenosaires.gob.ar\/aplicacionesmoviles\/ba-147\" target=\"_blank\" rel=\"noopener noreferrer\">BA147<\/a>\u00a0o ingresando a la web de\u00a0<a href=\"https:\/\/gestioncolaborativa.buenosaires.gob.ar\/prestaciones\">Gesti\u00f3n Colaborativa<\/a>. dice en portal oficial de la <a href=\"https:\/\/www.buenosaires.gob.ar\/comuna-13\/sede-comunal-13\" target=\"_blank\" rel=\"noopener noreferrer\">Comuna 13<\/a>.<\/h4>\n<h4><strong>Tr\u00e1mites y servicios de urgencia<\/strong><\/h4>\n<p>Frente a las acciones de prevenci\u00f3n del Coronavirus que est\u00e1n llevando adelante desde el Gobierno de la Ciudad junto al Gobierno Nacional, implementamos nuevas medidas que ayuden a evitar la aglomeraci\u00f3n de personas en sedes del GCBA.<\/p>\n<h4><strong>Licencias<\/strong><\/h4>\n<ul>\n<li>Se suspenden todos los turnos para renovaci\u00f3n de licencias de conducir.<\/li>\n<li>las\u00a0licencias de conducir con fecha de vencimiento desde el 15 de febrero de 2020 hasta el 31 de diciembre de 2021 se prorrogan por 2 a\u00f1os.<\/li>\n<li>Se suspenden todos los turnos para otorgamiento de licencias de conducir y para ampliaci\u00f3n de categor\u00eda.<\/li>\n<\/ul>\n<h4><strong>Infracciones<\/strong><\/h4>\n<ul>\n<li>Se postergan los vencimientos de todas las infracciones.<\/li>\n<li>Se atender\u00e1 en sede central &#8211; Hip\u00f3lito Yrigoyen 2346 &#8211; s\u00f3lo por casos de clausuras y situaciones de urgencia.<\/li>\n<li>El pago y resoluci\u00f3n de infracciones se atender\u00e1n de forma digital a trav\u00e9s de Boti enviando un mensaje por WhatsApp al 11-5050-0147.<\/li>\n<\/ul>\n<h4><strong>Registro civil<\/strong><\/h4>\n<ul>\n<li>Los matrimonios podr\u00e1n realizarse s\u00f3lo con la presencia de testigos. Quienes quieran, tendr\u00e1n la opci\u00f3n de re programar la fecha del tr\u00e1mite.<\/li>\n<li>Los nacimientos se siguen registrando de forma normal en los hospitales y se espaciar\u00e1n los turnos presenciales en sedes.<\/li>\n<li>Informaciones sumarias se seguir\u00e1 atendiendo con turnos espaciados en sedes.<\/li>\n<\/ul>\n<h4><strong>Defensa al Consumidor<\/strong><\/h4>\n<ul>\n<li>Las denuncias se tomar\u00e1n s\u00f3lo de forma online en <a href=\"http:\/\/www.buenosaires.gob.ar\/defensaconsumidor\" target=\"_blank\" rel=\"noopener noreferrer\">www.buenosaires.gob.ar\/defensaconsumidor<\/a><\/li>\n<li>Se espaciar\u00e1n las audiencias de conciliaci\u00f3n.<\/li>\n<\/ul>\n<h4><strong>AGIP\/Rentas<\/strong><\/h4>\n<ul>\n<li>Todos los tr\u00e1mites se realizar\u00e1n \u00fanicamente de manera online ingresando a <a href=\"http:\/\/www.agip.gob.ar\" target=\"_blank\" rel=\"noopener noreferrer\">www.agip.gob.ar<\/a><\/li>\n<\/ul>\n<p>&nbsp;<\/p>\n<p><strong>Tareas inspectivas y de asistencia en calle<\/strong>: se reforzar\u00e1n los controles del espacio publico y asistencia a las fuerzas y agencias de control para el cumplimiento de la cuarentena y las regulaciones de funcionamiento.<\/p>\n<p><strong>Arbolado<\/strong>: se realizaran podas de emergencia o urgencia para la seguridad de los vecinos a demanda llamando al 147.<\/p>\n<p><strong>Espacios verdes<\/strong>: los mismos no ser\u00e1n de acceso y uso durante la cuarentena pero se mantendr\u00e1 un servicio b\u00e1sico reducido para el mantenimiento.<\/p>\n<p>&nbsp;<\/p>\n<div align=\"center\">\n<blockquote class=\"twitter-tweet\">\n<p dir=\"ltr\" lang=\"es\">\u2714\ufe0fA partir de la cuarentena obligatoria dispuesta por el Estado Nacional, la Comuna 13 informa que se limitar\u00e1n los servicios a las prestaciones de urgencia y seguimiento de las regulaciones establecidas en el marco de la pandemia.\u2063<\/p>\n<p>?(Hilo con las disposiciones) <a href=\"https:\/\/t.co\/1ywbAMxvK7\">pic.twitter.com\/1ywbAMxvK7<\/a><\/p>\n<p>\u2014 Comuna 13 (@bacomuna13) <a href=\"https:\/\/twitter.com\/bacomuna13\/status\/1240982278790053888?ref_src=twsrc%5Etfw\">March 20, 2020<\/a><\/p><\/blockquote>\n<p><script async src=\"https:\/\/platform.twitter.com\/widgets.js\" charset=\"utf-8\"><\/script><\/p>\n<\/div>\n<p><strong>Al ingresar a la Sede Comunal, segu\u00ed las siguientes recomendaciones:<\/strong><\/p>\n<p>\u2713 Lavarte las manos con agua y jab\u00f3n o soluciones a base del alcohol como alcohol en gel.<br \/>\n\u2713 Dirigirse al personal de atenci\u00f3n a m\u00e1s de un metro de distancia.<br \/>\n\u2713 En caso de toser o estornudar, hacerlo sobre el pliegue del codo.<br \/>\n\u2713 Evitar tocarse la cara con las manos.<\/p>\n<p><img loading=\"lazy\" decoding=\"async\" data-attachment-id=\"8775\" data-permalink=\"https:\/\/www.comuna13online.com.ar\/?attachment_id=8775\" data-orig-file=\"https:\/\/www.comuna13online.com.ar\/wp-content\/uploads\/2020\/03\/corona.jpg\" data-orig-size=\"675,75\" data-comments-opened=\"0\" data-image-meta=\"{&quot;aperture&quot;:&quot;0&quot;,&quot;credit&quot;:&quot;&quot;,&quot;camera&quot;:&quot;&quot;,&quot;caption&quot;:&quot;&quot;,&quot;created_timestamp&quot;:&quot;0&quot;,&quot;copyright&quot;:&quot;&quot;,&quot;focal_length&quot;:&quot;0&quot;,&quot;iso&quot;:&quot;0&quot;,&quot;shutter_speed&quot;:&quot;0&quot;,&quot;title&quot;:&quot;&quot;,&quot;orientation&quot;:&quot;0&quot;}\" data-image-title=\"corona\" data-image-description=\"&lt;p&gt;107&lt;\/p&gt;\n\" data-image-caption=\"\" data-large-file=\"https:\/\/www.comuna13online.com.ar\/wp-content\/uploads\/2020\/03\/corona.jpg\" class=\"alignnone size-full wp-image-8775\" src=\"http:\/\/www.comuna13online.com.ar\/wp-content\/uploads\/2020\/03\/corona.jpg\" alt=\"\" width=\"675\" height=\"75\" \/><\/p>\n","protected":false},"excerpt":{"rendered":"<div class=\"mh-excerpt\">A partir del aislamiento social preventivo y obligatorio dispuesta por el Gobierno Nacional, la Sede de la Comuna 13 inform\u00f3 que se limitar\u00e1n los servicios a las prestaciones de urgencia <a class=\"mh-excerpt-more\" href=\"https:\/\/www.comuna13online.com.ar\/?p=8774\" title=\"Las sedes comunales solo atienden urgencias\">[&#8230;]<\/a><\/div>\n","protected":false},"author":1,"featured_media":8777,"comment_status":"closed","ping_status":"closed","sticky":false,"template":"","format":"standard","meta":{"_uag_custom_page_level_css":"","_jetpack_memberships_contains_paid_content":false,"footnotes":"","jetpack_publicize_message":"","jetpack_publicize_feature_enabled":true,"jetpack_social_post_already_shared":true,"jetpack_social_options":{"image_generator_settings":{"template":"highway","default_image_id":0,"font":"","enabled":false},"version":2}},"categories":[9],"tags":[19,258,231],"class_list":{"0":"post-8774","1":"post","2":"type-post","3":"status-publish","4":"format-standard","5":"has-post-thumbnail","7":"category-ciudad","8":"tag-comuna-13","9":"tag-gobierno","10":"tag-lomasvisto"},"jetpack_publicize_connections":[],"jetpack_featured_media_url":"https:\/\/www.comuna13online.com.ar\/wp-content\/uploads\/2020\/03\/20200320c.jpg","uagb_featured_image_src":{"full":["https:\/\/www.comuna13online.com.ar\/wp-content\/uploads\/2020\/03\/20200320c.jpg",678,452,false],"thumbnail":["https:\/\/www.comuna13online.com.ar\/wp-content\/uploads\/2020\/03\/20200320c-150x150.jpg",96,96,true],"medium":["https:\/\/www.comuna13online.com.ar\/wp-content\/uploads\/2020\/03\/20200320c.jpg",678,452,false],"medium_large":["https:\/\/www.comuna13online.com.ar\/wp-content\/uploads\/2020\/03\/20200320c.jpg",678,452,false],"large":["https:\/\/www.comuna13online.com.ar\/wp-content\/uploads\/2020\/03\/20200320c-657x438.jpg",657,438,true],"1536x1536":["https:\/\/www.comuna13online.com.ar\/wp-content\/uploads\/2020\/03\/20200320c.jpg",678,452,false],"2048x2048":["https:\/\/www.comuna13online.com.ar\/wp-content\/uploads\/2020\/03\/20200320c.jpg",678,452,false],"mh-magazine-slider":["https:\/\/www.comuna13online.com.ar\/wp-content\/uploads\/2020\/03\/20200320c-678x438.jpg",678,438,true],"mh-magazine-content":["https:\/\/www.comuna13online.com.ar\/wp-content\/uploads\/2020\/03\/20200320c-678x381.jpg",678,381,true],"mh-magazine-large":["https:\/\/www.comuna13online.com.ar\/wp-content\/uploads\/2020\/03\/20200320c.jpg",678,452,false],"mh-magazine-medium":["https:\/\/www.comuna13online.com.ar\/wp-content\/uploads\/2020\/03\/20200320c-326x245.jpg",326,245,true],"mh-magazine-small":["https:\/\/www.comuna13online.com.ar\/wp-content\/uploads\/2020\/03\/20200320c-80x60.jpg",80,60,true],"sow-carousel-default":["https:\/\/www.comuna13online.com.ar\/wp-content\/uploads\/2020\/03\/20200320c-272x182.jpg",272,182,true]},"uagb_author_info":{"display_name":"Comuna13","author_link":"https:\/\/www.comuna13online.com.ar\/?author=1"},"uagb_comment_info":0,"uagb_excerpt":"A partir del aislamiento social preventivo y obligatorio dispuesta por el Gobierno Nacional, la Sede de la Comuna 13 inform\u00f3 que se limitar\u00e1n los servicios a las prestaciones de urgencia [...]","jetpack_sharing_enabled":true,"_links":{"self":[{"href":"https:\/\/www.comuna13online.com.ar\/index.php?rest_route=\/wp\/v2\/posts\/8774","targetHints":{"allow":["GET"]}}],"collection":[{"href":"https:\/\/www.comuna13online.com.ar\/index.php?rest_route=\/wp\/v2\/posts"}],"about":[{"href":"https:\/\/www.comuna13online.com.ar\/index.php?rest_route=\/wp\/v2\/types\/post"}],"author":[{"embeddable":true,"href":"https:\/\/www.comuna13online.com.ar\/index.php?rest_route=\/wp\/v2\/users\/1"}],"replies":[{"embeddable":true,"href":"https:\/\/www.comuna13online.com.ar\/index.php?rest_route=%2Fwp%2Fv2%2Fcomments&post=8774"}],"version-history":[{"count":0,"href":"https:\/\/www.comuna13online.com.ar\/index.php?rest_route=\/wp\/v2\/posts\/8774\/revisions"}],"wp:featuredmedia":[{"embeddable":true,"href":"https:\/\/www.comuna13online.com.ar\/index.php?rest_route=\/wp\/v2\/media\/8777"}],"wp:attachment":[{"href":"https:\/\/www.comuna13online.com.ar\/index.php?rest_route=%2Fwp%2Fv2%2Fmedia&parent=8774"}],"wp:term":[{"taxonomy":"category","embeddable":true,"href":"https:\/\/www.comuna13online.com.ar\/index.php?rest_route=%2Fwp%2Fv2%2Fcategories&post=8774"},{"taxonomy":"post_tag","embeddable":true,"href":"https:\/\/www.comuna13online.com.ar\/index.php?rest_route=%2Fwp%2Fv2%2Ftags&post=8774"}],"curies":[{"name":"wp","href":"https:\/\/api.w.org\/{rel}","templated":true}]}}