{"id":8763,"date":"2020-03-20T10:14:58","date_gmt":"2020-03-20T13:14:58","guid":{"rendered":"http:\/\/www.comuna13online.com.ar\/?p=8763"},"modified":"2020-03-20T10:14:58","modified_gmt":"2020-03-20T13:14:58","slug":"detuvieron-a-siete-hombres-uno-armado-en-belgrano-incumpliendo-la-cuarentena-obligatoria","status":"publish","type":"post","link":"https:\/\/www.comuna13online.com.ar\/?p=8763","title":{"rendered":"Detuvieron a siete hombres, uno armado, en Belgrano, incumpliendo la cuarentena obligatoria"},"content":{"rendered":"<p><strong>La Polic\u00eda de la Ciudad detuvo a siete hombres en Belgrano por violar la cuarentena obligatoria impuesta por el Gobierno Nacional para mitigar el contagio de coronvirus, uno estaba armado.<\/strong><\/p>\n<p><img loading=\"lazy\" decoding=\"async\" data-attachment-id=\"8764\" data-permalink=\"https:\/\/www.comuna13online.com.ar\/?attachment_id=8764\" data-orig-file=\"https:\/\/www.comuna13online.com.ar\/wp-content\/uploads\/2020\/03\/20200320a1.jpg\" data-orig-size=\"677,381\" data-comments-opened=\"0\" data-image-meta=\"{&quot;aperture&quot;:&quot;0&quot;,&quot;credit&quot;:&quot;&quot;,&quot;camera&quot;:&quot;&quot;,&quot;caption&quot;:&quot;&quot;,&quot;created_timestamp&quot;:&quot;0&quot;,&quot;copyright&quot;:&quot;&quot;,&quot;focal_length&quot;:&quot;0&quot;,&quot;iso&quot;:&quot;0&quot;,&quot;shutter_speed&quot;:&quot;0&quot;,&quot;title&quot;:&quot;&quot;,&quot;orientation&quot;:&quot;0&quot;}\" data-image-title=\"20200320a1\" data-image-description=\"\" data-image-caption=\"\" data-large-file=\"https:\/\/www.comuna13online.com.ar\/wp-content\/uploads\/2020\/03\/20200320a1.jpg\" class=\"alignnone size-full wp-image-8764\" src=\"http:\/\/www.comuna13online.com.ar\/wp-content\/uploads\/2020\/03\/20200320a1.jpg\" alt=\"\" width=\"677\" height=\"381\" \/><\/p>\n<p>Personal de Brigada de Comisar\u00eda Comunal 13 de la\u00a0Polic\u00eda del a Ciudad, que\u00a0recorr\u00eda la jurisdicci\u00f3n para dar cumplimiento al aislamiento preventivo obligatorio que dispuso el Jefe del Estado, fue desplazado hacia un bar en Blanco Escalada al 2200 por una detonaci\u00f3n de arma de fuego, con la\u00a0referencia de que el responsable vest\u00eda una campera verde y jean.<\/p>\n<p>Al llegar al lugar el sospechoso se hab\u00eda retirado, por lo cual un m\u00f3vil de la Polic\u00eda de la Ciudad efectu\u00f3 un rastrillaje por la zona hasta que dio con un hombre con esa vestimenta en Roosevelt y Cuba, quien a su vez estaba acompa\u00f1ado por otras seis personas.<\/p>\n<p>En la requisa, al principal sospechoso se le hall\u00f3 una pistola Bersa 9 mil\u00edmetros.<\/p>\n<p>Consulta mediante, el juzgado Federal N\u00ba 9, a cargo del Dr. Luis Rodr\u00edguez, secretar\u00eda N\u00ba 17 a cargo del Dr. Ram\u00edrez, dispuso la detenci\u00f3n de los siete hombres y el secuestro del arma, adem\u00e1s de seis celulares y 670 pesos.<\/p>\n<p><img loading=\"lazy\" decoding=\"async\" data-attachment-id=\"8767\" data-permalink=\"https:\/\/www.comuna13online.com.ar\/?attachment_id=8767\" data-orig-file=\"https:\/\/www.comuna13online.com.ar\/wp-content\/uploads\/2020\/03\/20200320a2.jpg\" data-orig-size=\"678,500\" data-comments-opened=\"0\" data-image-meta=\"{&quot;aperture&quot;:&quot;0&quot;,&quot;credit&quot;:&quot;&quot;,&quot;camera&quot;:&quot;&quot;,&quot;caption&quot;:&quot;&quot;,&quot;created_timestamp&quot;:&quot;0&quot;,&quot;copyright&quot;:&quot;&quot;,&quot;focal_length&quot;:&quot;0&quot;,&quot;iso&quot;:&quot;0&quot;,&quot;shutter_speed&quot;:&quot;0&quot;,&quot;title&quot;:&quot;&quot;,&quot;orientation&quot;:&quot;0&quot;}\" data-image-title=\"20200320a2\" data-image-description=\"\" data-image-caption=\"\" data-large-file=\"https:\/\/www.comuna13online.com.ar\/wp-content\/uploads\/2020\/03\/20200320a2-594x438.jpg\" class=\"alignnone size-full wp-image-8767\" src=\"http:\/\/www.comuna13online.com.ar\/wp-content\/uploads\/2020\/03\/20200320a2.jpg\" alt=\"\" width=\"678\" height=\"500\" srcset=\"https:\/\/www.comuna13online.com.ar\/wp-content\/uploads\/2020\/03\/20200320a2.jpg 678w, https:\/\/www.comuna13online.com.ar\/wp-content\/uploads\/2020\/03\/20200320a2-613x452.jpg 613w, https:\/\/www.comuna13online.com.ar\/wp-content\/uploads\/2020\/03\/20200320a2-594x438.jpg 594w, https:\/\/www.comuna13online.com.ar\/wp-content\/uploads\/2020\/03\/20200320a2-80x60.jpg 80w\" sizes=\"auto, (max-width: 678px) 100vw, 678px\" \/><\/p>\n","protected":false},"excerpt":{"rendered":"<div class=\"mh-excerpt\">La Polic\u00eda de la Ciudad detuvo a siete hombres en Belgrano por violar la cuarentena obligatoria impuesta por el Gobierno Nacional para mitigar el contagio de coronvirus, uno estaba armado. <a class=\"mh-excerpt-more\" href=\"https:\/\/www.comuna13online.com.ar\/?p=8763\" title=\"Detuvieron a siete hombres, uno armado, en Belgrano, incumpliendo la cuarentena obligatoria\">[&#8230;]<\/a><\/div>\n","protected":false},"author":1,"featured_media":8765,"comment_status":"closed","ping_status":"closed","sticky":false,"template":"","format":"standard","meta":{"_uag_custom_page_level_css":"","_jetpack_memberships_contains_paid_content":false,"footnotes":"","jetpack_publicize_message":"Detuvieron a siete hombres, uno armado, en Belgrano, incumpliendo la #CuarentenaObligatoria #CoronavirusEnArgentina","jetpack_publicize_feature_enabled":true,"jetpack_social_post_already_shared":true,"jetpack_social_options":{"image_generator_settings":{"template":"highway","default_image_id":0,"font":"","enabled":false},"version":2}},"categories":[32],"tags":[250,45,34],"class_list":{"0":"post-8763","1":"post","2":"type-post","3":"status-publish","4":"format-standard","5":"has-post-thumbnail","7":"category-sociedad","8":"tag-h2","9":"tag-salud","10":"tag-sociedad"},"jetpack_publicize_connections":[],"jetpack_featured_media_url":"https:\/\/www.comuna13online.com.ar\/wp-content\/uploads\/2020\/03\/20200320a.jpg","uagb_featured_image_src":{"full":["https:\/\/www.comuna13online.com.ar\/wp-content\/uploads\/2020\/03\/20200320a.jpg",678,452,false],"thumbnail":["https:\/\/www.comuna13online.com.ar\/wp-content\/uploads\/2020\/03\/20200320a-150x150.jpg",96,96,true],"medium":["https:\/\/www.comuna13online.com.ar\/wp-content\/uploads\/2020\/03\/20200320a.jpg",678,452,false],"medium_large":["https:\/\/www.comuna13online.com.ar\/wp-content\/uploads\/2020\/03\/20200320a.jpg",678,452,false],"large":["https:\/\/www.comuna13online.com.ar\/wp-content\/uploads\/2020\/03\/20200320a-657x438.jpg",657,438,true],"1536x1536":["https:\/\/www.comuna13online.com.ar\/wp-content\/uploads\/2020\/03\/20200320a.jpg",678,452,false],"2048x2048":["https:\/\/www.comuna13online.com.ar\/wp-content\/uploads\/2020\/03\/20200320a.jpg",678,452,false],"mh-magazine-slider":["https:\/\/www.comuna13online.com.ar\/wp-content\/uploads\/2020\/03\/20200320a-678x438.jpg",678,438,true],"mh-magazine-content":["https:\/\/www.comuna13online.com.ar\/wp-content\/uploads\/2020\/03\/20200320a-678x381.jpg",678,381,true],"mh-magazine-large":["https:\/\/www.comuna13online.com.ar\/wp-content\/uploads\/2020\/03\/20200320a.jpg",678,452,false],"mh-magazine-medium":["https:\/\/www.comuna13online.com.ar\/wp-content\/uploads\/2020\/03\/20200320a-326x245.jpg",326,245,true],"mh-magazine-small":["https:\/\/www.comuna13online.com.ar\/wp-content\/uploads\/2020\/03\/20200320a-80x60.jpg",80,60,true],"sow-carousel-default":["https:\/\/www.comuna13online.com.ar\/wp-content\/uploads\/2020\/03\/20200320a-272x182.jpg",272,182,true]},"uagb_author_info":{"display_name":"Comuna13","author_link":"https:\/\/www.comuna13online.com.ar\/?author=1"},"uagb_comment_info":0,"uagb_excerpt":"La Polic\u00eda de la Ciudad detuvo a siete hombres en Belgrano por violar la cuarentena obligatoria impuesta por el Gobierno Nacional para mitigar el contagio de coronvirus, uno estaba armado. [...]","jetpack_sharing_enabled":true,"_links":{"self":[{"href":"https:\/\/www.comuna13online.com.ar\/index.php?rest_route=\/wp\/v2\/posts\/8763","targetHints":{"allow":["GET"]}}],"collection":[{"href":"https:\/\/www.comuna13online.com.ar\/index.php?rest_route=\/wp\/v2\/posts"}],"about":[{"href":"https:\/\/www.comuna13online.com.ar\/index.php?rest_route=\/wp\/v2\/types\/post"}],"author":[{"embeddable":true,"href":"https:\/\/www.comuna13online.com.ar\/index.php?rest_route=\/wp\/v2\/users\/1"}],"replies":[{"embeddable":true,"href":"https:\/\/www.comuna13online.com.ar\/index.php?rest_route=%2Fwp%2Fv2%2Fcomments&post=8763"}],"version-history":[{"count":0,"href":"https:\/\/www.comuna13online.com.ar\/index.php?rest_route=\/wp\/v2\/posts\/8763\/revisions"}],"wp:featuredmedia":[{"embeddable":true,"href":"https:\/\/www.comuna13online.com.ar\/index.php?rest_route=\/wp\/v2\/media\/8765"}],"wp:attachment":[{"href":"https:\/\/www.comuna13online.com.ar\/index.php?rest_route=%2Fwp%2Fv2%2Fmedia&parent=8763"}],"wp:term":[{"taxonomy":"category","embeddable":true,"href":"https:\/\/www.comuna13online.com.ar\/index.php?rest_route=%2Fwp%2Fv2%2Fcategories&post=8763"},{"taxonomy":"post_tag","embeddable":true,"href":"https:\/\/www.comuna13online.com.ar\/index.php?rest_route=%2Fwp%2Fv2%2Ftags&post=8763"}],"curies":[{"name":"wp","href":"https:\/\/api.w.org\/{rel}","templated":true}]}}