{"id":8713,"date":"2020-03-16T12:48:27","date_gmt":"2020-03-16T15:48:27","guid":{"rendered":"http:\/\/www.comuna13online.com.ar\/?p=8713"},"modified":"2020-03-16T12:48:27","modified_gmt":"2020-03-16T15:48:27","slug":"coronavirus-rodriguez-larreta-anuncio-medidas-en-la-ciudad","status":"publish","type":"post","link":"https:\/\/www.comuna13online.com.ar\/?p=8713","title":{"rendered":"Coronavirus: Rodr\u00edguez Larreta anunci\u00f3 medidas en la Ciudad"},"content":{"rendered":"<p><strong>Tras la reuni\u00f3n que particip\u00f3 junto al Presidente y su par de la Provincia de Buenos Aires, el Jefe de Gobierno anunci\u00f3 medidas que buscan frenar el avance del COVID19 en la Ciudad.<\/strong><\/p>\n<p><iframe loading=\"lazy\" src=\"https:\/\/www.youtube.com\/embed\/RmNnn2kvCRs\" width=\"678\" height=\"381\" frameborder=\"0\" allowfullscreen=\"allowfullscreen\"><span data-mce-type=\"bookmark\" style=\"display: inline-block; width: 0px; overflow: hidden; line-height: 0;\" class=\"mce_SELRES_start\">\ufeff<\/span><\/iframe><\/p>\n<p>El Jefe de Gobierno Horacio Rodr\u00edguez Larreta brindo hoy una conferencia de prensa donde precis\u00f3 medidas destinadas a disminuir busca atenuar los contagios de Covid-19 en nuestra ciudad. De la misma participaron tambi\u00e9n Felipe Miguel, la Ministra de Educaci\u00f3n Soledad Acu\u00f1a y el titular de la cartera de de Salud, Fern\u00e1n Quiros,<\/p>\n<p>El primer anuncio fue en materia de educativa, se suspenden las clases hasta el 31 de marzo,<em> \u201cDesde la Ciudad ven\u00edamos trabajando en un plan para manejar la situaci\u00f3n de los chicos. No son vacaciones, los chicos tienen que seguir en su proceso de aprendizaje. Afectar\u00e1 el d\u00eda a d\u00eda de las familias, pero estamos convencidos de que es la decisi\u00f3n correcta. Las escuelas seguir\u00e1n abiertas\u201d<\/em>, afirmo Larrreta.<\/p>\n<div align=\"CENTER\">\n<blockquote class=\"twitter-tweet\">\n<p dir=\"ltr\" lang=\"es\">Sin dudas estamos enfrentando un acontecimiento inesperado a nivel mundial. Y de cada uno de nosotros depende la manera en la que esto vaya a quedar en la historia.<\/p>\n<p>\u2014 Horacio Rodr\u00edguez Larreta (@horaciorlarreta) <a href=\"https:\/\/twitter.com\/horaciorlarreta\/status\/1239514416804216832?ref_src=twsrc%5Etfw\">March 16, 2020<\/a><\/p><\/blockquote>\n<p><script async src=\"https:\/\/platform.twitter.com\/widgets.js\" charset=\"utf-8\"><\/script><\/p>\n<\/div>\n<p>En sintoniza con la medidas llevadas adelante por el gobierno nacional, la Ministra Soledad Acu\u00f1a anunci\u00f3 \u201c<em>Suspendemos las clases en las escuelas p\u00fablicas de la Ciudad de Buenos Aires\u201d, <\/em>y acto seguido inform\u00f3 <em>\u201cTendremos las escuelas abiertas para garantizar la asistencia a los chicos con situaci\u00f3n de vulnerabilidad. Hoy (por el lunes) vamos a dar la comida en el colegio y en adelante la vamos a entregar para que la puedan llevar a sus casas\u201d<\/em>.<\/p>\n<p><em>\u201cVenimos trabajando desde hace tiempo. Estamos preparados para enfrentar esta situaci\u00f3n particular que tiene que ver con clases no presenciales, los chicos sin ir a clases\u201d<\/em>, sostuvo Acu\u00f1a.<\/p>\n<p>Por su parte, el Jefe de Gabinete porte\u00f1o, Felipe Miguel, \u00a0inform\u00f3 que <em>\u201ca los fines de reducir la cantidad de tr\u00e1mites, hemos decidido prorrogar algunos vencimientos\u201d, por ejemplo, \u201cen los tr\u00e1mites de renovaci\u00f3n de VTV y de la licencia de conducir, de manera tal que si esos permisos vencieran estos d\u00edas, no va a ser necesario renovarlos\u201d<\/em>.<\/p>\n<p><em>\u201cSe pueden realizar los casamientos pero con restricci\u00f3n de participantes, exclusivamente limitados a los testigos. Para los que prefieran, van a poder reprogramar estas fechas\u201d<\/em>, comunic\u00f3.<\/p>\n<p>Por otro lado inform\u00f3 <em>\u201cLos tr\u00e1mites con modalidad presencial y online van a poder hacerse \u00fanicamente online. Y para los que son solamente presenciales va a haber una guardia m\u00ednima en la Comuna\u201d.<\/em><\/p>\n<blockquote><p>si alguien no estuviera cumpliendo con el aislamiento, <em><span style=\"color: #008080;\"><strong>\u201cla denuncia hay que hacerla exclusivamente al 147\u201d<\/strong><\/span><\/em> resalt\u00f3<\/p><\/blockquote>\n<p><em>\u201cHemos decidido mantener abiertas las ferias de productos b\u00e1sicos, y los mercados y polos gastron\u00f3micos, pero exclusivamente para la adquisici\u00f3n de los productos, cerrando la permanencia en esos espacios para el consumo\u201d,y<\/em> aunque se tomo la sedici\u00f3n de <em>\u201ccerrar los patios de juego en patios y plazas, porque entendemos que son un foco importante de posible contagio\u201d<\/em>.<\/p>\n<p>Respecto a los adultos mayores se est\u00e1 <em>\u201ctrabajando con bancos, farmacias y otros servicios para establecer horarios de atenci\u00f3n exclusiva\u201d<\/em>.<\/p>\n<p>En tanto se van a cerrar <em>\u201clos centros de d\u00eda para jubilados pero siempre garantiz\u00e1ndoles el acceso a sus viandas\u201d<\/em>, advirti\u00f3 el funcvionario.<\/p>\n<p>Por \u00faltimo, anunci\u00f3 que <em>\u201cen materia de hogares y geri\u00e1tricos, estamos implementando un protocolo de visitas para los allegados m\u00e1s cercanos. Y con un conjunto de medidas de cuidado que garanticen su seguridad para evitar los contagios\u201d<\/em>.<\/p>\n<div align=\"center\">\n<blockquote class=\"twitter-tweet\">\n<p dir=\"ltr\" lang=\"es\">Entre todos podemos prevenir el coronavirus. Al lavarnos las manos, sigamos estos consejos?? <a href=\"https:\/\/t.co\/wsa2kJaBq0\">pic.twitter.com\/wsa2kJaBq0<\/a><\/p>\n<p>\u2014 Felipe Miguel (@FelipeMiguelBA) <a href=\"https:\/\/twitter.com\/FelipeMiguelBA\/status\/1239208869278203904?ref_src=twsrc%5Etfw\">March 15, 2020<\/a><\/p><\/blockquote>\n<p><script async src=\"https:\/\/platform.twitter.com\/widgets.js\" charset=\"utf-8\"><\/script><\/p>\n<\/div>\n<h3>Consejos y recomendaciones para prevenir el contagio del COVID-19<\/h3>\n<p>La Organizaci\u00f3n Mundial de la Salud recomienda tomar las siguientes medidas:<\/p>\n<ul>\n<li>Lavarse las manos con frecuencia con agua y jab\u00f3n o con un desinfectante de manos a base de alcohol para eliminar el virus si se encuentra en las manos, durante al menos un minuto.<\/li>\n<li>Al toser o estornudar, cubrirse la boca y la nariz con el codo flexionado o con un pa\u00f1uelo; tirar el pa\u00f1uelo inmediatamente y lavarse las manos con agua y jab\u00f3n o con un desinfectante de manos a base de alcohol.<\/li>\n<li>Mantener al menos 1 metro de distancia frente a aquellas personas que tosan, estornuden o tengan fiebre.<\/li>\n<li>Evite tocarse los ojos, la nariz y la boca.<\/li>\n<li>Al sentir fiebre, tos y dificultad para respirar, solicitar atenci\u00f3n m\u00e9dica a tiempo.<\/li>\n<li>Indicar al m\u00e9dico si ha viajado a una zona en la que se haya notificado la presencia del 2019-nCoV, o si ha tenido un contacto cercano con alguien que haya viajado y tenga s\u00edntomas respiratorios.<\/li>\n<li>Ante s\u00edntomas respiratorios leves sin tener antecedentes de viajes, practicar cuidadosamente una higiene respiratoria y de manos b\u00e1sica y quedarse en casa, si es posible, hasta recuperarse.<\/li>\n<li>Adoptar medidas generales de higiene al visitar mercados de animales vivos, mercados de productos frescos o mercados de productos animales, como:\n<ul>\n<li>Lavarse peri\u00f3dicamente las manos con jab\u00f3n y agua potable despu\u00e9s de tocar animales y productos animales.<\/li>\n<li>Evitar el contacto con animales enfermos o productos animales en mal estado.<\/li>\n<li>Evitar estrictamente todo contacto con otros animales en el mercado (por ejemplo, gatos y perros callejeros, roedores, aves, murci\u00e9lagos).<\/li>\n<li>Evitar el contacto con desechos o fluidos de animales posiblemente contaminados que se encuentren en el suelo o en estructuras de tiendas y mercados.<\/li>\n<li>Evitar el consumo de productos animales crudos o poco cocinados para impedir la contaminaci\u00f3n cruzada con alimentos crudos.<\/li>\n<\/ul>\n<\/li>\n<\/ul>\n<p><img decoding=\"async\" src=\"https:\/\/www.buenosaires.gob.ar\/sites\/gcaba\/files\/material-covid-19-digital.jpg\" alt=\"Consejos y recomendaciones para prevenir el contagio del COVID-19\" width=\"50%\" height=\"auto\" \/><\/p>\n<p><strong>Adem\u00e1s se sugiere:<\/strong><\/p>\n<ul>\n<li>Evitar el contacto cercano con personas que sufren infecciones respiratorias agudas.<\/li>\n<li>No compartir bebidas, alimentos, mate, platos, cubiertos, vasos, tel\u00e9fonos celulares ni objetos personales con nadie.<\/li>\n<li>Evitar todo tipo de conta<\/li>\n<\/ul>\n","protected":false},"excerpt":{"rendered":"<div class=\"mh-excerpt\">Tras la reuni\u00f3n que particip\u00f3 junto al Presidente y su par de la Provincia de Buenos Aires, el Jefe de Gobierno anunci\u00f3 medidas que buscan frenar el avance del COVID19 <a class=\"mh-excerpt-more\" href=\"https:\/\/www.comuna13online.com.ar\/?p=8713\" title=\"Coronavirus: Rodr\u00edguez Larreta anunci\u00f3 medidas en la Ciudad\">[&#8230;]<\/a><\/div>\n","protected":false},"author":1,"featured_media":8714,"comment_status":"closed","ping_status":"closed","sticky":false,"template":"","format":"standard","meta":{"_uag_custom_page_level_css":"","_jetpack_memberships_contains_paid_content":false,"footnotes":"","jetpack_publicize_message":"","jetpack_publicize_feature_enabled":true,"jetpack_social_post_already_shared":true,"jetpack_social_options":{"image_generator_settings":{"template":"highway","default_image_id":0,"font":"","enabled":false},"version":2}},"categories":[44],"tags":[246,250,231,45],"class_list":{"0":"post-8713","1":"post","2":"type-post","3":"status-publish","4":"format-standard","5":"has-post-thumbnail","7":"category-salud","8":"tag-h1","9":"tag-h2","10":"tag-lomasvisto","11":"tag-salud"},"jetpack_publicize_connections":[],"jetpack_featured_media_url":"https:\/\/www.comuna13online.com.ar\/wp-content\/uploads\/2020\/03\/20200116a.jpg","uagb_featured_image_src":{"full":["https:\/\/www.comuna13online.com.ar\/wp-content\/uploads\/2020\/03\/20200116a.jpg",1030,438,false],"thumbnail":["https:\/\/www.comuna13online.com.ar\/wp-content\/uploads\/2020\/03\/20200116a-150x150.jpg",96,96,true],"medium":["https:\/\/www.comuna13online.com.ar\/wp-content\/uploads\/2020\/03\/20200116a-678x288.jpg",678,288,true],"medium_large":["https:\/\/www.comuna13online.com.ar\/wp-content\/uploads\/2020\/03\/20200116a-768x327.jpg",768,327,true],"large":["https:\/\/www.comuna13online.com.ar\/wp-content\/uploads\/2020\/03\/20200116a.jpg",1030,438,false],"1536x1536":["https:\/\/www.comuna13online.com.ar\/wp-content\/uploads\/2020\/03\/20200116a.jpg",1030,438,false],"2048x2048":["https:\/\/www.comuna13online.com.ar\/wp-content\/uploads\/2020\/03\/20200116a.jpg",1030,438,false],"mh-magazine-slider":["https:\/\/www.comuna13online.com.ar\/wp-content\/uploads\/2020\/03\/20200116a.jpg",1030,438,false],"mh-magazine-content":["https:\/\/www.comuna13online.com.ar\/wp-content\/uploads\/2020\/03\/20200116a-678x381.jpg",678,381,true],"mh-magazine-large":["https:\/\/www.comuna13online.com.ar\/wp-content\/uploads\/2020\/03\/20200116a-678x438.jpg",678,438,true],"mh-magazine-medium":["https:\/\/www.comuna13online.com.ar\/wp-content\/uploads\/2020\/03\/20200116a-326x245.jpg",326,245,true],"mh-magazine-small":["https:\/\/www.comuna13online.com.ar\/wp-content\/uploads\/2020\/03\/20200116a-80x60.jpg",80,60,true],"sow-carousel-default":["https:\/\/www.comuna13online.com.ar\/wp-content\/uploads\/2020\/03\/20200116a-272x182.jpg",272,182,true]},"uagb_author_info":{"display_name":"Comuna13","author_link":"https:\/\/www.comuna13online.com.ar\/?author=1"},"uagb_comment_info":0,"uagb_excerpt":"Tras la reuni\u00f3n que particip\u00f3 junto al Presidente y su par de la Provincia de Buenos Aires, el Jefe de Gobierno anunci\u00f3 medidas que buscan frenar el avance del COVID19 [...]","jetpack_sharing_enabled":true,"_links":{"self":[{"href":"https:\/\/www.comuna13online.com.ar\/index.php?rest_route=\/wp\/v2\/posts\/8713","targetHints":{"allow":["GET"]}}],"collection":[{"href":"https:\/\/www.comuna13online.com.ar\/index.php?rest_route=\/wp\/v2\/posts"}],"about":[{"href":"https:\/\/www.comuna13online.com.ar\/index.php?rest_route=\/wp\/v2\/types\/post"}],"author":[{"embeddable":true,"href":"https:\/\/www.comuna13online.com.ar\/index.php?rest_route=\/wp\/v2\/users\/1"}],"replies":[{"embeddable":true,"href":"https:\/\/www.comuna13online.com.ar\/index.php?rest_route=%2Fwp%2Fv2%2Fcomments&post=8713"}],"version-history":[{"count":0,"href":"https:\/\/www.comuna13online.com.ar\/index.php?rest_route=\/wp\/v2\/posts\/8713\/revisions"}],"wp:featuredmedia":[{"embeddable":true,"href":"https:\/\/www.comuna13online.com.ar\/index.php?rest_route=\/wp\/v2\/media\/8714"}],"wp:attachment":[{"href":"https:\/\/www.comuna13online.com.ar\/index.php?rest_route=%2Fwp%2Fv2%2Fmedia&parent=8713"}],"wp:term":[{"taxonomy":"category","embeddable":true,"href":"https:\/\/www.comuna13online.com.ar\/index.php?rest_route=%2Fwp%2Fv2%2Fcategories&post=8713"},{"taxonomy":"post_tag","embeddable":true,"href":"https:\/\/www.comuna13online.com.ar\/index.php?rest_route=%2Fwp%2Fv2%2Ftags&post=8713"}],"curies":[{"name":"wp","href":"https:\/\/api.w.org\/{rel}","templated":true}]}}