{"id":8274,"date":"2020-02-07T10:03:23","date_gmt":"2020-02-07T13:03:23","guid":{"rendered":"http:\/\/www.comuna13online.com.ar\/?p=8274"},"modified":"2020-02-07T10:03:23","modified_gmt":"2020-02-07T13:03:23","slug":"temporada-de-viajes-en-el-conti-este-sabado-all-inclusive","status":"publish","type":"post","link":"https:\/\/www.comuna13online.com.ar\/?p=8274","title":{"rendered":"\u00abTemporada de viajes\u00bb en el Conti, este s\u00e1bado: All Inclusive"},"content":{"rendered":"<p><strong>Todos los s\u00e1bados de febrero a las 19 horas en el Centro Cultural Conti nos ofrece una oportunidad de disfrutar del mejor cine relacionado con los viajes como tem\u00e1tica general.<\/strong><\/p>\n<p><img loading=\"lazy\" decoding=\"async\" data-attachment-id=\"8277\" data-permalink=\"https:\/\/www.comuna13online.com.ar\/?attachment_id=8277\" data-orig-file=\"https:\/\/www.comuna13online.com.ar\/wp-content\/uploads\/2020\/02\/20200207a3.jpg\" data-orig-size=\"678,229\" data-comments-opened=\"0\" data-image-meta=\"{&quot;aperture&quot;:&quot;0&quot;,&quot;credit&quot;:&quot;&quot;,&quot;camera&quot;:&quot;&quot;,&quot;caption&quot;:&quot;&quot;,&quot;created_timestamp&quot;:&quot;0&quot;,&quot;copyright&quot;:&quot;&quot;,&quot;focal_length&quot;:&quot;0&quot;,&quot;iso&quot;:&quot;0&quot;,&quot;shutter_speed&quot;:&quot;0&quot;,&quot;title&quot;:&quot;&quot;,&quot;orientation&quot;:&quot;0&quot;}\" data-image-title=\"20200207a3\" data-image-description=\"\" data-image-caption=\"\" data-large-file=\"https:\/\/www.comuna13online.com.ar\/wp-content\/uploads\/2020\/02\/20200207a3.jpg\" class=\"alignnone size-full wp-image-8277\" src=\"http:\/\/www.comuna13online.com.ar\/wp-content\/uploads\/2020\/02\/20200207a3.jpg\" alt=\"\" width=\"678\" height=\"229\" \/><\/p>\n<p>El Ciclo de Cine \u00abTemporada de Viajes\u00bb est\u00e1 organizado por Centro Cultural de la Memoria Haroldo Conti y Conti Cine, las proyecciones se llevar\u00e1n a cabo los s\u00e1bados 8, 15, 22 y 29 de febrero.<\/p>\n<p>La estrada es gratuita y est\u00e1 sujeta a la capacidad de la sala,\u00a0Las entradas a los espect\u00e1culos se retiran con una hora de anticipaci\u00f3n (2 por persona), no se hacen reservan.<\/p>\n<p><strong>S\u00e1bado 8 de febrero 19 horas<\/strong><\/p>\n<p><img loading=\"lazy\" decoding=\"async\" data-attachment-id=\"8276\" data-permalink=\"https:\/\/www.comuna13online.com.ar\/?attachment_id=8276\" data-orig-file=\"https:\/\/www.comuna13online.com.ar\/wp-content\/uploads\/2020\/02\/20200207a2.jpg\" data-orig-size=\"678,248\" data-comments-opened=\"0\" data-image-meta=\"{&quot;aperture&quot;:&quot;0&quot;,&quot;credit&quot;:&quot;&quot;,&quot;camera&quot;:&quot;&quot;,&quot;caption&quot;:&quot;&quot;,&quot;created_timestamp&quot;:&quot;0&quot;,&quot;copyright&quot;:&quot;&quot;,&quot;focal_length&quot;:&quot;0&quot;,&quot;iso&quot;:&quot;0&quot;,&quot;shutter_speed&quot;:&quot;0&quot;,&quot;title&quot;:&quot;&quot;,&quot;orientation&quot;:&quot;0&quot;}\" data-image-title=\"20200207a2\" data-image-description=\"\" data-image-caption=\"\" data-large-file=\"https:\/\/www.comuna13online.com.ar\/wp-content\/uploads\/2020\/02\/20200207a2.jpg\" class=\"alignnone size-full wp-image-8276\" src=\"http:\/\/www.comuna13online.com.ar\/wp-content\/uploads\/2020\/02\/20200207a2.jpg\" alt=\"\" width=\"678\" height=\"248\" \/><\/p>\n<p>Direcci\u00f3n:\u00a0Diego Levy\u00a0y\u00a0Pablo Levy<br \/>\n(Argentina, 2018, 92\u2019 min)<\/p>\n<p><b>Sinopsis<\/b>: Pablo y Luc\u00eda conviven hace ya cinco a\u00f1os. Sin hijos y sin anillos. Ella es una exitosa modelo publicitaria y Pablo un arquitecto que espera tener \u00e9xito en su primer proyecto. Confiado, compra por Internet una oferta para viajar a Brasil como sorpresa para Luc\u00eda, pero las cosas salen mal, termina discutiendo con su jefe y renunciando a su trabajo. Demasiado tarde para cancelar la estad\u00eda en el All Inclusive, oculta la verdad a Luc\u00eda y parten. El viaje y la vuelta a casa traer\u00e1n inesperadas consecuencias, al estilo de una buena comedia.<\/p>\n<p><strong>Direcci\u00f3n<\/strong>: Diego Levy, Pablo Levy<br \/>\n<strong>Gui\u00f3n<\/strong>: Diego Levy, Pablo Levy, Ignacio S\u00e1nchez Mestre<br \/>\n<strong>M\u00fasica<\/strong>: Dario Ramos Maldonado<br \/>\n<strong>Fotograf\u00eda<\/strong>: Luciano Badaracco<br \/>\n<strong>Reparto<\/strong>: Alan Sabbagh, Julieta Zylberberg, Mike Amigorena, Marina Bellati, Mariana Chaud \/ Productoras: Rispo Films, Tecno Films, Tieless Media<\/p>\n<p><iframe loading=\"lazy\" src=\"https:\/\/www.youtube.com\/embed\/E399uGpbd8Y\" width=\"678\" height=\"381\" frameborder=\"0\" allowfullscreen=\"allowfullscreen\"><span data-mce-type=\"bookmark\" style=\"display: inline-block; width: 0px; overflow: hidden; line-height: 0;\" class=\"mce_SELRES_start\">\ufeff<\/span><\/iframe><\/p>\n<h4><strong>Pr\u00f3ximas Funciones:<\/strong><\/h4>\n<ul>\n<li><strong>S\u00e1bado 15: <\/strong>Sue\u00f1o Florian\u00f3polis de Ana Katz<\/li>\n<li><strong>S\u00e1bado 22: <\/strong>Las olas de Adri\u00e1n Biniez<\/li>\n<li><strong>S\u00e1bado 29: <\/strong>El hombre del futuro de Felipe R\u00edos<strong><br \/>\n<\/strong><\/li>\n<\/ul>\n<p><img loading=\"lazy\" decoding=\"async\" data-attachment-id=\"99\" data-permalink=\"https:\/\/www.comuna13online.com.ar\/?attachment_id=99\" data-orig-file=\"https:\/\/www.comuna13online.com.ar\/wp-content\/uploads\/2017\/12\/line.jpg\" data-orig-size=\"678,1\" data-comments-opened=\"0\" data-image-meta=\"{&quot;aperture&quot;:&quot;0&quot;,&quot;credit&quot;:&quot;&quot;,&quot;camera&quot;:&quot;&quot;,&quot;caption&quot;:&quot;&quot;,&quot;created_timestamp&quot;:&quot;0&quot;,&quot;copyright&quot;:&quot;&quot;,&quot;focal_length&quot;:&quot;0&quot;,&quot;iso&quot;:&quot;0&quot;,&quot;shutter_speed&quot;:&quot;0&quot;,&quot;title&quot;:&quot;&quot;,&quot;orientation&quot;:&quot;0&quot;}\" data-image-title=\"line\" data-image-description=\"\" data-image-caption=\"\" data-large-file=\"https:\/\/www.comuna13online.com.ar\/wp-content\/uploads\/2017\/12\/line.jpg\" class=\"alignnone size-full wp-image-99\" src=\"http:\/\/www.comuna13online.com.ar\/wp-content\/uploads\/2017\/12\/line.jpg\" alt=\"\" width=\"678\" height=\"1\" srcset=\"https:\/\/www.comuna13online.com.ar\/wp-content\/uploads\/2017\/12\/line.jpg 678w, https:\/\/www.comuna13online.com.ar\/wp-content\/uploads\/2017\/12\/line-150x1.jpg 150w, https:\/\/www.comuna13online.com.ar\/wp-content\/uploads\/2017\/12\/line-326x1.jpg 326w, https:\/\/www.comuna13online.com.ar\/wp-content\/uploads\/2017\/12\/line-80x1.jpg 80w, https:\/\/www.comuna13online.com.ar\/wp-content\/uploads\/2017\/12\/line-272x1.jpg 272w\" sizes=\"auto, (max-width: 678px) 100vw, 678px\" \/><\/p>\n<p><strong>Centro Cultural de la Memoria Haroldo Conti<br \/>\n<\/strong>Av. Del Libertador 8151<strong>, <\/strong>Nu\u00f1ez<br \/>\nComuna 13<\/p>\n<p><iframe loading=\"lazy\" style=\"border: 0;\" src=\"https:\/\/www.google.com\/maps\/embed?pb=!1m18!1m12!1m3!1d1521.4675654974656!2d-58.46392200271337!3d-34.539587501175234!2m3!1f0!2f0!3f0!3m2!1i1024!2i768!4f13.1!3m3!1m2!1s0x95bcb6a06c813f85%3A0x758914e3f8133af!2sAv.+del+Libertador+8151%2C+C1429BNB+CABA!5e0!3m2!1ses-419!2sar!4v1540922036671\" width=\"678\" height=\"450\" frameborder=\"0\" allowfullscreen=\"allowfullscreen\"><span data-mce-type=\"bookmark\" style=\"display: inline-block; width: 0px; overflow: hidden; line-height: 0;\" class=\"mce_SELRES_start\">\ufeff<\/span><span data-mce-type=\"bookmark\" style=\"display: inline-block; width: 0px; overflow: hidden; line-height: 0;\" class=\"mce_SELRES_start\">\ufeff<\/span><\/iframe><\/p>\n<p><strong>Transportes Cercanos<br \/>\n<\/strong>Colectivos:\u00a015, 28, 29, 57, 117, 130 y 152.<\/p>\n","protected":false},"excerpt":{"rendered":"<div class=\"mh-excerpt\">Todos los s\u00e1bados de febrero a las 19 horas en el Centro Cultural Conti nos ofrece una oportunidad de disfrutar del mejor cine relacionado con los viajes como tem\u00e1tica general. <a class=\"mh-excerpt-more\" href=\"https:\/\/www.comuna13online.com.ar\/?p=8274\" title=\"\u00abTemporada de viajes\u00bb en el Conti, este s\u00e1bado: All Inclusive\">[&#8230;]<\/a><\/div>\n","protected":false},"author":1,"featured_media":8278,"comment_status":"closed","ping_status":"closed","sticky":false,"template":"","format":"standard","meta":{"_uag_custom_page_level_css":"","_jetpack_memberships_contains_paid_content":false,"footnotes":"","jetpack_publicize_message":"\"Temporada de viajes\" en el @CCMHCONTI, este s\u00e1bado: All Inclusive #BuenViernes","jetpack_publicize_feature_enabled":true,"jetpack_social_post_already_shared":true,"jetpack_social_options":{"image_generator_settings":{"template":"highway","default_image_id":0,"font":"","enabled":false},"version":2}},"categories":[228],"tags":[143,19,246,250,71],"class_list":{"0":"post-8274","1":"post","2":"type-post","3":"status-publish","4":"format-standard","5":"has-post-thumbnail","7":"category-cine-espactaculos","8":"tag-cine","9":"tag-comuna-13","10":"tag-h1","11":"tag-h2","12":"tag-tiempo-libre"},"jetpack_publicize_connections":[],"jetpack_featured_media_url":"https:\/\/www.comuna13online.com.ar\/wp-content\/uploads\/2020\/02\/20200207a.jpg","uagb_featured_image_src":{"full":["https:\/\/www.comuna13online.com.ar\/wp-content\/uploads\/2020\/02\/20200207a.jpg",1030,438,false],"thumbnail":["https:\/\/www.comuna13online.com.ar\/wp-content\/uploads\/2020\/02\/20200207a-150x150.jpg",96,96,true],"medium":["https:\/\/www.comuna13online.com.ar\/wp-content\/uploads\/2020\/02\/20200207a-678x288.jpg",678,288,true],"medium_large":["https:\/\/www.comuna13online.com.ar\/wp-content\/uploads\/2020\/02\/20200207a-768x327.jpg",768,327,true],"large":["https:\/\/www.comuna13online.com.ar\/wp-content\/uploads\/2020\/02\/20200207a.jpg",1030,438,false],"1536x1536":["https:\/\/www.comuna13online.com.ar\/wp-content\/uploads\/2020\/02\/20200207a.jpg",1030,438,false],"2048x2048":["https:\/\/www.comuna13online.com.ar\/wp-content\/uploads\/2020\/02\/20200207a.jpg",1030,438,false],"mh-magazine-slider":["https:\/\/www.comuna13online.com.ar\/wp-content\/uploads\/2020\/02\/20200207a.jpg",1030,438,false],"mh-magazine-content":["https:\/\/www.comuna13online.com.ar\/wp-content\/uploads\/2020\/02\/20200207a-678x381.jpg",678,381,true],"mh-magazine-large":["https:\/\/www.comuna13online.com.ar\/wp-content\/uploads\/2020\/02\/20200207a-678x438.jpg",678,438,true],"mh-magazine-medium":["https:\/\/www.comuna13online.com.ar\/wp-content\/uploads\/2020\/02\/20200207a-326x245.jpg",326,245,true],"mh-magazine-small":["https:\/\/www.comuna13online.com.ar\/wp-content\/uploads\/2020\/02\/20200207a-80x60.jpg",80,60,true],"sow-carousel-default":["https:\/\/www.comuna13online.com.ar\/wp-content\/uploads\/2020\/02\/20200207a-272x182.jpg",272,182,true]},"uagb_author_info":{"display_name":"Comuna13","author_link":"https:\/\/www.comuna13online.com.ar\/?author=1"},"uagb_comment_info":0,"uagb_excerpt":"Todos los s\u00e1bados de febrero a las 19 horas en el Centro Cultural Conti nos ofrece una oportunidad de disfrutar del mejor cine relacionado con los viajes como tem\u00e1tica general. [...]","jetpack_sharing_enabled":true,"_links":{"self":[{"href":"https:\/\/www.comuna13online.com.ar\/index.php?rest_route=\/wp\/v2\/posts\/8274","targetHints":{"allow":["GET"]}}],"collection":[{"href":"https:\/\/www.comuna13online.com.ar\/index.php?rest_route=\/wp\/v2\/posts"}],"about":[{"href":"https:\/\/www.comuna13online.com.ar\/index.php?rest_route=\/wp\/v2\/types\/post"}],"author":[{"embeddable":true,"href":"https:\/\/www.comuna13online.com.ar\/index.php?rest_route=\/wp\/v2\/users\/1"}],"replies":[{"embeddable":true,"href":"https:\/\/www.comuna13online.com.ar\/index.php?rest_route=%2Fwp%2Fv2%2Fcomments&post=8274"}],"version-history":[{"count":0,"href":"https:\/\/www.comuna13online.com.ar\/index.php?rest_route=\/wp\/v2\/posts\/8274\/revisions"}],"wp:featuredmedia":[{"embeddable":true,"href":"https:\/\/www.comuna13online.com.ar\/index.php?rest_route=\/wp\/v2\/media\/8278"}],"wp:attachment":[{"href":"https:\/\/www.comuna13online.com.ar\/index.php?rest_route=%2Fwp%2Fv2%2Fmedia&parent=8274"}],"wp:term":[{"taxonomy":"category","embeddable":true,"href":"https:\/\/www.comuna13online.com.ar\/index.php?rest_route=%2Fwp%2Fv2%2Fcategories&post=8274"},{"taxonomy":"post_tag","embeddable":true,"href":"https:\/\/www.comuna13online.com.ar\/index.php?rest_route=%2Fwp%2Fv2%2Ftags&post=8274"}],"curies":[{"name":"wp","href":"https:\/\/api.w.org\/{rel}","templated":true}]}}