{"id":8148,"date":"2020-01-22T12:46:02","date_gmt":"2020-01-22T15:46:02","guid":{"rendered":"http:\/\/www.comuna13online.com.ar\/?p=8148"},"modified":"2020-01-22T12:46:02","modified_gmt":"2020-01-22T15:46:02","slug":"bomberos-de-la-ciudad-realizaron-jornadas-de-aprendizaje-en-las-colonias-de-verano","status":"publish","type":"post","link":"https:\/\/www.comuna13online.com.ar\/?p=8148","title":{"rendered":"Bomberos de la Ciudad realizaron jornadas de aprendizaje en las colonias de verano"},"content":{"rendered":"<p class=\"yiv4297524180MsoNormal\"><b>La iniciativa se llev\u00f3 a cabo en el marco de actividades de acercamiento a la comunidad, realizaron juegos did\u00e1cticos, simulacros y hasta tuvieron que realizar tareas de un supuesto rescate.<\/b><\/p>\n<p><img loading=\"lazy\" decoding=\"async\" data-attachment-id=\"8150\" data-permalink=\"https:\/\/www.comuna13online.com.ar\/?attachment_id=8150\" data-orig-file=\"https:\/\/www.comuna13online.com.ar\/wp-content\/uploads\/2020\/01\/20200122a2..jpg\" data-orig-size=\"678,452\" data-comments-opened=\"0\" data-image-meta=\"{&quot;aperture&quot;:&quot;0&quot;,&quot;credit&quot;:&quot;&quot;,&quot;camera&quot;:&quot;&quot;,&quot;caption&quot;:&quot;&quot;,&quot;created_timestamp&quot;:&quot;0&quot;,&quot;copyright&quot;:&quot;&quot;,&quot;focal_length&quot;:&quot;0&quot;,&quot;iso&quot;:&quot;0&quot;,&quot;shutter_speed&quot;:&quot;0&quot;,&quot;title&quot;:&quot;&quot;,&quot;orientation&quot;:&quot;0&quot;}\" data-image-title=\"20200122a2.\" data-image-description=\"\" data-image-caption=\"\" data-large-file=\"https:\/\/www.comuna13online.com.ar\/wp-content\/uploads\/2020\/01\/20200122a2.-657x438.jpg\" class=\"alignnone size-full wp-image-8150\" src=\"http:\/\/www.comuna13online.com.ar\/wp-content\/uploads\/2020\/01\/20200122a2..jpg\" alt=\"\" width=\"678\" height=\"452\" srcset=\"https:\/\/www.comuna13online.com.ar\/wp-content\/uploads\/2020\/01\/20200122a2..jpg 678w, https:\/\/www.comuna13online.com.ar\/wp-content\/uploads\/2020\/01\/20200122a2.-657x438.jpg 657w, https:\/\/www.comuna13online.com.ar\/wp-content\/uploads\/2020\/01\/20200122a2.-272x182.jpg 272w\" sizes=\"auto, (max-width: 678px) 100vw, 678px\" \/><\/p>\n<p class=\"yiv4297524180MsoNormal\">Personal del\u00a0<strong>Cuerpo de<\/strong>\u00a0<strong>Bomberos de la Ciudad<\/strong> realiz\u00f3 junto a chicos de las Colonias 2020 de la Ciudad una serie de juegos did\u00e1cticos para ense\u00f1ar las funciones y los trabajos que llevan a cabo sus integrantes. En nuestra comuna realizaron actividades en el Polideportivo de Colegiales.<\/p>\n<p class=\"yiv4297524180MsoNormal\">Cabe destacar que las Colonias de Verano 2020 se realizan en doce polideportivos y en dos parques de la Ciudad de Buenos Aires; de las mismas participan 22 mil chicos y chicas de entre 4 y 12 a\u00f1os, de forma gratuita.<\/p>\n<p class=\"yiv4297524180MsoNormal\">Durante el taller, los chicos realizaron, entre otras actividades, juegos did\u00e1cticos de mesa con elementos reciclados. Tambi\u00e9n, vestidos como bomberos (con cascos y equipo respiratorio) ingresaron a un t\u00fanel con humo simulado, en el que tuvieron que rescatar a una supuesta v\u00edctima, a la que debieron realizarle RCP (Reanimaci\u00f3n Cardio Pulmonar), inmovilizarla en tabla r\u00edgida y conducirla al servicio m\u00e9dico.<\/p>\n<p class=\"yiv4297524180MsoNormal\">A cargo de las tareas pedag\u00f3gicas estuvo el subcomandante Mat\u00edas Delor, de la Divisi\u00f3n Relaciones con la Comunidad, quien destac\u00f3 lo importante que son estos encuentros con los chicos: \u00abLa idea de participar en las colonias de la Ciudad es que los vecinos y, principalmente los ni\u00f1os, que son el futuro, conozcan la actividad del bombero y les pueda surgir la pasi\u00f3n por nuestro trabajo\u00bb.<\/p>\n<p class=\"yiv4297524180MsoNormal\">En la muestra particip\u00f3 personal de la Estaci\u00f3n IV de Recoleta, integrantes de la Estaci\u00f3n X de Lugano y del Grupo Especial de Rescate (GER) de\u00a0<strong>Bomberos de la Ciudad.<\/strong><\/p>\n<p><img loading=\"lazy\" decoding=\"async\" data-attachment-id=\"8151\" data-permalink=\"https:\/\/www.comuna13online.com.ar\/?attachment_id=8151\" data-orig-file=\"https:\/\/www.comuna13online.com.ar\/wp-content\/uploads\/2020\/01\/20200122a3..jpg\" data-orig-size=\"678,452\" data-comments-opened=\"0\" data-image-meta=\"{&quot;aperture&quot;:&quot;0&quot;,&quot;credit&quot;:&quot;&quot;,&quot;camera&quot;:&quot;&quot;,&quot;caption&quot;:&quot;&quot;,&quot;created_timestamp&quot;:&quot;0&quot;,&quot;copyright&quot;:&quot;&quot;,&quot;focal_length&quot;:&quot;0&quot;,&quot;iso&quot;:&quot;0&quot;,&quot;shutter_speed&quot;:&quot;0&quot;,&quot;title&quot;:&quot;&quot;,&quot;orientation&quot;:&quot;0&quot;}\" data-image-title=\"20200122a3.\" data-image-description=\"\" data-image-caption=\"\" data-large-file=\"https:\/\/www.comuna13online.com.ar\/wp-content\/uploads\/2020\/01\/20200122a3.-657x438.jpg\" class=\"alignnone size-full wp-image-8151\" src=\"http:\/\/www.comuna13online.com.ar\/wp-content\/uploads\/2020\/01\/20200122a3..jpg\" alt=\"\" width=\"678\" height=\"452\" srcset=\"https:\/\/www.comuna13online.com.ar\/wp-content\/uploads\/2020\/01\/20200122a3..jpg 678w, https:\/\/www.comuna13online.com.ar\/wp-content\/uploads\/2020\/01\/20200122a3.-657x438.jpg 657w, https:\/\/www.comuna13online.com.ar\/wp-content\/uploads\/2020\/01\/20200122a3.-272x182.jpg 272w\" sizes=\"auto, (max-width: 678px) 100vw, 678px\" \/><\/p>\n<p class=\"yiv4297524180MsoNormal\">Las Colonias de la Ciudad, organizadas por la Subsecretaria de Deportes, arrancaron el pasado 2 de enero en 12 polideportivos y dos parques de la Ciudad de Buenos Aires de lunes a viernes de 9 a 16, para 22.000 chicos y chicas de 4 a 12 a\u00f1os, de forma gratuita.<\/p>\n<p class=\"yiv4297524180MsoNormal\">All\u00ed reciben desayuno, almuerzo y merienda. Hay profesoras de educaci\u00f3n f\u00edsica, m\u00e9dicos, guardavidas, asistentes, psic\u00f3logos y coordinadores. Los predios tambi\u00e9n cuentan con la presencia de polic\u00edas y el apoyo de 360 agentes de prevenci\u00f3n.<\/p>\n<p class=\"yiv4297524180MsoNormal\">Adem\u00e1s, all\u00ed se aplican vacunas a chicos de 4, 5, 6 y 11 a\u00f1os en todas las sedes, en horario de 14 a 16.<\/p>\n<p class=\"yiv4297524180MsoNormal\">Los vecinos tambi\u00e9n pueden usar las piletas, despu\u00e9s del horario de colonia (lunes a viernes de 17 a 20).\u00a0Y los fines de semana de 10 a 20 durante enero. Cuando la colonia finalice el 31 de enero, las piletas van a funcionar de lunes a domingo de 10 a 20.<\/p>\n<p class=\"yiv4297524180MsoNormal\"><strong>Los polideportivos en los que se llevar\u00e1 a cabo este a\u00f1o la colonia de verano son:<\/strong><\/p>\n<ul>\n<li class=\"yiv4297524180MsoNormal\">Parque Manuel Belgrano (ex KDT): <a href=\"https:\/\/www.google.com\/maps\/search\/Salguero+3450?entry=gmail&amp;source=g\" target=\"_blank\" rel=\"nofollow noopener noreferrer\">Salguero 3450<\/a>.<\/li>\n<li class=\"yiv4297524180MsoNormal\">Parque Sarmiento: <a href=\"https:\/\/www.google.com\/maps\/search\/Av.+R.+Balb%C3%ADn+4750?entry=gmail&amp;source=g\" target=\"_blank\" rel=\"nofollow noopener noreferrer\">Av. R. Balb\u00edn 4750<\/a>.<\/li>\n<li class=\"yiv4297524180MsoNormal\">Polideportivo Colegiales: Freire 234.<\/li>\n<li class=\"yiv4297524180MsoNormal\">Polideportivo Costa Rica: Constituyentes y Chorroar\u00edn.<\/li>\n<li class=\"yiv4297524180MsoNormal\">Polideportivo Chacabuco: <a href=\"https:\/\/www.google.com\/maps\/search\/Av.+Eva+Per%C3%B3n+1410?entry=gmail&amp;source=g\" target=\"_blank\" rel=\"nofollow noopener noreferrer\">Av. Eva Per\u00f3n 1410<\/a>.<\/li>\n<li class=\"yiv4297524180MsoNormal\">Polideportivo <a href=\"https:\/\/www.google.com\/maps\/search\/Avellaneda:+Lacarra+1257?entry=gmail&amp;source=g\" target=\"_blank\" rel=\"nofollow noopener noreferrer\">Avellaneda: Lacarra 1257<\/a>.<\/li>\n<li class=\"yiv4297524180MsoNormal\">Polideportivo Pomar: Mercedes 1300.<\/li>\n<li class=\"yiv4297524180MsoNormal\">Polideportivo Santojanni: Patr\u00f3n 6222.<\/li>\n<li class=\"yiv4297524180MsoNormal\">Polideportivo Dorrego: Lisandro de la Torre y Monte.<\/li>\n<li class=\"yiv4297524180MsoNormal\">Polideportivo Mart\u00edn Fierro: Oruro 1300.<\/li>\n<li class=\"yiv4297524180MsoNormal\">Polideportivo <a href=\"https:\/\/www.google.com\/maps\/search\/Patricios:+Pepiri+135?entry=gmail&amp;source=g\" target=\"_blank\" rel=\"nofollow noopener noreferrer\">Patricios: Pepiri 135<\/a>.<\/li>\n<li class=\"yiv4297524180MsoNormal\">Polideportivo Pereyra: Velez Sarsfield 1271.<\/li>\n<li class=\"yiv4297524180MsoNormal\">Club de Amigos: <a href=\"https:\/\/www.google.com\/maps\/search\/Av.+Pres.+Figueroa+Alcorta+3885?entry=gmail&amp;source=g\" target=\"_blank\" rel=\"nofollow noopener noreferrer\">Av. Pres. Figueroa Alcorta 3885<\/a>.<\/li>\n<li class=\"yiv4297524180MsoNormal\">F\u00e1tima: Ana Mar\u00eda Janer 3351.<\/li>\n<\/ul>\n<p><img loading=\"lazy\" decoding=\"async\" data-attachment-id=\"8152\" data-permalink=\"https:\/\/www.comuna13online.com.ar\/?attachment_id=8152\" data-orig-file=\"https:\/\/www.comuna13online.com.ar\/wp-content\/uploads\/2020\/01\/20200122a4..jpg\" data-orig-size=\"678,452\" data-comments-opened=\"0\" data-image-meta=\"{&quot;aperture&quot;:&quot;0&quot;,&quot;credit&quot;:&quot;&quot;,&quot;camera&quot;:&quot;&quot;,&quot;caption&quot;:&quot;&quot;,&quot;created_timestamp&quot;:&quot;0&quot;,&quot;copyright&quot;:&quot;&quot;,&quot;focal_length&quot;:&quot;0&quot;,&quot;iso&quot;:&quot;0&quot;,&quot;shutter_speed&quot;:&quot;0&quot;,&quot;title&quot;:&quot;&quot;,&quot;orientation&quot;:&quot;0&quot;}\" data-image-title=\"20200122a4.\" data-image-description=\"\" data-image-caption=\"\" data-large-file=\"https:\/\/www.comuna13online.com.ar\/wp-content\/uploads\/2020\/01\/20200122a4.-657x438.jpg\" class=\"alignnone size-full wp-image-8152\" src=\"http:\/\/www.comuna13online.com.ar\/wp-content\/uploads\/2020\/01\/20200122a4..jpg\" alt=\"\" width=\"678\" height=\"452\" srcset=\"https:\/\/www.comuna13online.com.ar\/wp-content\/uploads\/2020\/01\/20200122a4..jpg 678w, https:\/\/www.comuna13online.com.ar\/wp-content\/uploads\/2020\/01\/20200122a4.-657x438.jpg 657w, https:\/\/www.comuna13online.com.ar\/wp-content\/uploads\/2020\/01\/20200122a4.-272x182.jpg 272w\" sizes=\"auto, (max-width: 678px) 100vw, 678px\" \/><\/p>\n","protected":false},"excerpt":{"rendered":"<div class=\"mh-excerpt\">La iniciativa se llev\u00f3 a cabo en el marco de actividades de acercamiento a la comunidad, realizaron juegos did\u00e1cticos, simulacros y hasta tuvieron que realizar tareas de un supuesto rescate. <a class=\"mh-excerpt-more\" href=\"https:\/\/www.comuna13online.com.ar\/?p=8148\" title=\"Bomberos de la Ciudad realizaron jornadas de aprendizaje en las colonias de verano\">[&#8230;]<\/a><\/div>\n","protected":false},"author":1,"featured_media":8149,"comment_status":"closed","ping_status":"closed","sticky":false,"template":"","format":"standard","meta":{"_uag_custom_page_level_css":"","_jetpack_memberships_contains_paid_content":false,"footnotes":"","jetpack_publicize_message":"","jetpack_publicize_feature_enabled":true,"jetpack_social_post_already_shared":true,"jetpack_social_options":{"image_generator_settings":{"template":"highway","default_image_id":0,"font":"","enabled":false},"version":2}},"categories":[32],"tags":[246,250,34],"class_list":{"0":"post-8148","1":"post","2":"type-post","3":"status-publish","4":"format-standard","5":"has-post-thumbnail","7":"category-sociedad","8":"tag-h1","9":"tag-h2","10":"tag-sociedad"},"jetpack_publicize_connections":[],"jetpack_featured_media_url":"https:\/\/www.comuna13online.com.ar\/wp-content\/uploads\/2020\/01\/20200122a1..jpg","uagb_featured_image_src":{"full":["https:\/\/www.comuna13online.com.ar\/wp-content\/uploads\/2020\/01\/20200122a1..jpg",1030,438,false],"thumbnail":["https:\/\/www.comuna13online.com.ar\/wp-content\/uploads\/2020\/01\/20200122a1.-150x150.jpg",96,96,true],"medium":["https:\/\/www.comuna13online.com.ar\/wp-content\/uploads\/2020\/01\/20200122a1.-678x288.jpg",678,288,true],"medium_large":["https:\/\/www.comuna13online.com.ar\/wp-content\/uploads\/2020\/01\/20200122a1.-768x327.jpg",768,327,true],"large":["https:\/\/www.comuna13online.com.ar\/wp-content\/uploads\/2020\/01\/20200122a1..jpg",1030,438,false],"1536x1536":["https:\/\/www.comuna13online.com.ar\/wp-content\/uploads\/2020\/01\/20200122a1..jpg",1030,438,false],"2048x2048":["https:\/\/www.comuna13online.com.ar\/wp-content\/uploads\/2020\/01\/20200122a1..jpg",1030,438,false],"mh-magazine-slider":["https:\/\/www.comuna13online.com.ar\/wp-content\/uploads\/2020\/01\/20200122a1..jpg",1030,438,false],"mh-magazine-content":["https:\/\/www.comuna13online.com.ar\/wp-content\/uploads\/2020\/01\/20200122a1.-678x381.jpg",678,381,true],"mh-magazine-large":["https:\/\/www.comuna13online.com.ar\/wp-content\/uploads\/2020\/01\/20200122a1.-678x438.jpg",678,438,true],"mh-magazine-medium":["https:\/\/www.comuna13online.com.ar\/wp-content\/uploads\/2020\/01\/20200122a1.-326x245.jpg",326,245,true],"mh-magazine-small":["https:\/\/www.comuna13online.com.ar\/wp-content\/uploads\/2020\/01\/20200122a1.-80x60.jpg",80,60,true],"sow-carousel-default":["https:\/\/www.comuna13online.com.ar\/wp-content\/uploads\/2020\/01\/20200122a1.-272x182.jpg",272,182,true]},"uagb_author_info":{"display_name":"Comuna13","author_link":"https:\/\/www.comuna13online.com.ar\/?author=1"},"uagb_comment_info":0,"uagb_excerpt":"La iniciativa se llev\u00f3 a cabo en el marco de actividades de acercamiento a la comunidad, realizaron juegos did\u00e1cticos, simulacros y hasta tuvieron que realizar tareas de un supuesto rescate. [...]","jetpack_sharing_enabled":true,"_links":{"self":[{"href":"https:\/\/www.comuna13online.com.ar\/index.php?rest_route=\/wp\/v2\/posts\/8148","targetHints":{"allow":["GET"]}}],"collection":[{"href":"https:\/\/www.comuna13online.com.ar\/index.php?rest_route=\/wp\/v2\/posts"}],"about":[{"href":"https:\/\/www.comuna13online.com.ar\/index.php?rest_route=\/wp\/v2\/types\/post"}],"author":[{"embeddable":true,"href":"https:\/\/www.comuna13online.com.ar\/index.php?rest_route=\/wp\/v2\/users\/1"}],"replies":[{"embeddable":true,"href":"https:\/\/www.comuna13online.com.ar\/index.php?rest_route=%2Fwp%2Fv2%2Fcomments&post=8148"}],"version-history":[{"count":0,"href":"https:\/\/www.comuna13online.com.ar\/index.php?rest_route=\/wp\/v2\/posts\/8148\/revisions"}],"wp:featuredmedia":[{"embeddable":true,"href":"https:\/\/www.comuna13online.com.ar\/index.php?rest_route=\/wp\/v2\/media\/8149"}],"wp:attachment":[{"href":"https:\/\/www.comuna13online.com.ar\/index.php?rest_route=%2Fwp%2Fv2%2Fmedia&parent=8148"}],"wp:term":[{"taxonomy":"category","embeddable":true,"href":"https:\/\/www.comuna13online.com.ar\/index.php?rest_route=%2Fwp%2Fv2%2Fcategories&post=8148"},{"taxonomy":"post_tag","embeddable":true,"href":"https:\/\/www.comuna13online.com.ar\/index.php?rest_route=%2Fwp%2Fv2%2Ftags&post=8148"}],"curies":[{"name":"wp","href":"https:\/\/api.w.org\/{rel}","templated":true}]}}