{"id":7962,"date":"2019-12-23T16:09:39","date_gmt":"2019-12-23T19:09:39","guid":{"rendered":"http:\/\/www.comuna13online.com.ar\/?p=7962"},"modified":"2019-12-31T16:50:48","modified_gmt":"2019-12-31T19:50:48","slug":"el-ministro-matias-lammens-afirmo-que-el-cenard-se-queda-en","status":"publish","type":"post","link":"https:\/\/www.comuna13online.com.ar\/?p=7962","title":{"rendered":"El ministro Mat\u00edas Lammens afirm\u00f3 que el CENARD se queda en"},"content":{"rendered":"<p><strong>El flamante Ministro de Turismo y Deportes asegur\u00f3 que el predio para deportistas continuar\u00e1 en el Barrio de N\u00fa\u00f1ez en nuestra Comuna, <\/strong><strong>Mauricio Macri ten\u00eda la intenci\u00f3n de mudarlo generando fuertes criticas ola de repudios.<\/strong><\/p>\n<p><img loading=\"lazy\" decoding=\"async\" data-attachment-id=\"7965\" data-permalink=\"https:\/\/www.comuna13online.com.ar\/?attachment_id=7965\" data-orig-file=\"https:\/\/www.comuna13online.com.ar\/wp-content\/uploads\/2019\/12\/2019123a2.jpg\" data-orig-size=\"678,451\" data-comments-opened=\"0\" data-image-meta=\"{&quot;aperture&quot;:&quot;0&quot;,&quot;credit&quot;:&quot;&quot;,&quot;camera&quot;:&quot;&quot;,&quot;caption&quot;:&quot;&quot;,&quot;created_timestamp&quot;:&quot;0&quot;,&quot;copyright&quot;:&quot;&quot;,&quot;focal_length&quot;:&quot;0&quot;,&quot;iso&quot;:&quot;0&quot;,&quot;shutter_speed&quot;:&quot;0&quot;,&quot;title&quot;:&quot;&quot;,&quot;orientation&quot;:&quot;0&quot;}\" data-image-title=\"2019123a2\" data-image-description=\"\" data-image-caption=\"\" data-large-file=\"https:\/\/www.comuna13online.com.ar\/wp-content\/uploads\/2019\/12\/2019123a2-658x438.jpg\" class=\"alignnone size-full wp-image-7965\" src=\"http:\/\/www.comuna13online.com.ar\/wp-content\/uploads\/2019\/12\/2019123a2.jpg\" alt=\"\" width=\"678\" height=\"451\" srcset=\"https:\/\/www.comuna13online.com.ar\/wp-content\/uploads\/2019\/12\/2019123a2.jpg 678w, https:\/\/www.comuna13online.com.ar\/wp-content\/uploads\/2019\/12\/2019123a2-658x438.jpg 658w, https:\/\/www.comuna13online.com.ar\/wp-content\/uploads\/2019\/12\/2019123a2-272x182.jpg 272w\" sizes=\"auto, (max-width: 678px) 100vw, 678px\" \/><\/p>\n<p>El ex candidato a Jefe de Gobierno por el Frente de Todos y flamante Ministro de Turismo y Deportes, <strong>Mat\u00edas Lammens<\/strong>, asegur\u00f3 que <em>\u201c<strong>el CENARD se va a quedar donde est\u00e1\u201d.<\/strong><\/em><\/p>\n<p><em>\u201cEs algo muy importante para los deportistas de alto rendimiento, es muy importante para los que nos gusta el deporte y es muy importante para la sociedad\u201d,<\/em> agreg\u00f3, y <strong>critic\u00f3 al gobierno de Cambiemos por haber <em>\u201cdesjerarquizado el deporte, baj\u00e1ndolo a agencia\u201d<\/em><\/strong><em>.<\/em> Lo dijo en el club San Lorenzo, tras la asunci\u00f3n de <strong>Marcelo Tinelli<\/strong> como presidente, en declaraciones a canales deportivos y la de \u00e9l mismo como integrante de la lista ganadora.<\/p>\n<div align=\"center\">\n<p>&gt;<\/p>\n<blockquote class=\"twitter-tweet\">\n<p dir=\"ltr\" lang=\"es\">El CeNARD se va a quedar donde est\u00e1. Tiene que volver a ser un motivo de orgullo para los argentinos y argentinas.<\/p>\n<p>Tenemos que potenciarlo y dotarlo de mejor infraestructura. Para este gobierno, el deporte vuelve a ser una prioridad. <a href=\"https:\/\/t.co\/s3dR0x4cb2\">pic.twitter.com\/s3dR0x4cb2<\/a><\/p>\n<p>\u2014 Mat\u00edas Lammens (@MatiasLammens) <a href=\"https:\/\/twitter.com\/MatiasLammens\/status\/1207802766875336711?ref_src=twsrc%5Etfw\">December 19, 2019<\/a><\/p><\/blockquote>\n<p><script async src=\"https:\/\/platform.twitter.com\/widgets.js\" charset=\"utf-8\"><\/script><\/p>\n<\/div>\n<p>El funcionario destac\u00f3 la actividad en los clubes de barrio como base para el futuro: <em>\u201cLos grandes pa\u00edses, que piensan estrat\u00e9gicamente en un plan a largo plazo, tienen enormes deportistas y un trabajo muy profundo que comienza en los colegios y los clubes, hasta llegar al alto rendimiento. <strong>El CENARD tiene que volver a ser un motivo de orgullo para los argentinos\u201d.<\/strong><\/em><\/p>\n<p>El proyecto del macrismo era trasladar el centro de alto rendimiento al Parque Ol\u00edmpico de Villa Soldati, erigido para los Juegos de la Juventud 2018. Ese proyecto gener\u00f3 fuerte repudio y denuncias por fomentar negociados inmobiliarios. Porque la movida implicaba liberar un predio donde el metro cuadrado tiene un valor de 3591 d\u00f3lares, para usar otro donde roza los 665 d\u00f3lares.<\/p>\n<p><img loading=\"lazy\" decoding=\"async\" data-attachment-id=\"7963\" data-permalink=\"https:\/\/www.comuna13online.com.ar\/?attachment_id=7963\" data-orig-file=\"https:\/\/www.comuna13online.com.ar\/wp-content\/uploads\/2019\/12\/2019123a1.jpg\" data-orig-size=\"678,452\" data-comments-opened=\"0\" data-image-meta=\"{&quot;aperture&quot;:&quot;0&quot;,&quot;credit&quot;:&quot;&quot;,&quot;camera&quot;:&quot;&quot;,&quot;caption&quot;:&quot;&quot;,&quot;created_timestamp&quot;:&quot;0&quot;,&quot;copyright&quot;:&quot;&quot;,&quot;focal_length&quot;:&quot;0&quot;,&quot;iso&quot;:&quot;0&quot;,&quot;shutter_speed&quot;:&quot;0&quot;,&quot;title&quot;:&quot;&quot;,&quot;orientation&quot;:&quot;0&quot;}\" data-image-title=\"2019123a1\" data-image-description=\"\" data-image-caption=\"\" data-large-file=\"https:\/\/www.comuna13online.com.ar\/wp-content\/uploads\/2019\/12\/2019123a1-657x438.jpg\" class=\"alignnone size-full wp-image-7963\" src=\"http:\/\/www.comuna13online.com.ar\/wp-content\/uploads\/2019\/12\/2019123a1.jpg\" alt=\"\" width=\"678\" height=\"452\" srcset=\"https:\/\/www.comuna13online.com.ar\/wp-content\/uploads\/2019\/12\/2019123a1.jpg 678w, https:\/\/www.comuna13online.com.ar\/wp-content\/uploads\/2019\/12\/2019123a1-657x438.jpg 657w, https:\/\/www.comuna13online.com.ar\/wp-content\/uploads\/2019\/12\/2019123a1-272x182.jpg 272w\" sizes=\"auto, (max-width: 678px) 100vw, 678px\" \/><\/p>\n<p><em>\u201cVamos a intentar desde el a\u00f1o que viene potenciar el CENARD<\/em> -continu\u00f3 <strong>Lammens<\/strong>-, <em>dotarlo de mejor infraestructura. Para el gobierno de <strong>Alberto Fern\u00e1ndez<\/strong> el deporte vuelve a ser una prioridad y creo que el hecho de convertirlo en ministerio habla de esa intenci\u00f3n\u201d.<\/em><\/p>\n","protected":false},"excerpt":{"rendered":"<div class=\"mh-excerpt\">El flamante Ministro de Turismo y Deportes asegur\u00f3 que el predio para deportistas continuar\u00e1 en el Barrio de N\u00fa\u00f1ez en nuestra Comuna, Mauricio Macri ten\u00eda la intenci\u00f3n de mudarlo generando <a class=\"mh-excerpt-more\" href=\"https:\/\/www.comuna13online.com.ar\/?p=7962\" title=\"El ministro Mat\u00edas Lammens afirm\u00f3 que el CENARD se queda en\">[&#8230;]<\/a><\/div>\n","protected":false},"author":1,"featured_media":7964,"comment_status":"closed","ping_status":"closed","sticky":false,"template":"","format":"standard","meta":{"_uag_custom_page_level_css":"","_jetpack_memberships_contains_paid_content":false,"footnotes":"","jetpack_publicize_message":"El ministro Mat\u00edas Lammens afirm\u00f3 que el CENARD se queda en","jetpack_publicize_feature_enabled":true,"jetpack_social_post_already_shared":true,"jetpack_social_options":{"image_generator_settings":{"template":"highway","default_image_id":0,"font":"","enabled":false},"version":2}},"categories":[172],"tags":[19,101,246,250],"class_list":{"0":"post-7962","1":"post","2":"type-post","3":"status-publish","4":"format-standard","5":"has-post-thumbnail","7":"category-deportes","8":"tag-comuna-13","9":"tag-deportes","10":"tag-h1","11":"tag-h2"},"jetpack_publicize_connections":[],"jetpack_featured_media_url":"https:\/\/www.comuna13online.com.ar\/wp-content\/uploads\/2019\/12\/2019123a.jpg","uagb_featured_image_src":{"full":["https:\/\/www.comuna13online.com.ar\/wp-content\/uploads\/2019\/12\/2019123a.jpg",1030,438,false],"thumbnail":["https:\/\/www.comuna13online.com.ar\/wp-content\/uploads\/2019\/12\/2019123a-150x150.jpg",96,96,true],"medium":["https:\/\/www.comuna13online.com.ar\/wp-content\/uploads\/2019\/12\/2019123a-678x288.jpg",678,288,true],"medium_large":["https:\/\/www.comuna13online.com.ar\/wp-content\/uploads\/2019\/12\/2019123a-768x327.jpg",768,327,true],"large":["https:\/\/www.comuna13online.com.ar\/wp-content\/uploads\/2019\/12\/2019123a.jpg",1030,438,false],"1536x1536":["https:\/\/www.comuna13online.com.ar\/wp-content\/uploads\/2019\/12\/2019123a.jpg",1030,438,false],"2048x2048":["https:\/\/www.comuna13online.com.ar\/wp-content\/uploads\/2019\/12\/2019123a.jpg",1030,438,false],"mh-magazine-slider":["https:\/\/www.comuna13online.com.ar\/wp-content\/uploads\/2019\/12\/2019123a.jpg",1030,438,false],"mh-magazine-content":["https:\/\/www.comuna13online.com.ar\/wp-content\/uploads\/2019\/12\/2019123a-678x381.jpg",678,381,true],"mh-magazine-large":["https:\/\/www.comuna13online.com.ar\/wp-content\/uploads\/2019\/12\/2019123a-678x438.jpg",678,438,true],"mh-magazine-medium":["https:\/\/www.comuna13online.com.ar\/wp-content\/uploads\/2019\/12\/2019123a-326x245.jpg",326,245,true],"mh-magazine-small":["https:\/\/www.comuna13online.com.ar\/wp-content\/uploads\/2019\/12\/2019123a-80x60.jpg",80,60,true],"sow-carousel-default":["https:\/\/www.comuna13online.com.ar\/wp-content\/uploads\/2019\/12\/2019123a-272x182.jpg",272,182,true]},"uagb_author_info":{"display_name":"Comuna13","author_link":"https:\/\/www.comuna13online.com.ar\/?author=1"},"uagb_comment_info":0,"uagb_excerpt":"El flamante Ministro de Turismo y Deportes asegur\u00f3 que el predio para deportistas continuar\u00e1 en el Barrio de N\u00fa\u00f1ez en nuestra Comuna, Mauricio Macri ten\u00eda la intenci\u00f3n de mudarlo generando [...]","jetpack_sharing_enabled":true,"_links":{"self":[{"href":"https:\/\/www.comuna13online.com.ar\/index.php?rest_route=\/wp\/v2\/posts\/7962","targetHints":{"allow":["GET"]}}],"collection":[{"href":"https:\/\/www.comuna13online.com.ar\/index.php?rest_route=\/wp\/v2\/posts"}],"about":[{"href":"https:\/\/www.comuna13online.com.ar\/index.php?rest_route=\/wp\/v2\/types\/post"}],"author":[{"embeddable":true,"href":"https:\/\/www.comuna13online.com.ar\/index.php?rest_route=\/wp\/v2\/users\/1"}],"replies":[{"embeddable":true,"href":"https:\/\/www.comuna13online.com.ar\/index.php?rest_route=%2Fwp%2Fv2%2Fcomments&post=7962"}],"version-history":[{"count":0,"href":"https:\/\/www.comuna13online.com.ar\/index.php?rest_route=\/wp\/v2\/posts\/7962\/revisions"}],"wp:featuredmedia":[{"embeddable":true,"href":"https:\/\/www.comuna13online.com.ar\/index.php?rest_route=\/wp\/v2\/media\/7964"}],"wp:attachment":[{"href":"https:\/\/www.comuna13online.com.ar\/index.php?rest_route=%2Fwp%2Fv2%2Fmedia&parent=7962"}],"wp:term":[{"taxonomy":"category","embeddable":true,"href":"https:\/\/www.comuna13online.com.ar\/index.php?rest_route=%2Fwp%2Fv2%2Fcategories&post=7962"},{"taxonomy":"post_tag","embeddable":true,"href":"https:\/\/www.comuna13online.com.ar\/index.php?rest_route=%2Fwp%2Fv2%2Ftags&post=7962"}],"curies":[{"name":"wp","href":"https:\/\/api.w.org\/{rel}","templated":true}]}}