{"id":7924,"date":"2019-12-19T09:37:42","date_gmt":"2019-12-19T12:37:42","guid":{"rendered":"http:\/\/www.comuna13online.com.ar\/?p=7924"},"modified":"2019-12-19T10:17:07","modified_gmt":"2019-12-19T13:17:07","slug":"habra-asueto-en-la-ciudad-los-dias-24-y-31","status":"publish","type":"post","link":"https:\/\/www.comuna13online.com.ar\/?p=7924","title":{"rendered":"Declaran asueto en la Ciudad los d\u00edas 24 y 31"},"content":{"rendered":"<p><strong>El Gobierno de la Ciudad decret\u00f3 inh\u00e1biles los d\u00edas 24 y 31 de diciembre de 2019, la medida va en sinton\u00eda al asueto administrativo otorgado para la administraci\u00f3n p\u00fablica nacional.<\/strong><\/p>\n<p><img loading=\"lazy\" decoding=\"async\" data-attachment-id=\"7927\" data-permalink=\"https:\/\/www.comuna13online.com.ar\/?attachment_id=7927\" data-orig-file=\"https:\/\/www.comuna13online.com.ar\/wp-content\/uploads\/2019\/12\/20191219a1.jpg\" data-orig-size=\"678,434\" data-comments-opened=\"0\" data-image-meta=\"{&quot;aperture&quot;:&quot;0&quot;,&quot;credit&quot;:&quot;&quot;,&quot;camera&quot;:&quot;&quot;,&quot;caption&quot;:&quot;&quot;,&quot;created_timestamp&quot;:&quot;0&quot;,&quot;copyright&quot;:&quot;&quot;,&quot;focal_length&quot;:&quot;0&quot;,&quot;iso&quot;:&quot;0&quot;,&quot;shutter_speed&quot;:&quot;0&quot;,&quot;title&quot;:&quot;&quot;,&quot;orientation&quot;:&quot;0&quot;}\" data-image-title=\"20191219a1\" data-image-description=\"\" data-image-caption=\"\" data-large-file=\"https:\/\/www.comuna13online.com.ar\/wp-content\/uploads\/2019\/12\/20191219a1.jpg\" class=\"alignnone size-full wp-image-7927\" src=\"http:\/\/www.comuna13online.com.ar\/wp-content\/uploads\/2019\/12\/20191219a1.jpg\" alt=\"\" width=\"678\" height=\"434\" \/><\/p>\n<p>A trav\u00e9s del decreto 476\/19 publicado hoy en el Bolet\u00edn Oficial el Gobierno de la Ciudad establece d\u00edas inh\u00e1biles administrativos para las\/os empleadas\/os pertenecientes a la administraci\u00f3n p\u00fablica porte\u00f1a.<\/p>\n<p>\u00abSe ha decidido otorgar al personal dependiente del Gobierno de la Ciudad Aut\u00f3noma de Buenos Aires, asueto administrativo para los d\u00edas 24 y 31 de<br \/>\ndiciembre de 2019, sin perjuicio de que los organismos integrantes del mismo deben implementar las medidas necesarias para asegurar durante esos d\u00edas el mantenimiento de los servicios esenciales\u00bb dice el texto.<\/p>\n<p>Por su parte, el Gobierno Nacional public\u00f3 ayer el decreto 45\/19 que le otorga a los trabajadores estatales asueto administrativo por las v\u00edsperas de Navidad y A\u00f1o Nuevo, por lo que los organismos estatales no prestar\u00e1n atenci\u00f3n al p\u00fablico los d\u00edas martes 24 y 31 de diciembre. La medida publicada en el Bolet\u00edn Oficial no alcanza a instituciones bancarias y entidades financieras.<\/p>\n","protected":false},"excerpt":{"rendered":"<div class=\"mh-excerpt\">El Gobierno de la Ciudad decret\u00f3 inh\u00e1biles los d\u00edas 24 y 31 de diciembre de 2019, la medida va en sinton\u00eda al asueto administrativo otorgado para la administraci\u00f3n p\u00fablica nacional. <a class=\"mh-excerpt-more\" href=\"https:\/\/www.comuna13online.com.ar\/?p=7924\" title=\"Declaran asueto en la Ciudad los d\u00edas 24 y 31\">[&#8230;]<\/a><\/div>\n","protected":false},"author":1,"featured_media":7925,"comment_status":"closed","ping_status":"closed","sticky":false,"template":"","format":"standard","meta":{"_uag_custom_page_level_css":"","_jetpack_memberships_contains_paid_content":false,"footnotes":"","jetpack_publicize_message":"Habr\u00e1 asueto en la Ciudad los d\u00edas 24 y 31 #BuenJueves","jetpack_publicize_feature_enabled":true,"jetpack_social_post_already_shared":true,"jetpack_social_options":{"image_generator_settings":{"template":"highway","default_image_id":0,"font":"","enabled":false},"version":2}},"categories":[257],"tags":[258,246,250,121],"class_list":{"0":"post-7924","1":"post","2":"type-post","3":"status-publish","4":"format-standard","5":"has-post-thumbnail","7":"category-gobierno-2","8":"tag-gobierno","9":"tag-h1","10":"tag-h2","11":"tag-trabajo"},"jetpack_publicize_connections":[],"jetpack_featured_media_url":"https:\/\/www.comuna13online.com.ar\/wp-content\/uploads\/2019\/12\/20191219a.jpg","uagb_featured_image_src":{"full":["https:\/\/www.comuna13online.com.ar\/wp-content\/uploads\/2019\/12\/20191219a.jpg",1030,438,false],"thumbnail":["https:\/\/www.comuna13online.com.ar\/wp-content\/uploads\/2019\/12\/20191219a-150x150.jpg",96,96,true],"medium":["https:\/\/www.comuna13online.com.ar\/wp-content\/uploads\/2019\/12\/20191219a-678x288.jpg",678,288,true],"medium_large":["https:\/\/www.comuna13online.com.ar\/wp-content\/uploads\/2019\/12\/20191219a-768x327.jpg",768,327,true],"large":["https:\/\/www.comuna13online.com.ar\/wp-content\/uploads\/2019\/12\/20191219a.jpg",1030,438,false],"1536x1536":["https:\/\/www.comuna13online.com.ar\/wp-content\/uploads\/2019\/12\/20191219a.jpg",1030,438,false],"2048x2048":["https:\/\/www.comuna13online.com.ar\/wp-content\/uploads\/2019\/12\/20191219a.jpg",1030,438,false],"mh-magazine-slider":["https:\/\/www.comuna13online.com.ar\/wp-content\/uploads\/2019\/12\/20191219a.jpg",1030,438,false],"mh-magazine-content":["https:\/\/www.comuna13online.com.ar\/wp-content\/uploads\/2019\/12\/20191219a-678x381.jpg",678,381,true],"mh-magazine-large":["https:\/\/www.comuna13online.com.ar\/wp-content\/uploads\/2019\/12\/20191219a-678x438.jpg",678,438,true],"mh-magazine-medium":["https:\/\/www.comuna13online.com.ar\/wp-content\/uploads\/2019\/12\/20191219a-326x245.jpg",326,245,true],"mh-magazine-small":["https:\/\/www.comuna13online.com.ar\/wp-content\/uploads\/2019\/12\/20191219a-80x60.jpg",80,60,true],"sow-carousel-default":["https:\/\/www.comuna13online.com.ar\/wp-content\/uploads\/2019\/12\/20191219a-272x182.jpg",272,182,true]},"uagb_author_info":{"display_name":"Comuna13","author_link":"https:\/\/www.comuna13online.com.ar\/?author=1"},"uagb_comment_info":0,"uagb_excerpt":"El Gobierno de la Ciudad decret\u00f3 inh\u00e1biles los d\u00edas 24 y 31 de diciembre de 2019, la medida va en sinton\u00eda al asueto administrativo otorgado para la administraci\u00f3n p\u00fablica nacional. [...]","jetpack_sharing_enabled":true,"_links":{"self":[{"href":"https:\/\/www.comuna13online.com.ar\/index.php?rest_route=\/wp\/v2\/posts\/7924","targetHints":{"allow":["GET"]}}],"collection":[{"href":"https:\/\/www.comuna13online.com.ar\/index.php?rest_route=\/wp\/v2\/posts"}],"about":[{"href":"https:\/\/www.comuna13online.com.ar\/index.php?rest_route=\/wp\/v2\/types\/post"}],"author":[{"embeddable":true,"href":"https:\/\/www.comuna13online.com.ar\/index.php?rest_route=\/wp\/v2\/users\/1"}],"replies":[{"embeddable":true,"href":"https:\/\/www.comuna13online.com.ar\/index.php?rest_route=%2Fwp%2Fv2%2Fcomments&post=7924"}],"version-history":[{"count":0,"href":"https:\/\/www.comuna13online.com.ar\/index.php?rest_route=\/wp\/v2\/posts\/7924\/revisions"}],"wp:featuredmedia":[{"embeddable":true,"href":"https:\/\/www.comuna13online.com.ar\/index.php?rest_route=\/wp\/v2\/media\/7925"}],"wp:attachment":[{"href":"https:\/\/www.comuna13online.com.ar\/index.php?rest_route=%2Fwp%2Fv2%2Fmedia&parent=7924"}],"wp:term":[{"taxonomy":"category","embeddable":true,"href":"https:\/\/www.comuna13online.com.ar\/index.php?rest_route=%2Fwp%2Fv2%2Fcategories&post=7924"},{"taxonomy":"post_tag","embeddable":true,"href":"https:\/\/www.comuna13online.com.ar\/index.php?rest_route=%2Fwp%2Fv2%2Ftags&post=7924"}],"curies":[{"name":"wp","href":"https:\/\/api.w.org\/{rel}","templated":true}]}}