{"id":7920,"date":"2019-12-18T06:00:07","date_gmt":"2019-12-18T09:00:07","guid":{"rendered":"http:\/\/www.comuna13online.com.ar\/?p=7920"},"modified":"2019-12-18T13:02:21","modified_gmt":"2019-12-18T16:02:21","slug":"dia-internacional-del-migrante","status":"publish","type":"post","link":"https:\/\/www.comuna13online.com.ar\/?p=7920","title":{"rendered":"D\u00eda Internacional del Migrante"},"content":{"rendered":"<p>La Asamblea General de la\u00a0<b>ONU<\/b>, ante el aumento de los flujos migratorios en el mundo, proclam\u00f3 el\u00a0<b>D\u00eda Internacional del Migrante<\/b>\u00a0a celebrar el 18 de diciembre. Diez a\u00f1os atr\u00e1s, en ese mismo d\u00eda en 1990, la Asamblea ya hab\u00eda adoptado la\u00a0<b>Convenci\u00f3n Internacional sobre la protecci\u00f3n de los derechos de todos los trabajadores migratorios y de sus familiares<\/b>.<\/p>\n<p>En 2016 hubo un paso importante para la migraci\u00f3n ya que la Asamblea General aprob\u00f3 un conjunto de medidas que se concretaron en la\u00a0<b>Declaraci\u00f3n de Nueva York sobre Refugiados y Migrantes<\/b>. Esta declaraci\u00f3n reconoce la labor positiva de los migrantes y se compromete a proteger su seguridad, dignidad, libertad y derechos humanos de los<\/p>\n<p><iframe loading=\"lazy\" src=\"https:\/\/www.youtube.com\/embed\/XzTypC1jblI\" width=\"678\" height=\"381\" frameborder=\"0\" allowfullscreen=\"allowfullscreen\"><span data-mce-type=\"bookmark\" style=\"display: inline-block; width: 0px; overflow: hidden; line-height: 0;\" class=\"mce_SELRES_start\">\ufeff<\/span><\/iframe><\/p>\n<h4>Por qu\u00e9 se produce la migraci\u00f3n<\/h4>\n<p>El principal motivo de la migraci\u00f3n es la posibilidad de encontrar un trabajo de calidad y bien remunerado, por ello la migraci\u00f3n se intensifica cuando aumentan las diferencias de ingresos entre los pa\u00edses. A este fen\u00f3meno tambi\u00e9n le influye el hecho de que los pa\u00edses m\u00e1s ricos requieren de mano de obra que dif\u00edcilmente pueden cubrir con residentes locales, y entonces necesitan la presencia de inmigrantes que puedan encargarse de realizar cierto tipo de tareas. Al aumentar la poblaci\u00f3n activa y el n\u00famero de consumidores y aportar su capacidad empresarial, los migrantes impulsan el crecimiento econ\u00f3mico en los pa\u00edses de acogida.<\/p>\n<p>Hay otros motivos para el aumento de la migraci\u00f3n: cambio clim\u00e1tico, demograf\u00eda, inestabilidad pol\u00edtica o social. Este fen\u00f3meno ha existido siempre y seguir\u00e1 existiendo, as\u00ed que los esfuerzos se centran en la cooperaci\u00f3n internacional para que se protejan los derechos humanos de todos los implicados y para que se genere riqueza.<\/p>\n","protected":false},"excerpt":{"rendered":"<div class=\"mh-excerpt\">La Asamblea General de la\u00a0ONU, ante el aumento de los flujos migratorios en el mundo, proclam\u00f3 el\u00a0D\u00eda Internacional del Migrante\u00a0a celebrar el 18 de diciembre. Diez a\u00f1os atr\u00e1s, en ese <a class=\"mh-excerpt-more\" href=\"https:\/\/www.comuna13online.com.ar\/?p=7920\" title=\"D\u00eda Internacional del Migrante\">[&#8230;]<\/a><\/div>\n","protected":false},"author":1,"featured_media":7921,"comment_status":"closed","ping_status":"closed","sticky":false,"template":"","format":"standard","meta":{"_uag_custom_page_level_css":"","_jetpack_memberships_contains_paid_content":false,"footnotes":"","jetpack_publicize_message":"","jetpack_publicize_feature_enabled":true,"jetpack_social_post_already_shared":true,"jetpack_social_options":{"image_generator_settings":{"template":"highway","default_image_id":0,"font":"","enabled":false},"version":2}},"categories":[207],"tags":[131,250],"class_list":{"0":"post-7920","1":"post","2":"type-post","3":"status-publish","4":"format-standard","5":"has-post-thumbnail","7":"category-derechos-humanos","8":"tag-derechos","9":"tag-h2"},"jetpack_publicize_connections":[],"jetpack_featured_media_url":"https:\/\/www.comuna13online.com.ar\/wp-content\/uploads\/2019\/12\/migrante01.jpg","uagb_featured_image_src":{"full":["https:\/\/www.comuna13online.com.ar\/wp-content\/uploads\/2019\/12\/migrante01.jpg",1030,438,false],"thumbnail":["https:\/\/www.comuna13online.com.ar\/wp-content\/uploads\/2019\/12\/migrante01-150x150.jpg",96,96,true],"medium":["https:\/\/www.comuna13online.com.ar\/wp-content\/uploads\/2019\/12\/migrante01-678x288.jpg",678,288,true],"medium_large":["https:\/\/www.comuna13online.com.ar\/wp-content\/uploads\/2019\/12\/migrante01-768x327.jpg",768,327,true],"large":["https:\/\/www.comuna13online.com.ar\/wp-content\/uploads\/2019\/12\/migrante01.jpg",1030,438,false],"1536x1536":["https:\/\/www.comuna13online.com.ar\/wp-content\/uploads\/2019\/12\/migrante01.jpg",1030,438,false],"2048x2048":["https:\/\/www.comuna13online.com.ar\/wp-content\/uploads\/2019\/12\/migrante01.jpg",1030,438,false],"mh-magazine-slider":["https:\/\/www.comuna13online.com.ar\/wp-content\/uploads\/2019\/12\/migrante01.jpg",1030,438,false],"mh-magazine-content":["https:\/\/www.comuna13online.com.ar\/wp-content\/uploads\/2019\/12\/migrante01-678x381.jpg",678,381,true],"mh-magazine-large":["https:\/\/www.comuna13online.com.ar\/wp-content\/uploads\/2019\/12\/migrante01-678x438.jpg",678,438,true],"mh-magazine-medium":["https:\/\/www.comuna13online.com.ar\/wp-content\/uploads\/2019\/12\/migrante01-326x245.jpg",326,245,true],"mh-magazine-small":["https:\/\/www.comuna13online.com.ar\/wp-content\/uploads\/2019\/12\/migrante01-80x60.jpg",80,60,true],"sow-carousel-default":["https:\/\/www.comuna13online.com.ar\/wp-content\/uploads\/2019\/12\/migrante01-272x182.jpg",272,182,true]},"uagb_author_info":{"display_name":"Comuna13","author_link":"https:\/\/www.comuna13online.com.ar\/?author=1"},"uagb_comment_info":0,"uagb_excerpt":"La Asamblea General de la\u00a0ONU, ante el aumento de los flujos migratorios en el mundo, proclam\u00f3 el\u00a0D\u00eda Internacional del Migrante\u00a0a celebrar el 18 de diciembre. Diez a\u00f1os atr\u00e1s, en ese [...]","jetpack_sharing_enabled":true,"_links":{"self":[{"href":"https:\/\/www.comuna13online.com.ar\/index.php?rest_route=\/wp\/v2\/posts\/7920","targetHints":{"allow":["GET"]}}],"collection":[{"href":"https:\/\/www.comuna13online.com.ar\/index.php?rest_route=\/wp\/v2\/posts"}],"about":[{"href":"https:\/\/www.comuna13online.com.ar\/index.php?rest_route=\/wp\/v2\/types\/post"}],"author":[{"embeddable":true,"href":"https:\/\/www.comuna13online.com.ar\/index.php?rest_route=\/wp\/v2\/users\/1"}],"replies":[{"embeddable":true,"href":"https:\/\/www.comuna13online.com.ar\/index.php?rest_route=%2Fwp%2Fv2%2Fcomments&post=7920"}],"version-history":[{"count":0,"href":"https:\/\/www.comuna13online.com.ar\/index.php?rest_route=\/wp\/v2\/posts\/7920\/revisions"}],"wp:featuredmedia":[{"embeddable":true,"href":"https:\/\/www.comuna13online.com.ar\/index.php?rest_route=\/wp\/v2\/media\/7921"}],"wp:attachment":[{"href":"https:\/\/www.comuna13online.com.ar\/index.php?rest_route=%2Fwp%2Fv2%2Fmedia&parent=7920"}],"wp:term":[{"taxonomy":"category","embeddable":true,"href":"https:\/\/www.comuna13online.com.ar\/index.php?rest_route=%2Fwp%2Fv2%2Fcategories&post=7920"},{"taxonomy":"post_tag","embeddable":true,"href":"https:\/\/www.comuna13online.com.ar\/index.php?rest_route=%2Fwp%2Fv2%2Ftags&post=7920"}],"curies":[{"name":"wp","href":"https:\/\/api.w.org\/{rel}","templated":true}]}}