{"id":7863,"date":"2019-12-12T18:13:05","date_gmt":"2019-12-12T21:13:05","guid":{"rendered":"http:\/\/www.comuna13online.com.ar\/?p=7863"},"modified":"2020-02-14T11:37:46","modified_gmt":"2020-02-14T14:37:46","slug":"la-inflacion-en-la-ciudad-trepo-al-4-con-fuertes-aumentos-en-alimentos","status":"publish","type":"post","link":"https:\/\/www.comuna13online.com.ar\/?p=7863","title":{"rendered":"La inflaci\u00f3n en la Ciudad trepo al 4% con fuertes aumentos en alimentos"},"content":{"rendered":"<p><strong>La Direcci\u00f3n de Estad\u00edsticas y Censos inform\u00f3 que la inflaci\u00f3n de la Ciudad en noviembre fue de 4%, en 11 meses acumul\u00f3 49%<\/strong><strong>\u00a0y en 2019 ser\u00e1 r\u00e9cord del macrismo.<\/strong><\/p>\n<p><img loading=\"lazy\" decoding=\"async\" data-attachment-id=\"7866\" data-permalink=\"https:\/\/www.comuna13online.com.ar\/?attachment_id=7866\" data-orig-file=\"https:\/\/www.comuna13online.com.ar\/wp-content\/uploads\/2019\/12\/20191212a1.gif\" data-orig-size=\"678,284\" data-comments-opened=\"0\" data-image-meta=\"{&quot;aperture&quot;:&quot;0&quot;,&quot;credit&quot;:&quot;&quot;,&quot;camera&quot;:&quot;&quot;,&quot;caption&quot;:&quot;&quot;,&quot;created_timestamp&quot;:&quot;0&quot;,&quot;copyright&quot;:&quot;&quot;,&quot;focal_length&quot;:&quot;0&quot;,&quot;iso&quot;:&quot;0&quot;,&quot;shutter_speed&quot;:&quot;0&quot;,&quot;title&quot;:&quot;&quot;,&quot;orientation&quot;:&quot;0&quot;}\" data-image-title=\"20191212a1\" data-image-description=\"\" data-image-caption=\"\" data-large-file=\"https:\/\/www.comuna13online.com.ar\/wp-content\/uploads\/2019\/12\/20191212a1.gif\" class=\"alignnone size-full wp-image-7866\" src=\"http:\/\/www.comuna13online.com.ar\/wp-content\/uploads\/2019\/12\/20191212a1.gif\" alt=\"\" width=\"678\" height=\"284\" \/><\/p>\n<p>En noviembre, la cifra oficial difundida por el Centro de Estad\u00edsticas porte\u00f1o indican que el incremento promedio de precios en la Ciudad fue de 4%, 1,2 puntos porcentuales por encima del mes pasado, el alza en la medici\u00f3n fue impulsada principalmente por sectores exportadores de alimentos como carnes, frutas y verduras, anticipando futuras medidas econ\u00f3micas que pudieran perjudicarlos.<\/p>\n<p><span class=\"fontstyle0\">En lo que va de 2019, el IPC porte\u00f1o acumula un <\/span><span class=\"fontstyle2\">45<\/span><span class=\"fontstyle0\">,<\/span><span class=\"fontstyle2\">5 puntos porcentuales, igualando lo acumulado en 2018 \u00edntegro. <\/span><span class=\"fontstyle0\">La medici\u00f3n interanual <\/span><span class=\"fontstyle0\">se ubic\u00f3 en <\/span><span class=\"fontstyle2\">49<\/span><span class=\"fontstyle0\">,<\/span><span class=\"fontstyle2\">0<\/span><span class=\"fontstyle0\">%, <\/span><span class=\"fontstyle2\">1<\/span><span class=\"fontstyle0\">,<\/span><span class=\"fontstyle2\">8% por encima de octubre.<\/span><\/p>\n<p>Seg\u00fan el informe del Centro de Estad\u00edsticas de la Ciudad, la tasa de variaci\u00f3n mensual del \u00edndice de precios al consumidor de noviembre\u00a0 se vio afectada principalmente <span class=\"fontstyle0\">a las subas en las divisiones: Alimentos y bebidas no alcoh\u00f3licas y Salud son las que m\u00e1s subieron seguido por Transporte, Recreaci\u00f3n y cultura y Restaurantes y hoteles, que en su conjunto explicaron el <span class=\"fontstyle2\">60<\/span>,<span class=\"fontstyle2\">3<\/span>% del alza del Nivel General.<br \/>\n<\/span><\/p>\n<p>Analizando la evoluci\u00f3n de los precios de Bienes y Servicios, la suba en los precios de los Bienes fue de 5,2%; 1,1% respecto al mes anterior, tambi\u00e9n hubo un incremento en Servicios, que escal\u00f3 1,3% y ascendi\u00f3 a 2,9 puntos porcentuales., <span class=\"fontstyle0\">En lo que va del a\u00f1o los Bienes acumularon uns alza de <\/span><span class=\"fontstyle2\">51<\/span><span class=\"fontstyle0\">,<\/span><span class=\"fontstyle2\">2<\/span><span class=\"fontstyle0\">% y los Servicios de <\/span><span class=\"fontstyle2\">40<\/span><span class=\"fontstyle0\">,<\/span><span class=\"fontstyle2\">7<\/span><span class=\"fontstyle0\">%.<\/span><\/p>\n<p><span class=\"fontstyle0\">El comportamiento de los Bienes reflej\u00f3 fundamentalmente los incrementos en los precios de los alimentos (especialmente de las frutas y de las carnes). En menor medida, se destacaron las subas en los precios de los medicamentos, de las prendas de vestir, de los autom\u00f3viles y de los combustibles y lubricantes para los veh\u00edculos de uso del hogar. <\/span><\/p>\n<p><span class=\"fontstyle0\">La din\u00e1mica mensual de los Servicios respondi\u00f3 principalmente a los aumentos en los precios de la comida consumida fuera del hogar, en las cuotas de los establecimientos de educaci\u00f3n formal y<br \/>\nde medicina prepaga. Le siguieron en importancia, las alzas en el abono del servicio de televisi\u00f3n, en las remuneraciones del servicio dom\u00e9stico y en las tarifas de los servicios de telefon\u00eda m\u00f3vil y fija.<\/span><\/p>\n<p><span class=\"fontstyle0\">En t\u00e9rminos interanuales, ambas agrupaciones se aceleraron hasta: <\/span><span class=\"fontstyle2\">54<\/span><span class=\"fontstyle0\">,<\/span><span class=\"fontstyle2\">1<\/span><span class=\"fontstyle0\">% i.a. en el caso de Bienes <\/span><span class=\"fontstyle0\">y <\/span><span class=\"fontstyle2\">44<\/span><span class=\"fontstyle0\">,<\/span><span class=\"fontstyle2\">6<\/span><span class=\"fontstyle0\">% en el caso de los Servicios.<\/span><\/p>\n<h3><span style=\"color: #ff9900;\">\u00daltimos 24 meses<\/span><\/h3>\n<p><img loading=\"lazy\" decoding=\"async\" data-attachment-id=\"7864\" data-permalink=\"https:\/\/www.comuna13online.com.ar\/?attachment_id=7864\" data-orig-file=\"https:\/\/www.comuna13online.com.ar\/wp-content\/uploads\/2019\/12\/20191212a2..gif\" data-orig-size=\"678,538\" data-comments-opened=\"0\" data-image-meta=\"{&quot;aperture&quot;:&quot;0&quot;,&quot;credit&quot;:&quot;&quot;,&quot;camera&quot;:&quot;&quot;,&quot;caption&quot;:&quot;&quot;,&quot;created_timestamp&quot;:&quot;0&quot;,&quot;copyright&quot;:&quot;&quot;,&quot;focal_length&quot;:&quot;0&quot;,&quot;iso&quot;:&quot;0&quot;,&quot;shutter_speed&quot;:&quot;0&quot;,&quot;title&quot;:&quot;&quot;,&quot;orientation&quot;:&quot;0&quot;}\" data-image-title=\"20191212a2.\" data-image-description=\"\" data-image-caption=\"\" data-large-file=\"https:\/\/www.comuna13online.com.ar\/wp-content\/uploads\/2019\/12\/20191212a2.-552x438.gif\" class=\"alignnone size-full wp-image-7864\" src=\"http:\/\/www.comuna13online.com.ar\/wp-content\/uploads\/2019\/12\/20191212a2..gif\" alt=\"\" width=\"678\" height=\"538\" \/><\/p>\n<p><img loading=\"lazy\" decoding=\"async\" data-attachment-id=\"4008\" data-permalink=\"https:\/\/www.comuna13online.com.ar\/?attachment_id=4008\" data-orig-file=\"https:\/\/www.comuna13online.com.ar\/wp-content\/uploads\/2019\/01\/20190116b3.gif\" data-orig-size=\"678,229\" data-comments-opened=\"0\" data-image-meta=\"{&quot;aperture&quot;:&quot;0&quot;,&quot;credit&quot;:&quot;&quot;,&quot;camera&quot;:&quot;&quot;,&quot;caption&quot;:&quot;&quot;,&quot;created_timestamp&quot;:&quot;0&quot;,&quot;copyright&quot;:&quot;&quot;,&quot;focal_length&quot;:&quot;0&quot;,&quot;iso&quot;:&quot;0&quot;,&quot;shutter_speed&quot;:&quot;0&quot;,&quot;title&quot;:&quot;&quot;,&quot;orientation&quot;:&quot;0&quot;}\" data-image-title=\"20190116b3\" data-image-description=\"\" data-image-caption=\"\" data-large-file=\"https:\/\/www.comuna13online.com.ar\/wp-content\/uploads\/2019\/01\/20190116b3.gif\" class=\"alignnone size-medium wp-image-4008\" src=\"http:\/\/www.comuna13online.com.ar\/wp-content\/uploads\/2019\/01\/20190116b3-678x229.gif\" alt=\"\" width=\"678\" height=\"229\" \/><\/p>\n","protected":false},"excerpt":{"rendered":"<div class=\"mh-excerpt\">La Direcci\u00f3n de Estad\u00edsticas y Censos inform\u00f3 que la inflaci\u00f3n de la Ciudad en noviembre fue de 4%, en 11 meses acumul\u00f3 49%\u00a0y en 2019 ser\u00e1 r\u00e9cord del macrismo. En <a class=\"mh-excerpt-more\" href=\"https:\/\/www.comuna13online.com.ar\/?p=7863\" title=\"La inflaci\u00f3n en la Ciudad trepo al 4% con fuertes aumentos en alimentos\">[&#8230;]<\/a><\/div>\n","protected":false},"author":1,"featured_media":7865,"comment_status":"closed","ping_status":"closed","sticky":false,"template":"","format":"standard","meta":{"_uag_custom_page_level_css":"","_jetpack_memberships_contains_paid_content":false,"footnotes":"","jetpack_publicize_message":"La inflaci\u00f3n en la Ciudad trepo al 4% con fuertes aumentos en alimentos #Inflaci\u00f3n","jetpack_publicize_feature_enabled":true,"jetpack_social_post_already_shared":true,"jetpack_social_options":{"image_generator_settings":{"template":"highway","default_image_id":0,"font":"","enabled":false},"version":2}},"categories":[24],"tags":[246,250,25],"class_list":{"0":"post-7863","1":"post","2":"type-post","3":"status-publish","4":"format-standard","5":"has-post-thumbnail","7":"category-inflacion","8":"tag-h1","9":"tag-h2","10":"tag-inflacion"},"jetpack_publicize_connections":[],"jetpack_featured_media_url":"https:\/\/www.comuna13online.com.ar\/wp-content\/uploads\/2019\/12\/20191212a.jpg","uagb_featured_image_src":{"full":["https:\/\/www.comuna13online.com.ar\/wp-content\/uploads\/2019\/12\/20191212a.jpg",1030,438,false],"thumbnail":["https:\/\/www.comuna13online.com.ar\/wp-content\/uploads\/2019\/12\/20191212a-150x150.jpg",96,96,true],"medium":["https:\/\/www.comuna13online.com.ar\/wp-content\/uploads\/2019\/12\/20191212a-678x288.jpg",678,288,true],"medium_large":["https:\/\/www.comuna13online.com.ar\/wp-content\/uploads\/2019\/12\/20191212a-768x327.jpg",768,327,true],"large":["https:\/\/www.comuna13online.com.ar\/wp-content\/uploads\/2019\/12\/20191212a.jpg",1030,438,false],"1536x1536":["https:\/\/www.comuna13online.com.ar\/wp-content\/uploads\/2019\/12\/20191212a.jpg",1030,438,false],"2048x2048":["https:\/\/www.comuna13online.com.ar\/wp-content\/uploads\/2019\/12\/20191212a.jpg",1030,438,false],"mh-magazine-slider":["https:\/\/www.comuna13online.com.ar\/wp-content\/uploads\/2019\/12\/20191212a.jpg",1030,438,false],"mh-magazine-content":["https:\/\/www.comuna13online.com.ar\/wp-content\/uploads\/2019\/12\/20191212a-678x381.jpg",678,381,true],"mh-magazine-large":["https:\/\/www.comuna13online.com.ar\/wp-content\/uploads\/2019\/12\/20191212a-678x438.jpg",678,438,true],"mh-magazine-medium":["https:\/\/www.comuna13online.com.ar\/wp-content\/uploads\/2019\/12\/20191212a-326x245.jpg",326,245,true],"mh-magazine-small":["https:\/\/www.comuna13online.com.ar\/wp-content\/uploads\/2019\/12\/20191212a-80x60.jpg",80,60,true],"sow-carousel-default":["https:\/\/www.comuna13online.com.ar\/wp-content\/uploads\/2019\/12\/20191212a-272x182.jpg",272,182,true]},"uagb_author_info":{"display_name":"Comuna13","author_link":"https:\/\/www.comuna13online.com.ar\/?author=1"},"uagb_comment_info":0,"uagb_excerpt":"La Direcci\u00f3n de Estad\u00edsticas y Censos inform\u00f3 que la inflaci\u00f3n de la Ciudad en noviembre fue de 4%, en 11 meses acumul\u00f3 49%\u00a0y en 2019 ser\u00e1 r\u00e9cord del macrismo. En [...]","jetpack_sharing_enabled":true,"_links":{"self":[{"href":"https:\/\/www.comuna13online.com.ar\/index.php?rest_route=\/wp\/v2\/posts\/7863","targetHints":{"allow":["GET"]}}],"collection":[{"href":"https:\/\/www.comuna13online.com.ar\/index.php?rest_route=\/wp\/v2\/posts"}],"about":[{"href":"https:\/\/www.comuna13online.com.ar\/index.php?rest_route=\/wp\/v2\/types\/post"}],"author":[{"embeddable":true,"href":"https:\/\/www.comuna13online.com.ar\/index.php?rest_route=\/wp\/v2\/users\/1"}],"replies":[{"embeddable":true,"href":"https:\/\/www.comuna13online.com.ar\/index.php?rest_route=%2Fwp%2Fv2%2Fcomments&post=7863"}],"version-history":[{"count":0,"href":"https:\/\/www.comuna13online.com.ar\/index.php?rest_route=\/wp\/v2\/posts\/7863\/revisions"}],"wp:featuredmedia":[{"embeddable":true,"href":"https:\/\/www.comuna13online.com.ar\/index.php?rest_route=\/wp\/v2\/media\/7865"}],"wp:attachment":[{"href":"https:\/\/www.comuna13online.com.ar\/index.php?rest_route=%2Fwp%2Fv2%2Fmedia&parent=7863"}],"wp:term":[{"taxonomy":"category","embeddable":true,"href":"https:\/\/www.comuna13online.com.ar\/index.php?rest_route=%2Fwp%2Fv2%2Fcategories&post=7863"},{"taxonomy":"post_tag","embeddable":true,"href":"https:\/\/www.comuna13online.com.ar\/index.php?rest_route=%2Fwp%2Fv2%2Ftags&post=7863"}],"curies":[{"name":"wp","href":"https:\/\/api.w.org\/{rel}","templated":true}]}}