{"id":7843,"date":"2019-12-10T09:36:49","date_gmt":"2019-12-10T12:36:49","guid":{"rendered":"http:\/\/www.comuna13online.com.ar\/?p=7843"},"modified":"2019-12-10T09:37:39","modified_gmt":"2019-12-10T12:37:39","slug":"asume-alberto-fernandez-y-cristina-kirchner-agenda-y-cortes-de-transito","status":"publish","type":"post","link":"https:\/\/www.comuna13online.com.ar\/?p=7843","title":{"rendered":"Asume Alberto Fern\u00e1ndez y Cristina Kirchner, agenda y cortes de tr\u00e1nsito"},"content":{"rendered":"<p><strong>El presidente electo jurar\u00e1 ante Asamblea Legislativa y pasado el mediod\u00eda se trasladara hacia Casa Rosada a tomar\u00e1 juramento a sus ministros. Luego, Alberto y Cristina hablar\u00e1n a la Plaza.<\/strong><\/p>\n<p><img loading=\"lazy\" decoding=\"async\" data-attachment-id=\"7845\" data-permalink=\"https:\/\/www.comuna13online.com.ar\/?attachment_id=7845\" data-orig-file=\"https:\/\/www.comuna13online.com.ar\/wp-content\/uploads\/2019\/12\/20191210b1.jpg\" data-orig-size=\"678,379\" data-comments-opened=\"0\" data-image-meta=\"{&quot;aperture&quot;:&quot;0&quot;,&quot;credit&quot;:&quot;&quot;,&quot;camera&quot;:&quot;&quot;,&quot;caption&quot;:&quot;&quot;,&quot;created_timestamp&quot;:&quot;0&quot;,&quot;copyright&quot;:&quot;&quot;,&quot;focal_length&quot;:&quot;0&quot;,&quot;iso&quot;:&quot;0&quot;,&quot;shutter_speed&quot;:&quot;0&quot;,&quot;title&quot;:&quot;&quot;,&quot;orientation&quot;:&quot;0&quot;}\" data-image-title=\"20191210b1\" data-image-description=\"\" data-image-caption=\"\" data-large-file=\"https:\/\/www.comuna13online.com.ar\/wp-content\/uploads\/2019\/12\/20191210b1.jpg\" class=\"alignnone size-full wp-image-7845\" src=\"http:\/\/www.comuna13online.com.ar\/wp-content\/uploads\/2019\/12\/20191210b1.jpg\" alt=\"\" width=\"678\" height=\"379\" \/><\/p>\n<p>Alberto Fern\u00e1ndez asume en la ma\u00f1ana del 10 de diciembre como nuevo Presidente de la Naci\u00f3n, en la tradici\u00f3nl ceremonia presta juramento ante la Asamblea Legislativa en el Congreso de la Naci\u00f3n y luego del discurso al parlamento se trasladar\u00e1 a la Casa Rosada donde tomar\u00e1 juramento a los ministros que conforman su gabinete.<\/p>\n<p>Cerca de las 19, el Presidente Alberto Fern\u00e1ndez y la Vicepresidente Cristina Fern\u00e1ndez de Kirchner saldr\u00e1n al escenario ubicado frente a la Casa Rosada y le hablaran a la gente. Desde las dos de la tarde se desarrolla un festival musical en la Plaza.<\/p>\n<p><strong>As\u00ed se desarrollar\u00e1 la jorn<\/strong><strong>ada:<\/strong><\/p>\n<p><strong>10:00 hs.<\/strong>: Comenzar\u00e1 el traspaso de mando cuando Fern\u00e1ndez viajar\u00e1 escoltado por granaderos desde su departamento en el barrio de Puerto Madero hasta el Congreso de la Naci\u00f3n.<\/p>\n<p><strong>10.30 hs<\/strong>.: Es el horario en que deben presentarse en el Congreso legisladores, representantes de las delegaciones extranjeras, autoridades nacionales e invitados especiales, adem\u00e1s del presidente saliente Mauricio Macri.<\/p>\n<p><strong>11.15 hs<\/strong>.:\u00a0Apertura de la Sesi\u00f3n de la Asamblea Legislativa.<\/p>\n<p><strong>11.30 hs<\/strong>.: Llegada de Alberto Fern\u00e1ndez al parlamento donde ser\u00e1 recibido por la Comisi\u00f3n del Exterior del Honorable Congreso de la Naci\u00f3n en la explanada.<\/p>\n<p><strong>11.40 hs<\/strong>.: Llegada de la vicepresidenta electa,\u00a0Cristina Kirchner, al Parlamento.<\/p>\n<p><strong>11.45 hs<\/strong>: Alberto Fern\u00e1ndez y Cristina Kirchner\u00a0firmar\u00e1n los libros de honor de ambas c\u00e1maras\u00a0y luego se reiniciar\u00e1 la Asamblea Legislativa.<\/p>\n<p><strong>12 hs.<\/strong>: Alberto Fern\u00e1ndez y Cristina Kirchner se dirigir\u00e1n a la C\u00e1mara de Diputados donde\u00a0la vicepresidenta saliente, Gabriela Michetti, les tomar\u00e1 juramento.<\/p>\n<p><strong>12.10 hs.<\/strong>: El escribano mayor de Gobierno leer\u00e1 el Acta correspondiente y se proceder\u00e1 a la transmisi\u00f3n de insignias en la que\u00a0Mauricio Macri le entregar\u00e1 a su sucesor la banda y el bast\u00f3n de mando presidencial.<\/p>\n<p><strong>12.15 hs<\/strong>.: Ya como presidente de la Naci\u00f3n Fern\u00e1ndez\u00a0dar\u00e1 un discurso ante la Asamblea Legislativa\u00a0que se estima que se extender\u00e1 por cerca de una hora.<\/p>\n<p><strong>13:00 hs<\/strong>.: Tras el discurso del flamante Presidente se dar\u00e1 por finalizada la Asamblea Legislativa y Fern\u00e1ndez se subir\u00e1 a un auto oficial junto a la su pareja, Fabiola Y\u00e1\u00f1ez, mientras que Cristina Kirchner abordar\u00e1 otro veh\u00edculo y ambos bajar\u00e1n por la Avenida de Mayo hasta la Casa de Gobierno.<\/p>\n<p><strong>15:00\u00a0 hs<\/strong>.: Una vez en Casa Rosada Fern\u00e1ndez y Y\u00e1\u00f1ez, junto a Cristina, proceder\u00e1n en el Sal\u00f3n Blanco al saludo protocolar a los presidentes extranjeros y delegaciones diplom\u00e1ticas que asisten al traspaso de mando.<\/p>\n<p><strong>17:00 hs<\/strong>.: El mandatario se dirigir\u00e1 al Museo de la Casa Rosada, en el subsuelo del edificio, donde tomar\u00e1 juramento a cada uno de sus ministros y principales secretarios de Estado.<\/p>\n<p><strong>19:00 hs<\/strong>.: Alberto Fern\u00e1ndez y Cristina Kirchner cruzar\u00e1n a la plaza de Mayo y se subir\u00e1n al escenario montado para el festival musical que se estar\u00e1 desarrollando desde las 14 hs., a fin de dar los \u00faltimos discursos de la jornada para la militancia que asistir\u00e1 a los festejos.<\/p>\n<p><img loading=\"lazy\" decoding=\"async\" data-attachment-id=\"7846\" data-permalink=\"https:\/\/www.comuna13online.com.ar\/?attachment_id=7846\" data-orig-file=\"https:\/\/www.comuna13online.com.ar\/wp-content\/uploads\/2019\/12\/20191210b2.jpg\" data-orig-size=\"648,365\" data-comments-opened=\"0\" data-image-meta=\"{&quot;aperture&quot;:&quot;0&quot;,&quot;credit&quot;:&quot;&quot;,&quot;camera&quot;:&quot;&quot;,&quot;caption&quot;:&quot;&quot;,&quot;created_timestamp&quot;:&quot;0&quot;,&quot;copyright&quot;:&quot;&quot;,&quot;focal_length&quot;:&quot;0&quot;,&quot;iso&quot;:&quot;0&quot;,&quot;shutter_speed&quot;:&quot;0&quot;,&quot;title&quot;:&quot;&quot;,&quot;orientation&quot;:&quot;0&quot;}\" data-image-title=\"20191210b2\" data-image-description=\"\" data-image-caption=\"\" data-large-file=\"https:\/\/www.comuna13online.com.ar\/wp-content\/uploads\/2019\/12\/20191210b2.jpg\" class=\"alignnone size-full wp-image-7846\" src=\"http:\/\/www.comuna13online.com.ar\/wp-content\/uploads\/2019\/12\/20191210b2.jpg\" alt=\"\" width=\"648\" height=\"365\" \/><\/p>\n<h3><strong>Cronograma del show musical:<\/strong><\/h3>\n<div class=\"row pb-content-type-text\">\n<div class=\"col-xs-12 col-print-12\">\n<ul>\n<li class=\"element element-paragraph\">13:45: Roc\u00edo Quiroz<\/li>\n<li class=\"element element-paragraph\">14:00: Barbi Recanati<\/li>\n<li class=\"element element-paragraph\">14:15: Bruno Arias<\/li>\n<li class=\"element element-paragraph\">14:30: Sudor Marika<\/li>\n<li class=\"element element-paragraph\">14:45: S\u00faper Ratones<\/li>\n<li class=\"element element-paragraph\">15:00: Eruca Sativa<\/li>\n<li class=\"element element-paragraph\">15:15: Ella es tan cargosa<\/li>\n<li class=\"element element-paragraph\">15:30: Arbolito<\/li>\n<li class=\"element element-paragraph\">15:45: Iv\u00e1n Noble<\/li>\n<li class=\"element element-paragraph\">16:00: Mala Fama<\/li>\n<li class=\"element element-paragraph\">16:15: El Kuelgue<\/li>\n<li class=\"element element-paragraph\">16:30: Fena Della Maggiora<\/li>\n<li class=\"element element-paragraph\">16:45: Los Tipitos<\/li>\n<li class=\"element element-paragraph\">17:00: Pericos<\/li>\n<li class=\"element element-paragraph\">17:15:\u00a0La Delio Valdes<\/li>\n<li class=\"element element-paragraph\">17:30: Bersuit Desde las<\/li>\n<li class=\"element element-paragraph\">18 :00 en adelante se presentar\u00e1n: Isabel de Sebasti\u00e1n Adriana Varela Conociendo Rusia David Leb\u00f3n Coti Estelares Juanse Lito Nebbia.<\/li>\n<li>Cierran la palabra de Alberto y Cristina<\/li>\n<\/ul>\n<p class=\"element element-paragraph\"><strong>CORTES DE TR\u00c1NSITO<\/strong><\/p>\n<\/div>\n<\/div>\n<div class=\"row pb-content-type-text\">\n<div class=\"col-xs-12 col-print-12\">\n<p class=\"element element-paragraph\">De acuerdo con el cronograma difundido por<b>\u00a0la Secretar\u00eda de Transporte de la Ciudad de Bueno Aires,<\/b>\u00a0habr\u00e1 cortes\u00a0<b>entre las 6:00 y las 14:00\u00a0<\/b>de este d\u00eda en el per\u00edmetro delimitado por las calles\u00a0<b>Ayacucho y Sarand\u00ed, y las avenidas Corrientes, Belgrano y Cerrito<\/b>, para abarcar as\u00ed toda el \u00e1rea circundante al Parlamento, donde por la ma\u00f1ana se realizar\u00e1 el acto para el cambio de Gobierno y la jura del pr\u00f3ximo jefe de Estado.<\/p>\n<\/div>\n<\/div>\n<div class=\"row pb-content-type-text\">\n<div class=\"col-xs-12 col-print-12\">\n<p class=\"element element-paragraph\">Por otra parte, tambi\u00e9n estar\u00e1 cerrado todo el per\u00edmetro definido por las avenidas\u00a0<b>Paseo Col\u00f3n\/Leandro N. Alem, Corrientes, Belgrano y Cerrito<\/b>. En este caso la limitaci\u00f3n al tr\u00e1nsito estar\u00e1\u00a0<b>vigente hasta las 22:00<\/b>, ya que Alberto Fern\u00e1ndez tiene previsto tomarles juramento a sus ministros en la sede de Gobierno y luego encabezar los festejos en la Plaza de mayo.<\/p>\n<\/div>\n<\/div>\n<div class=\"row pb-content-type-text\">\n<div class=\"col-xs-12 col-print-12\">\n<p class=\"element element-paragraph\"><mark class=\"hl_yellow\"><b>De esta manera, el Metrobus de 9 de Julio permanecer\u00e1 interrumpido entre Corrientes y Belgrano, desde las 6:00 y hasta las 22:00<\/b>.\u00a0<\/mark>Adem\u00e1s, las siguientes l\u00edneas de colectivos podr\u00edan cambiar sus recorridos:\u00a0<b>5-6-7-8-9-10-12-17-22-23-24-26-28-29-33-37-45-50-56-59-61-62-64-67-70-74-84-86-91-93-99-100-111-105-109-114- 126-129-130-132-140-143-146-150-151-152-159-168-180 y 195. <\/b><\/p>\n<p><a href=\"http:\/\/www.comuna13online.com.ar\/wp-content\/uploads\/2019\/12\/HIFJSLF2NFFL7CMH4MHV5O5PCU.jpg\" target=\"_blank\" rel=\"noopener noreferrer\"><img loading=\"lazy\" decoding=\"async\" data-attachment-id=\"7844\" data-permalink=\"https:\/\/www.comuna13online.com.ar\/?attachment_id=7844\" data-orig-file=\"https:\/\/www.comuna13online.com.ar\/wp-content\/uploads\/2019\/12\/HIFJSLF2NFFL7CMH4MHV5O5PCU.jpg\" data-orig-size=\"1920,1406\" data-comments-opened=\"0\" data-image-meta=\"{&quot;aperture&quot;:&quot;0&quot;,&quot;credit&quot;:&quot;&quot;,&quot;camera&quot;:&quot;&quot;,&quot;caption&quot;:&quot;&quot;,&quot;created_timestamp&quot;:&quot;0&quot;,&quot;copyright&quot;:&quot;&quot;,&quot;focal_length&quot;:&quot;0&quot;,&quot;iso&quot;:&quot;0&quot;,&quot;shutter_speed&quot;:&quot;0&quot;,&quot;title&quot;:&quot;&quot;,&quot;orientation&quot;:&quot;0&quot;}\" data-image-title=\"HIFJSLF2NFFL7CMH4MHV5O5PCU\" data-image-description=\"\" data-image-caption=\"\" data-large-file=\"https:\/\/www.comuna13online.com.ar\/wp-content\/uploads\/2019\/12\/HIFJSLF2NFFL7CMH4MHV5O5PCU-598x438.jpg\" class=\"wp-image-7844\" src=\"http:\/\/www.comuna13online.com.ar\/wp-content\/uploads\/2019\/12\/HIFJSLF2NFFL7CMH4MHV5O5PCU.jpg\" alt=\"\" width=\"678\" height=\"496\" srcset=\"https:\/\/www.comuna13online.com.ar\/wp-content\/uploads\/2019\/12\/HIFJSLF2NFFL7CMH4MHV5O5PCU.jpg 1920w, https:\/\/www.comuna13online.com.ar\/wp-content\/uploads\/2019\/12\/HIFJSLF2NFFL7CMH4MHV5O5PCU-617x452.jpg 617w, https:\/\/www.comuna13online.com.ar\/wp-content\/uploads\/2019\/12\/HIFJSLF2NFFL7CMH4MHV5O5PCU-598x438.jpg 598w, https:\/\/www.comuna13online.com.ar\/wp-content\/uploads\/2019\/12\/HIFJSLF2NFFL7CMH4MHV5O5PCU-768x562.jpg 768w, https:\/\/www.comuna13online.com.ar\/wp-content\/uploads\/2019\/12\/HIFJSLF2NFFL7CMH4MHV5O5PCU-1536x1125.jpg 1536w, https:\/\/www.comuna13online.com.ar\/wp-content\/uploads\/2019\/12\/HIFJSLF2NFFL7CMH4MHV5O5PCU-80x60.jpg 80w\" sizes=\"auto, (max-width: 678px) 100vw, 678px\" \/><\/a><\/p>\n<p><em>El mapa de los cortes de tr\u00e1nsito programados con motivo de la asunci\u00f3n del presidente Alberto Fern\u00e1ndez<\/em><\/p>\n<\/div>\n<\/div>\n<p>&nbsp;<\/p>\n","protected":false},"excerpt":{"rendered":"<div class=\"mh-excerpt\">El presidente electo jurar\u00e1 ante Asamblea Legislativa y pasado el mediod\u00eda se trasladara hacia Casa Rosada a tomar\u00e1 juramento a sus ministros. Luego, Alberto y Cristina hablar\u00e1n a la Plaza. <a class=\"mh-excerpt-more\" href=\"https:\/\/www.comuna13online.com.ar\/?p=7843\" title=\"Asume Alberto Fern\u00e1ndez y Cristina Kirchner, agenda y cortes de tr\u00e1nsito\">[&#8230;]<\/a><\/div>\n","protected":false},"author":1,"featured_media":7847,"comment_status":"closed","ping_status":"closed","sticky":false,"template":"","format":"standard","meta":{"_uag_custom_page_level_css":"","_jetpack_memberships_contains_paid_content":false,"footnotes":"","jetpack_publicize_message":"Asume Alberto Fern\u00e1ndez y Cristina Kirchner, agenda y cortes de tr\u00e1nsito #AlbertoYCristina #BuenMartes","jetpack_publicize_feature_enabled":true,"jetpack_social_post_already_shared":true,"jetpack_social_options":{"image_generator_settings":{"template":"highway","default_image_id":0,"font":"","enabled":false},"version":2}},"categories":[9,256],"tags":[258,246,250],"class_list":{"0":"post-7843","1":"post","2":"type-post","3":"status-publish","4":"format-standard","5":"has-post-thumbnail","7":"category-ciudad","8":"category-gobierno","9":"tag-gobierno","10":"tag-h1","11":"tag-h2"},"jetpack_publicize_connections":[],"jetpack_featured_media_url":"https:\/\/www.comuna13online.com.ar\/wp-content\/uploads\/2019\/12\/20191210b.jpg","uagb_featured_image_src":{"full":["https:\/\/www.comuna13online.com.ar\/wp-content\/uploads\/2019\/12\/20191210b.jpg",1030,438,false],"thumbnail":["https:\/\/www.comuna13online.com.ar\/wp-content\/uploads\/2019\/12\/20191210b-150x150.jpg",96,96,true],"medium":["https:\/\/www.comuna13online.com.ar\/wp-content\/uploads\/2019\/12\/20191210b-678x288.jpg",678,288,true],"medium_large":["https:\/\/www.comuna13online.com.ar\/wp-content\/uploads\/2019\/12\/20191210b-768x327.jpg",768,327,true],"large":["https:\/\/www.comuna13online.com.ar\/wp-content\/uploads\/2019\/12\/20191210b.jpg",1030,438,false],"1536x1536":["https:\/\/www.comuna13online.com.ar\/wp-content\/uploads\/2019\/12\/20191210b.jpg",1030,438,false],"2048x2048":["https:\/\/www.comuna13online.com.ar\/wp-content\/uploads\/2019\/12\/20191210b.jpg",1030,438,false],"mh-magazine-slider":["https:\/\/www.comuna13online.com.ar\/wp-content\/uploads\/2019\/12\/20191210b.jpg",1030,438,false],"mh-magazine-content":["https:\/\/www.comuna13online.com.ar\/wp-content\/uploads\/2019\/12\/20191210b-678x381.jpg",678,381,true],"mh-magazine-large":["https:\/\/www.comuna13online.com.ar\/wp-content\/uploads\/2019\/12\/20191210b-678x438.jpg",678,438,true],"mh-magazine-medium":["https:\/\/www.comuna13online.com.ar\/wp-content\/uploads\/2019\/12\/20191210b-326x245.jpg",326,245,true],"mh-magazine-small":["https:\/\/www.comuna13online.com.ar\/wp-content\/uploads\/2019\/12\/20191210b-80x60.jpg",80,60,true],"sow-carousel-default":["https:\/\/www.comuna13online.com.ar\/wp-content\/uploads\/2019\/12\/20191210b-272x182.jpg",272,182,true]},"uagb_author_info":{"display_name":"Comuna13","author_link":"https:\/\/www.comuna13online.com.ar\/?author=1"},"uagb_comment_info":0,"uagb_excerpt":"El presidente electo jurar\u00e1 ante Asamblea Legislativa y pasado el mediod\u00eda se trasladara hacia Casa Rosada a tomar\u00e1 juramento a sus ministros. Luego, Alberto y Cristina hablar\u00e1n a la Plaza. [...]","jetpack_sharing_enabled":true,"_links":{"self":[{"href":"https:\/\/www.comuna13online.com.ar\/index.php?rest_route=\/wp\/v2\/posts\/7843","targetHints":{"allow":["GET"]}}],"collection":[{"href":"https:\/\/www.comuna13online.com.ar\/index.php?rest_route=\/wp\/v2\/posts"}],"about":[{"href":"https:\/\/www.comuna13online.com.ar\/index.php?rest_route=\/wp\/v2\/types\/post"}],"author":[{"embeddable":true,"href":"https:\/\/www.comuna13online.com.ar\/index.php?rest_route=\/wp\/v2\/users\/1"}],"replies":[{"embeddable":true,"href":"https:\/\/www.comuna13online.com.ar\/index.php?rest_route=%2Fwp%2Fv2%2Fcomments&post=7843"}],"version-history":[{"count":0,"href":"https:\/\/www.comuna13online.com.ar\/index.php?rest_route=\/wp\/v2\/posts\/7843\/revisions"}],"wp:featuredmedia":[{"embeddable":true,"href":"https:\/\/www.comuna13online.com.ar\/index.php?rest_route=\/wp\/v2\/media\/7847"}],"wp:attachment":[{"href":"https:\/\/www.comuna13online.com.ar\/index.php?rest_route=%2Fwp%2Fv2%2Fmedia&parent=7843"}],"wp:term":[{"taxonomy":"category","embeddable":true,"href":"https:\/\/www.comuna13online.com.ar\/index.php?rest_route=%2Fwp%2Fv2%2Fcategories&post=7843"},{"taxonomy":"post_tag","embeddable":true,"href":"https:\/\/www.comuna13online.com.ar\/index.php?rest_route=%2Fwp%2Fv2%2Ftags&post=7843"}],"curies":[{"name":"wp","href":"https:\/\/api.w.org\/{rel}","templated":true}]}}