{"id":7841,"date":"2019-12-10T08:49:04","date_gmt":"2019-12-10T11:49:04","guid":{"rendered":"http:\/\/www.comuna13online.com.ar\/?p=7841"},"modified":"2019-12-10T09:45:34","modified_gmt":"2019-12-10T12:45:34","slug":"asumieron-rodriguez-larreta-y-diego-santilli-y-tomaron-juramento-a-los-ministros-2","status":"publish","type":"post","link":"https:\/\/www.comuna13online.com.ar\/?p=7841","title":{"rendered":"Asumieron Rodr\u00edguez Larreta y Diego Santilli y tomaron juramento a los ministros"},"content":{"rendered":"<p><strong><em>\u201cVan a encontrar en m\u00ed a un Jefe de Gobierno abierto al di\u00e1logo y a la b\u00fasqueda de consensos\u201d<\/em> expres\u00f3 el Jefe de Gobierno en la sede de Parque Patricios.<\/strong><\/p>\n<p><img loading=\"lazy\" decoding=\"async\" data-attachment-id=\"7837\" data-permalink=\"https:\/\/www.comuna13online.com.ar\/?attachment_id=7837\" data-orig-file=\"https:\/\/www.comuna13online.com.ar\/wp-content\/uploads\/2019\/12\/20191210a1.jpg\" data-orig-size=\"678,472\" data-comments-opened=\"0\" data-image-meta=\"{&quot;aperture&quot;:&quot;0&quot;,&quot;credit&quot;:&quot;&quot;,&quot;camera&quot;:&quot;&quot;,&quot;caption&quot;:&quot;&quot;,&quot;created_timestamp&quot;:&quot;0&quot;,&quot;copyright&quot;:&quot;&quot;,&quot;focal_length&quot;:&quot;0&quot;,&quot;iso&quot;:&quot;0&quot;,&quot;shutter_speed&quot;:&quot;0&quot;,&quot;title&quot;:&quot;&quot;,&quot;orientation&quot;:&quot;0&quot;}\" data-image-title=\"20191210a1\" data-image-description=\"\" data-image-caption=\"\" data-large-file=\"https:\/\/www.comuna13online.com.ar\/wp-content\/uploads\/2019\/12\/20191210a1-629x438.jpg\" class=\"alignnone wp-image-7837 size-full\" src=\"http:\/\/www.comuna13online.com.ar\/wp-content\/uploads\/2019\/12\/20191210a1.jpg\" alt=\"\" width=\"678\" height=\"472\" srcset=\"https:\/\/www.comuna13online.com.ar\/wp-content\/uploads\/2019\/12\/20191210a1.jpg 678w, https:\/\/www.comuna13online.com.ar\/wp-content\/uploads\/2019\/12\/20191210a1-649x452.jpg 649w, https:\/\/www.comuna13online.com.ar\/wp-content\/uploads\/2019\/12\/20191210a1-629x438.jpg 629w\" sizes=\"auto, (max-width: 678px) 100vw, 678px\" \/><\/p>\n<p>El Jefe de Gobierno de la Ciudad de Horacio Rodr\u00edguez Larreta y Diego Santilli tomaron juramento al nuevo Gabinete que los acompa\u00f1ar\u00e1 en la gesti\u00f3n de la Ciudad de Buenos Aires durante los pr\u00f3ximos cuatro a\u00f1os.<\/p>\n<p>Acompa\u00f1ados del presidente de la Naci\u00f3n, Mauricio Macri, y la gobernadora de la provincia de Buenos Aires, Mar\u00eda Eugenia Vidal, Rodr\u00edguez Larreta expres\u00f3: \u201cGracias a todos los vecinos que nos acompa\u00f1an y participan en el d\u00eda a d\u00eda de esta transformaci\u00f3n que estamos llevando adelante en la Ciudad, y gracias tambi\u00e9n por el respaldo hist\u00f3rico que nos dieron en la elecci\u00f3n de octubre\u201d.<\/p>\n<p>Adem\u00e1s, el Jefe de Gobierno porte\u00f1o, quien esta ma\u00f1ana prest\u00f3 juramento en la Legislatura junto al vicejefe Diego Santilli, indic\u00f3 que va a \u201cseguir trabajando con el gobierno nacional y con la provincia de Buenos Aires\u201d, y agreg\u00f3: \u201cColaboraremos para que al nuevo gobierno y a todos los argentinos nos vaya bien\u201d.<\/p>\n<p>En esa l\u00ednea remarc\u00f3 que conf\u00eda en <em>\u201calcanzar los acuerdos necesarios a trav\u00e9s del di\u00e1logo\u201d<\/em>, y afirm\u00f3: <em>\u201cSiempre van a encontrar en m\u00ed a un Jefe de Gobierno abierto al di\u00e1logo y a la b\u00fasqueda de consensos, porque creo firmemente en la pluralidad de voces\u201d<\/em>.<\/p>\n<div align=\"center\">\n<blockquote class=\"twitter-tweet\">\n<p dir=\"ltr\" lang=\"es\">Este es el gran equipo en el que conf\u00edo y que me va a acompa\u00f1ar los pr\u00f3ximos cuatro a\u00f1os. \u00a1Muy entusiasmados y contentos por todo lo que se viene! <a href=\"https:\/\/t.co\/SQPdOD4hnq\">pic.twitter.com\/SQPdOD4hnq<\/a><\/p>\n<p>\u2014 Horacio Rodr\u00edguez Larreta (@horaciorlarreta) <a href=\"https:\/\/twitter.com\/horaciorlarreta\/status\/1204200406424969216?ref_src=twsrc%5Etfw\">December 10, 2019<\/a><\/p><\/blockquote>\n<p><script async src=\"https:\/\/platform.twitter.com\/widgets.js\" charset=\"utf-8\"><\/script><\/p>\n<\/div>\n<p>Del mismo modo, destac\u00f3 que todos los ministros y secretarios que lo acompa\u00f1ar\u00e1n <em>\u201ctienen una gran trayectoria y vienen trabajando hace muchos a\u00f1os en la Ciudad\u201d<\/em>, y complet\u00f3: <em>\u201cEstoy convencido de que cada uno de ellos va a cumplir con los compromisos que asumimos porque, si bien hicimos mucho, queda m\u00e1s por hacer\u201d<\/em>.<\/p>\n<p>Por otro lado, explic\u00f3 que el objetivo sigue siendo <em>\u201cque todos los vecinos vivan mejor\u201d<\/em>, y asegur\u00f3: <em>\u201cNecesitamos su aporte y su ayuda. Les pido que me acompa\u00f1en, que sigan sumando con sus ideas y sobre todo que est\u00e9n ah\u00ed para marcarnos los errores, que es lo que m\u00e1s nos ayuda a mejorar\u201d<\/em>.<\/p>\n<p>Para finalizar, Rodr\u00edguez Larreta reconoci\u00f3: <em>\u201cCuento con todos ustedes para seguir haciendo de Buenos Aires el mejor lugar para vivir\u201d.<\/em><br \/>\nEstuvieron presentes en el acto la vicepresidenta Gabriela Michetti; los funcionarios Marcos Pe\u00f1a, Patricia Bullrich, Rogelio Frigerio, Hern\u00e1n Lacunza, Guillermo Dietrich, Germ\u00e1n Garavano, Alejandro Finnochiaro y Jorge Faurie, entre otros; el ex canciller Adalberto Rodr\u00edguez Giavarini; los empresarios Alfredo Coto, Carlos Rottemberg, Aldo Roggio, Alejandro Bulgheroni, Fabi\u00e1n Scoltore, Eduardo Elsztain, Cristiano Ratazzi y Jos\u00e9 Luis Manzano, entre otros; y miembros del poder judicial de la Naci\u00f3n y de la Ciudad, e integrantes del Poder Legislativo nacional y porte\u00f1o.<\/p>\n<p><strong>El gabinete lo conforman:<\/strong><\/p>\n<ul>\n<li>Felipe Miguel: Jefe de Gabinete de Ministros.<\/li>\n<li>Diego Santilli: ministro de Justicia y Seguridad.<\/li>\n<li>Mar\u00eda Migliore: ministra de Desarrollo Humano y H\u00e1bitat.<\/li>\n<li>Fern\u00e1n Quir\u00f3s: ministro de Salud.<\/li>\n<li>Soledad Acu\u00f1a: ministra de Educaci\u00f3n e Innovaci\u00f3n.<\/li>\n<li>Enrique Avogadro: ministro de Cultura.<\/li>\n<li>Clara Muzzio: ministra de Espacio P\u00fablico e Higiene Urbana.<\/li>\n<li>Jos\u00e9 Luis Giusti: ministro de Desarrollo Econ\u00f3mico.<\/li>\n<li>Mart\u00edn Mura: ministro de Econom\u00eda y Finanzas.<\/li>\n<li>Bruno Screnci: ministro de Gobierno.<\/li>\n<\/ul>\n<p>Adem\u00e1s, Karina Fern\u00e1ndez ser\u00e1 la secretaria de Asuntos Estrat\u00e9gicos; Leticia Montiel la secretaria Legal y T\u00e9cnica; Eduardo Macchiavelli el secretario de Ambiente; Christian Coelho el secretario de Medios; Federico Di Benedetto el secretario de Comunicaci\u00f3n, Contenidos y Participaci\u00f3n Ciudadana; Gustavo Alfredo Gesualdo el secretario de Desarrollo Humano; Juan Jos\u00e9 M\u00e9ndez el secretario de Transporte y Obras P\u00fablicas; Paula Uhalde la secretaria de Transformaci\u00f3n Cultural; Fernando Benegas el secretario de Innovaci\u00f3n y Transformaci\u00f3n Digital; Facundo Carrillo el secretario de Atenci\u00f3n Ciudadana y Gesti\u00f3n Comunal; Patricio Avellaneda el secretario de Planificaci\u00f3n, Evaluaci\u00f3n y Coordinaci\u00f3n de Gesti\u00f3n; \u00c1lvaro Garc\u00eda Resta el secretario de Desarrollo Urbano; Sergio Constantino el secretario de Integraci\u00f3n Social para Personas Mayores; Diego Fern\u00e1ndez el secretario de Integraci\u00f3n Social y Urbana; y Marcelo D\u00b4Alessandro el secretario de Justicia y Seguridad.<\/p>\n<div align=\"center\">\n<blockquote class=\"twitter-tweet\">\n<p dir=\"ltr\" lang=\"es\">Este es el equipo con el cual vamos a trabajar durante los pr\u00f3ximos cuatro a\u00f1os para seguir mejorando la vida de los vecinos. <a href=\"https:\/\/t.co\/Uu4apwNiJo\">pic.twitter.com\/Uu4apwNiJo<\/a><\/p>\n<p>\u2014 Diego Santilli (@diegosantilli) <a href=\"https:\/\/twitter.com\/diegosantilli\/status\/1204205041558654977?ref_src=twsrc%5Etfw\">December 10, 2019<\/a><\/p><\/blockquote>\n<p><script async src=\"https:\/\/platform.twitter.com\/widgets.js\" charset=\"utf-8\"><\/script><\/p>\n<\/div>\n","protected":false},"excerpt":{"rendered":"<div class=\"mh-excerpt\">\u201cVan a encontrar en m\u00ed a un Jefe de Gobierno abierto al di\u00e1logo y a la b\u00fasqueda de consensos\u201d expres\u00f3 el Jefe de Gobierno en la sede de Parque Patricios. <a class=\"mh-excerpt-more\" href=\"https:\/\/www.comuna13online.com.ar\/?p=7841\" title=\"Asumieron Rodr\u00edguez Larreta y Diego Santilli y tomaron juramento a los ministros\">[&#8230;]<\/a><\/div>\n","protected":false},"author":1,"featured_media":7836,"comment_status":"closed","ping_status":"closed","sticky":false,"template":"","format":"standard","meta":{"_uag_custom_page_level_css":"","_jetpack_memberships_contains_paid_content":false,"footnotes":"","jetpack_publicize_message":"Asumieron Rodr\u00edguez Larreta y Diego Santilli y tomaron juramento a los ministros","jetpack_publicize_feature_enabled":true,"jetpack_social_post_already_shared":true,"jetpack_social_options":{"image_generator_settings":{"template":"highway","default_image_id":0,"font":"","enabled":false},"version":2}},"categories":[256],"tags":[190,258,246,250],"class_list":{"0":"post-7841","1":"post","2":"type-post","3":"status-publish","4":"format-standard","5":"has-post-thumbnail","7":"category-gobierno","8":"tag-elecciones","9":"tag-gobierno","10":"tag-h1","11":"tag-h2"},"jetpack_publicize_connections":[],"jetpack_featured_media_url":"https:\/\/www.comuna13online.com.ar\/wp-content\/uploads\/2019\/12\/20191210a.jpg","uagb_featured_image_src":{"full":["https:\/\/www.comuna13online.com.ar\/wp-content\/uploads\/2019\/12\/20191210a.jpg",1030,438,false],"thumbnail":["https:\/\/www.comuna13online.com.ar\/wp-content\/uploads\/2019\/12\/20191210a-150x150.jpg",96,96,true],"medium":["https:\/\/www.comuna13online.com.ar\/wp-content\/uploads\/2019\/12\/20191210a-678x288.jpg",678,288,true],"medium_large":["https:\/\/www.comuna13online.com.ar\/wp-content\/uploads\/2019\/12\/20191210a-768x327.jpg",768,327,true],"large":["https:\/\/www.comuna13online.com.ar\/wp-content\/uploads\/2019\/12\/20191210a.jpg",1030,438,false],"1536x1536":["https:\/\/www.comuna13online.com.ar\/wp-content\/uploads\/2019\/12\/20191210a.jpg",1030,438,false],"2048x2048":["https:\/\/www.comuna13online.com.ar\/wp-content\/uploads\/2019\/12\/20191210a.jpg",1030,438,false],"mh-magazine-slider":["https:\/\/www.comuna13online.com.ar\/wp-content\/uploads\/2019\/12\/20191210a.jpg",1030,438,false],"mh-magazine-content":["https:\/\/www.comuna13online.com.ar\/wp-content\/uploads\/2019\/12\/20191210a-678x381.jpg",678,381,true],"mh-magazine-large":["https:\/\/www.comuna13online.com.ar\/wp-content\/uploads\/2019\/12\/20191210a-678x438.jpg",678,438,true],"mh-magazine-medium":["https:\/\/www.comuna13online.com.ar\/wp-content\/uploads\/2019\/12\/20191210a-326x245.jpg",326,245,true],"mh-magazine-small":["https:\/\/www.comuna13online.com.ar\/wp-content\/uploads\/2019\/12\/20191210a-80x60.jpg",80,60,true],"sow-carousel-default":["https:\/\/www.comuna13online.com.ar\/wp-content\/uploads\/2019\/12\/20191210a-272x182.jpg",272,182,true]},"uagb_author_info":{"display_name":"Comuna13","author_link":"https:\/\/www.comuna13online.com.ar\/?author=1"},"uagb_comment_info":0,"uagb_excerpt":"\u201cVan a encontrar en m\u00ed a un Jefe de Gobierno abierto al di\u00e1logo y a la b\u00fasqueda de consensos\u201d expres\u00f3 el Jefe de Gobierno en la sede de Parque Patricios. [...]","jetpack_sharing_enabled":true,"_links":{"self":[{"href":"https:\/\/www.comuna13online.com.ar\/index.php?rest_route=\/wp\/v2\/posts\/7841","targetHints":{"allow":["GET"]}}],"collection":[{"href":"https:\/\/www.comuna13online.com.ar\/index.php?rest_route=\/wp\/v2\/posts"}],"about":[{"href":"https:\/\/www.comuna13online.com.ar\/index.php?rest_route=\/wp\/v2\/types\/post"}],"author":[{"embeddable":true,"href":"https:\/\/www.comuna13online.com.ar\/index.php?rest_route=\/wp\/v2\/users\/1"}],"replies":[{"embeddable":true,"href":"https:\/\/www.comuna13online.com.ar\/index.php?rest_route=%2Fwp%2Fv2%2Fcomments&post=7841"}],"version-history":[{"count":0,"href":"https:\/\/www.comuna13online.com.ar\/index.php?rest_route=\/wp\/v2\/posts\/7841\/revisions"}],"wp:featuredmedia":[{"embeddable":true,"href":"https:\/\/www.comuna13online.com.ar\/index.php?rest_route=\/wp\/v2\/media\/7836"}],"wp:attachment":[{"href":"https:\/\/www.comuna13online.com.ar\/index.php?rest_route=%2Fwp%2Fv2%2Fmedia&parent=7841"}],"wp:term":[{"taxonomy":"category","embeddable":true,"href":"https:\/\/www.comuna13online.com.ar\/index.php?rest_route=%2Fwp%2Fv2%2Fcategories&post=7841"},{"taxonomy":"post_tag","embeddable":true,"href":"https:\/\/www.comuna13online.com.ar\/index.php?rest_route=%2Fwp%2Fv2%2Ftags&post=7841"}],"curies":[{"name":"wp","href":"https:\/\/api.w.org\/{rel}","templated":true}]}}