{"id":7811,"date":"2019-12-09T07:05:12","date_gmt":"2019-12-09T10:05:12","guid":{"rendered":"http:\/\/www.comuna13online.com.ar\/?p=7811"},"modified":"2019-12-09T12:36:00","modified_gmt":"2019-12-09T15:36:00","slug":"juraron-los-integrantes-de-las-comunas-portenas","status":"publish","type":"post","link":"https:\/\/www.comuna13online.com.ar\/?p=7811","title":{"rendered":"Juraron los integrantes de las Comunas porte\u00f1as"},"content":{"rendered":"<p><strong>Los Comuneros prestaron juramento ante el videjefe porte\u00f1o Diego Santilli, y diversos diputados. La junta comunal de la Comuna 13 estar\u00e1 presidida por Florencia Scavino de Juntos por el Cambio.<\/strong><\/p>\n<figure id=\"attachment_7813\" aria-describedby=\"caption-attachment-7813\" style=\"width: 678px\" class=\"wp-caption alignnone\"><img loading=\"lazy\" decoding=\"async\" data-attachment-id=\"7813\" data-permalink=\"https:\/\/www.comuna13online.com.ar\/?attachment_id=7813\" data-orig-file=\"https:\/\/www.comuna13online.com.ar\/wp-content\/uploads\/2019\/12\/20191209b1.jpg\" data-orig-size=\"678,452\" data-comments-opened=\"0\" data-image-meta=\"{&quot;aperture&quot;:&quot;0&quot;,&quot;credit&quot;:&quot;&quot;,&quot;camera&quot;:&quot;&quot;,&quot;caption&quot;:&quot;&quot;,&quot;created_timestamp&quot;:&quot;0&quot;,&quot;copyright&quot;:&quot;&quot;,&quot;focal_length&quot;:&quot;0&quot;,&quot;iso&quot;:&quot;0&quot;,&quot;shutter_speed&quot;:&quot;0&quot;,&quot;title&quot;:&quot;&quot;,&quot;orientation&quot;:&quot;0&quot;}\" data-image-title=\"20191209b1\" data-image-description=\"\" data-image-caption=\"\" data-large-file=\"https:\/\/www.comuna13online.com.ar\/wp-content\/uploads\/2019\/12\/20191209b1-657x438.jpg\" class=\"wp-image-7813 size-full\" src=\"http:\/\/www.comuna13online.com.ar\/wp-content\/uploads\/2019\/12\/20191209b1.jpg\" alt=\"\" width=\"678\" height=\"452\" srcset=\"https:\/\/www.comuna13online.com.ar\/wp-content\/uploads\/2019\/12\/20191209b1.jpg 678w, https:\/\/www.comuna13online.com.ar\/wp-content\/uploads\/2019\/12\/20191209b1-657x438.jpg 657w, https:\/\/www.comuna13online.com.ar\/wp-content\/uploads\/2019\/12\/20191209b1-272x182.jpg 272w\" sizes=\"auto, (max-width: 678px) 100vw, 678px\" \/><figcaption id=\"caption-attachment-7813\" class=\"wp-caption-text\"><em>El acto se llevo a cabo el pasado viernes 6 de diciembre en el Sal\u00f3n Dorado de la Legislatura de la Ciudad.<\/em><\/figcaption><\/figure>\n<p>Los 105 integrantes de las 15 Juntas Comunales de los 48 barrios de la Ciudad de Buenos Aires, electos el domingo 27 de octubre, juraron ante casi medio millar de vecinos en el Sal\u00f3n Dorado del Palacio Parlamentario.<\/p>\n<p>Diego Santilli, presidente de la Legislatura porte\u00f1a;\u00a0Agust\u00edn Forchieri, vicepresidente I;\u00a0Carlos Tomada, vicepresidente II y los jefes de bloque\u00a0Mar\u00eda In\u00e9s Gorbea\u00a0(EV),\u00a0Mariano Recalde\u00a0(UC) y\u00a0Mar\u00eda Rosa Mui\u00f1os\u00a0(BP), entre otros diputados como\u00a0Maximiliano Ferraro\u00a0(VJ); les tomaron juramento a los 7 miembros (incluido su presidente) por cada una de las 15 Comunas, . En el acto estuvieron presentes\u00a0Jorge Anzorreguy\u00a0y\u00a0Carlos \u2018Perico\u2019 P\u00e9rez, secretarios Administrativo y Parlamentario, respectivamente.<\/p>\n<p>En la Comuna 13 habr\u00e1 una abrumadora mayor\u00eda de Juntos por el Cambio con 6 Comuneros y apenas 1 del Frente de Todos, los miembros de la Junta Comunal que prestaron juramento son:<\/p>\n<ol>\n<li>SCAVINO FLORENCIA FABIANA Juntos por el Cambio<\/li>\n<li>ANGELUCCI JULIAN Juntos por el Cambio<\/li>\n<li>GAZALI ELIZABETH ALICIA Juntos por el Cambio<\/li>\n<li>ACHILE DIEGO GONZALO Frente de Todos<\/li>\n<li>WORTLEY FEDERICO TOMAS Juntos por el Cambio<\/li>\n<li>MAZZITELLI SILVIA NORMA Juntos por el Cambio<\/li>\n<li>CHENG YUAN CHI Juntos por el Cambio<\/li>\n<\/ol>\n<p>El acto se inici\u00f3 cuando la locutora oficial dio la bienvenida a los asistentes. Forchieri record\u00f3 la ley 1777, sancionada en 2005, que estableci\u00f3 las normas de organizaci\u00f3n, competencia y funcionamiento de las Comunas, de acuerdo a lo dispuesto en la Constituci\u00f3n de la Ciudad. \u201cUstedes representan cada uno de los barrios\u201d y los invit\u00f3 a \u201ctrabajar con di\u00e1logo y respeto en la b\u00fasqueda de consensos\u201d, destac\u00f3 el vicepresidente I.<\/p>\n<p><strong>Miembros de las Juntas Comunales:<\/strong><\/p>\n<div data-carousel-extra='{&quot;blog_id&quot;:1,&quot;permalink&quot;:&quot;https:\/\/www.comuna13online.com.ar\/?p=7811&quot;}' id='gallery-1' class='gallery galleryid-7811 gallery-columns-1 gallery-size-full'><figure class='gallery-item'>\n\t\t\t<div class='gallery-icon landscape'>\n\t\t\t\t<a href='https:\/\/www.comuna13online.com.ar\/wp-content\/uploads\/2019\/12\/1.jpg'><img loading=\"lazy\" decoding=\"async\" width=\"1200\" height=\"800\" src=\"https:\/\/www.comuna13online.com.ar\/wp-content\/uploads\/2019\/12\/1.jpg\" class=\"attachment-full size-full\" alt=\"\" srcset=\"https:\/\/www.comuna13online.com.ar\/wp-content\/uploads\/2019\/12\/1.jpg 1200w, https:\/\/www.comuna13online.com.ar\/wp-content\/uploads\/2019\/12\/1-678x452.jpg 678w, https:\/\/www.comuna13online.com.ar\/wp-content\/uploads\/2019\/12\/1-657x438.jpg 657w, https:\/\/www.comuna13online.com.ar\/wp-content\/uploads\/2019\/12\/1-768x512.jpg 768w, https:\/\/www.comuna13online.com.ar\/wp-content\/uploads\/2019\/12\/1-272x182.jpg 272w\" sizes=\"auto, (max-width: 1200px) 100vw, 1200px\" data-attachment-id=\"7815\" data-permalink=\"https:\/\/www.comuna13online.com.ar\/?attachment_id=7815\" data-orig-file=\"https:\/\/www.comuna13online.com.ar\/wp-content\/uploads\/2019\/12\/1.jpg\" data-orig-size=\"1200,800\" data-comments-opened=\"0\" data-image-meta=\"{&quot;aperture&quot;:&quot;0&quot;,&quot;credit&quot;:&quot;&quot;,&quot;camera&quot;:&quot;&quot;,&quot;caption&quot;:&quot;&quot;,&quot;created_timestamp&quot;:&quot;0&quot;,&quot;copyright&quot;:&quot;&quot;,&quot;focal_length&quot;:&quot;0&quot;,&quot;iso&quot;:&quot;0&quot;,&quot;shutter_speed&quot;:&quot;0&quot;,&quot;title&quot;:&quot;&quot;,&quot;orientation&quot;:&quot;0&quot;}\" data-image-title=\"1\" data-image-description=\"\" data-image-caption=\"\" data-large-file=\"https:\/\/www.comuna13online.com.ar\/wp-content\/uploads\/2019\/12\/1-657x438.jpg\" \/><\/a>\n\t\t\t<\/div><\/figure><figure class='gallery-item'>\n\t\t\t<div class='gallery-icon landscape'>\n\t\t\t\t<a href='https:\/\/www.comuna13online.com.ar\/wp-content\/uploads\/2019\/12\/2.jpg'><img loading=\"lazy\" decoding=\"async\" width=\"1200\" height=\"800\" src=\"https:\/\/www.comuna13online.com.ar\/wp-content\/uploads\/2019\/12\/2.jpg\" class=\"attachment-full size-full\" alt=\"\" srcset=\"https:\/\/www.comuna13online.com.ar\/wp-content\/uploads\/2019\/12\/2.jpg 1200w, https:\/\/www.comuna13online.com.ar\/wp-content\/uploads\/2019\/12\/2-678x452.jpg 678w, https:\/\/www.comuna13online.com.ar\/wp-content\/uploads\/2019\/12\/2-657x438.jpg 657w, https:\/\/www.comuna13online.com.ar\/wp-content\/uploads\/2019\/12\/2-768x512.jpg 768w, https:\/\/www.comuna13online.com.ar\/wp-content\/uploads\/2019\/12\/2-272x182.jpg 272w\" sizes=\"auto, (max-width: 1200px) 100vw, 1200px\" data-attachment-id=\"7816\" data-permalink=\"https:\/\/www.comuna13online.com.ar\/?attachment_id=7816\" data-orig-file=\"https:\/\/www.comuna13online.com.ar\/wp-content\/uploads\/2019\/12\/2.jpg\" data-orig-size=\"1200,800\" data-comments-opened=\"0\" data-image-meta=\"{&quot;aperture&quot;:&quot;0&quot;,&quot;credit&quot;:&quot;&quot;,&quot;camera&quot;:&quot;&quot;,&quot;caption&quot;:&quot;&quot;,&quot;created_timestamp&quot;:&quot;0&quot;,&quot;copyright&quot;:&quot;&quot;,&quot;focal_length&quot;:&quot;0&quot;,&quot;iso&quot;:&quot;0&quot;,&quot;shutter_speed&quot;:&quot;0&quot;,&quot;title&quot;:&quot;&quot;,&quot;orientation&quot;:&quot;0&quot;}\" data-image-title=\"2\" data-image-description=\"\" data-image-caption=\"\" data-large-file=\"https:\/\/www.comuna13online.com.ar\/wp-content\/uploads\/2019\/12\/2-657x438.jpg\" \/><\/a>\n\t\t\t<\/div><\/figure><figure class='gallery-item'>\n\t\t\t<div class='gallery-icon landscape'>\n\t\t\t\t<a href='https:\/\/www.comuna13online.com.ar\/wp-content\/uploads\/2019\/12\/3.jpg'><img loading=\"lazy\" decoding=\"async\" width=\"1200\" height=\"800\" src=\"https:\/\/www.comuna13online.com.ar\/wp-content\/uploads\/2019\/12\/3.jpg\" class=\"attachment-full size-full\" alt=\"\" srcset=\"https:\/\/www.comuna13online.com.ar\/wp-content\/uploads\/2019\/12\/3.jpg 1200w, https:\/\/www.comuna13online.com.ar\/wp-content\/uploads\/2019\/12\/3-678x452.jpg 678w, https:\/\/www.comuna13online.com.ar\/wp-content\/uploads\/2019\/12\/3-657x438.jpg 657w, https:\/\/www.comuna13online.com.ar\/wp-content\/uploads\/2019\/12\/3-768x512.jpg 768w, https:\/\/www.comuna13online.com.ar\/wp-content\/uploads\/2019\/12\/3-272x182.jpg 272w\" sizes=\"auto, (max-width: 1200px) 100vw, 1200px\" data-attachment-id=\"7817\" data-permalink=\"https:\/\/www.comuna13online.com.ar\/?attachment_id=7817\" data-orig-file=\"https:\/\/www.comuna13online.com.ar\/wp-content\/uploads\/2019\/12\/3.jpg\" data-orig-size=\"1200,800\" data-comments-opened=\"0\" data-image-meta=\"{&quot;aperture&quot;:&quot;0&quot;,&quot;credit&quot;:&quot;&quot;,&quot;camera&quot;:&quot;&quot;,&quot;caption&quot;:&quot;&quot;,&quot;created_timestamp&quot;:&quot;0&quot;,&quot;copyright&quot;:&quot;&quot;,&quot;focal_length&quot;:&quot;0&quot;,&quot;iso&quot;:&quot;0&quot;,&quot;shutter_speed&quot;:&quot;0&quot;,&quot;title&quot;:&quot;&quot;,&quot;orientation&quot;:&quot;0&quot;}\" data-image-title=\"3\" data-image-description=\"\" data-image-caption=\"\" data-large-file=\"https:\/\/www.comuna13online.com.ar\/wp-content\/uploads\/2019\/12\/3-657x438.jpg\" \/><\/a>\n\t\t\t<\/div><\/figure><figure class='gallery-item'>\n\t\t\t<div class='gallery-icon landscape'>\n\t\t\t\t<a href='https:\/\/www.comuna13online.com.ar\/wp-content\/uploads\/2019\/12\/4.jpg'><img loading=\"lazy\" decoding=\"async\" width=\"1200\" height=\"800\" src=\"https:\/\/www.comuna13online.com.ar\/wp-content\/uploads\/2019\/12\/4.jpg\" class=\"attachment-full size-full\" alt=\"\" srcset=\"https:\/\/www.comuna13online.com.ar\/wp-content\/uploads\/2019\/12\/4.jpg 1200w, https:\/\/www.comuna13online.com.ar\/wp-content\/uploads\/2019\/12\/4-678x452.jpg 678w, https:\/\/www.comuna13online.com.ar\/wp-content\/uploads\/2019\/12\/4-657x438.jpg 657w, https:\/\/www.comuna13online.com.ar\/wp-content\/uploads\/2019\/12\/4-768x512.jpg 768w, https:\/\/www.comuna13online.com.ar\/wp-content\/uploads\/2019\/12\/4-272x182.jpg 272w\" sizes=\"auto, (max-width: 1200px) 100vw, 1200px\" data-attachment-id=\"7818\" data-permalink=\"https:\/\/www.comuna13online.com.ar\/?attachment_id=7818\" data-orig-file=\"https:\/\/www.comuna13online.com.ar\/wp-content\/uploads\/2019\/12\/4.jpg\" data-orig-size=\"1200,800\" data-comments-opened=\"0\" data-image-meta=\"{&quot;aperture&quot;:&quot;0&quot;,&quot;credit&quot;:&quot;&quot;,&quot;camera&quot;:&quot;&quot;,&quot;caption&quot;:&quot;&quot;,&quot;created_timestamp&quot;:&quot;0&quot;,&quot;copyright&quot;:&quot;&quot;,&quot;focal_length&quot;:&quot;0&quot;,&quot;iso&quot;:&quot;0&quot;,&quot;shutter_speed&quot;:&quot;0&quot;,&quot;title&quot;:&quot;&quot;,&quot;orientation&quot;:&quot;0&quot;}\" data-image-title=\"4\" data-image-description=\"\" data-image-caption=\"\" data-large-file=\"https:\/\/www.comuna13online.com.ar\/wp-content\/uploads\/2019\/12\/4-657x438.jpg\" \/><\/a>\n\t\t\t<\/div><\/figure><figure class='gallery-item'>\n\t\t\t<div class='gallery-icon landscape'>\n\t\t\t\t<a href='https:\/\/www.comuna13online.com.ar\/wp-content\/uploads\/2019\/12\/5.jpg'><img loading=\"lazy\" decoding=\"async\" width=\"1200\" height=\"800\" src=\"https:\/\/www.comuna13online.com.ar\/wp-content\/uploads\/2019\/12\/5.jpg\" class=\"attachment-full size-full\" alt=\"\" srcset=\"https:\/\/www.comuna13online.com.ar\/wp-content\/uploads\/2019\/12\/5.jpg 1200w, https:\/\/www.comuna13online.com.ar\/wp-content\/uploads\/2019\/12\/5-678x452.jpg 678w, https:\/\/www.comuna13online.com.ar\/wp-content\/uploads\/2019\/12\/5-657x438.jpg 657w, https:\/\/www.comuna13online.com.ar\/wp-content\/uploads\/2019\/12\/5-768x512.jpg 768w, https:\/\/www.comuna13online.com.ar\/wp-content\/uploads\/2019\/12\/5-272x182.jpg 272w\" sizes=\"auto, (max-width: 1200px) 100vw, 1200px\" data-attachment-id=\"7819\" data-permalink=\"https:\/\/www.comuna13online.com.ar\/?attachment_id=7819\" data-orig-file=\"https:\/\/www.comuna13online.com.ar\/wp-content\/uploads\/2019\/12\/5.jpg\" data-orig-size=\"1200,800\" data-comments-opened=\"0\" data-image-meta=\"{&quot;aperture&quot;:&quot;0&quot;,&quot;credit&quot;:&quot;&quot;,&quot;camera&quot;:&quot;&quot;,&quot;caption&quot;:&quot;&quot;,&quot;created_timestamp&quot;:&quot;0&quot;,&quot;copyright&quot;:&quot;&quot;,&quot;focal_length&quot;:&quot;0&quot;,&quot;iso&quot;:&quot;0&quot;,&quot;shutter_speed&quot;:&quot;0&quot;,&quot;title&quot;:&quot;&quot;,&quot;orientation&quot;:&quot;0&quot;}\" data-image-title=\"5\" data-image-description=\"\" data-image-caption=\"\" data-large-file=\"https:\/\/www.comuna13online.com.ar\/wp-content\/uploads\/2019\/12\/5-657x438.jpg\" \/><\/a>\n\t\t\t<\/div><\/figure>\n\t\t<\/div>\n\n","protected":false},"excerpt":{"rendered":"<div class=\"mh-excerpt\">Los Comuneros prestaron juramento ante el videjefe porte\u00f1o Diego Santilli, y diversos diputados. La junta comunal de la Comuna 13 estar\u00e1 presidida por Florencia Scavino de Juntos por el Cambio. <a class=\"mh-excerpt-more\" href=\"https:\/\/www.comuna13online.com.ar\/?p=7811\" title=\"Juraron los integrantes de las Comunas porte\u00f1as\">[&#8230;]<\/a><\/div>\n","protected":false},"author":1,"featured_media":7812,"comment_status":"closed","ping_status":"closed","sticky":false,"template":"","format":"standard","meta":{"_uag_custom_page_level_css":"","_jetpack_memberships_contains_paid_content":false,"footnotes":"","jetpack_publicize_message":"","jetpack_publicize_feature_enabled":true,"jetpack_social_post_already_shared":true,"jetpack_social_options":{"image_generator_settings":{"template":"highway","default_image_id":0,"font":"","enabled":false},"version":2}},"categories":[9],"tags":[190,246,250,7],"class_list":{"0":"post-7811","1":"post","2":"type-post","3":"status-publish","4":"format-standard","5":"has-post-thumbnail","7":"category-ciudad","8":"tag-elecciones","9":"tag-h1","10":"tag-h2","11":"tag-legislatura"},"jetpack_publicize_connections":[],"jetpack_featured_media_url":"https:\/\/www.comuna13online.com.ar\/wp-content\/uploads\/2019\/12\/20191209b.jpg","uagb_featured_image_src":{"full":["https:\/\/www.comuna13online.com.ar\/wp-content\/uploads\/2019\/12\/20191209b.jpg",1030,438,false],"thumbnail":["https:\/\/www.comuna13online.com.ar\/wp-content\/uploads\/2019\/12\/20191209b-150x150.jpg",96,96,true],"medium":["https:\/\/www.comuna13online.com.ar\/wp-content\/uploads\/2019\/12\/20191209b-678x288.jpg",678,288,true],"medium_large":["https:\/\/www.comuna13online.com.ar\/wp-content\/uploads\/2019\/12\/20191209b-768x327.jpg",768,327,true],"large":["https:\/\/www.comuna13online.com.ar\/wp-content\/uploads\/2019\/12\/20191209b.jpg",1030,438,false],"1536x1536":["https:\/\/www.comuna13online.com.ar\/wp-content\/uploads\/2019\/12\/20191209b.jpg",1030,438,false],"2048x2048":["https:\/\/www.comuna13online.com.ar\/wp-content\/uploads\/2019\/12\/20191209b.jpg",1030,438,false],"mh-magazine-slider":["https:\/\/www.comuna13online.com.ar\/wp-content\/uploads\/2019\/12\/20191209b.jpg",1030,438,false],"mh-magazine-content":["https:\/\/www.comuna13online.com.ar\/wp-content\/uploads\/2019\/12\/20191209b-678x381.jpg",678,381,true],"mh-magazine-large":["https:\/\/www.comuna13online.com.ar\/wp-content\/uploads\/2019\/12\/20191209b-678x438.jpg",678,438,true],"mh-magazine-medium":["https:\/\/www.comuna13online.com.ar\/wp-content\/uploads\/2019\/12\/20191209b-326x245.jpg",326,245,true],"mh-magazine-small":["https:\/\/www.comuna13online.com.ar\/wp-content\/uploads\/2019\/12\/20191209b-80x60.jpg",80,60,true],"sow-carousel-default":["https:\/\/www.comuna13online.com.ar\/wp-content\/uploads\/2019\/12\/20191209b-272x182.jpg",272,182,true]},"uagb_author_info":{"display_name":"Comuna13","author_link":"https:\/\/www.comuna13online.com.ar\/?author=1"},"uagb_comment_info":0,"uagb_excerpt":"Los Comuneros prestaron juramento ante el videjefe porte\u00f1o Diego Santilli, y diversos diputados. La junta comunal de la Comuna 13 estar\u00e1 presidida por Florencia Scavino de Juntos por el Cambio. [...]","jetpack_sharing_enabled":true,"_links":{"self":[{"href":"https:\/\/www.comuna13online.com.ar\/index.php?rest_route=\/wp\/v2\/posts\/7811","targetHints":{"allow":["GET"]}}],"collection":[{"href":"https:\/\/www.comuna13online.com.ar\/index.php?rest_route=\/wp\/v2\/posts"}],"about":[{"href":"https:\/\/www.comuna13online.com.ar\/index.php?rest_route=\/wp\/v2\/types\/post"}],"author":[{"embeddable":true,"href":"https:\/\/www.comuna13online.com.ar\/index.php?rest_route=\/wp\/v2\/users\/1"}],"replies":[{"embeddable":true,"href":"https:\/\/www.comuna13online.com.ar\/index.php?rest_route=%2Fwp%2Fv2%2Fcomments&post=7811"}],"version-history":[{"count":0,"href":"https:\/\/www.comuna13online.com.ar\/index.php?rest_route=\/wp\/v2\/posts\/7811\/revisions"}],"wp:featuredmedia":[{"embeddable":true,"href":"https:\/\/www.comuna13online.com.ar\/index.php?rest_route=\/wp\/v2\/media\/7812"}],"wp:attachment":[{"href":"https:\/\/www.comuna13online.com.ar\/index.php?rest_route=%2Fwp%2Fv2%2Fmedia&parent=7811"}],"wp:term":[{"taxonomy":"category","embeddable":true,"href":"https:\/\/www.comuna13online.com.ar\/index.php?rest_route=%2Fwp%2Fv2%2Fcategories&post=7811"},{"taxonomy":"post_tag","embeddable":true,"href":"https:\/\/www.comuna13online.com.ar\/index.php?rest_route=%2Fwp%2Fv2%2Ftags&post=7811"}],"curies":[{"name":"wp","href":"https:\/\/api.w.org\/{rel}","templated":true}]}}