{"id":7808,"date":"2019-12-09T06:00:33","date_gmt":"2019-12-09T09:00:33","guid":{"rendered":"http:\/\/www.comuna13online.com.ar\/?p=7808"},"modified":"2019-12-08T16:07:49","modified_gmt":"2019-12-08T19:07:49","slug":"un-joven-fallecio-tras-del-balcon-de-un-edificio-en-belgrano","status":"publish","type":"post","link":"https:\/\/www.comuna13online.com.ar\/?p=7808","title":{"rendered":"Un joven falleci\u00f3 tras del balc\u00f3n de un edificio en Belgrano"},"content":{"rendered":"<p><strong>La v\u00edctima, de 21 a\u00f1os, falleci\u00f3 al instante luego de precipitarse desde el quinto piso de un edificio ubicado en C\u00e9spedes al 2300. La polic\u00eda investiga si fue un accidente.<\/strong><\/p>\n<p><img loading=\"lazy\" decoding=\"async\" data-attachment-id=\"7809\" data-permalink=\"https:\/\/www.comuna13online.com.ar\/?attachment_id=7809\" data-orig-file=\"https:\/\/www.comuna13online.com.ar\/wp-content\/uploads\/2019\/12\/20191209a.jpg\" data-orig-size=\"780,438\" data-comments-opened=\"0\" data-image-meta=\"{&quot;aperture&quot;:&quot;0&quot;,&quot;credit&quot;:&quot;&quot;,&quot;camera&quot;:&quot;&quot;,&quot;caption&quot;:&quot;&quot;,&quot;created_timestamp&quot;:&quot;0&quot;,&quot;copyright&quot;:&quot;&quot;,&quot;focal_length&quot;:&quot;0&quot;,&quot;iso&quot;:&quot;0&quot;,&quot;shutter_speed&quot;:&quot;0&quot;,&quot;title&quot;:&quot;&quot;,&quot;orientation&quot;:&quot;0&quot;}\" data-image-title=\"20191209a\" data-image-description=\"\" data-image-caption=\"\" data-large-file=\"https:\/\/www.comuna13online.com.ar\/wp-content\/uploads\/2019\/12\/20191209a.jpg\" class=\"alignnone size-full wp-image-7809\" src=\"http:\/\/www.comuna13online.com.ar\/wp-content\/uploads\/2019\/12\/20191209a.jpg\" alt=\"\" width=\"780\" height=\"438\" srcset=\"https:\/\/www.comuna13online.com.ar\/wp-content\/uploads\/2019\/12\/20191209a.jpg 780w, https:\/\/www.comuna13online.com.ar\/wp-content\/uploads\/2019\/12\/20191209a-678x381.jpg 678w, https:\/\/www.comuna13online.com.ar\/wp-content\/uploads\/2019\/12\/20191209a-768x431.jpg 768w\" sizes=\"auto, (max-width: 780px) 100vw, 780px\" \/><\/p>\n<p>Un joven de 21 a\u00f1os muri\u00f3 en la madrugada de domingo 8 de diciembre al caer desde el quinto piso de un edificio ubicado en el porte\u00f1o barrio de Belgrano.<\/p>\n<p>Seg\u00fan las primeras versiones que manejan las autoridades abocadas a la investigaci\u00f3n de las circunstancias en que se produjo la muerte, al momento de caer\u00a0el joven estaba acompa\u00f1ado por una mujer.<\/p>\n<p>De acuerdo con los testigos, la mujer -en crisis se nervios- se tomaba la cabeza mientras miraba desde el balc\u00f3n el cuerpo ya sin vida del joven cuya identidad todav\u00eda no trascendi\u00f3. La joven debi\u00f3 ser atendida y luego fue trasladada a la\u00a0Comisar\u00eda N\u00b014\u00a0que es la que interviene en la investigaci\u00f3n preliminar del caso.<\/p>\n<p>El hecho ocurri\u00f3 en C\u00e9spedes al 2300,\u00a0a pocos metros de la avenida Cabildo,\u00a0y la zona se encuentra acordonada para facilitar el trabajo de la polic\u00eda cient\u00edfica.<\/p>\n","protected":false},"excerpt":{"rendered":"<div class=\"mh-excerpt\">La v\u00edctima, de 21 a\u00f1os, falleci\u00f3 al instante luego de precipitarse desde el quinto piso de un edificio ubicado en C\u00e9spedes al 2300. La polic\u00eda investiga si fue un accidente. <a class=\"mh-excerpt-more\" href=\"https:\/\/www.comuna13online.com.ar\/?p=7808\" title=\"Un joven falleci\u00f3 tras del balc\u00f3n de un edificio en Belgrano\">[&#8230;]<\/a><\/div>\n","protected":false},"author":1,"featured_media":7809,"comment_status":"closed","ping_status":"closed","sticky":false,"template":"","format":"standard","meta":{"_uag_custom_page_level_css":"","_jetpack_memberships_contains_paid_content":false,"footnotes":"","jetpack_publicize_message":"","jetpack_publicize_feature_enabled":true,"jetpack_social_post_already_shared":true,"jetpack_social_options":{"image_generator_settings":{"template":"highway","default_image_id":0,"font":"","enabled":false},"version":2}},"categories":[186],"tags":[250,188],"class_list":{"0":"post-7808","1":"post","2":"type-post","3":"status-publish","4":"format-standard","5":"has-post-thumbnail","7":"category-policiales","8":"tag-h2","9":"tag-policiales"},"jetpack_publicize_connections":[],"jetpack_featured_media_url":"https:\/\/www.comuna13online.com.ar\/wp-content\/uploads\/2019\/12\/20191209a.jpg","uagb_featured_image_src":{"full":["https:\/\/www.comuna13online.com.ar\/wp-content\/uploads\/2019\/12\/20191209a.jpg",780,438,false],"thumbnail":["https:\/\/www.comuna13online.com.ar\/wp-content\/uploads\/2019\/12\/20191209a-150x150.jpg",96,96,true],"medium":["https:\/\/www.comuna13online.com.ar\/wp-content\/uploads\/2019\/12\/20191209a-678x381.jpg",678,381,true],"medium_large":["https:\/\/www.comuna13online.com.ar\/wp-content\/uploads\/2019\/12\/20191209a-768x431.jpg",768,431,true],"large":["https:\/\/www.comuna13online.com.ar\/wp-content\/uploads\/2019\/12\/20191209a.jpg",780,438,false],"1536x1536":["https:\/\/www.comuna13online.com.ar\/wp-content\/uploads\/2019\/12\/20191209a.jpg",780,438,false],"2048x2048":["https:\/\/www.comuna13online.com.ar\/wp-content\/uploads\/2019\/12\/20191209a.jpg",780,438,false],"mh-magazine-slider":["https:\/\/www.comuna13online.com.ar\/wp-content\/uploads\/2019\/12\/20191209a.jpg",780,438,false],"mh-magazine-content":["https:\/\/www.comuna13online.com.ar\/wp-content\/uploads\/2019\/12\/20191209a-678x381.jpg",678,381,true],"mh-magazine-large":["https:\/\/www.comuna13online.com.ar\/wp-content\/uploads\/2019\/12\/20191209a-678x438.jpg",678,438,true],"mh-magazine-medium":["https:\/\/www.comuna13online.com.ar\/wp-content\/uploads\/2019\/12\/20191209a-326x245.jpg",326,245,true],"mh-magazine-small":["https:\/\/www.comuna13online.com.ar\/wp-content\/uploads\/2019\/12\/20191209a-80x60.jpg",80,60,true],"sow-carousel-default":["https:\/\/www.comuna13online.com.ar\/wp-content\/uploads\/2019\/12\/20191209a-272x182.jpg",272,182,true]},"uagb_author_info":{"display_name":"Comuna13","author_link":"https:\/\/www.comuna13online.com.ar\/?author=1"},"uagb_comment_info":0,"uagb_excerpt":"La v\u00edctima, de 21 a\u00f1os, falleci\u00f3 al instante luego de precipitarse desde el quinto piso de un edificio ubicado en C\u00e9spedes al 2300. La polic\u00eda investiga si fue un accidente. [...]","jetpack_sharing_enabled":true,"_links":{"self":[{"href":"https:\/\/www.comuna13online.com.ar\/index.php?rest_route=\/wp\/v2\/posts\/7808","targetHints":{"allow":["GET"]}}],"collection":[{"href":"https:\/\/www.comuna13online.com.ar\/index.php?rest_route=\/wp\/v2\/posts"}],"about":[{"href":"https:\/\/www.comuna13online.com.ar\/index.php?rest_route=\/wp\/v2\/types\/post"}],"author":[{"embeddable":true,"href":"https:\/\/www.comuna13online.com.ar\/index.php?rest_route=\/wp\/v2\/users\/1"}],"replies":[{"embeddable":true,"href":"https:\/\/www.comuna13online.com.ar\/index.php?rest_route=%2Fwp%2Fv2%2Fcomments&post=7808"}],"version-history":[{"count":0,"href":"https:\/\/www.comuna13online.com.ar\/index.php?rest_route=\/wp\/v2\/posts\/7808\/revisions"}],"wp:featuredmedia":[{"embeddable":true,"href":"https:\/\/www.comuna13online.com.ar\/index.php?rest_route=\/wp\/v2\/media\/7809"}],"wp:attachment":[{"href":"https:\/\/www.comuna13online.com.ar\/index.php?rest_route=%2Fwp%2Fv2%2Fmedia&parent=7808"}],"wp:term":[{"taxonomy":"category","embeddable":true,"href":"https:\/\/www.comuna13online.com.ar\/index.php?rest_route=%2Fwp%2Fv2%2Fcategories&post=7808"},{"taxonomy":"post_tag","embeddable":true,"href":"https:\/\/www.comuna13online.com.ar\/index.php?rest_route=%2Fwp%2Fv2%2Ftags&post=7808"}],"curies":[{"name":"wp","href":"https:\/\/api.w.org\/{rel}","templated":true}]}}