{"id":7805,"date":"2019-12-06T17:25:19","date_gmt":"2019-12-06T20:25:19","guid":{"rendered":"http:\/\/www.comuna13online.com.ar\/?p=7805"},"modified":"2019-12-06T17:25:19","modified_gmt":"2019-12-06T20:25:19","slug":"programa-de-diciembre-en-el-museo-historico-saavedra","status":"publish","type":"post","link":"https:\/\/www.comuna13online.com.ar\/?p=7805","title":{"rendered":"Programa de Diciembre en el Museo Hist\u00f3rico Saavedra"},"content":{"rendered":"<p><strong>El Ministerio de Cultura de la Ciudad de Buenos Aires presenta la programaci\u00f3n cultural del \u00faltimo mes del a\u00f1o en el Museo Hist\u00f3rico Saavedra, ubicado en Cris\u00f3logo Larralde 6309.<\/strong><\/p>\n<p><strong>Exposici\u00f3n Temporaria<\/strong><\/p>\n<p>\u201cLa paleta del restaurador: Rosas y el rojo punz\u00f3\u201d<\/p>\n<p>Esta exhibici\u00f3n \u2013que se extender\u00e1 hasta el 1 de marzo de 2020- forma parte del eje Color del programa anual Narrativas Cruzadas, proyecto de la Direcci\u00f3n General de Patrimonio, Museos y Casco Hist\u00f3rico que vincula las distintas formas de entender las din\u00e1micas art\u00edsticas que atraviesan las colecciones de los Museos de la Ciudad con las nuevas muestras y el p\u00fablico.<\/p>\n<p>En tiempos de Juan Manuel de Rosas (1829-1832 y 1835-1852), el color rojo se extendi\u00f3 con su fuerza simb\u00f3lica por toda la Naci\u00f3n. \u201cLa paleta del Restaurador\u201d muestra, por medio de diferentes objetos que integran la colecci\u00f3n del Museo Hist\u00f3rico de Buenos Aires Cornelio de Saavedra, las formas que adquiri\u00f3 la propaganda pol\u00edtica del rosismo tanto en el espacio privado como en el p\u00fablico.<\/p>\n<p>Actividad incluida en la entrada del Museo: $ 50.<\/p>\n<p>Charlas Especiales<\/p>\n<p>Juan Manuel de Rosas: Dos miradas, un mismo personaje<\/p>\n<p>S\u00e1bado 14 de diciembre a las 17<\/p>\n<p>Desaf\u00edo hist\u00f3rico y literario entre Florencia Canale, autora de Sangre y Deseo. La Pasi\u00f3n de Juan Manuel de Rosas, y la Dra. Leontina Etchelecu, directora del Museo Hist\u00f3rico Saavedra.<\/p>\n<p>En su libro, Canale teje con maestr\u00eda los hilos de una trama de amores, odios, poder y ambici\u00f3n donde la historia revela sus entretelones m\u00e1s secretos. Sangre y deseo es una novela vertiginosa y atrapante, que tiene a la pasi\u00f3n como gran protagonista.<\/p>\n<p>Los asistentes podr\u00e1n adquirir un ejemplar del libro al t\u00e9rmino de la charla.<\/p>\n<p>Actividad gratuita on inscripci\u00f3n previa en el siguiente link:<\/p>\n<p>https:\/\/forms.gle\/mFVvPcevPQwZ2YC66<\/p>\n<p>Visitas Guiadas<\/p>\n<p>Lunes, mi\u00e9rcoles, jueves y viernes, de 9 a 17 (para escuelas)<\/p>\n<p>S\u00e1bados, domingos y feriados, a las 12 y 16.<\/p>\n<p>A cargo de Fernanda Vilar Soldani.<\/p>\n<p>Actividad incluida en la entrada del Museo: $50.<\/p>\n<p>Conciertos<\/p>\n<p>M\u00fasica antigua: Instinto Barroco<\/p>\n<p>Domingo 8 de diciembre a las 18<\/p>\n<p>Sonatas del siglo XVIII y obras del siglo XVII. Grandes compositores como Francesco Barsanti, George Friedrich H\u00e4ndel, Marin Marais y an\u00f3nimo holand\u00e9s.<\/p>\n<p>Tatiana Babut du Mares \/ flauta dulce<\/p>\n<p>Juli\u00e1n Polito \/ viola de gamba<\/p>\n<p>H\u00e9l\u00e8ne Dauphin \/ clavec\u00edn<\/p>\n<p>Bono contribuci\u00f3n $ 50.<\/p>\n<p>Actividad musical infantil con el grupo Los Recicladores<\/p>\n<p>Domingo 15 de diciembre a las 15<\/p>\n<p>Taller de construcci\u00f3n de instrumento musical (sicus) con elementos reutilizables. Incluye materiales. Cada participante tendr\u00e1 la oportunidad de utilizarlo en el concierto y llevarse a casa el instrumento construido. Duraci\u00f3n: 40 minutos. Capacidad limitada.<\/p>\n<p>Actividad gratuita.<\/p>\n<p>Concierto Los Recicladores<\/p>\n<p>Domingo 15 de diciembre a las 16<\/p>\n<p>Grupo de m\u00fasica infantil que habla en sus canciones sobre el cuidado del medio ambiente. Se utilizan instrumentos convencionales y otros fabricados con material reutilizado.<\/p>\n<p>Actividad gratuita.<\/p>\n<p>ARTES AUDIOVISUALES<\/p>\n<p>Jugando con el cine + Taller de juguetes \u00f3pticos<\/p>\n<p>Domingo 8 de diciembre a las 15.30<\/p>\n<p>En el comienzo del encuentro habr\u00e1 una introducci\u00f3n sobre los or\u00edgenes del arte cinematogr\u00e1fico, para descubrir c\u00f3mo se produce \u201cla ilusi\u00f3n del movimiento\u201d. Luego se presentar\u00e1n juguetes \u00f3pticos y se propondr\u00e1 a los chicos y sus acompa\u00f1antes la realizaci\u00f3n de un juguete (Taumatropo). Para terminar se proyectar\u00e1n cortos de animaci\u00f3n y de cine mudo c\u00f3mico (George Melies, Charles Chaplin, BusterKeaton, Laurel y Hardy, entre otros).<\/p>\n<p>Para todo p\u00fablico (ni\u00f1os con el acompa\u00f1amiento de un adulto responsable).<\/p>\n<p>Actividad gratuita coordinada por Alejandra Ruiz (Artes Combinadas).<\/p>\n<p>ACTIVIDADES INFANTILES<\/p>\n<p>Lo que susurra en el mar \u2013T\u00edteres y cuentos<\/p>\n<p>S\u00e1bado 7 de diciembre a las 15.30<\/p>\n<p>Idea, gui\u00f3n e interpretaci\u00f3n de Mar\u00eda Mercedes C\u00f3rdoba.<\/p>\n<p>La sirena cantora, la mariposa ro\u00f1osa y la ranita Flop son algunos de los personajes que invitan al p\u00fablico infantil a disfrutar de los t\u00edteres en un ambiente de juego y alegr\u00eda. Cuentos cortos entrelazados con canciones donde prevalece el afecto y lo po\u00e9tico.<\/p>\n<p>Para ni\u00f1os a partir de 3 a\u00f1os, con acompa\u00f1amiento de un adulto.<\/p>\n<p>Actividad gratuita.<\/p>\n<p>Mi obra favorita<\/p>\n<p>S\u00e1bados, domingos y feriados, a las 17<\/p>\n<p>\u00a1Ven\u00eda a Pintar en familia al Museo! Eleg\u00ed tu pieza favorita de las salas del Museo y cre\u00e1 tu propia obra de arte. Con el apoyo de PIZZINI.<\/p>\n<p>Actividad gratuita.<\/p>\n<p>Tarde de juegos en el jard\u00edn<\/p>\n<p>S\u00e1bado 21 y domingo 22 de diciembre a las 17<\/p>\n<p>\u00a1Despedimos el a\u00f1o a pura diversi\u00f3n! Torneos de Juegos de Mesa. Ven\u00ed a disfrutar de una tarde al aire libre jugando al TEG Junior, al Mil Millas o al Qu\u00e9 Ves con toda la familia.<\/p>\n<p>Para chicos mayores de 8 a\u00f1os.<\/p>\n<p>Actividad gratuita realizada gracias al apoyo de YETEM.<\/p>\n<p>Juego libre en el Museo<\/p>\n<p>S\u00e1bado 21 y domingo 22 de diciembre de 18 a 20<\/p>\n<p>Disfrutaremos de las primeras tardes de verano en el parque con espacios de juego y movimiento libre para los m\u00e1s peque\u00f1os.<\/p>\n<p>Los elementos y plazas del Sol de los Bigotes est\u00e1n pensadas desde una mirada integral de las pedagog\u00edas Waldorf, Pikler y Montessori, que fomentan el movimiento libre y la autonom\u00eda de los ni\u00f1os, desde las teor\u00edas del apego, crianza respetuosa, fundamentos de la psicomotricidad y de los aportes de las neurociencias.<\/p>\n<p>Para beb\u00e9s y ni\u00f1os de 0 a 5 a\u00f1os, con el acompa\u00f1amiento de un adulto.<\/p>\n<p>Actividad gratuita coordinada por el Sol de los Bigotes.<\/p>\n<p>Primavera en los jardines del Museo<\/p>\n<p>S\u00e1bados, domingos y feriados, de 10 a 20<\/p>\n<p>Te invitamos a acercarte a nuestros jardines para hacer un picnic y disfrutar del paseo de las esculturas al aire libre.<\/p>\n<p>Actividad gratuita.<\/p>\n<p>Calesita del Bicentenario<\/p>\n<p>S\u00e1bados, domingos y feriados de 11 a 13 y de 15 a 18<\/p>\n<p>Ven\u00ed a disfrutar en familia de la Calesita Hist\u00f3rica del Parque General Paz completamente renovada.<\/p>\n<p>Actividad gratuita.<\/p>\n<p>Caminata saludable<\/p>\n<p>Jueves 5 de diciembre de 9.30 a 12<\/p>\n<p>Baile, juegos l\u00fadicos, cultura y m\u00e1s. Punto de encuentro en Aizpur\u00faa 3627.<\/p>\n<p>Se recorrer\u00e1n el Parque Gral. Paz, lugares de la Comuna 12 y se realizar\u00e1n visitas guiadas en el Museo Saavedra.<\/p>\n<p>Organizado por Secretar\u00eda de Integraci\u00f3n Social para Personas Mayores del Ministerio de Desarrollo Humano. En caso de lluvia la fecha se pasa al 12 de diciembre en el mismo horario.<\/p>\n<p>Actividad gratuita.<\/p>\n<p>LA ASOCIACI\u00d3N AMIGOS DEL MUSEO SAAVEDRA OFRECE CURSOS Y TALLERES:<\/p>\n<p>Taller T\u00e9cnicas Textiles<\/p>\n<p>Especial Navidad<\/p>\n<p>Jueves 12 y 19 de diciembre de 14 a 17<\/p>\n<p>Objetos navide\u00f1os con tus propias manos. Los invitamos a realizar la deco para sus casas con hilados varios, aguja de crochet y costura. Sencillo y creativo, con puntos muy b\u00e1sicos.<\/p>\n<p>En dos clases tendr\u00e1s corazones, estrellas, Pap\u00e1 Noel, pinos country y mucho m\u00e1s.<\/p>\n<p>\u00a1Para regalar y regalarte! No requiere conocimientos previos.<\/p>\n<p>Docente: Sof\u00eda Sobolewski.<\/p>\n<p>Actividad arancelada.<\/p>\n<p>CONVOCATORIA ABIERTA CURSOS<\/p>\n<p>El Museo abre sus puertas a quienes deseen presentar proyectos de cursos y\/o talleres. \u00a1Env\u00edanos tu propuesta a cursosmuseosaavedra@gmail.com y sumate a nuestra comunidad!<\/p>\n<p>Torre Monumental y Museos de Buenos Aires: Museo de Arte Hispanoamericano Fern\u00e1ndez Blanco, Museo del Cine Pablo Ducr\u00f3s Hicken, Museo de Arte Espa\u00f1ol Enrique Larreta, Museo de Artes Pl\u00e1sticas Eduardo S\u00edvori, Museo de la Ciudad, Museo Casa de Carlos Gardel, Museo de Esculturas Luis Perlotti, Museo de Arte Popular Jos\u00e9 Hern\u00e1ndez, el Museo Hist\u00f3rico de Buenos Aires Cornelio Saavedra y Museo del Humor.<\/p>\n<p>Museo Hist\u00f3rico de Buenos Aires \u00abCornelio de Saavedra\u00bb<\/p>\n<p>Horarios: lunes, mi\u00e9rcoles, jueves y viernes de 9 a 17<\/p>\n<p>S\u00e1bados domingos y feriados de 10 a 20. Martes cerrado.<\/p>\n<p>Informaci\u00f3n General: Cris\u00f3logo Larralde 6309 &#8211; Tel.: 4572-0746 \/ 4574-1328<\/p>\n<p>www.museosaavedra.buenosaires.gob.ar<\/p>\n","protected":false},"excerpt":{"rendered":"<div class=\"mh-excerpt\">El Ministerio de Cultura de la Ciudad de Buenos Aires presenta la programaci\u00f3n cultural del \u00faltimo mes del a\u00f1o en el Museo Hist\u00f3rico Saavedra, ubicado en Cris\u00f3logo Larralde 6309. Exposici\u00f3n <a class=\"mh-excerpt-more\" href=\"https:\/\/www.comuna13online.com.ar\/?p=7805\" title=\"Programa de Diciembre en el Museo Hist\u00f3rico Saavedra\">[&#8230;]<\/a><\/div>\n","protected":false},"author":1,"featured_media":7806,"comment_status":"closed","ping_status":"closed","sticky":false,"template":"","format":"standard","meta":{"_uag_custom_page_level_css":"","_jetpack_memberships_contains_paid_content":false,"footnotes":"","jetpack_publicize_message":"","jetpack_publicize_feature_enabled":true,"jetpack_social_post_already_shared":true,"jetpack_social_options":{"image_generator_settings":{"template":"highway","default_image_id":0,"font":"","enabled":false},"version":2}},"categories":[76],"tags":[60,250,144,127],"class_list":{"0":"post-7805","1":"post","2":"type-post","3":"status-publish","4":"format-standard","5":"has-post-thumbnail","7":"category-museos","8":"tag-cultura","9":"tag-h2","10":"tag-museo-coornelio-saavedra","11":"tag-museos"},"jetpack_publicize_connections":[],"jetpack_featured_media_url":"https:\/\/www.comuna13online.com.ar\/wp-content\/uploads\/2019\/12\/sangreydeseo-e1575663766461.jpg","uagb_featured_image_src":{"full":["https:\/\/www.comuna13online.com.ar\/wp-content\/uploads\/2019\/12\/sangreydeseo-e1575663766461.jpg",684,397,false],"thumbnail":["https:\/\/www.comuna13online.com.ar\/wp-content\/uploads\/2019\/12\/sangreydeseo-e1575663766461-150x150.jpg",96,96,true],"medium":["https:\/\/www.comuna13online.com.ar\/wp-content\/uploads\/2019\/12\/sangreydeseo-e1575663766461-678x394.jpg",678,394,true],"medium_large":["https:\/\/www.comuna13online.com.ar\/wp-content\/uploads\/2019\/12\/sangreydeseo-e1575663766461.jpg",684,397,false],"large":["https:\/\/www.comuna13online.com.ar\/wp-content\/uploads\/2019\/12\/sangreydeseo-285x438.jpg",285,438,true],"1536x1536":["https:\/\/www.comuna13online.com.ar\/wp-content\/uploads\/2019\/12\/sangreydeseo-e1575663766461.jpg",684,397,false],"2048x2048":["https:\/\/www.comuna13online.com.ar\/wp-content\/uploads\/2019\/12\/sangreydeseo-e1575663766461.jpg",684,397,false],"mh-magazine-slider":["https:\/\/www.comuna13online.com.ar\/wp-content\/uploads\/2019\/12\/sangreydeseo-700x438.jpg",700,438,true],"mh-magazine-content":["https:\/\/www.comuna13online.com.ar\/wp-content\/uploads\/2019\/12\/sangreydeseo-e1575663766461-678x381.jpg",678,381,true],"mh-magazine-large":["https:\/\/www.comuna13online.com.ar\/wp-content\/uploads\/2019\/12\/sangreydeseo-e1575663766461-678x397.jpg",678,397,true],"mh-magazine-medium":["https:\/\/www.comuna13online.com.ar\/wp-content\/uploads\/2019\/12\/sangreydeseo-e1575663766461-326x245.jpg",326,245,true],"mh-magazine-small":["https:\/\/www.comuna13online.com.ar\/wp-content\/uploads\/2019\/12\/sangreydeseo-e1575663766461-80x60.jpg",80,60,true],"sow-carousel-default":["https:\/\/www.comuna13online.com.ar\/wp-content\/uploads\/2019\/12\/sangreydeseo-e1575663766461-272x182.jpg",272,182,true]},"uagb_author_info":{"display_name":"Comuna13","author_link":"https:\/\/www.comuna13online.com.ar\/?author=1"},"uagb_comment_info":0,"uagb_excerpt":"El Ministerio de Cultura de la Ciudad de Buenos Aires presenta la programaci\u00f3n cultural del \u00faltimo mes del a\u00f1o en el Museo Hist\u00f3rico Saavedra, ubicado en Cris\u00f3logo Larralde 6309. Exposici\u00f3n [...]","jetpack_sharing_enabled":true,"_links":{"self":[{"href":"https:\/\/www.comuna13online.com.ar\/index.php?rest_route=\/wp\/v2\/posts\/7805","targetHints":{"allow":["GET"]}}],"collection":[{"href":"https:\/\/www.comuna13online.com.ar\/index.php?rest_route=\/wp\/v2\/posts"}],"about":[{"href":"https:\/\/www.comuna13online.com.ar\/index.php?rest_route=\/wp\/v2\/types\/post"}],"author":[{"embeddable":true,"href":"https:\/\/www.comuna13online.com.ar\/index.php?rest_route=\/wp\/v2\/users\/1"}],"replies":[{"embeddable":true,"href":"https:\/\/www.comuna13online.com.ar\/index.php?rest_route=%2Fwp%2Fv2%2Fcomments&post=7805"}],"version-history":[{"count":0,"href":"https:\/\/www.comuna13online.com.ar\/index.php?rest_route=\/wp\/v2\/posts\/7805\/revisions"}],"wp:featuredmedia":[{"embeddable":true,"href":"https:\/\/www.comuna13online.com.ar\/index.php?rest_route=\/wp\/v2\/media\/7806"}],"wp:attachment":[{"href":"https:\/\/www.comuna13online.com.ar\/index.php?rest_route=%2Fwp%2Fv2%2Fmedia&parent=7805"}],"wp:term":[{"taxonomy":"category","embeddable":true,"href":"https:\/\/www.comuna13online.com.ar\/index.php?rest_route=%2Fwp%2Fv2%2Fcategories&post=7805"},{"taxonomy":"post_tag","embeddable":true,"href":"https:\/\/www.comuna13online.com.ar\/index.php?rest_route=%2Fwp%2Fv2%2Ftags&post=7805"}],"curies":[{"name":"wp","href":"https:\/\/api.w.org\/{rel}","templated":true}]}}