{"id":7793,"date":"2019-12-05T18:23:33","date_gmt":"2019-12-05T21:23:33","guid":{"rendered":"http:\/\/www.comuna13online.com.ar\/?p=7793"},"modified":"2019-12-05T18:23:33","modified_gmt":"2019-12-05T21:23:33","slug":"la-legislatura-derogo-la-ley-de-residentes","status":"publish","type":"post","link":"https:\/\/www.comuna13online.com.ar\/?p=7793","title":{"rendered":"La Legislatura derog\u00f3 la ley de residentes"},"content":{"rendered":"<p><strong>Por unanimidad, el cuerpo legislativo de la ciudad derog\u00f3 la Ley de residentes y concurrentes sancionada en una jornada penosa y revocada siete d\u00edas m\u00e1s tarde por el mismo Larreta.<\/strong><\/p>\n<p><img loading=\"lazy\" decoding=\"async\" data-attachment-id=\"7795\" data-permalink=\"https:\/\/www.comuna13online.com.ar\/?attachment_id=7795\" data-orig-file=\"https:\/\/www.comuna13online.com.ar\/wp-content\/uploads\/2019\/12\/20191204e1.jpg\" data-orig-size=\"678,392\" data-comments-opened=\"0\" data-image-meta=\"{&quot;aperture&quot;:&quot;0&quot;,&quot;credit&quot;:&quot;&quot;,&quot;camera&quot;:&quot;&quot;,&quot;caption&quot;:&quot;&quot;,&quot;created_timestamp&quot;:&quot;0&quot;,&quot;copyright&quot;:&quot;&quot;,&quot;focal_length&quot;:&quot;0&quot;,&quot;iso&quot;:&quot;0&quot;,&quot;shutter_speed&quot;:&quot;0&quot;,&quot;title&quot;:&quot;&quot;,&quot;orientation&quot;:&quot;0&quot;}\" data-image-title=\"20191204e1\" data-image-description=\"\" data-image-caption=\"\" data-large-file=\"https:\/\/www.comuna13online.com.ar\/wp-content\/uploads\/2019\/12\/20191204e1.jpg\" class=\"alignnone size-full wp-image-7795\" src=\"http:\/\/www.comuna13online.com.ar\/wp-content\/uploads\/2019\/12\/20191204e1.jpg\" alt=\"\" width=\"678\" height=\"392\" \/><\/p>\n<p>La ley fue sancionada el pasado 28 de noviembre en medio de represi\u00f3n en la puerta de la Legislatura y sin los diputados opositores impedidos de ingresar al recinto. Al oficialismo le alcanzaron sus bancas propias para aprobar la Ley ley que precariza el trabajo de los residentes y concurrentes en los hospitales de la Cuidad.<\/p>\n<p>Afuera, Miles de residentes y concurrentes de todos los hospitales porte\u00f1os que defend\u00edan sus derechos laborales marcharon desde temprano al Palacio Legislativo porte\u00f1o y y se reclamaron el veto de la pol\u00e9mica Ley. Una norma que hab\u00eda generado adem\u00e1s un amplio rechazo de distintos sectores de la Salud, por considerar que se ve\u00edan afectados los derechos laborales de los residentes y concurrentes de los hospitales porte\u00f1os y profundizaba la precarizaci\u00f3n.<\/p>\n<div align=\"center\">\n<blockquote class=\"twitter-tweet\">\n<p dir=\"ltr\" lang=\"es\">[ATENCI\u00d3N] ? Queda aprobada la resoluci\u00f3n para dejar sin efecto la Ley de <a href=\"https:\/\/twitter.com\/hashtag\/ResidentesYConcurrentesCABA?src=hash&amp;ref_src=twsrc%5Etfw\">#ResidentesYConcurrentesCABA<\/a> <a href=\"https:\/\/twitter.com\/hashtag\/LucharSirve?src=hash&amp;ref_src=twsrc%5Etfw\">#LucharSirve<\/a> ?? <a href=\"https:\/\/t.co\/Ln7dkIs4mP\">pic.twitter.com\/Ln7dkIs4mP<\/a><\/p>\n<p>\u2014 Yo soy Residente (@YoSoyResidente) <a href=\"https:\/\/twitter.com\/YoSoyResidente\/status\/1202624117050134535?ref_src=twsrc%5Etfw\">December 5, 2019<\/a><\/p><\/blockquote>\n<p><script async src=\"https:\/\/platform.twitter.com\/widgets.js\" charset=\"utf-8\"><\/script><\/p>\n<\/div>\n<p>Hoy, nuevamente con miles de trabajadores en la calle, desde dentro del Palcio Legislativo llegaban buenas noticias, por unanimidad, los 58 Legisladores presentes revocaron la Ley y el proyecto\u00a0 deber\u00e1 volver a la la Comisi\u00f3n de Salud. Por ello se elimin\u00f3 la derogaci\u00f3n de las Ordenanzas n\u00famero 40.997\/85, 41.793\/87, 45.146\/91 y sus sucesivas y posteriores modificatorias a las cuales consideraba \u00abdesactualizadas y poco integradas con la din\u00e1mica actual de la formaci\u00f3n profesional de posgrado en el sistema p\u00fablico estatal de la Ciudad\u201d.<\/p>\n<p>El Legislador por el ofiicialismo Daniel Presto sostuvo <em>\u201cHemos escuchado y entendido las preocupaciones de los profesionales de la salud. Hemos trabajando en esta casa buscando los consensos y pensando que los hab\u00edamos obtenido. Pero creemos que es prudente presentar este proyecto de resoluci\u00f3n aclarando antes que vamos a trabajar para llegar a los consensos necesarios\u201d<\/em>.<\/p>\n<div align=\"center\">\n<blockquote class=\"twitter-tweet\">\n<p dir=\"ltr\" lang=\"es\">Gano la lucha, ganaron los residentes y concurrentes, gano la salud p\u00fablica. <a href=\"https:\/\/t.co\/ME3lEmoWYp\">pic.twitter.com\/ME3lEmoWYp<\/a><\/p>\n<p>\u2014 Victoria Montenegro (@MontenegroViki) <a href=\"https:\/\/twitter.com\/MontenegroViki\/status\/1202624098632896512?ref_src=twsrc%5Etfw\">December 5, 2019<\/a><\/p><\/blockquote>\n<p><script async src=\"https:\/\/platform.twitter.com\/widgets.js\" charset=\"utf-8\"><\/script><\/p>\n<\/div>\n<p>desde la oposici\u00f3n denunciaron <em>\u201cNo hubo di\u00e1logo, no hubo conceso.\u00a0En menos de 48 hs se intent\u00f3 sancionar una ley que no hab\u00eda sido consensuada con los protagonistas. Estamos votando una semana despu\u00e9s la derogaci\u00f3n. Esperamos que el Ejecutivo escuche y no trate de imponer a la fuerza estos proyectos\u201d<\/em>, expres\u00f3 la legisladora de Unidad Ciudadana Victoria Montenegro en relaci\u00f3n a la forma que fue sancionada la ley d\u00edas semanas atr\u00e1s.<\/p>\n<p>En tanto que la Diputada Myriam Bregman expres\u00f3 \u201cCon un minuto me alcanza y me sobra para agradecer a residentes y concurrentes el gran ejemplo que dieron en esta ciudad donde parece que el oficialismo avanza y solo queda agachar la cabeza\u201d, plante\u00f3 . Y agreg\u00f3: \u201cNo queremos m\u00e1s Legislatura vallada, palos en la puerta ni que nos dejen afuera cuando queremos venir a expresarnos ac\u00e1 adentro\u201d.<\/p>\n<div style=\"width: 1280px;\" class=\"wp-video\"><video class=\"wp-video-shortcode\" id=\"video-7793-1\" width=\"1280\" height=\"720\" preload=\"metadata\" controls=\"controls\"><source type=\"video\/mp4\" src=\"http:\/\/www.comuna13online.com.ar\/wp-content\/uploads\/2019\/12\/residentes.de-hospitales.festejando.mp4?_=1\" \/><a href=\"http:\/\/www.comuna13online.com.ar\/wp-content\/uploads\/2019\/12\/residentes.de-hospitales.festejando.mp4\">http:\/\/www.comuna13online.com.ar\/wp-content\/uploads\/2019\/12\/residentes.de-hospitales.festejando.mp4<\/a><\/video><\/div>\n<p>Tras la votaci\u00f3n, los m\u00e9dicos residentes y concurrentes festejaron el logro fruto de una larga lucha darle de dar el brazo a torcer a Jefe de Gobierno Rodr\u00edguez Larreta y anular la Ley.<\/p>\n<p>&nbsp;<\/p>\n<p>&nbsp;<\/p>\n","protected":false},"excerpt":{"rendered":"<div class=\"mh-excerpt\">Por unanimidad, el cuerpo legislativo de la ciudad derog\u00f3 la Ley de residentes y concurrentes sancionada en una jornada penosa y revocada siete d\u00edas m\u00e1s tarde por el mismo Larreta. <a class=\"mh-excerpt-more\" href=\"https:\/\/www.comuna13online.com.ar\/?p=7793\" title=\"La Legislatura derog\u00f3 la ley de residentes\">[&#8230;]<\/a><\/div>\n","protected":false},"author":1,"featured_media":7795,"comment_status":"closed","ping_status":"closed","sticky":false,"template":"","format":"standard","meta":{"_uag_custom_page_level_css":"","_jetpack_memberships_contains_paid_content":false,"footnotes":"","jetpack_publicize_message":"La Legislatura derog\u00f3 la ley de residentes #ResidentesYConcurrentesCABA","jetpack_publicize_feature_enabled":true,"jetpack_social_post_already_shared":true,"jetpack_social_options":{"image_generator_settings":{"template":"highway","default_image_id":0,"font":"","enabled":false},"version":2}},"categories":[44],"tags":[250,7,45],"class_list":{"0":"post-7793","1":"post","2":"type-post","3":"status-publish","4":"format-standard","5":"has-post-thumbnail","7":"category-salud","8":"tag-h2","9":"tag-legislatura","10":"tag-salud"},"jetpack_publicize_connections":[],"jetpack_featured_media_url":"https:\/\/www.comuna13online.com.ar\/wp-content\/uploads\/2019\/12\/20191204e1.jpg","uagb_featured_image_src":{"full":["https:\/\/www.comuna13online.com.ar\/wp-content\/uploads\/2019\/12\/20191204e1.jpg",678,392,false],"thumbnail":["https:\/\/www.comuna13online.com.ar\/wp-content\/uploads\/2019\/12\/20191204e1-150x150.jpg",96,96,true],"medium":["https:\/\/www.comuna13online.com.ar\/wp-content\/uploads\/2019\/12\/20191204e1.jpg",678,392,false],"medium_large":["https:\/\/www.comuna13online.com.ar\/wp-content\/uploads\/2019\/12\/20191204e1.jpg",678,392,false],"large":["https:\/\/www.comuna13online.com.ar\/wp-content\/uploads\/2019\/12\/20191204e1.jpg",678,392,false],"1536x1536":["https:\/\/www.comuna13online.com.ar\/wp-content\/uploads\/2019\/12\/20191204e1.jpg",678,392,false],"2048x2048":["https:\/\/www.comuna13online.com.ar\/wp-content\/uploads\/2019\/12\/20191204e1.jpg",678,392,false],"mh-magazine-slider":["https:\/\/www.comuna13online.com.ar\/wp-content\/uploads\/2019\/12\/20191204e1.jpg",678,392,false],"mh-magazine-content":["https:\/\/www.comuna13online.com.ar\/wp-content\/uploads\/2019\/12\/20191204e1-678x381.jpg",678,381,true],"mh-magazine-large":["https:\/\/www.comuna13online.com.ar\/wp-content\/uploads\/2019\/12\/20191204e1.jpg",678,392,false],"mh-magazine-medium":["https:\/\/www.comuna13online.com.ar\/wp-content\/uploads\/2019\/12\/20191204e1-326x245.jpg",326,245,true],"mh-magazine-small":["https:\/\/www.comuna13online.com.ar\/wp-content\/uploads\/2019\/12\/20191204e1-80x60.jpg",80,60,true],"sow-carousel-default":["https:\/\/www.comuna13online.com.ar\/wp-content\/uploads\/2019\/12\/20191204e1-272x182.jpg",272,182,true]},"uagb_author_info":{"display_name":"Comuna13","author_link":"https:\/\/www.comuna13online.com.ar\/?author=1"},"uagb_comment_info":0,"uagb_excerpt":"Por unanimidad, el cuerpo legislativo de la ciudad derog\u00f3 la Ley de residentes y concurrentes sancionada en una jornada penosa y revocada siete d\u00edas m\u00e1s tarde por el mismo Larreta. [...]","jetpack_sharing_enabled":true,"_links":{"self":[{"href":"https:\/\/www.comuna13online.com.ar\/index.php?rest_route=\/wp\/v2\/posts\/7793","targetHints":{"allow":["GET"]}}],"collection":[{"href":"https:\/\/www.comuna13online.com.ar\/index.php?rest_route=\/wp\/v2\/posts"}],"about":[{"href":"https:\/\/www.comuna13online.com.ar\/index.php?rest_route=\/wp\/v2\/types\/post"}],"author":[{"embeddable":true,"href":"https:\/\/www.comuna13online.com.ar\/index.php?rest_route=\/wp\/v2\/users\/1"}],"replies":[{"embeddable":true,"href":"https:\/\/www.comuna13online.com.ar\/index.php?rest_route=%2Fwp%2Fv2%2Fcomments&post=7793"}],"version-history":[{"count":0,"href":"https:\/\/www.comuna13online.com.ar\/index.php?rest_route=\/wp\/v2\/posts\/7793\/revisions"}],"wp:featuredmedia":[{"embeddable":true,"href":"https:\/\/www.comuna13online.com.ar\/index.php?rest_route=\/wp\/v2\/media\/7795"}],"wp:attachment":[{"href":"https:\/\/www.comuna13online.com.ar\/index.php?rest_route=%2Fwp%2Fv2%2Fmedia&parent=7793"}],"wp:term":[{"taxonomy":"category","embeddable":true,"href":"https:\/\/www.comuna13online.com.ar\/index.php?rest_route=%2Fwp%2Fv2%2Fcategories&post=7793"},{"taxonomy":"post_tag","embeddable":true,"href":"https:\/\/www.comuna13online.com.ar\/index.php?rest_route=%2Fwp%2Fv2%2Ftags&post=7793"}],"curies":[{"name":"wp","href":"https:\/\/api.w.org\/{rel}","templated":true}]}}