{"id":7766,"date":"2019-12-04T17:54:22","date_gmt":"2019-12-04T20:54:22","guid":{"rendered":"http:\/\/www.comuna13online.com.ar\/?p=7766"},"modified":"2019-12-05T16:35:42","modified_gmt":"2019-12-05T19:35:42","slug":"revocan-la-ley-de-residencias-de-hospitales","status":"publish","type":"post","link":"https:\/\/www.comuna13online.com.ar\/?p=7766","title":{"rendered":"Revocan la Ley de residencias de hospitales"},"content":{"rendered":"<p><strong>En medio de un paro que de los trabajadores que lleva varios, el gobierno porte\u00f1o dio marcha atr\u00e1s y dejo sin efecto la Ley de Residentes en Hospitales de la Ciudad.<\/strong><\/p>\n<p><img loading=\"lazy\" decoding=\"async\" data-attachment-id=\"7768\" data-permalink=\"https:\/\/www.comuna13online.com.ar\/?attachment_id=7768\" data-orig-file=\"https:\/\/www.comuna13online.com.ar\/wp-content\/uploads\/2019\/12\/20191204c1.jpg\" data-orig-size=\"678,485\" data-comments-opened=\"0\" data-image-meta=\"{&quot;aperture&quot;:&quot;0&quot;,&quot;credit&quot;:&quot;&quot;,&quot;camera&quot;:&quot;&quot;,&quot;caption&quot;:&quot;&quot;,&quot;created_timestamp&quot;:&quot;0&quot;,&quot;copyright&quot;:&quot;&quot;,&quot;focal_length&quot;:&quot;0&quot;,&quot;iso&quot;:&quot;0&quot;,&quot;shutter_speed&quot;:&quot;0&quot;,&quot;title&quot;:&quot;&quot;,&quot;orientation&quot;:&quot;0&quot;}\" data-image-title=\"20191204c1\" data-image-description=\"\" data-image-caption=\"\" data-large-file=\"https:\/\/www.comuna13online.com.ar\/wp-content\/uploads\/2019\/12\/20191204c1-612x438.jpg\" class=\"alignnone size-full wp-image-7768\" src=\"http:\/\/www.comuna13online.com.ar\/wp-content\/uploads\/2019\/12\/20191204c1.jpg\" alt=\"\" width=\"678\" height=\"485\" srcset=\"https:\/\/www.comuna13online.com.ar\/wp-content\/uploads\/2019\/12\/20191204c1.jpg 678w, https:\/\/www.comuna13online.com.ar\/wp-content\/uploads\/2019\/12\/20191204c1-632x452.jpg 632w, https:\/\/www.comuna13online.com.ar\/wp-content\/uploads\/2019\/12\/20191204c1-612x438.jpg 612w\" sizes=\"auto, (max-width: 678px) 100vw, 678px\" \/><\/p>\n<p>La ley fue sancionada d\u00edas atr\u00e1s en medio de represi\u00f3n en la puerta de la Legislatura y sin los diputados opositores impedidos de ingresar al recinto. Al oficialismo le alcanzaron sus bancas propias para aprobar la Ley <span class=\"css-901oao css-16my406 r-1qd0xha r-vw2c0b r-ad9z0x r-bcqeeo r-qvutc0\">ley<\/span> que precariza<span class=\"css-901oao css-16my406 r-1qd0xha r-ad9z0x r-bcqeeo r-qvutc0\"> el trabajo de los <\/span><span class=\"css-901oao css-16my406 r-1qd0xha r-vw2c0b r-ad9z0x r-bcqeeo r-qvutc0\">residentes<\/span><span class=\"css-901oao css-16my406 r-1qd0xha r-ad9z0x r-bcqeeo r-qvutc0\"> y concurrentes<\/span> en los hospitales de la Cuidad.<\/p>\n<p>Miles de residentes y concurrentes de todos los hospitales porte\u00f1os que defend\u00edan sus derechos laborales marcharon desde temprano al Palacio Legislativo porte\u00f1o y y se reclamaron el veto de la pol\u00e9mica Ley.<\/p>\n<p>Finalmente, con un\u00a0 proyecto que lleva la firma del jefe de bloque oficialista Daniel Presti y qui\u00e9n lo reemplazara el 10 de diciembre pr\u00f3ximo, Diego Garc\u00eda de Garc\u00eda Vilas, el gobierno porte\u00f1o recula y dispuso: <strong>\u00abD\u00e9jese sin efecto la sanci\u00f3n del proyecto de Ley Nro 2828-D-2019 y su agregado Nro 2862-D-2019 del d\u00eda 28 de noviembre\u00bb<\/strong>, dice el \u00fanico art\u00edculo.<\/p>\n<p>Desde el ejecutivo porte\u00f1o se comprometieron a desarrollar un\u00a0 nueva norma con la participaci\u00f3n de los residentes y concurrentes de los distintos centros de salud de la Ciudad.<\/p>\n<p>Se trata de un gran paso adelante de los residentes y concurrentes al gobierno de Larreta, qui\u00e9n se desentendi\u00f3 de los reclamos en un conflicto que lleva meses y que se encrudeci\u00f3 el pasado jueves con la sanci\u00f3n de la Ley.<\/p>\n<p>Los m\u00e9dicos afectados\u00a0piden ser reconocidos trabajadores de la salud y que los concurrentes puedan percibir un sueldo, obra social y ART. Adem\u00e1s rechazaron la ley porque no aclara c\u00f3mo se les aumenta el sueldo y estima una carga horaria de 64 horas semanales a $90 y $100 la hora.<\/p>\n<div align=\"center\">\n<blockquote class=\"twitter-tweet\">\n<p dir=\"ltr\" lang=\"es\">Luchar vale la pena. Los m\u00e9dicos y m\u00e9dicas residentes y concurrentes lograron que se deje sin efecto la escandalosa ley que aprob\u00f3 en soledad cambiemos el jueves pasado. <a href=\"https:\/\/t.co\/EXRiqJRLAJ\">pic.twitter.com\/EXRiqJRLAJ<\/a><\/p>\n<p>\u2014 Victoria Montenegro (@MontenegroViki) <a href=\"https:\/\/twitter.com\/MontenegroViki\/status\/1202319519412301824?ref_src=twsrc%5Etfw\">December 4, 2019<\/a><\/p><\/blockquote>\n<p><script async src=\"https:\/\/platform.twitter.com\/widgets.js\" charset=\"utf-8\"><\/script><\/p>\n<\/div>\n","protected":false},"excerpt":{"rendered":"<div class=\"mh-excerpt\">En medio de un paro que de los trabajadores que lleva varios, el gobierno porte\u00f1o dio marcha atr\u00e1s y dejo sin efecto la Ley de Residentes en Hospitales de la <a class=\"mh-excerpt-more\" href=\"https:\/\/www.comuna13online.com.ar\/?p=7766\" title=\"Revocan la Ley de residencias de hospitales\">[&#8230;]<\/a><\/div>\n","protected":false},"author":1,"featured_media":7767,"comment_status":"closed","ping_status":"closed","sticky":false,"template":"","format":"standard","meta":{"_uag_custom_page_level_css":"","_jetpack_memberships_contains_paid_content":false,"footnotes":"","jetpack_publicize_message":"Revocan la Ley de residencias de hospitales","jetpack_publicize_feature_enabled":true,"jetpack_social_post_already_shared":true,"jetpack_social_options":{"image_generator_settings":{"template":"highway","default_image_id":0,"font":"","enabled":false},"version":2}},"categories":[44],"tags":[246,250,7,45],"class_list":{"0":"post-7766","1":"post","2":"type-post","3":"status-publish","4":"format-standard","5":"has-post-thumbnail","7":"category-salud","8":"tag-h1","9":"tag-h2","10":"tag-legislatura","11":"tag-salud"},"jetpack_publicize_connections":[],"jetpack_featured_media_url":"https:\/\/www.comuna13online.com.ar\/wp-content\/uploads\/2019\/12\/20191204c.jpg","uagb_featured_image_src":{"full":["https:\/\/www.comuna13online.com.ar\/wp-content\/uploads\/2019\/12\/20191204c.jpg",1030,438,false],"thumbnail":["https:\/\/www.comuna13online.com.ar\/wp-content\/uploads\/2019\/12\/20191204c-150x150.jpg",96,96,true],"medium":["https:\/\/www.comuna13online.com.ar\/wp-content\/uploads\/2019\/12\/20191204c-678x288.jpg",678,288,true],"medium_large":["https:\/\/www.comuna13online.com.ar\/wp-content\/uploads\/2019\/12\/20191204c-768x327.jpg",768,327,true],"large":["https:\/\/www.comuna13online.com.ar\/wp-content\/uploads\/2019\/12\/20191204c.jpg",1030,438,false],"1536x1536":["https:\/\/www.comuna13online.com.ar\/wp-content\/uploads\/2019\/12\/20191204c.jpg",1030,438,false],"2048x2048":["https:\/\/www.comuna13online.com.ar\/wp-content\/uploads\/2019\/12\/20191204c.jpg",1030,438,false],"mh-magazine-slider":["https:\/\/www.comuna13online.com.ar\/wp-content\/uploads\/2019\/12\/20191204c.jpg",1030,438,false],"mh-magazine-content":["https:\/\/www.comuna13online.com.ar\/wp-content\/uploads\/2019\/12\/20191204c-678x381.jpg",678,381,true],"mh-magazine-large":["https:\/\/www.comuna13online.com.ar\/wp-content\/uploads\/2019\/12\/20191204c-678x438.jpg",678,438,true],"mh-magazine-medium":["https:\/\/www.comuna13online.com.ar\/wp-content\/uploads\/2019\/12\/20191204c-326x245.jpg",326,245,true],"mh-magazine-small":["https:\/\/www.comuna13online.com.ar\/wp-content\/uploads\/2019\/12\/20191204c-80x60.jpg",80,60,true],"sow-carousel-default":["https:\/\/www.comuna13online.com.ar\/wp-content\/uploads\/2019\/12\/20191204c-272x182.jpg",272,182,true]},"uagb_author_info":{"display_name":"Comuna13","author_link":"https:\/\/www.comuna13online.com.ar\/?author=1"},"uagb_comment_info":0,"uagb_excerpt":"En medio de un paro que de los trabajadores que lleva varios, el gobierno porte\u00f1o dio marcha atr\u00e1s y dejo sin efecto la Ley de Residentes en Hospitales de la [...]","jetpack_sharing_enabled":true,"_links":{"self":[{"href":"https:\/\/www.comuna13online.com.ar\/index.php?rest_route=\/wp\/v2\/posts\/7766","targetHints":{"allow":["GET"]}}],"collection":[{"href":"https:\/\/www.comuna13online.com.ar\/index.php?rest_route=\/wp\/v2\/posts"}],"about":[{"href":"https:\/\/www.comuna13online.com.ar\/index.php?rest_route=\/wp\/v2\/types\/post"}],"author":[{"embeddable":true,"href":"https:\/\/www.comuna13online.com.ar\/index.php?rest_route=\/wp\/v2\/users\/1"}],"replies":[{"embeddable":true,"href":"https:\/\/www.comuna13online.com.ar\/index.php?rest_route=%2Fwp%2Fv2%2Fcomments&post=7766"}],"version-history":[{"count":0,"href":"https:\/\/www.comuna13online.com.ar\/index.php?rest_route=\/wp\/v2\/posts\/7766\/revisions"}],"wp:featuredmedia":[{"embeddable":true,"href":"https:\/\/www.comuna13online.com.ar\/index.php?rest_route=\/wp\/v2\/media\/7767"}],"wp:attachment":[{"href":"https:\/\/www.comuna13online.com.ar\/index.php?rest_route=%2Fwp%2Fv2%2Fmedia&parent=7766"}],"wp:term":[{"taxonomy":"category","embeddable":true,"href":"https:\/\/www.comuna13online.com.ar\/index.php?rest_route=%2Fwp%2Fv2%2Fcategories&post=7766"},{"taxonomy":"post_tag","embeddable":true,"href":"https:\/\/www.comuna13online.com.ar\/index.php?rest_route=%2Fwp%2Fv2%2Ftags&post=7766"}],"curies":[{"name":"wp","href":"https:\/\/api.w.org\/{rel}","templated":true}]}}