{"id":772,"date":"2018-03-05T07:00:12","date_gmt":"2018-03-05T10:00:12","guid":{"rendered":"http:\/\/www.comuna13online.com.ar\/?p=772"},"modified":"2018-03-06T08:27:27","modified_gmt":"2018-03-06T11:27:27","slug":"santilli-mantuvo-un-encuentro-con-vecinos-de-colegiales-por-plaza-clemente","status":"publish","type":"post","link":"https:\/\/www.comuna13online.com.ar\/?p=772","title":{"rendered":"Santilli mantuvo un encuentro con vecinos de Colegiales por la Plaza Clemente"},"content":{"rendered":"<p><strong>Tras dar marcha atr\u00e1s con la construcci\u00f3n de un shopping en la Plaza Clemente, El Vicejefe de Gobierno porte\u00f1o mantuvo una reuni\u00f3n con los vecinos de Colegiales para debatir ideas.<\/strong><\/p>\n<p><img loading=\"lazy\" decoding=\"async\" data-attachment-id=\"774\" data-permalink=\"https:\/\/www.comuna13online.com.ar\/?attachment_id=774\" data-orig-file=\"https:\/\/www.comuna13online.com.ar\/wp-content\/uploads\/2018\/03\/20180305c1.jpg\" data-orig-size=\"677,408\" data-comments-opened=\"0\" data-image-meta=\"{&quot;aperture&quot;:&quot;0&quot;,&quot;credit&quot;:&quot;&quot;,&quot;camera&quot;:&quot;&quot;,&quot;caption&quot;:&quot;&quot;,&quot;created_timestamp&quot;:&quot;0&quot;,&quot;copyright&quot;:&quot;&quot;,&quot;focal_length&quot;:&quot;0&quot;,&quot;iso&quot;:&quot;0&quot;,&quot;shutter_speed&quot;:&quot;0&quot;,&quot;title&quot;:&quot;&quot;,&quot;orientation&quot;:&quot;0&quot;}\" data-image-title=\"20180305c1\" data-image-description=\"\" data-image-caption=\"\" data-large-file=\"https:\/\/www.comuna13online.com.ar\/wp-content\/uploads\/2018\/03\/20180305c1.jpg\" class=\"size-full wp-image-774 alignnone\" src=\"http:\/\/www.comuna13online.com.ar\/wp-content\/uploads\/2018\/03\/20180305c1.jpg\" alt=\"\" width=\"677\" height=\"408\" \/><\/p>\n<p><em>\u201cNo va a haber shopping. Estoy convencido de que no tiene que haber un shopping ah\u00ed\u201d<\/em>, afirm\u00f3 el El Vicejefe de Gobierno de la Ciudad, Diego Santilli, en una entrevista concedida a la radio FM Blue hace unos d\u00edas atr\u00e1s. De esta manera parece haber puesto fin al conflicto que manten\u00edan el Gobierno porte\u00f1o con los vecinos de Colegiales que se opon\u00edan a la construcci\u00f3n de un shopping en el predio destinado a la Plaza Clemente.<\/p>\n<p>Tras desistir del proyecto del centro comercial, la propuesta del Gobierno es destinar el lugar a un espacio verde y construir un estacionamiento subterr\u00e1neo debajo del predio, para ello, el gobierno porte\u00f1o representado por su Vicejefe de Gobierno Diego Santilli mantuvo un encuentro con los vecinos para ir delineando el proyecto.<\/p>\n<div align=\"center\">\n<blockquote class=\"twitter-tweet\" data-lang=\"es\">\n<p dir=\"ltr\" lang=\"es\">Me reun\u00ed con un grupo de vecinos que representan al barrio de Colegiales para comenzar a darle forma al proyecto de Plaza Clemente. Estamos trabajando para llevar m\u00e1s espacios verdes a todas las comunas de la Ciudad. <a href=\"https:\/\/t.co\/r6QyvRD6Yt\">pic.twitter.com\/r6QyvRD6Yt<\/a><\/p>\n<p>\u2014 Diego Santilli (@diegosantilli) <a href=\"https:\/\/twitter.com\/diegosantilli\/status\/970798108966899714?ref_src=twsrc%5Etfw\">5 de marzo de 2018<\/a><\/p><\/blockquote>\n<p><script async src=\"https:\/\/platform.twitter.com\/widgets.js\" charset=\"utf-8\"><\/script><\/p>\n<\/div>\n<p>\u00abHoy tuvimos una primera reuni\u00f3n con los vecinos de Colegiales y empezamos a conversar para darle forma al proyecto de la Plaza Clemente\u00bb expres\u00f3 Santilli<\/p>\n<p>\u00abPlaza Clemente va a ser un espacio verde, en uno de los barrios que m\u00e1s lo necesitan. La participaci\u00f3n ciudadana es vital para hacerlo de manera que pueda ser mejor aprovechado y disfrutado por todos. Estamos desarrollando una Ciudad sustentable y equilibrada. Esto ser\u00eda imposible si no trabajamos en equipo con los vecinos\u00bb, afirm\u00f3.<\/p>\n<p>El predio en cuesti\u00f3n est\u00e1 ubicado entre las calles Concepci\u00f3n Arenal, Dorrego, Conde y Enrique Mart\u00ednez. Est\u00e1 frente al\u00a0Mercado de Pulgas, pegado a la plaza\u00a0Mafalday a la escuela primaria p\u00fablica N\u00b0 13,\u00a0Scalabrini Ortiz.<\/p>\n<p><img loading=\"lazy\" decoding=\"async\" data-attachment-id=\"775\" data-permalink=\"https:\/\/www.comuna13online.com.ar\/?attachment_id=775\" data-orig-file=\"https:\/\/www.comuna13online.com.ar\/wp-content\/uploads\/2018\/03\/20180305c2.jpg\" data-orig-size=\"678,509\" data-comments-opened=\"0\" data-image-meta=\"{&quot;aperture&quot;:&quot;0&quot;,&quot;credit&quot;:&quot;&quot;,&quot;camera&quot;:&quot;&quot;,&quot;caption&quot;:&quot;&quot;,&quot;created_timestamp&quot;:&quot;0&quot;,&quot;copyright&quot;:&quot;&quot;,&quot;focal_length&quot;:&quot;0&quot;,&quot;iso&quot;:&quot;0&quot;,&quot;shutter_speed&quot;:&quot;0&quot;,&quot;title&quot;:&quot;&quot;,&quot;orientation&quot;:&quot;0&quot;}\" data-image-title=\"20180305c2\" data-image-description=\"\" data-image-caption=\"\" data-large-file=\"https:\/\/www.comuna13online.com.ar\/wp-content\/uploads\/2018\/03\/20180305c2-583x438.jpg\" class=\"size-full wp-image-775 alignnone\" src=\"http:\/\/www.comuna13online.com.ar\/wp-content\/uploads\/2018\/03\/20180305c2.jpg\" alt=\"\" width=\"678\" height=\"509\" srcset=\"https:\/\/www.comuna13online.com.ar\/wp-content\/uploads\/2018\/03\/20180305c2.jpg 678w, https:\/\/www.comuna13online.com.ar\/wp-content\/uploads\/2018\/03\/20180305c2-602x452.jpg 602w, https:\/\/www.comuna13online.com.ar\/wp-content\/uploads\/2018\/03\/20180305c2-583x438.jpg 583w, https:\/\/www.comuna13online.com.ar\/wp-content\/uploads\/2018\/03\/20180305c2-326x245.jpg 326w, https:\/\/www.comuna13online.com.ar\/wp-content\/uploads\/2018\/03\/20180305c2-80x60.jpg 80w\" sizes=\"auto, (max-width: 678px) 100vw, 678px\" \/><\/p>\n","protected":false},"excerpt":{"rendered":"<div class=\"mh-excerpt\">Tras dar marcha atr\u00e1s con la construcci\u00f3n de un shopping en la Plaza Clemente, El Vicejefe de Gobierno porte\u00f1o mantuvo una reuni\u00f3n con los vecinos de Colegiales para debatir ideas. <a class=\"mh-excerpt-more\" href=\"https:\/\/www.comuna13online.com.ar\/?p=772\" title=\"Santilli mantuvo un encuentro con vecinos de Colegiales por la Plaza Clemente\">[&#8230;]<\/a><\/div>\n","protected":false},"author":1,"featured_media":773,"comment_status":"closed","ping_status":"closed","sticky":false,"template":"","format":"standard","meta":{"_uag_custom_page_level_css":"","_jetpack_memberships_contains_paid_content":false,"footnotes":"","jetpack_publicize_message":"","jetpack_publicize_feature_enabled":true,"jetpack_social_post_already_shared":true,"jetpack_social_options":{"image_generator_settings":{"template":"highway","default_image_id":0,"font":"","enabled":false},"version":2}},"categories":[67],"tags":[19,92],"class_list":{"0":"post-772","1":"post","2":"type-post","3":"status-publish","4":"format-standard","5":"has-post-thumbnail","7":"category-espacio-verde","8":"tag-comuna-13","9":"tag-plaza-clemente"},"jetpack_publicize_connections":[],"jetpack_featured_media_url":"https:\/\/www.comuna13online.com.ar\/wp-content\/uploads\/2018\/03\/20180305c.jpg","uagb_featured_image_src":{"full":["https:\/\/www.comuna13online.com.ar\/wp-content\/uploads\/2018\/03\/20180305c.jpg",1030,438,false],"thumbnail":["https:\/\/www.comuna13online.com.ar\/wp-content\/uploads\/2018\/03\/20180305c-150x150.jpg",96,96,true],"medium":["https:\/\/www.comuna13online.com.ar\/wp-content\/uploads\/2018\/03\/20180305c-678x288.jpg",678,288,true],"medium_large":["https:\/\/www.comuna13online.com.ar\/wp-content\/uploads\/2018\/03\/20180305c-768x327.jpg",768,327,true],"large":["https:\/\/www.comuna13online.com.ar\/wp-content\/uploads\/2018\/03\/20180305c.jpg",1030,438,false],"1536x1536":["https:\/\/www.comuna13online.com.ar\/wp-content\/uploads\/2018\/03\/20180305c.jpg",1030,438,false],"2048x2048":["https:\/\/www.comuna13online.com.ar\/wp-content\/uploads\/2018\/03\/20180305c.jpg",1030,438,false],"mh-magazine-slider":["https:\/\/www.comuna13online.com.ar\/wp-content\/uploads\/2018\/03\/20180305c.jpg",1030,438,false],"mh-magazine-content":["https:\/\/www.comuna13online.com.ar\/wp-content\/uploads\/2018\/03\/20180305c-678x381.jpg",678,381,true],"mh-magazine-large":["https:\/\/www.comuna13online.com.ar\/wp-content\/uploads\/2018\/03\/20180305c-678x438.jpg",678,438,true],"mh-magazine-medium":["https:\/\/www.comuna13online.com.ar\/wp-content\/uploads\/2018\/03\/20180305c-326x245.jpg",326,245,true],"mh-magazine-small":["https:\/\/www.comuna13online.com.ar\/wp-content\/uploads\/2018\/03\/20180305c-80x60.jpg",80,60,true],"sow-carousel-default":["https:\/\/www.comuna13online.com.ar\/wp-content\/uploads\/2018\/03\/20180305c-272x182.jpg",272,182,true]},"uagb_author_info":{"display_name":"Comuna13","author_link":"https:\/\/www.comuna13online.com.ar\/?author=1"},"uagb_comment_info":0,"uagb_excerpt":"Tras dar marcha atr\u00e1s con la construcci\u00f3n de un shopping en la Plaza Clemente, El Vicejefe de Gobierno porte\u00f1o mantuvo una reuni\u00f3n con los vecinos de Colegiales para debatir ideas. [...]","jetpack_sharing_enabled":true,"_links":{"self":[{"href":"https:\/\/www.comuna13online.com.ar\/index.php?rest_route=\/wp\/v2\/posts\/772","targetHints":{"allow":["GET"]}}],"collection":[{"href":"https:\/\/www.comuna13online.com.ar\/index.php?rest_route=\/wp\/v2\/posts"}],"about":[{"href":"https:\/\/www.comuna13online.com.ar\/index.php?rest_route=\/wp\/v2\/types\/post"}],"author":[{"embeddable":true,"href":"https:\/\/www.comuna13online.com.ar\/index.php?rest_route=\/wp\/v2\/users\/1"}],"replies":[{"embeddable":true,"href":"https:\/\/www.comuna13online.com.ar\/index.php?rest_route=%2Fwp%2Fv2%2Fcomments&post=772"}],"version-history":[{"count":0,"href":"https:\/\/www.comuna13online.com.ar\/index.php?rest_route=\/wp\/v2\/posts\/772\/revisions"}],"wp:featuredmedia":[{"embeddable":true,"href":"https:\/\/www.comuna13online.com.ar\/index.php?rest_route=\/wp\/v2\/media\/773"}],"wp:attachment":[{"href":"https:\/\/www.comuna13online.com.ar\/index.php?rest_route=%2Fwp%2Fv2%2Fmedia&parent=772"}],"wp:term":[{"taxonomy":"category","embeddable":true,"href":"https:\/\/www.comuna13online.com.ar\/index.php?rest_route=%2Fwp%2Fv2%2Fcategories&post=772"},{"taxonomy":"post_tag","embeddable":true,"href":"https:\/\/www.comuna13online.com.ar\/index.php?rest_route=%2Fwp%2Fv2%2Ftags&post=772"}],"curies":[{"name":"wp","href":"https:\/\/api.w.org\/{rel}","templated":true}]}}