{"id":7719,"date":"2019-12-03T07:01:15","date_gmt":"2019-12-03T10:01:15","guid":{"rendered":"http:\/\/www.comuna13online.com.ar\/?p=7719"},"modified":"2019-12-02T19:19:43","modified_gmt":"2019-12-02T22:19:43","slug":"fue-distinguida-de-agencia-de-noticias-de-la-carrera-de-ciencias-de-la-comunicacion","status":"publish","type":"post","link":"https:\/\/www.comuna13online.com.ar\/?p=7719","title":{"rendered":"Fue distinguida de Agencia de Noticias de la Carrera de Ciencias de la Comunicaci\u00f3n"},"content":{"rendered":"<p><strong>La ANCCOM de la Facultad de Ciencias Sociales de la UBA fue declarada de Inter\u00e9s Social y para la Promoci\u00f3n de la Comunicaci\u00f3n en el \u00e1mbito de la Ciudad.<\/strong><\/p>\n<p><img loading=\"lazy\" decoding=\"async\" data-attachment-id=\"7716\" data-permalink=\"https:\/\/www.comuna13online.com.ar\/?attachment_id=7716\" data-orig-file=\"https:\/\/www.comuna13online.com.ar\/wp-content\/uploads\/2019\/12\/distinciones2.jpg\" data-orig-size=\"678,472\" data-comments-opened=\"0\" data-image-meta=\"{&quot;aperture&quot;:&quot;0&quot;,&quot;credit&quot;:&quot;&quot;,&quot;camera&quot;:&quot;&quot;,&quot;caption&quot;:&quot;&quot;,&quot;created_timestamp&quot;:&quot;0&quot;,&quot;copyright&quot;:&quot;&quot;,&quot;focal_length&quot;:&quot;0&quot;,&quot;iso&quot;:&quot;0&quot;,&quot;shutter_speed&quot;:&quot;0&quot;,&quot;title&quot;:&quot;&quot;,&quot;orientation&quot;:&quot;0&quot;}\" data-image-title=\"distinciones2\" data-image-description=\"\" data-image-caption=\"\" data-large-file=\"https:\/\/www.comuna13online.com.ar\/wp-content\/uploads\/2019\/12\/distinciones2-629x438.jpg\" class=\"alignnone size-full wp-image-7716\" src=\"http:\/\/www.comuna13online.com.ar\/wp-content\/uploads\/2019\/12\/distinciones2.jpg\" alt=\"\" width=\"678\" height=\"472\" srcset=\"https:\/\/www.comuna13online.com.ar\/wp-content\/uploads\/2019\/12\/distinciones2.jpg 678w, https:\/\/www.comuna13online.com.ar\/wp-content\/uploads\/2019\/12\/distinciones2-649x452.jpg 649w, https:\/\/www.comuna13online.com.ar\/wp-content\/uploads\/2019\/12\/distinciones2-629x438.jpg 629w\" sizes=\"auto, (max-width: 678px) 100vw, 678px\" \/><\/p>\n<p>La <strong>Agencia de Noticias de la Carrera de Ciencias de la Comunicaci\u00f3n (ANCCOM)<\/strong> fue declarada de Inter\u00e9s Social y para la Promoci\u00f3n de la Comunicaci\u00f3n por iniciativa de la diputada <strong>Andrea Conde <\/strong>(Unidad Ciudadana). <em>\u201cLa <strong>ANCCOM<\/strong> permite no s\u00f3lo realizar pr\u00e1cticas pre profesionales a los alumnos y alumnas de una carrera para la cual es fundamental este tipo de preparaci\u00f3n, sino que tambi\u00e9n logr\u00f3 multiplicar las voces y las miradas sobre una agenda que la mayor\u00eda de las veces no tiene lugar en los grandes medios\u201d,<\/em> expres\u00f3 la diputada en el Sal\u00f3n Per\u00f3n de la Legislatura porte\u00f1a.<\/p>\n<p>La <strong>ANCCOM<\/strong> empez\u00f3 a funcionar en marzo de 2015 en el \u00e1mbito de la Facultad de Ciencias Sociales de la Universidad de Buenos Aires. Sus coberturas, como lo describe la Declaraci\u00f3n, priorizan las noticias sobre las organizaciones de la sociedad civil, las actividades contraculturales, las expresiones juveniles y los barrios.<\/p>\n<p><strong>Diego De Charras<\/strong>, director de la carrera de Ciencias de la Comunicaci\u00f3n, cont\u00f3: <em>\u201cme toc\u00f3 el desaf\u00edo, cuando la carrera cumpli\u00f3 30 a\u00f1os, de concretar la <strong>ANCCOM<\/strong>, ya que hab\u00eda una demanda de los estudiantes de m\u00e1s pr\u00e1ctica\u201d.<\/em> La agencia <em>\u201cse convirti\u00f3 en una herramienta de vinculaci\u00f3n con la sociedad y busca visibilizar los grupos sociales m\u00e1s vulnerables, mostrando sus problemas con respeto; con una perspectiva no lucrativa\u201d.<\/em><\/p>\n<p><strong>Diego Rosemberg<\/strong>, docente y coordinador del \u00e1rea de redacci\u00f3n de la agencia, destac\u00f3 que muchos de los estudiantes que hicieron la pr\u00e1ctica preprofesional, se han integrado a las redacciones de diarios, agencias o han creado medios propios.<\/p>\n<p>Luego de recibir el diploma que acredit\u00f3 la Declaraci\u00f3n de Inter\u00e9s, <strong>De Charras<\/strong> agradeci\u00f3 a la diputada <strong>Conde<\/strong>, a la Legislatura porte\u00f1a, a las 10 cohortes de estudiantes que pasaron por la agencia, a los docentes y no docentes que trabajan en <strong>ANCCOM<\/strong>.<\/p>\n","protected":false},"excerpt":{"rendered":"<div class=\"mh-excerpt\">La ANCCOM de la Facultad de Ciencias Sociales de la UBA fue declarada de Inter\u00e9s Social y para la Promoci\u00f3n de la Comunicaci\u00f3n en el \u00e1mbito de la Ciudad. La <a class=\"mh-excerpt-more\" href=\"https:\/\/www.comuna13online.com.ar\/?p=7719\" title=\"Fue distinguida de Agencia de Noticias de la Carrera de Ciencias de la Comunicaci\u00f3n\">[&#8230;]<\/a><\/div>\n","protected":false},"author":1,"featured_media":7716,"comment_status":"closed","ping_status":"closed","sticky":false,"template":"","format":"standard","meta":{"_uag_custom_page_level_css":"","_jetpack_memberships_contains_paid_content":false,"footnotes":"","jetpack_publicize_message":"","jetpack_publicize_feature_enabled":true,"jetpack_social_post_already_shared":true,"jetpack_social_options":{"image_generator_settings":{"template":"highway","default_image_id":0,"font":"","enabled":false},"version":2}},"categories":[145],"tags":[250,7],"class_list":{"0":"post-7719","1":"post","2":"type-post","3":"status-publish","4":"format-standard","5":"has-post-thumbnail","7":"category-reconocimiento","8":"tag-h2","9":"tag-legislatura"},"jetpack_publicize_connections":[],"jetpack_featured_media_url":"https:\/\/www.comuna13online.com.ar\/wp-content\/uploads\/2019\/12\/distinciones2.jpg","uagb_featured_image_src":{"full":["https:\/\/www.comuna13online.com.ar\/wp-content\/uploads\/2019\/12\/distinciones2.jpg",678,472,false],"thumbnail":["https:\/\/www.comuna13online.com.ar\/wp-content\/uploads\/2019\/12\/distinciones2-150x150.jpg",96,96,true],"medium":["https:\/\/www.comuna13online.com.ar\/wp-content\/uploads\/2019\/12\/distinciones2-649x452.jpg",649,452,true],"medium_large":["https:\/\/www.comuna13online.com.ar\/wp-content\/uploads\/2019\/12\/distinciones2.jpg",678,472,false],"large":["https:\/\/www.comuna13online.com.ar\/wp-content\/uploads\/2019\/12\/distinciones2-629x438.jpg",629,438,true],"1536x1536":["https:\/\/www.comuna13online.com.ar\/wp-content\/uploads\/2019\/12\/distinciones2.jpg",678,472,false],"2048x2048":["https:\/\/www.comuna13online.com.ar\/wp-content\/uploads\/2019\/12\/distinciones2.jpg",678,472,false],"mh-magazine-slider":["https:\/\/www.comuna13online.com.ar\/wp-content\/uploads\/2019\/12\/distinciones2-678x438.jpg",678,438,true],"mh-magazine-content":["https:\/\/www.comuna13online.com.ar\/wp-content\/uploads\/2019\/12\/distinciones2-678x381.jpg",678,381,true],"mh-magazine-large":["https:\/\/www.comuna13online.com.ar\/wp-content\/uploads\/2019\/12\/distinciones2.jpg",678,472,false],"mh-magazine-medium":["https:\/\/www.comuna13online.com.ar\/wp-content\/uploads\/2019\/12\/distinciones2-326x245.jpg",326,245,true],"mh-magazine-small":["https:\/\/www.comuna13online.com.ar\/wp-content\/uploads\/2019\/12\/distinciones2-80x60.jpg",80,60,true],"sow-carousel-default":["https:\/\/www.comuna13online.com.ar\/wp-content\/uploads\/2019\/12\/distinciones2-272x182.jpg",272,182,true]},"uagb_author_info":{"display_name":"Comuna13","author_link":"https:\/\/www.comuna13online.com.ar\/?author=1"},"uagb_comment_info":0,"uagb_excerpt":"La ANCCOM de la Facultad de Ciencias Sociales de la UBA fue declarada de Inter\u00e9s Social y para la Promoci\u00f3n de la Comunicaci\u00f3n en el \u00e1mbito de la Ciudad. La [...]","jetpack_sharing_enabled":true,"_links":{"self":[{"href":"https:\/\/www.comuna13online.com.ar\/index.php?rest_route=\/wp\/v2\/posts\/7719","targetHints":{"allow":["GET"]}}],"collection":[{"href":"https:\/\/www.comuna13online.com.ar\/index.php?rest_route=\/wp\/v2\/posts"}],"about":[{"href":"https:\/\/www.comuna13online.com.ar\/index.php?rest_route=\/wp\/v2\/types\/post"}],"author":[{"embeddable":true,"href":"https:\/\/www.comuna13online.com.ar\/index.php?rest_route=\/wp\/v2\/users\/1"}],"replies":[{"embeddable":true,"href":"https:\/\/www.comuna13online.com.ar\/index.php?rest_route=%2Fwp%2Fv2%2Fcomments&post=7719"}],"version-history":[{"count":0,"href":"https:\/\/www.comuna13online.com.ar\/index.php?rest_route=\/wp\/v2\/posts\/7719\/revisions"}],"wp:featuredmedia":[{"embeddable":true,"href":"https:\/\/www.comuna13online.com.ar\/index.php?rest_route=\/wp\/v2\/media\/7716"}],"wp:attachment":[{"href":"https:\/\/www.comuna13online.com.ar\/index.php?rest_route=%2Fwp%2Fv2%2Fmedia&parent=7719"}],"wp:term":[{"taxonomy":"category","embeddable":true,"href":"https:\/\/www.comuna13online.com.ar\/index.php?rest_route=%2Fwp%2Fv2%2Fcategories&post=7719"},{"taxonomy":"post_tag","embeddable":true,"href":"https:\/\/www.comuna13online.com.ar\/index.php?rest_route=%2Fwp%2Fv2%2Ftags&post=7719"}],"curies":[{"name":"wp","href":"https:\/\/api.w.org\/{rel}","templated":true}]}}