{"id":7715,"date":"2019-12-03T06:00:14","date_gmt":"2019-12-03T09:00:14","guid":{"rendered":"http:\/\/www.comuna13online.com.ar\/?p=7715"},"modified":"2019-12-02T19:16:05","modified_gmt":"2019-12-02T22:16:05","slug":"la-legislatura-declaro-personalidad-destacada-al-periodista-carlos-lin","status":"publish","type":"post","link":"https:\/\/www.comuna13online.com.ar\/?p=7715","title":{"rendered":"La Legislatura declar\u00f3 \u201cPersonalidad Destacada\u201d al periodista Carlos Lin"},"content":{"rendered":"<p><strong>Recibi\u00f3 el diploma que lo declara Personalidad Destacada de la Ciudad de Buenos Aires por el trabajo que realiza en la difusi\u00f3n de la cultura China y Argentina.<\/strong><\/p>\n<p><img loading=\"lazy\" decoding=\"async\" data-attachment-id=\"7717\" data-permalink=\"https:\/\/www.comuna13online.com.ar\/?attachment_id=7717\" data-orig-file=\"https:\/\/www.comuna13online.com.ar\/wp-content\/uploads\/2019\/12\/distinciones.jpg\" data-orig-size=\"678,453\" data-comments-opened=\"0\" data-image-meta=\"{&quot;aperture&quot;:&quot;0&quot;,&quot;credit&quot;:&quot;&quot;,&quot;camera&quot;:&quot;&quot;,&quot;caption&quot;:&quot;&quot;,&quot;created_timestamp&quot;:&quot;0&quot;,&quot;copyright&quot;:&quot;&quot;,&quot;focal_length&quot;:&quot;0&quot;,&quot;iso&quot;:&quot;0&quot;,&quot;shutter_speed&quot;:&quot;0&quot;,&quot;title&quot;:&quot;&quot;,&quot;orientation&quot;:&quot;0&quot;}\" data-image-title=\"distinciones\" data-image-description=\"\" data-image-caption=\"\" data-large-file=\"https:\/\/www.comuna13online.com.ar\/wp-content\/uploads\/2019\/12\/distinciones-656x438.jpg\" class=\"alignnone size-full wp-image-7717\" src=\"http:\/\/www.comuna13online.com.ar\/wp-content\/uploads\/2019\/12\/distinciones.jpg\" alt=\"\" width=\"678\" height=\"453\" srcset=\"https:\/\/www.comuna13online.com.ar\/wp-content\/uploads\/2019\/12\/distinciones.jpg 678w, https:\/\/www.comuna13online.com.ar\/wp-content\/uploads\/2019\/12\/distinciones-656x438.jpg 656w, https:\/\/www.comuna13online.com.ar\/wp-content\/uploads\/2019\/12\/distinciones-272x182.jpg 272w\" sizes=\"auto, (max-width: 678px) 100vw, 678px\" \/><\/p>\n<p><strong>Lin Lin Wen Chen<\/strong>, conocido como <strong>Carlos Lin<\/strong> en los medios, se convirti\u00f3 en la primera persona de origen chino que la Legislatura declara como <strong>\u201cPersonalidad Destacada de la Ciudad\u201d.<\/strong> El diploma lo recibi\u00f3 porque lleva adelante una importante tarea de difusi\u00f3n cultural.<\/p>\n<p><strong>Carlos<\/strong> es uno de los j\u00f3venes m\u00e1s influyentes en las redes sociales del pa\u00eds asi\u00e1tico. Es locutor y realiza coberturas period\u00edsticas sobre temas de actualidad en los medios de comunicaci\u00f3n. <em>\u201cSoy exitoso porque siempre tuve oportunidades\u201d,<\/em> destac\u00f3 el homenajeado y record\u00f3 a quienes marcaron su carrera, entre ellos <strong>Juan Alberto Bad\u00eda y Gonz\u00e1lez Rouco<\/strong> en Carburando. Finaliz\u00f3 su discurso con una frase del pensador chino <em>Confucio: \u201cAl que sabe esperar el tiempo le abre las puertas\u201d.<\/em><\/p>\n<p>El diputado <strong>Jian Ping Yuan<\/strong> (Vamos Juntos) fue quien impuls\u00f3 el reconocimiento y durante la ceremonia expres\u00f3: <em>\u201cEstoy muy contento de entregar esta distinci\u00f3n por su contribuci\u00f3n a la cultura\u201d. <\/em>Tambi\u00e9n agradeci\u00f3 la presencia de funcionarios y autoridades, en particular a los que integran la <strong>Comuna 13<\/strong>, debido a que en el Barrio de Belgrano se localiza el \u201cBarrio Chino\u201d.<\/p>\n<p><strong>Carlos<\/strong> condujo el primer programa chino en la TV Argentina, \u201cChino B\u00e1sico\u201d en la pantalla del Canal Metro, donde se ense\u00f1aba el idioma Chino Mandar\u00edn en clases de 30 minutos semanales, siendo nominado al Mart\u00edn Fierro en 2014 como Mejor programa de Inter\u00e9s Cultural y Educativo.<\/p>\n<p>Tambi\u00e9n fue conductor y productor del programa \u201cMilenarios\u201d, con tem\u00e1tica m\u00e1s amplia sobre la historia y el turismo de China, con una llegada a 9 pa\u00edses de Latinoam\u00e9rica.<\/p>\n","protected":false},"excerpt":{"rendered":"<div class=\"mh-excerpt\">Recibi\u00f3 el diploma que lo declara Personalidad Destacada de la Ciudad de Buenos Aires por el trabajo que realiza en la difusi\u00f3n de la cultura China y Argentina. Lin Lin <a class=\"mh-excerpt-more\" href=\"https:\/\/www.comuna13online.com.ar\/?p=7715\" title=\"La Legislatura declar\u00f3 \u201cPersonalidad Destacada\u201d al periodista Carlos Lin\">[&#8230;]<\/a><\/div>\n","protected":false},"author":1,"featured_media":7717,"comment_status":"closed","ping_status":"closed","sticky":false,"template":"","format":"standard","meta":{"_uag_custom_page_level_css":"","_jetpack_memberships_contains_paid_content":false,"footnotes":"","jetpack_publicize_message":"La Legislatura declar\u00f3 \u201cPersonalidad Destacada\u201d al periodista Carlos Lin","jetpack_publicize_feature_enabled":true,"jetpack_social_post_already_shared":true,"jetpack_social_options":{"image_generator_settings":{"template":"highway","default_image_id":0,"font":"","enabled":false},"version":2}},"categories":[195],"tags":[250,7],"class_list":{"0":"post-7715","1":"post","2":"type-post","3":"status-publish","4":"format-standard","5":"has-post-thumbnail","7":"category-distincion","8":"tag-h2","9":"tag-legislatura"},"jetpack_publicize_connections":[],"jetpack_featured_media_url":"https:\/\/www.comuna13online.com.ar\/wp-content\/uploads\/2019\/12\/distinciones.jpg","uagb_featured_image_src":{"full":["https:\/\/www.comuna13online.com.ar\/wp-content\/uploads\/2019\/12\/distinciones.jpg",678,453,false],"thumbnail":["https:\/\/www.comuna13online.com.ar\/wp-content\/uploads\/2019\/12\/distinciones-150x150.jpg",96,96,true],"medium":["https:\/\/www.comuna13online.com.ar\/wp-content\/uploads\/2019\/12\/distinciones.jpg",678,453,false],"medium_large":["https:\/\/www.comuna13online.com.ar\/wp-content\/uploads\/2019\/12\/distinciones.jpg",678,453,false],"large":["https:\/\/www.comuna13online.com.ar\/wp-content\/uploads\/2019\/12\/distinciones-656x438.jpg",656,438,true],"1536x1536":["https:\/\/www.comuna13online.com.ar\/wp-content\/uploads\/2019\/12\/distinciones.jpg",678,453,false],"2048x2048":["https:\/\/www.comuna13online.com.ar\/wp-content\/uploads\/2019\/12\/distinciones.jpg",678,453,false],"mh-magazine-slider":["https:\/\/www.comuna13online.com.ar\/wp-content\/uploads\/2019\/12\/distinciones-678x438.jpg",678,438,true],"mh-magazine-content":["https:\/\/www.comuna13online.com.ar\/wp-content\/uploads\/2019\/12\/distinciones-678x381.jpg",678,381,true],"mh-magazine-large":["https:\/\/www.comuna13online.com.ar\/wp-content\/uploads\/2019\/12\/distinciones.jpg",678,453,false],"mh-magazine-medium":["https:\/\/www.comuna13online.com.ar\/wp-content\/uploads\/2019\/12\/distinciones-326x245.jpg",326,245,true],"mh-magazine-small":["https:\/\/www.comuna13online.com.ar\/wp-content\/uploads\/2019\/12\/distinciones-80x60.jpg",80,60,true],"sow-carousel-default":["https:\/\/www.comuna13online.com.ar\/wp-content\/uploads\/2019\/12\/distinciones-272x182.jpg",272,182,true]},"uagb_author_info":{"display_name":"Comuna13","author_link":"https:\/\/www.comuna13online.com.ar\/?author=1"},"uagb_comment_info":0,"uagb_excerpt":"Recibi\u00f3 el diploma que lo declara Personalidad Destacada de la Ciudad de Buenos Aires por el trabajo que realiza en la difusi\u00f3n de la cultura China y Argentina. Lin Lin [...]","jetpack_sharing_enabled":true,"_links":{"self":[{"href":"https:\/\/www.comuna13online.com.ar\/index.php?rest_route=\/wp\/v2\/posts\/7715","targetHints":{"allow":["GET"]}}],"collection":[{"href":"https:\/\/www.comuna13online.com.ar\/index.php?rest_route=\/wp\/v2\/posts"}],"about":[{"href":"https:\/\/www.comuna13online.com.ar\/index.php?rest_route=\/wp\/v2\/types\/post"}],"author":[{"embeddable":true,"href":"https:\/\/www.comuna13online.com.ar\/index.php?rest_route=\/wp\/v2\/users\/1"}],"replies":[{"embeddable":true,"href":"https:\/\/www.comuna13online.com.ar\/index.php?rest_route=%2Fwp%2Fv2%2Fcomments&post=7715"}],"version-history":[{"count":0,"href":"https:\/\/www.comuna13online.com.ar\/index.php?rest_route=\/wp\/v2\/posts\/7715\/revisions"}],"wp:featuredmedia":[{"embeddable":true,"href":"https:\/\/www.comuna13online.com.ar\/index.php?rest_route=\/wp\/v2\/media\/7717"}],"wp:attachment":[{"href":"https:\/\/www.comuna13online.com.ar\/index.php?rest_route=%2Fwp%2Fv2%2Fmedia&parent=7715"}],"wp:term":[{"taxonomy":"category","embeddable":true,"href":"https:\/\/www.comuna13online.com.ar\/index.php?rest_route=%2Fwp%2Fv2%2Fcategories&post=7715"},{"taxonomy":"post_tag","embeddable":true,"href":"https:\/\/www.comuna13online.com.ar\/index.php?rest_route=%2Fwp%2Fv2%2Ftags&post=7715"}],"curies":[{"name":"wp","href":"https:\/\/api.w.org\/{rel}","templated":true}]}}