{"id":7679,"date":"2019-11-29T07:37:42","date_gmt":"2019-11-29T10:37:42","guid":{"rendered":"http:\/\/www.comuna13online.com.ar\/?p=7679"},"modified":"2019-11-29T07:37:42","modified_gmt":"2019-11-29T10:37:42","slug":"sorpresivo-paro-en-la-linea-b-del-subte","status":"publish","type":"post","link":"https:\/\/www.comuna13online.com.ar\/?p=7679","title":{"rendered":"Sorpresivo paro en la L\u00ednea B del Subte"},"content":{"rendered":"<p><strong>Desde el gremio denunciaron que trabajadores fueron agredidos por negarse a manipular materiales con asbesto, la medida de fuerza rige desde las 5:30 horas.<\/strong><\/p>\n<p><img loading=\"lazy\" decoding=\"async\" data-attachment-id=\"7681\" data-permalink=\"https:\/\/www.comuna13online.com.ar\/?attachment_id=7681\" data-orig-file=\"https:\/\/www.comuna13online.com.ar\/wp-content\/uploads\/2019\/11\/20191129a1.jpg\" data-orig-size=\"678,380\" data-comments-opened=\"0\" data-image-meta=\"{&quot;aperture&quot;:&quot;0&quot;,&quot;credit&quot;:&quot;&quot;,&quot;camera&quot;:&quot;&quot;,&quot;caption&quot;:&quot;&quot;,&quot;created_timestamp&quot;:&quot;0&quot;,&quot;copyright&quot;:&quot;&quot;,&quot;focal_length&quot;:&quot;0&quot;,&quot;iso&quot;:&quot;0&quot;,&quot;shutter_speed&quot;:&quot;0&quot;,&quot;title&quot;:&quot;&quot;,&quot;orientation&quot;:&quot;0&quot;}\" data-image-title=\"20191129a1\" data-image-description=\"\" data-image-caption=\"\" data-large-file=\"https:\/\/www.comuna13online.com.ar\/wp-content\/uploads\/2019\/11\/20191129a1.jpg\" class=\"alignnone size-full wp-image-7681\" src=\"http:\/\/www.comuna13online.com.ar\/wp-content\/uploads\/2019\/11\/20191129a1.jpg\" alt=\"\" width=\"678\" height=\"380\" \/><\/p>\n<p>Esta ma\u00f1ana los usuarios que llegaban a los accesos al subte de la la l\u00ednea B se enteraron que estaba fuera de servicio por una medida de fuerza, desde la\u00a0Asociaci\u00f3n Gremial de Trabajadores del Subte y Premetro (Agtsyp) denunciaron que el personal fue agredido por negarse a operar con la presencia del material cancer\u00edgeno conocido como asbesto que se encuentra presente en algunas formaciones.<\/p>\n<p>A trav\u00e9s de un comunicado, el gremio anunci\u00f3 el paro y explic\u00f3 las razones \u00ab<span style=\"text-decoration: underline;\">cerca de la medianoche, un integrante de la patota y delegado de la UTA (Uni\u00f3n Tranviarios Automotor), ingres\u00f3 al taller Rancagua y comenz\u00f3 a increpar a operarios que se negaban a manipular materiales con asbesto. Esta persona golpe\u00f3 y empujo a varios compa\u00f1eros del taller, provocando que uno de ellos caiga en la zona del tercer riel electrificado, al borde de ocasionar una tragedia<\/span>\u00ab, precisa el texto.<\/p>\n<p>Roberto Pianelli, Secretario General de la AGTSyP en charla con #CronicaAnunciada el programa radial que conduce periodista Juan Amor\u00edn,\u00a0 expres\u00f3 <em>\u00abSabemos que la medida de hoy es antip\u00e1tica\u00bb<\/em>, aunque advirti\u00f3 en que <em>\u00abSi la empresa no toma medidas sobre esta patota que nos atac\u00f3 vamos a seguir con las protestas\u00bb\u00a0<\/em>y adelant\u00f3\u00a0 <strong>\u00abA m\u00e1s tardar al mediod\u00eda se levanta la medida sobre la L\u00ednea B\u00bb<\/strong>.<\/p>\n<p><img loading=\"lazy\" decoding=\"async\" data-attachment-id=\"7682\" data-permalink=\"https:\/\/www.comuna13online.com.ar\/?attachment_id=7682\" data-orig-file=\"https:\/\/www.comuna13online.com.ar\/wp-content\/uploads\/2019\/11\/20191129a2.jpg\" data-orig-size=\"905,1280\" data-comments-opened=\"0\" data-image-meta=\"{&quot;aperture&quot;:&quot;0&quot;,&quot;credit&quot;:&quot;&quot;,&quot;camera&quot;:&quot;&quot;,&quot;caption&quot;:&quot;&quot;,&quot;created_timestamp&quot;:&quot;0&quot;,&quot;copyright&quot;:&quot;&quot;,&quot;focal_length&quot;:&quot;0&quot;,&quot;iso&quot;:&quot;0&quot;,&quot;shutter_speed&quot;:&quot;0&quot;,&quot;title&quot;:&quot;&quot;,&quot;orientation&quot;:&quot;0&quot;}\" data-image-title=\"20191129a2\" data-image-description=\"\" data-image-caption=\"\" data-large-file=\"https:\/\/www.comuna13online.com.ar\/wp-content\/uploads\/2019\/11\/20191129a2-310x438.jpg\" class=\"alignnone size-full wp-image-7682\" src=\"http:\/\/www.comuna13online.com.ar\/wp-content\/uploads\/2019\/11\/20191129a2.jpg\" alt=\"\" width=\"905\" height=\"1280\" srcset=\"https:\/\/www.comuna13online.com.ar\/wp-content\/uploads\/2019\/11\/20191129a2.jpg 905w, https:\/\/www.comuna13online.com.ar\/wp-content\/uploads\/2019\/11\/20191129a2-320x452.jpg 320w, https:\/\/www.comuna13online.com.ar\/wp-content\/uploads\/2019\/11\/20191129a2-310x438.jpg 310w, https:\/\/www.comuna13online.com.ar\/wp-content\/uploads\/2019\/11\/20191129a2-768x1086.jpg 768w\" sizes=\"auto, (max-width: 905px) 100vw, 905px\" \/><\/p>\n<p>&nbsp;<\/p>\n","protected":false},"excerpt":{"rendered":"<div class=\"mh-excerpt\">Desde el gremio denunciaron que trabajadores fueron agredidos por negarse a manipular materiales con asbesto, la medida de fuerza rige desde las 5:30 horas. Esta ma\u00f1ana los usuarios que llegaban <a class=\"mh-excerpt-more\" href=\"https:\/\/www.comuna13online.com.ar\/?p=7679\" title=\"Sorpresivo paro en la L\u00ednea B del Subte\">[&#8230;]<\/a><\/div>\n","protected":false},"author":1,"featured_media":7680,"comment_status":"closed","ping_status":"closed","sticky":false,"template":"","format":"standard","meta":{"_uag_custom_page_level_css":"","_jetpack_memberships_contains_paid_content":false,"footnotes":"","jetpack_publicize_message":"","jetpack_publicize_feature_enabled":true,"jetpack_social_post_already_shared":true,"jetpack_social_options":{"image_generator_settings":{"template":"highway","default_image_id":0,"font":"","enabled":false},"version":2}},"categories":[14],"tags":[246,250,16,121,15],"class_list":{"0":"post-7679","1":"post","2":"type-post","3":"status-publish","4":"format-standard","5":"has-post-thumbnail","7":"category-subte","8":"tag-h1","9":"tag-h2","10":"tag-subte","11":"tag-trabajo","12":"tag-transporte"},"jetpack_publicize_connections":[],"jetpack_featured_media_url":"https:\/\/www.comuna13online.com.ar\/wp-content\/uploads\/2019\/11\/20191129a.jpg","uagb_featured_image_src":{"full":["https:\/\/www.comuna13online.com.ar\/wp-content\/uploads\/2019\/11\/20191129a.jpg",1030,438,false],"thumbnail":["https:\/\/www.comuna13online.com.ar\/wp-content\/uploads\/2019\/11\/20191129a-150x150.jpg",96,96,true],"medium":["https:\/\/www.comuna13online.com.ar\/wp-content\/uploads\/2019\/11\/20191129a-678x288.jpg",678,288,true],"medium_large":["https:\/\/www.comuna13online.com.ar\/wp-content\/uploads\/2019\/11\/20191129a-768x327.jpg",768,327,true],"large":["https:\/\/www.comuna13online.com.ar\/wp-content\/uploads\/2019\/11\/20191129a.jpg",1030,438,false],"1536x1536":["https:\/\/www.comuna13online.com.ar\/wp-content\/uploads\/2019\/11\/20191129a.jpg",1030,438,false],"2048x2048":["https:\/\/www.comuna13online.com.ar\/wp-content\/uploads\/2019\/11\/20191129a.jpg",1030,438,false],"mh-magazine-slider":["https:\/\/www.comuna13online.com.ar\/wp-content\/uploads\/2019\/11\/20191129a.jpg",1030,438,false],"mh-magazine-content":["https:\/\/www.comuna13online.com.ar\/wp-content\/uploads\/2019\/11\/20191129a-678x381.jpg",678,381,true],"mh-magazine-large":["https:\/\/www.comuna13online.com.ar\/wp-content\/uploads\/2019\/11\/20191129a-678x438.jpg",678,438,true],"mh-magazine-medium":["https:\/\/www.comuna13online.com.ar\/wp-content\/uploads\/2019\/11\/20191129a-326x245.jpg",326,245,true],"mh-magazine-small":["https:\/\/www.comuna13online.com.ar\/wp-content\/uploads\/2019\/11\/20191129a-80x60.jpg",80,60,true],"sow-carousel-default":["https:\/\/www.comuna13online.com.ar\/wp-content\/uploads\/2019\/11\/20191129a-272x182.jpg",272,182,true]},"uagb_author_info":{"display_name":"Comuna13","author_link":"https:\/\/www.comuna13online.com.ar\/?author=1"},"uagb_comment_info":0,"uagb_excerpt":"Desde el gremio denunciaron que trabajadores fueron agredidos por negarse a manipular materiales con asbesto, la medida de fuerza rige desde las 5:30 horas. Esta ma\u00f1ana los usuarios que llegaban [...]","jetpack_sharing_enabled":true,"_links":{"self":[{"href":"https:\/\/www.comuna13online.com.ar\/index.php?rest_route=\/wp\/v2\/posts\/7679","targetHints":{"allow":["GET"]}}],"collection":[{"href":"https:\/\/www.comuna13online.com.ar\/index.php?rest_route=\/wp\/v2\/posts"}],"about":[{"href":"https:\/\/www.comuna13online.com.ar\/index.php?rest_route=\/wp\/v2\/types\/post"}],"author":[{"embeddable":true,"href":"https:\/\/www.comuna13online.com.ar\/index.php?rest_route=\/wp\/v2\/users\/1"}],"replies":[{"embeddable":true,"href":"https:\/\/www.comuna13online.com.ar\/index.php?rest_route=%2Fwp%2Fv2%2Fcomments&post=7679"}],"version-history":[{"count":0,"href":"https:\/\/www.comuna13online.com.ar\/index.php?rest_route=\/wp\/v2\/posts\/7679\/revisions"}],"wp:featuredmedia":[{"embeddable":true,"href":"https:\/\/www.comuna13online.com.ar\/index.php?rest_route=\/wp\/v2\/media\/7680"}],"wp:attachment":[{"href":"https:\/\/www.comuna13online.com.ar\/index.php?rest_route=%2Fwp%2Fv2%2Fmedia&parent=7679"}],"wp:term":[{"taxonomy":"category","embeddable":true,"href":"https:\/\/www.comuna13online.com.ar\/index.php?rest_route=%2Fwp%2Fv2%2Fcategories&post=7679"},{"taxonomy":"post_tag","embeddable":true,"href":"https:\/\/www.comuna13online.com.ar\/index.php?rest_route=%2Fwp%2Fv2%2Ftags&post=7679"}],"curies":[{"name":"wp","href":"https:\/\/api.w.org\/{rel}","templated":true}]}}