{"id":7646,"date":"2019-11-27T07:00:41","date_gmt":"2019-11-27T10:00:41","guid":{"rendered":"http:\/\/www.comuna13online.com.ar\/?p=7646"},"modified":"2019-11-26T18:57:32","modified_gmt":"2019-11-26T21:57:32","slug":"poca-repercusion-en-la-ciudad-sobre-la-denuncia-a-alperovich-por-violacion","status":"publish","type":"post","link":"https:\/\/www.comuna13online.com.ar\/?p=7646","title":{"rendered":"Poca repercusi\u00f3n en la Ciudad sobre la denuncia a Alperovich por violaci\u00f3n"},"content":{"rendered":"<p><strong>Apenas pasado el D\u00eda Internacional de la Violencia contra la Mujer, la mayor\u00eda de la pol\u00edtica se mantuvo en siliencio sobre la denucia de violaci\u00f3n que pesa sobre el senador Aperovich.<\/strong><\/p>\n<p><img loading=\"lazy\" decoding=\"async\" data-attachment-id=\"7647\" data-permalink=\"https:\/\/www.comuna13online.com.ar\/?attachment_id=7647\" data-orig-file=\"https:\/\/www.comuna13online.com.ar\/wp-content\/uploads\/2019\/11\/derechos2.jpg\" data-orig-size=\"800,550\" data-comments-opened=\"0\" data-image-meta=\"{&quot;aperture&quot;:&quot;0&quot;,&quot;credit&quot;:&quot;&quot;,&quot;camera&quot;:&quot;&quot;,&quot;caption&quot;:&quot;&quot;,&quot;created_timestamp&quot;:&quot;0&quot;,&quot;copyright&quot;:&quot;&quot;,&quot;focal_length&quot;:&quot;0&quot;,&quot;iso&quot;:&quot;0&quot;,&quot;shutter_speed&quot;:&quot;0&quot;,&quot;title&quot;:&quot;&quot;,&quot;orientation&quot;:&quot;0&quot;}\" data-image-title=\"derechos2\" data-image-description=\"\" data-image-caption=\"\" data-large-file=\"https:\/\/www.comuna13online.com.ar\/wp-content\/uploads\/2019\/11\/derechos2-637x438.jpg\" class=\"alignnone size-full wp-image-7647\" src=\"http:\/\/www.comuna13online.com.ar\/wp-content\/uploads\/2019\/11\/derechos2.jpg\" alt=\"\" width=\"800\" height=\"550\" srcset=\"https:\/\/www.comuna13online.com.ar\/wp-content\/uploads\/2019\/11\/derechos2.jpg 800w, https:\/\/www.comuna13online.com.ar\/wp-content\/uploads\/2019\/11\/derechos2-657x452.jpg 657w, https:\/\/www.comuna13online.com.ar\/wp-content\/uploads\/2019\/11\/derechos2-637x438.jpg 637w, https:\/\/www.comuna13online.com.ar\/wp-content\/uploads\/2019\/11\/derechos2-768x528.jpg 768w\" sizes=\"auto, (max-width: 800px) 100vw, 800px\" \/><\/p>\n<p>El viernes \u00faltimo, una carta abierta y una denuncia penal sacudieron el tablero pol\u00edtico. Daban cuenta de <strong>violaciones reiteradas <\/strong>por parte del ex gobernador tucumano y actual senador <strong>Jos\u00e9 Alperovich <\/strong>a su sobrina segunda y asistente. Desde entonces, referentes de los feminismos repudiaron el hecho y pidieron que el funcionario sea apartado y que act\u00fae la Justicia. Desde su espacio pol\u00edtico, en cambio, no hubo demasiados pronunciamientos. En territorio porte\u00f1o, pocos y pocas legisladoras hablaron sobre el tema. <strong>La mayor\u00eda eligi\u00f3 el silencio.<\/strong><\/p>\n<p><em>\u201cEl femicidio de Paulina Lebbos, el caso Bel\u00e9n, el acoso en vivo a una periodista&#8230; Esta denuncia contra Alperovich no cae de la nada. Se tiene que terminar la impunidad, porque solo genera m\u00e1s impunidad. Basta de violencia machista\u201d,<\/em> escribi\u00f3 en su cuenta de Twitter la legisladora del FIT <strong>Myriam Bregman<\/strong>, en el marco del D\u00eda Contra la Violencia de G\u00e9nero.<\/p>\n<div align=\"center\">\n<blockquote class=\"twitter-tweet\" data-theme=\"dark\" data-link-color=\"#981CEB\">\n<p dir=\"ltr\" lang=\"es\">El femicidio de Paulina Lebbos, el caso Bel\u00e9n, el acoso en vivo a una periodista&#8230; Esta denuncia contra Alperovich no cae de la nada. Se tiene que terminar la impunidad, porque solo genera m\u00e1s impunidad. Basta de violencia machista. <a href=\"https:\/\/twitter.com\/hashtag\/D%C3%ADaContraLaViolenciaDeG%C3%A9nero?src=hash&amp;ref_src=twsrc%5Etfw\">#D\u00edaContraLaViolenciaDeG\u00e9nero<\/a><\/p>\n<p>\u2014 Myriam Bregman (@myriambregman) <a href=\"https:\/\/twitter.com\/myriambregman\/status\/1198981364563009536?ref_src=twsrc%5Etfw\">November 25, 2019<\/a><\/p><\/blockquote>\n<p><script async src=\"https:\/\/platform.twitter.com\/widgets.js\" charset=\"utf-8\"><\/script><\/p>\n<\/div>\n<p>Desde el arco opuesto, la legisladora macrista <strong>Paula Villalba <\/strong>comparti\u00f3 el pronunciamiento del <strong>PRO Mujeres<\/strong>, que pidi\u00f3 el esclarecimiento del hecho, el acompa\u00f1amiento de la v\u00edctima y repudi\u00f3 que <strong>Alperovich<\/strong> la haya revictimizado difundiendo su nombre y apellido.<\/p>\n<p>Entre las legisladoras electas del Frente de Todos s\u00ed hubo una condena expl\u00edcita: provino de la joven referente feminista <strong>Ofelia\u00a0<\/strong><strong>Fern\u00e1ndez<\/strong>, quien cuestion\u00f3 que <em>\u201cmuchos estos d\u00edas tocan el tema <strong>Alperovich<\/strong> sin tomar m\u00e1s posici\u00f3n que \u2018esperar a la justicia\u2019.\u201d<\/em> Y agreg\u00f3: <em>\u201cEl violador con posici\u00f3n de poder no es excepci\u00f3n, viola para reafirmarlo y porque sabe que tiene a esas estructuras para bancarlo. Nos toca lograr que les quede poco\u201d.<\/em><\/p>\n<div align=\"center\">\n<blockquote class=\"twitter-tweet\" data-theme=\"dark\" data-link-color=\"#9266CC\">\n<p dir=\"ltr\" lang=\"es\">Muchos estos d\u00edas tocan el tema alperovich sin tomar m\u00e1s posici\u00f3n que \u201cesperar a la justicia\u201d.<br \/>\nEl violador con posici\u00f3n de poder no es excepci\u00f3n, viola para reafirmarlo y porque sabe que tiene a esas estructuras para bancarlo.<br \/>\nNos toca lograr que les quede poco. Abrazo y lucha <a href=\"https:\/\/t.co\/7MyxBFB7nw\">pic.twitter.com\/7MyxBFB7nw<\/a><\/p>\n<p>\u2014 Ofelia Fern\u00e1ndez (@OfeFernandez_) <a href=\"https:\/\/twitter.com\/OfeFernandez_\/status\/1198646785218154496?ref_src=twsrc%5Etfw\">November 24, 2019<\/a><\/p><\/blockquote>\n<p><script async src=\"https:\/\/platform.twitter.com\/widgets.js\" charset=\"utf-8\"><\/script><\/p>\n<\/div>\n","protected":false},"excerpt":{"rendered":"<div class=\"mh-excerpt\">Apenas pasado el D\u00eda Internacional de la Violencia contra la Mujer, la mayor\u00eda de la pol\u00edtica se mantuvo en siliencio sobre la denucia de violaci\u00f3n que pesa sobre el senador <a class=\"mh-excerpt-more\" href=\"https:\/\/www.comuna13online.com.ar\/?p=7646\" title=\"Poca repercusi\u00f3n en la Ciudad sobre la denuncia a Alperovich por violaci\u00f3n\">[&#8230;]<\/a><\/div>\n","protected":false},"author":1,"featured_media":7647,"comment_status":"closed","ping_status":"closed","sticky":false,"template":"","format":"standard","meta":{"_uag_custom_page_level_css":"","_jetpack_memberships_contains_paid_content":false,"footnotes":"","jetpack_publicize_message":"Poca repercuci\u00f3n en la Ciudad sobre la denuncia a Alperovich por violaci\u00f3n","jetpack_publicize_feature_enabled":true,"jetpack_social_post_already_shared":true,"jetpack_social_options":{"image_generator_settings":{"template":"highway","default_image_id":0,"font":"","enabled":false},"version":2}},"categories":[129],"tags":[250,239],"class_list":{"0":"post-7646","1":"post","2":"type-post","3":"status-publish","4":"format-standard","5":"has-post-thumbnail","7":"category-derechos","8":"tag-h2","9":"tag-violencia-de-genero"},"jetpack_publicize_connections":[],"jetpack_featured_media_url":"https:\/\/www.comuna13online.com.ar\/wp-content\/uploads\/2019\/11\/derechos2.jpg","uagb_featured_image_src":{"full":["https:\/\/www.comuna13online.com.ar\/wp-content\/uploads\/2019\/11\/derechos2.jpg",800,550,false],"thumbnail":["https:\/\/www.comuna13online.com.ar\/wp-content\/uploads\/2019\/11\/derechos2-150x150.jpg",96,96,true],"medium":["https:\/\/www.comuna13online.com.ar\/wp-content\/uploads\/2019\/11\/derechos2-657x452.jpg",657,452,true],"medium_large":["https:\/\/www.comuna13online.com.ar\/wp-content\/uploads\/2019\/11\/derechos2-768x528.jpg",768,528,true],"large":["https:\/\/www.comuna13online.com.ar\/wp-content\/uploads\/2019\/11\/derechos2-637x438.jpg",637,438,true],"1536x1536":["https:\/\/www.comuna13online.com.ar\/wp-content\/uploads\/2019\/11\/derechos2.jpg",800,550,false],"2048x2048":["https:\/\/www.comuna13online.com.ar\/wp-content\/uploads\/2019\/11\/derechos2.jpg",800,550,false],"mh-magazine-slider":["https:\/\/www.comuna13online.com.ar\/wp-content\/uploads\/2019\/11\/derechos2-800x438.jpg",800,438,true],"mh-magazine-content":["https:\/\/www.comuna13online.com.ar\/wp-content\/uploads\/2019\/11\/derechos2-678x381.jpg",678,381,true],"mh-magazine-large":["https:\/\/www.comuna13online.com.ar\/wp-content\/uploads\/2019\/11\/derechos2-678x509.jpg",678,509,true],"mh-magazine-medium":["https:\/\/www.comuna13online.com.ar\/wp-content\/uploads\/2019\/11\/derechos2-326x245.jpg",326,245,true],"mh-magazine-small":["https:\/\/www.comuna13online.com.ar\/wp-content\/uploads\/2019\/11\/derechos2-80x60.jpg",80,60,true],"sow-carousel-default":["https:\/\/www.comuna13online.com.ar\/wp-content\/uploads\/2019\/11\/derechos2-272x182.jpg",272,182,true]},"uagb_author_info":{"display_name":"Comuna13","author_link":"https:\/\/www.comuna13online.com.ar\/?author=1"},"uagb_comment_info":0,"uagb_excerpt":"Apenas pasado el D\u00eda Internacional de la Violencia contra la Mujer, la mayor\u00eda de la pol\u00edtica se mantuvo en siliencio sobre la denucia de violaci\u00f3n que pesa sobre el senador [...]","jetpack_sharing_enabled":true,"_links":{"self":[{"href":"https:\/\/www.comuna13online.com.ar\/index.php?rest_route=\/wp\/v2\/posts\/7646","targetHints":{"allow":["GET"]}}],"collection":[{"href":"https:\/\/www.comuna13online.com.ar\/index.php?rest_route=\/wp\/v2\/posts"}],"about":[{"href":"https:\/\/www.comuna13online.com.ar\/index.php?rest_route=\/wp\/v2\/types\/post"}],"author":[{"embeddable":true,"href":"https:\/\/www.comuna13online.com.ar\/index.php?rest_route=\/wp\/v2\/users\/1"}],"replies":[{"embeddable":true,"href":"https:\/\/www.comuna13online.com.ar\/index.php?rest_route=%2Fwp%2Fv2%2Fcomments&post=7646"}],"version-history":[{"count":0,"href":"https:\/\/www.comuna13online.com.ar\/index.php?rest_route=\/wp\/v2\/posts\/7646\/revisions"}],"wp:featuredmedia":[{"embeddable":true,"href":"https:\/\/www.comuna13online.com.ar\/index.php?rest_route=\/wp\/v2\/media\/7647"}],"wp:attachment":[{"href":"https:\/\/www.comuna13online.com.ar\/index.php?rest_route=%2Fwp%2Fv2%2Fmedia&parent=7646"}],"wp:term":[{"taxonomy":"category","embeddable":true,"href":"https:\/\/www.comuna13online.com.ar\/index.php?rest_route=%2Fwp%2Fv2%2Fcategories&post=7646"},{"taxonomy":"post_tag","embeddable":true,"href":"https:\/\/www.comuna13online.com.ar\/index.php?rest_route=%2Fwp%2Fv2%2Ftags&post=7646"}],"curies":[{"name":"wp","href":"https:\/\/api.w.org\/{rel}","templated":true}]}}