{"id":7626,"date":"2019-11-26T06:00:57","date_gmt":"2019-11-26T09:00:57","guid":{"rendered":"http:\/\/www.comuna13online.com.ar\/?p=7626"},"modified":"2019-11-26T14:06:02","modified_gmt":"2019-11-26T17:06:02","slug":"presentan-sistemas-de-formacion-de-residencias-en-la-legislatura","status":"publish","type":"post","link":"https:\/\/www.comuna13online.com.ar\/?p=7626","title":{"rendered":"Presentan sistemas de formaci\u00f3n de residencias en la Legislatura"},"content":{"rendered":"<p><strong>El proyecto apunta a modificar la modalidad actual de Formaci\u00f3n de Residencias de Equipos de Salud y Apoyo en el \u00e1mbito de la Ciudad Aut\u00f3noma de Buenos Aires.<\/strong><\/p>\n<p><img loading=\"lazy\" decoding=\"async\" data-attachment-id=\"7630\" data-permalink=\"https:\/\/www.comuna13online.com.ar\/?attachment_id=7630\" data-orig-file=\"https:\/\/www.comuna13online.com.ar\/wp-content\/uploads\/2019\/11\/20191126c1.jpg\" data-orig-size=\"678,452\" data-comments-opened=\"0\" data-image-meta=\"{&quot;aperture&quot;:&quot;0&quot;,&quot;credit&quot;:&quot;&quot;,&quot;camera&quot;:&quot;&quot;,&quot;caption&quot;:&quot;&quot;,&quot;created_timestamp&quot;:&quot;0&quot;,&quot;copyright&quot;:&quot;&quot;,&quot;focal_length&quot;:&quot;0&quot;,&quot;iso&quot;:&quot;0&quot;,&quot;shutter_speed&quot;:&quot;0&quot;,&quot;title&quot;:&quot;&quot;,&quot;orientation&quot;:&quot;0&quot;}\" data-image-title=\"20191126c1\" data-image-description=\"\" data-image-caption=\"\" data-large-file=\"https:\/\/www.comuna13online.com.ar\/wp-content\/uploads\/2019\/11\/20191126c1-657x438.jpg\" class=\"alignnone size-full wp-image-7630\" src=\"http:\/\/www.comuna13online.com.ar\/wp-content\/uploads\/2019\/11\/20191126c1.jpg\" alt=\"\" width=\"678\" height=\"452\" srcset=\"https:\/\/www.comuna13online.com.ar\/wp-content\/uploads\/2019\/11\/20191126c1.jpg 678w, https:\/\/www.comuna13online.com.ar\/wp-content\/uploads\/2019\/11\/20191126c1-657x438.jpg 657w, https:\/\/www.comuna13online.com.ar\/wp-content\/uploads\/2019\/11\/20191126c1-272x182.jpg 272w\" sizes=\"auto, (max-width: 678px) 100vw, 678px\" \/><\/p>\n<p>Las Comisiones de asesoramiento permanente en asuntos de salud y Legislaci\u00f3n de trabajo mantuvieron una reuni\u00f3n informativa sobre el proyecto de ley que propicia un Sistema de Formaci\u00f3n de Residencias de Equipos de Salud y Apoyo a Equipos de Salud en el \u00e1mbito de la Ciudad Aut\u00f3noma de Buenos Aires.<\/p>\n<p>Durante el encuentro la Ministra de Salud, <strong>Dra. Ana Mar\u00eda Bou P\u00e9rez<\/strong>, destac\u00f3 que <em>\u201cnuestra mirada fue modernizar la normativa vigente y apuntamos a que los cambios sean para mejor\u201d<\/em>.<\/p>\n<p>Actualmente el Sistema de Formaci\u00f3n es complejo dado que abarca 35 sedes, un centenar de especialidades o \u00e1reas, 468 unidades de residencias, 534 jefes o instructores, 1.440 concurrentes y 3.152 residentes. Se rige por las Ordenanzas 40.997\/85, 41.793\/87, 45.146\/91 y sus 44 modificaciones con un enfoque reglamentarista centrado en las residencias m\u00e9dicas y escasa alusi\u00f3n a los programas de formaci\u00f3n. Tampoco contempla las tensiones existentes y la variedad de perfiles.<\/p>\n<p>La propuesta fue presentada por la Directora General de Docencia, Investigaci\u00f3n y Desarrollo Profesional, <strong>Dra. Laura Yolanda Antonietti<\/strong>, dependiente de la Subsecretar\u00eda de Planificaci\u00f3n Sanitaria.<\/p>\n<p>Seg\u00fan expresan los fundamentos se <em>\u201cintenta propiciar y contar con un Sistema de Formaci\u00f3n en el que prevalezca el aspecto pedag\u00f3gico y enmarque adecuadamente la modalidad de adquisici\u00f3n de competencias a trav\u00e9s de un programa ordenador, garantizando la calidad y las condiciones de formaci\u00f3n de los profesionales, tanto para los residentes como para la formaci\u00f3n de los concurrentes\u201d<\/em>.<\/p>\n<p>El plan pretende derogar las normas legales vigentes que <em>\u201cson desactualizadas y poco integradas con la din\u00e1mica actual de la formaci\u00f3n profesional de posgrado en el sistema p\u00fablico estatal de la Ciudad. A su vez dicho marco normativo representaba un sistema reglamentarista con un articulado puramente operativo, mientras que la nueva Ley aboga por un sistema que jerarquiza los programas de formaci\u00f3n de cada Residencia y garantiza la existencia de planteles id\u00f3neos en todos los efectores de salud, asegurando la capacidad y excelsitud formativa, adem\u00e1s de avalar la excelencia en la especificad de todas y cada una de las Residencias y Concurrencias existentes a la fecha\u201d<\/em>.<\/p>\n<p>La iniciativa que contiene 39 art\u00edculos y una cl\u00e1usula transitoria, tom\u00f3 estado parlamentario el martes 12 del corriente mes con las firmas de los diputados <strong>Jos\u00e9 Luis Acevedo<\/strong> y como coautores <strong>Mar\u00eda Luisa Gonz\u00e1lez Estevarena<\/strong>, <strong>Diego Mar\u00edas<\/strong>, <strong>Paola Michielotto<\/strong>, <strong>Victoria Rold\u00e1n M\u00e9ndez<\/strong>, <strong>Claudio Romero <\/strong>y <strong>L\u00eda Rueda <\/strong>miembros del bloque Vamos Juntos.<\/p>\n<p><img loading=\"lazy\" decoding=\"async\" data-attachment-id=\"7629\" data-permalink=\"https:\/\/www.comuna13online.com.ar\/?attachment_id=7629\" data-orig-file=\"https:\/\/www.comuna13online.com.ar\/wp-content\/uploads\/2019\/11\/20191126c2.jpg\" data-orig-size=\"678,452\" data-comments-opened=\"0\" data-image-meta=\"{&quot;aperture&quot;:&quot;0&quot;,&quot;credit&quot;:&quot;&quot;,&quot;camera&quot;:&quot;&quot;,&quot;caption&quot;:&quot;&quot;,&quot;created_timestamp&quot;:&quot;0&quot;,&quot;copyright&quot;:&quot;&quot;,&quot;focal_length&quot;:&quot;0&quot;,&quot;iso&quot;:&quot;0&quot;,&quot;shutter_speed&quot;:&quot;0&quot;,&quot;title&quot;:&quot;&quot;,&quot;orientation&quot;:&quot;0&quot;}\" data-image-title=\"20191126c2\" data-image-description=\"\" data-image-caption=\"\" data-large-file=\"https:\/\/www.comuna13online.com.ar\/wp-content\/uploads\/2019\/11\/20191126c2-657x438.jpg\" class=\"alignnone size-full wp-image-7629\" src=\"http:\/\/www.comuna13online.com.ar\/wp-content\/uploads\/2019\/11\/20191126c2.jpg\" alt=\"\" width=\"678\" height=\"452\" srcset=\"https:\/\/www.comuna13online.com.ar\/wp-content\/uploads\/2019\/11\/20191126c2.jpg 678w, https:\/\/www.comuna13online.com.ar\/wp-content\/uploads\/2019\/11\/20191126c2-657x438.jpg 657w, https:\/\/www.comuna13online.com.ar\/wp-content\/uploads\/2019\/11\/20191126c2-272x182.jpg 272w\" sizes=\"auto, (max-width: 678px) 100vw, 678px\" \/><\/p>\n<p>Los legisladores aluden a que <em>\u201ceste nuevo proyecto de Ley viene con la misma impronta de un ordenamiento jur\u00eddico claro, conciso y contextualizado seg\u00fan la coyuntura de la actualidad, como lo hizo el a\u00f1o pasado el proyecto sobre la carrera de los profesionales de la salud de esta misma ciudad\u201d<\/em>, que fue promulgada como Ley 6.035.<\/p>\n<p>Aseguran que <em>\u201cel proyecto que ahora se pone en estudio jerarquiza los programas y escenarios formativos en servicio, con una visi\u00f3n del sistema p\u00fablico estatal como una red integrada de formaci\u00f3n. Tambi\u00e9n propicia la existencia de planteles id\u00f3neos en todos los efectores de salud del sistema estatal, para asegurar su capacidad formativa\u201d<\/em>.<\/p>\n<p>La propuesta, de acuerdo a los firmantes, <em>\u201csistematiza en los art\u00edculos espec\u00edficos los derechos y obligaciones del profesional en formaci\u00f3n. Para graficar lo dicho se se\u00f1ala a los art\u00edculos sobre el otorgamiento de derechos como ser: derecho a la remuneraci\u00f3n, conocimiento del programa docente, instalaciones hospitalarias apropiadas para el descanso y estudio, comidas necesarias para el d\u00eda en el servicio, acceso a medio inform\u00e1ticos de calidad, derecho sindical, derecho de formaci\u00f3n, percepci\u00f3n de estipendio por investigaci\u00f3n, aguinaldo, etc\u00e9tera. Todo lo dicho corresponde a lo enunciado en el art\u00edculo n\u00famero 24 de la Ley\u201d.<\/em><\/p>\n<p><em>\u201cAsimismo el art\u00edculo n\u00famero 25 regula las siguientes obligaciones: respetar el reglamento operativo; responsabilidad de las tareas asignadas; estar bajo supervisi\u00f3n; colaboraci\u00f3n de trabajo, etc\u00e9tera. El mismo manifiesta las obligaciones del profesional que se encuentra realizando la pr\u00e1ctica, siempre contemplando el sistema de rotaciones como parte de los derechos espec\u00edficos del profesional\u201d<\/em>, explican.<\/p>\n<p><em>\u201cDelega el rol de supervisi\u00f3n y ejecuci\u00f3n del cumplimiento de los programas centrales en la Direcci\u00f3n General de Docencia, Investigaci\u00f3n y Desarrollo Profesional, garantizando una visi\u00f3n central y ordenadora de la formaci\u00f3n de posgrado, con acatamiento y consideraci\u00f3n por la normativa vigente\u201d<\/em> y <em>\u201cestablece una evoluci\u00f3n de la concepci\u00f3n del aprendizaje de posgrado desde la acumulaci\u00f3n de conocimiento hacia la adquisici\u00f3n de competencias profesionales complejas, requiere definir un eje integrador y ordenador de la formaci\u00f3n de los j\u00f3venes graduados\u201d<\/em>.<\/p>\n<p>Por otra parte, <em>\u201catendiendo a la creciente feminizaci\u00f3n de los espacios de formaci\u00f3n profesional y los avances en materia de igualdad de derechos se incluye la perspectiva de g\u00e9nero en las normativas que rigen la formaci\u00f3n de posgrado\u201d<\/em>.<\/p>\n<p>Los diputados concluyen que <em>\u201ccontar con una normativa que priorice el aspecto pedag\u00f3gico y enmarque adecuadamente la modalidad de adquisici\u00f3n de competencias a trav\u00e9s de un programa ordenador, garantizar\u00e1 la calidad y condiciones de formaci\u00f3n, evitando arbitrariedades posibles, producto de la complejidad del sistema propio de residencias y de conformaci\u00f3n del sistema de salud\u201d<\/em>.<\/p>\n<p><em>\u201cSe establece la definici\u00f3n de programas docentes dando la direccionalidad a la formaci\u00f3n estableciendo los perfiles profesionales, la gradualidad y secuenciaci\u00f3n de las actividades en los distintos a\u00f1os de la residencia, los contenidos a trabajar y los objetos y modalidades de la evaluaci\u00f3n<\/em>\u201d, aseguran.<\/p>\n<p>Al inicio hubo tres intervenciones, del secretario general de la Asociaci\u00f3n de M\u00e9dicos Municipales -AMM-, el <strong>Dr. Ricardo Solari<\/strong>; por la Escuela Popular de Salud Comunitaria, el <strong>Dr. Mar\u00edas Gallastegui<\/strong> y del Subdirector de Salud de la Defensor\u00eda del Pueblo, <strong>Dr. Pablo Mazzoli<\/strong>. Coincidieron en que se enteraron recientemente del proyecto y ante la necesidad de plantear algunas disidencias reclamaron una instancia de di\u00e1logo y construcci\u00f3n participativa para generar consensos.<\/p>\n<p>La reuni\u00f3n conjunta que tuvo car\u00e1cter informativo se realiz\u00f3 en el sal\u00f3n \u201cCiudad de Montevideo\u201d de la sede parlamentaria con la presidencia de los diputados <strong>Jos\u00e9 Luis Acevedo <\/strong>(VJ) y <strong>Claudio Heredia <\/strong>(Bloque Peronista) responsables de Salud y Legislaci\u00f3n del trabajo respectivamente. Participaron <strong>Diego Garc\u00eda de Garc\u00eda Vilas<\/strong>, <strong>Claudio Romero<\/strong>, <strong>Mar\u00eda Sol M\u00e9ndez<\/strong>, <strong>Guillermo Gonz\u00e1lez Heredia<\/strong>, <strong>Victoria Rold\u00e1n M\u00e9ndez<\/strong> (VJ), <strong>Javier Andrade<\/strong>, <strong>Victoria Montenegro <\/strong>(Unidad Ciudadana), integrantes de la Comisi\u00f3n de Salud. Y por Legislaci\u00f3n del trabajo lo hicieron los diputados <strong>Ariel \u00c1lvarez Palma<\/strong>, <strong>Gonz\u00e1lez Heredia<\/strong>, <strong>Mercedes de las Casas<\/strong>, <strong>Diego Mar\u00edas <\/strong>y <strong>Garc\u00eda Vilas <\/strong>(VJ). Adem\u00e1s, estuvo <strong>Mar\u00eda Vischi <\/strong>(Evoluci\u00f3n).<\/p>\n","protected":false},"excerpt":{"rendered":"<div class=\"mh-excerpt\">El proyecto apunta a modificar la modalidad actual de Formaci\u00f3n de Residencias de Equipos de Salud y Apoyo en el \u00e1mbito de la Ciudad Aut\u00f3noma de Buenos Aires. Las Comisiones <a class=\"mh-excerpt-more\" href=\"https:\/\/www.comuna13online.com.ar\/?p=7626\" title=\"Presentan sistemas de formaci\u00f3n de residencias en la Legislatura\">[&#8230;]<\/a><\/div>\n","protected":false},"author":1,"featured_media":7630,"comment_status":"closed","ping_status":"closed","sticky":false,"template":"","format":"standard","meta":{"_uag_custom_page_level_css":"","_jetpack_memberships_contains_paid_content":false,"footnotes":"","jetpack_publicize_message":"","jetpack_publicize_feature_enabled":true,"jetpack_social_post_already_shared":true,"jetpack_social_options":{"image_generator_settings":{"template":"highway","default_image_id":0,"font":"","enabled":false},"version":2}},"categories":[44],"tags":[250,7,45],"class_list":{"0":"post-7626","1":"post","2":"type-post","3":"status-publish","4":"format-standard","5":"has-post-thumbnail","7":"category-salud","8":"tag-h2","9":"tag-legislatura","10":"tag-salud"},"jetpack_publicize_connections":[],"jetpack_featured_media_url":"https:\/\/www.comuna13online.com.ar\/wp-content\/uploads\/2019\/11\/20191126c1.jpg","uagb_featured_image_src":{"full":["https:\/\/www.comuna13online.com.ar\/wp-content\/uploads\/2019\/11\/20191126c1.jpg",678,452,false],"thumbnail":["https:\/\/www.comuna13online.com.ar\/wp-content\/uploads\/2019\/11\/20191126c1-150x150.jpg",96,96,true],"medium":["https:\/\/www.comuna13online.com.ar\/wp-content\/uploads\/2019\/11\/20191126c1.jpg",678,452,false],"medium_large":["https:\/\/www.comuna13online.com.ar\/wp-content\/uploads\/2019\/11\/20191126c1.jpg",678,452,false],"large":["https:\/\/www.comuna13online.com.ar\/wp-content\/uploads\/2019\/11\/20191126c1-657x438.jpg",657,438,true],"1536x1536":["https:\/\/www.comuna13online.com.ar\/wp-content\/uploads\/2019\/11\/20191126c1.jpg",678,452,false],"2048x2048":["https:\/\/www.comuna13online.com.ar\/wp-content\/uploads\/2019\/11\/20191126c1.jpg",678,452,false],"mh-magazine-slider":["https:\/\/www.comuna13online.com.ar\/wp-content\/uploads\/2019\/11\/20191126c1-678x438.jpg",678,438,true],"mh-magazine-content":["https:\/\/www.comuna13online.com.ar\/wp-content\/uploads\/2019\/11\/20191126c1-678x381.jpg",678,381,true],"mh-magazine-large":["https:\/\/www.comuna13online.com.ar\/wp-content\/uploads\/2019\/11\/20191126c1-678x452.jpg",678,452,true],"mh-magazine-medium":["https:\/\/www.comuna13online.com.ar\/wp-content\/uploads\/2019\/11\/20191126c1-326x245.jpg",326,245,true],"mh-magazine-small":["https:\/\/www.comuna13online.com.ar\/wp-content\/uploads\/2019\/11\/20191126c1-80x60.jpg",80,60,true],"sow-carousel-default":["https:\/\/www.comuna13online.com.ar\/wp-content\/uploads\/2019\/11\/20191126c1-272x182.jpg",272,182,true]},"uagb_author_info":{"display_name":"Comuna13","author_link":"https:\/\/www.comuna13online.com.ar\/?author=1"},"uagb_comment_info":0,"uagb_excerpt":"El proyecto apunta a modificar la modalidad actual de Formaci\u00f3n de Residencias de Equipos de Salud y Apoyo en el \u00e1mbito de la Ciudad Aut\u00f3noma de Buenos Aires. Las Comisiones [...]","jetpack_sharing_enabled":true,"_links":{"self":[{"href":"https:\/\/www.comuna13online.com.ar\/index.php?rest_route=\/wp\/v2\/posts\/7626","targetHints":{"allow":["GET"]}}],"collection":[{"href":"https:\/\/www.comuna13online.com.ar\/index.php?rest_route=\/wp\/v2\/posts"}],"about":[{"href":"https:\/\/www.comuna13online.com.ar\/index.php?rest_route=\/wp\/v2\/types\/post"}],"author":[{"embeddable":true,"href":"https:\/\/www.comuna13online.com.ar\/index.php?rest_route=\/wp\/v2\/users\/1"}],"replies":[{"embeddable":true,"href":"https:\/\/www.comuna13online.com.ar\/index.php?rest_route=%2Fwp%2Fv2%2Fcomments&post=7626"}],"version-history":[{"count":0,"href":"https:\/\/www.comuna13online.com.ar\/index.php?rest_route=\/wp\/v2\/posts\/7626\/revisions"}],"wp:featuredmedia":[{"embeddable":true,"href":"https:\/\/www.comuna13online.com.ar\/index.php?rest_route=\/wp\/v2\/media\/7630"}],"wp:attachment":[{"href":"https:\/\/www.comuna13online.com.ar\/index.php?rest_route=%2Fwp%2Fv2%2Fmedia&parent=7626"}],"wp:term":[{"taxonomy":"category","embeddable":true,"href":"https:\/\/www.comuna13online.com.ar\/index.php?rest_route=%2Fwp%2Fv2%2Fcategories&post=7626"},{"taxonomy":"post_tag","embeddable":true,"href":"https:\/\/www.comuna13online.com.ar\/index.php?rest_route=%2Fwp%2Fv2%2Ftags&post=7626"}],"curies":[{"name":"wp","href":"https:\/\/api.w.org\/{rel}","templated":true}]}}