{"id":7549,"date":"2019-11-20T06:00:16","date_gmt":"2019-11-20T09:00:16","guid":{"rendered":"http:\/\/www.comuna13online.com.ar\/?p=7549"},"modified":"2019-11-19T12:57:29","modified_gmt":"2019-11-19T15:57:29","slug":"7549","status":"publish","type":"post","link":"https:\/\/www.comuna13online.com.ar\/?p=7549","title":{"rendered":"Detuvieron a un ladr\u00f3n de 75 a\u00f1os mientras robaba un departamento"},"content":{"rendered":"<p><strong>La Polic\u00eda porte\u00f1a detuvo a un delincuente de 75 a\u00f1os, que pose\u00eda antecedentes por varios robos a departamentos. Fue capturado infraganti robando en una vivienda cuando sus due\u00f1os hab\u00edan salido.<\/strong><\/p>\n<p>En horas de la tarde de este mi\u00e9rcoles, personal de la Polic\u00eda Vecinal 2 B de la Polic\u00eda de la Ciudad fue desplazado a la calle Arenales al 1600 por un llamado al 911 de una mujer que afirmaba que hab\u00eda salido con su madre a hacer unos tr\u00e1mites y al volver encontraron la puerta del departamento entreabierta.<\/p>\n<p>Asustadas pensando que alguien podr\u00eda estar en el interior del inmueble, r\u00e1pidamente llamaron a la polic\u00eda que en cuesti\u00f3n de minutos se hizo presente en el lugar, encontrando dentro de vivienda a un sujeto revolviendo las pertenencias de las mujeres.<\/p>\n<p>El delincuente intent\u00f3 huLa Polic\u00eda de la Ciudad detuvo a un delincuente de 75 a\u00f1os, quien ten\u00eda en su haber varios robos a departamentos en el barrio de Recoleta. Fue capturado infraganti robando en una vivienda cuando sus propietarias hab\u00edan salido a realizar un tr\u00e1mite.<\/p>\n<p>En horas de la tarde de este mi\u00e9rcoles, personal de la Polic\u00eda Vecinal 2 B de la Polic\u00eda de la Ciudad fue desplazado a la calle Arenales al 1600 por un llamado al 911 de una mujer que afirmaba que hab\u00eda salido con su madre a hacer unos tr\u00e1mites y al volver encontraron la puerta del departamento entreabierta.<\/p>\n<p>Asustadas pensando que alguien podr\u00eda estar en el interior del inmueble, r\u00e1pidamente llamaron a la polic\u00eda que en cuesti\u00f3n de minutos se hizo presente en el lugar, encontrando dentro de vivienda a un sujeto revolviendo las pertenencias de las mujeres.<\/p>\n<p>El delincuente intent\u00f3 huir pero al verse acorralado por los efectivos porte\u00f1os, se entreg\u00f3.<\/p>\n<p>Tras identificarlo descubrieron que el individuo de avanzada edad, viv\u00eda en Belgrano y se dedicaba a realizar entraderas en el barrio de Recoleta, encontrando en sus bolsillos una lima y trozos de acetato que utilizaba para abrir las cerraduras.<\/p>\n<p>La Fiscal\u00eda Nacional Criminal y Correccional N\u00b0 50 a cargo del Dr. Fern\u00e1ndez, ante la Secretar\u00eda \u00danica de la Dra. Soule dispuso la detenci\u00f3n y el traslado del imputado a la comisar\u00eda de la zona.<\/p>\n<p>Se labraron actas por \u00abtentativa de hurto calificado en flagrancia\u00bb.ir pero al verse acorralado por los efectivos porte\u00f1os, se entreg\u00f3.<\/p>\n<p>Tras identificarlo descubrieron que el individuo de avanzada edad, viv\u00eda en Belgrano y se dedicaba a realizar entraderas en el barrio de Recoleta, encontrando en sus bolsillos una lima y trozos de acetato que utilizaba para abrir las cerraduras.<\/p>\n<p>La Fiscal\u00eda Nacional Criminal y Correccional N\u00b0 50 a cargo del Dr. Fern\u00e1ndez, ante la Secretar\u00eda \u00danica de la Dra. Soule dispuso la detenci\u00f3n y el traslado del imputado a la comisar\u00eda de la zona.<\/p>\n<p>Se labraron actas por \u00abtentativa de hurto calificado en flagrancia\u00bb.<\/p>\n<div data-carousel-extra='{&quot;blog_id&quot;:1,&quot;permalink&quot;:&quot;https:\/\/www.comuna13online.com.ar\/?p=7549&quot;}' id='gallery-1' class='gallery galleryid-7549 gallery-columns-2 gallery-size-large'><figure class='gallery-item'>\n\t\t\t<div class='gallery-icon portrait'>\n\t\t\t\t<a href='https:\/\/www.comuna13online.com.ar\/?attachment_id=7552'><img loading=\"lazy\" decoding=\"async\" width=\"291\" height=\"438\" src=\"https:\/\/www.comuna13online.com.ar\/wp-content\/uploads\/2019\/11\/20191120b2-291x438.jpg\" class=\"attachment-large size-large\" alt=\"\" srcset=\"https:\/\/www.comuna13online.com.ar\/wp-content\/uploads\/2019\/11\/20191120b2-291x438.jpg 291w, https:\/\/www.comuna13online.com.ar\/wp-content\/uploads\/2019\/11\/20191120b2-300x452.jpg 300w, https:\/\/www.comuna13online.com.ar\/wp-content\/uploads\/2019\/11\/20191120b2.jpg 720w\" sizes=\"auto, (max-width: 291px) 100vw, 291px\" data-attachment-id=\"7552\" data-permalink=\"https:\/\/www.comuna13online.com.ar\/?attachment_id=7552\" data-orig-file=\"https:\/\/www.comuna13online.com.ar\/wp-content\/uploads\/2019\/11\/20191120b2.jpg\" data-orig-size=\"720,1084\" data-comments-opened=\"0\" data-image-meta=\"{&quot;aperture&quot;:&quot;0&quot;,&quot;credit&quot;:&quot;&quot;,&quot;camera&quot;:&quot;&quot;,&quot;caption&quot;:&quot;&quot;,&quot;created_timestamp&quot;:&quot;0&quot;,&quot;copyright&quot;:&quot;&quot;,&quot;focal_length&quot;:&quot;0&quot;,&quot;iso&quot;:&quot;0&quot;,&quot;shutter_speed&quot;:&quot;0&quot;,&quot;title&quot;:&quot;&quot;,&quot;orientation&quot;:&quot;0&quot;}\" data-image-title=\"20191120b2\" data-image-description=\"\" data-image-caption=\"\" data-large-file=\"https:\/\/www.comuna13online.com.ar\/wp-content\/uploads\/2019\/11\/20191120b2-291x438.jpg\" \/><\/a>\n\t\t\t<\/div><\/figure><figure class='gallery-item'>\n\t\t\t<div class='gallery-icon portrait'>\n\t\t\t\t<a href='https:\/\/www.comuna13online.com.ar\/?attachment_id=7550'><img loading=\"lazy\" decoding=\"async\" width=\"291\" height=\"438\" src=\"https:\/\/www.comuna13online.com.ar\/wp-content\/uploads\/2019\/11\/20191120b3-291x438.jpg\" class=\"attachment-large size-large\" alt=\"\" srcset=\"https:\/\/www.comuna13online.com.ar\/wp-content\/uploads\/2019\/11\/20191120b3-291x438.jpg 291w, https:\/\/www.comuna13online.com.ar\/wp-content\/uploads\/2019\/11\/20191120b3-300x452.jpg 300w, https:\/\/www.comuna13online.com.ar\/wp-content\/uploads\/2019\/11\/20191120b3.jpg 720w\" sizes=\"auto, (max-width: 291px) 100vw, 291px\" data-attachment-id=\"7550\" data-permalink=\"https:\/\/www.comuna13online.com.ar\/?attachment_id=7550\" data-orig-file=\"https:\/\/www.comuna13online.com.ar\/wp-content\/uploads\/2019\/11\/20191120b3.jpg\" data-orig-size=\"720,1084\" data-comments-opened=\"0\" data-image-meta=\"{&quot;aperture&quot;:&quot;0&quot;,&quot;credit&quot;:&quot;&quot;,&quot;camera&quot;:&quot;&quot;,&quot;caption&quot;:&quot;&quot;,&quot;created_timestamp&quot;:&quot;0&quot;,&quot;copyright&quot;:&quot;&quot;,&quot;focal_length&quot;:&quot;0&quot;,&quot;iso&quot;:&quot;0&quot;,&quot;shutter_speed&quot;:&quot;0&quot;,&quot;title&quot;:&quot;&quot;,&quot;orientation&quot;:&quot;0&quot;}\" data-image-title=\"20191120b3\" data-image-description=\"\" data-image-caption=\"\" data-large-file=\"https:\/\/www.comuna13online.com.ar\/wp-content\/uploads\/2019\/11\/20191120b3-291x438.jpg\" \/><\/a>\n\t\t\t<\/div><\/figure>\n\t\t<\/div>\n\n","protected":false},"excerpt":{"rendered":"<div class=\"mh-excerpt\">La Polic\u00eda porte\u00f1a detuvo a un delincuente de 75 a\u00f1os, que pose\u00eda antecedentes por varios robos a departamentos. Fue capturado infraganti robando en una vivienda cuando sus due\u00f1os hab\u00edan salido. <a class=\"mh-excerpt-more\" href=\"https:\/\/www.comuna13online.com.ar\/?p=7549\" title=\"Detuvieron a un ladr\u00f3n de 75 a\u00f1os mientras robaba un departamento\">[&#8230;]<\/a><\/div>\n","protected":false},"author":1,"featured_media":7551,"comment_status":"closed","ping_status":"closed","sticky":false,"template":"","format":"standard","meta":{"_uag_custom_page_level_css":"","_jetpack_memberships_contains_paid_content":false,"footnotes":"","jetpack_publicize_message":"","jetpack_publicize_feature_enabled":true,"jetpack_social_post_already_shared":true,"jetpack_social_options":{"image_generator_settings":{"template":"highway","default_image_id":0,"font":"","enabled":false},"version":2}},"categories":[186],"tags":[246,250,188,17],"class_list":{"0":"post-7549","1":"post","2":"type-post","3":"status-publish","4":"format-standard","5":"has-post-thumbnail","7":"category-policiales","8":"tag-h1","9":"tag-h2","10":"tag-policiales","11":"tag-seguridad"},"jetpack_publicize_connections":[],"jetpack_featured_media_url":"https:\/\/www.comuna13online.com.ar\/wp-content\/uploads\/2019\/11\/20191120b.jpg","uagb_featured_image_src":{"full":["https:\/\/www.comuna13online.com.ar\/wp-content\/uploads\/2019\/11\/20191120b.jpg",1030,438,false],"thumbnail":["https:\/\/www.comuna13online.com.ar\/wp-content\/uploads\/2019\/11\/20191120b-150x150.jpg",96,96,true],"medium":["https:\/\/www.comuna13online.com.ar\/wp-content\/uploads\/2019\/11\/20191120b-678x288.jpg",678,288,true],"medium_large":["https:\/\/www.comuna13online.com.ar\/wp-content\/uploads\/2019\/11\/20191120b-768x327.jpg",768,327,true],"large":["https:\/\/www.comuna13online.com.ar\/wp-content\/uploads\/2019\/11\/20191120b.jpg",1030,438,false],"1536x1536":["https:\/\/www.comuna13online.com.ar\/wp-content\/uploads\/2019\/11\/20191120b.jpg",1030,438,false],"2048x2048":["https:\/\/www.comuna13online.com.ar\/wp-content\/uploads\/2019\/11\/20191120b.jpg",1030,438,false],"mh-magazine-slider":["https:\/\/www.comuna13online.com.ar\/wp-content\/uploads\/2019\/11\/20191120b.jpg",1030,438,false],"mh-magazine-content":["https:\/\/www.comuna13online.com.ar\/wp-content\/uploads\/2019\/11\/20191120b-678x381.jpg",678,381,true],"mh-magazine-large":["https:\/\/www.comuna13online.com.ar\/wp-content\/uploads\/2019\/11\/20191120b-678x438.jpg",678,438,true],"mh-magazine-medium":["https:\/\/www.comuna13online.com.ar\/wp-content\/uploads\/2019\/11\/20191120b-326x245.jpg",326,245,true],"mh-magazine-small":["https:\/\/www.comuna13online.com.ar\/wp-content\/uploads\/2019\/11\/20191120b-80x60.jpg",80,60,true],"sow-carousel-default":["https:\/\/www.comuna13online.com.ar\/wp-content\/uploads\/2019\/11\/20191120b-272x182.jpg",272,182,true]},"uagb_author_info":{"display_name":"Comuna13","author_link":"https:\/\/www.comuna13online.com.ar\/?author=1"},"uagb_comment_info":0,"uagb_excerpt":"La Polic\u00eda porte\u00f1a detuvo a un delincuente de 75 a\u00f1os, que pose\u00eda antecedentes por varios robos a departamentos. Fue capturado infraganti robando en una vivienda cuando sus due\u00f1os hab\u00edan salido. [...]","jetpack_sharing_enabled":true,"_links":{"self":[{"href":"https:\/\/www.comuna13online.com.ar\/index.php?rest_route=\/wp\/v2\/posts\/7549","targetHints":{"allow":["GET"]}}],"collection":[{"href":"https:\/\/www.comuna13online.com.ar\/index.php?rest_route=\/wp\/v2\/posts"}],"about":[{"href":"https:\/\/www.comuna13online.com.ar\/index.php?rest_route=\/wp\/v2\/types\/post"}],"author":[{"embeddable":true,"href":"https:\/\/www.comuna13online.com.ar\/index.php?rest_route=\/wp\/v2\/users\/1"}],"replies":[{"embeddable":true,"href":"https:\/\/www.comuna13online.com.ar\/index.php?rest_route=%2Fwp%2Fv2%2Fcomments&post=7549"}],"version-history":[{"count":0,"href":"https:\/\/www.comuna13online.com.ar\/index.php?rest_route=\/wp\/v2\/posts\/7549\/revisions"}],"wp:featuredmedia":[{"embeddable":true,"href":"https:\/\/www.comuna13online.com.ar\/index.php?rest_route=\/wp\/v2\/media\/7551"}],"wp:attachment":[{"href":"https:\/\/www.comuna13online.com.ar\/index.php?rest_route=%2Fwp%2Fv2%2Fmedia&parent=7549"}],"wp:term":[{"taxonomy":"category","embeddable":true,"href":"https:\/\/www.comuna13online.com.ar\/index.php?rest_route=%2Fwp%2Fv2%2Fcategories&post=7549"},{"taxonomy":"post_tag","embeddable":true,"href":"https:\/\/www.comuna13online.com.ar\/index.php?rest_route=%2Fwp%2Fv2%2Ftags&post=7549"}],"curies":[{"name":"wp","href":"https:\/\/api.w.org\/{rel}","templated":true}]}}