{"id":7466,"date":"2019-11-08T11:42:35","date_gmt":"2019-11-08T14:42:35","guid":{"rendered":"http:\/\/www.comuna13online.com.ar\/?p=7466"},"modified":"2019-11-08T11:42:35","modified_gmt":"2019-11-08T14:42:35","slug":"piden-informacion-sobre-casos-de-sarampion-y-hantavirus-en-la-ciudad","status":"publish","type":"post","link":"https:\/\/www.comuna13online.com.ar\/?p=7466","title":{"rendered":"Piden informaci\u00f3n sobre casos de sarampi\u00f3n y hantavirus en la Ciudad"},"content":{"rendered":"<p><strong>Los legisladores solicitan al Gobierno porte\u00f1o que brinde precisiones sobra la cantidad de casos detectados, a qu\u00e9 grupo etario corresponden y si se cuenta con las medicaciones necesarias para tratarlos.<\/strong><\/p>\n<p><img loading=\"lazy\" decoding=\"async\" data-attachment-id=\"7468\" data-permalink=\"https:\/\/www.comuna13online.com.ar\/?attachment_id=7468\" data-orig-file=\"https:\/\/www.comuna13online.com.ar\/wp-content\/uploads\/2019\/11\/20191108c2.jpg\" data-orig-size=\"678,452\" data-comments-opened=\"0\" data-image-meta=\"{&quot;aperture&quot;:&quot;0&quot;,&quot;credit&quot;:&quot;&quot;,&quot;camera&quot;:&quot;&quot;,&quot;caption&quot;:&quot;&quot;,&quot;created_timestamp&quot;:&quot;0&quot;,&quot;copyright&quot;:&quot;&quot;,&quot;focal_length&quot;:&quot;0&quot;,&quot;iso&quot;:&quot;0&quot;,&quot;shutter_speed&quot;:&quot;0&quot;,&quot;title&quot;:&quot;&quot;,&quot;orientation&quot;:&quot;0&quot;}\" data-image-title=\"20191108c2\" data-image-description=\"\" data-image-caption=\"\" data-large-file=\"https:\/\/www.comuna13online.com.ar\/wp-content\/uploads\/2019\/11\/20191108c2-657x438.jpg\" class=\"alignnone size-full wp-image-7468\" src=\"http:\/\/www.comuna13online.com.ar\/wp-content\/uploads\/2019\/11\/20191108c2.jpg\" alt=\"\" width=\"678\" height=\"452\" srcset=\"https:\/\/www.comuna13online.com.ar\/wp-content\/uploads\/2019\/11\/20191108c2.jpg 678w, https:\/\/www.comuna13online.com.ar\/wp-content\/uploads\/2019\/11\/20191108c2-657x438.jpg 657w, https:\/\/www.comuna13online.com.ar\/wp-content\/uploads\/2019\/11\/20191108c2-272x182.jpg 272w\" sizes=\"auto, (max-width: 678px) 100vw, 678px\" \/><\/p>\n<p>Por iniciativa del Diputado del Bloque Peronista Santiago Roberto, la Legislatura porte\u00f1a aprob\u00f3 ayer en sesi\u00f3n ordinaria, dos pedidos de informes para que el Gobierno de la Ciudad brinde detalles acerca de los casos de sarampi\u00f3n y hantavirus detectados en nuestra Ciudad desde 2018 hasta la actualidad.<\/p>\n<p>De esta manera, el Ejecutivo deber\u00e1 informar el n\u00famero de casos detectados; cu\u00e1ntos de ellos corresponden a ni\u00f1os, adultos, embarazadas y adultos mayores; as\u00ed como tambi\u00e9n si \u201chay suficientes medicamentos, vacunas y recursos humanos para efectuar el control necesario para una enfermedad que podr\u00eda ser de alto contagio m\u00e1s a\u00fan en edad escolar\u201d.<\/p>\n<figure id=\"attachment_7470\" aria-describedby=\"caption-attachment-7470\" style=\"width: 250px\" class=\"wp-caption alignright\"><img loading=\"lazy\" decoding=\"async\" data-attachment-id=\"7470\" data-permalink=\"https:\/\/www.comuna13online.com.ar\/?attachment_id=7470\" data-orig-file=\"https:\/\/www.comuna13online.com.ar\/wp-content\/uploads\/2019\/11\/20191108c3.jpg\" data-orig-size=\"250,189\" data-comments-opened=\"0\" data-image-meta=\"{&quot;aperture&quot;:&quot;0&quot;,&quot;credit&quot;:&quot;&quot;,&quot;camera&quot;:&quot;&quot;,&quot;caption&quot;:&quot;&quot;,&quot;created_timestamp&quot;:&quot;0&quot;,&quot;copyright&quot;:&quot;&quot;,&quot;focal_length&quot;:&quot;0&quot;,&quot;iso&quot;:&quot;0&quot;,&quot;shutter_speed&quot;:&quot;0&quot;,&quot;title&quot;:&quot;&quot;,&quot;orientation&quot;:&quot;0&quot;}\" data-image-title=\"20191108c3\" data-image-description=\"\" data-image-caption=\"\" data-large-file=\"https:\/\/www.comuna13online.com.ar\/wp-content\/uploads\/2019\/11\/20191108c3.jpg\" class=\"wp-image-7470 size-full\" src=\"http:\/\/www.comuna13online.com.ar\/wp-content\/uploads\/2019\/11\/20191108c3.jpg\" alt=\"\" width=\"250\" height=\"189\" srcset=\"https:\/\/www.comuna13online.com.ar\/wp-content\/uploads\/2019\/11\/20191108c3.jpg 250w, https:\/\/www.comuna13online.com.ar\/wp-content\/uploads\/2019\/11\/20191108c3-80x60.jpg 80w\" sizes=\"auto, (max-width: 250px) 100vw, 250px\" \/><figcaption id=\"caption-attachment-7470\" class=\"wp-caption-text\"><em>Santiago Roberto<\/em><\/figcaption><\/figure>\n<p>En los fundamentos de ambas normativas los legisladores advirtieron sobre el incremento de los pacientes afectados por ambas enfermedades y remarcaron que \u201cla Ciudad cuenta con un presupuesto importante en comparaci\u00f3n a otras provincias para llevar adelante las funciones de cobertura de la salud de sus habitantes\u201d.<\/p>\n<p>En lo que respecta a los casos de sarampi\u00f3n, destacaron que \u201cse ha tomado conocimiento por medio de vecinos que en la Comuna 8 se han incrementado los casos de sarampi\u00f3n en el \u00faltimo a\u00f1o y medio\u201d e insistieron en la necesidad de contar con datos estad\u00edsticos segmentados por Comunas. Mientras que sobre el hantavirus no pudieron precisar cu\u00e1ntos pacientes se encuentran afectados, aunque denunciaron que \u201cse tomado conocimiento dialogando por medio de vecinos y personal m\u00e9dico que se registraron aumentos significativos de casos\u201d.<\/p>\n<h4>El Ministerio de Salud de la Ciudad de Buenos Aires adopto nuevas medidas para controlar la propagaci\u00f3n del Sarampi\u00f3n debido a la aparici\u00f3n de nuevos casos:<\/h4>\n<ul>\n<li>Deben vacunarse con Vacuna Triple Viral todos los ni\u00f1os de 6 a 11 meses\u00a0que vivan tanto en la Ciudad de Buenos Aires como en el conurbano (Regiones Sanitarias V, VI, VII y XII).<\/li>\n<li>Todos los ni\u00f1os de 13 meses a 4 a\u00f1os inclusive, deben acreditar al menos dos dosis de vacuna Triple Viral aplicadas a partir del a\u00f1o de vida.<\/li>\n<li>Los adultos deben tener al menos dos dosis de Vacuna Triple Viral o una dosis de Triple Viral y una de Doble Viral.<\/li>\n<\/ul>\n<h4>\u00bfQu\u00e9 es el sarampi\u00f3n?<\/h4>\n<p>El sarampi\u00f3n es una enfermedad infecciosa altamente transmisible que puede ocasionar severas complicaciones en los menores de dos a\u00f1os y en las personas inmunocomprometidas.<\/p>\n<p>El sarampi\u00f3n es una enfermedad que puede afectar a todas las personas susceptibles, y tener m\u00e1s posibilidades de complicaciones, en los menores y en las personas con compromiso de la inmunidad.<\/p>\n<h4>\u00bfCu\u00e1les son los s\u00edntomas?<\/h4>\n<ul>\n<li>Fiebre alta.<\/li>\n<li>Exantemas.<\/li>\n<li>Secreci\u00f3n nasal, conjuntivitis y tos.<\/li>\n<li>Peque\u00f1as manchas blancas en la cara interna de la mejilla.<\/li>\n<li>Erupci\u00f3n en la cara y cuello que se va extendiendo al resto del cuerpo.<\/li>\n<\/ul>\n<p><img loading=\"lazy\" decoding=\"async\" data-attachment-id=\"7469\" data-permalink=\"https:\/\/www.comuna13online.com.ar\/?attachment_id=7469\" data-orig-file=\"https:\/\/www.comuna13online.com.ar\/wp-content\/uploads\/2019\/11\/20191108c1.jpg\" data-orig-size=\"678,452\" data-comments-opened=\"0\" data-image-meta=\"{&quot;aperture&quot;:&quot;0&quot;,&quot;credit&quot;:&quot;&quot;,&quot;camera&quot;:&quot;&quot;,&quot;caption&quot;:&quot;&quot;,&quot;created_timestamp&quot;:&quot;0&quot;,&quot;copyright&quot;:&quot;&quot;,&quot;focal_length&quot;:&quot;0&quot;,&quot;iso&quot;:&quot;0&quot;,&quot;shutter_speed&quot;:&quot;0&quot;,&quot;title&quot;:&quot;&quot;,&quot;orientation&quot;:&quot;0&quot;}\" data-image-title=\"20191108c1\" data-image-description=\"\" data-image-caption=\"\" data-large-file=\"https:\/\/www.comuna13online.com.ar\/wp-content\/uploads\/2019\/11\/20191108c1-657x438.jpg\" class=\"alignnone size-full wp-image-7469\" src=\"http:\/\/www.comuna13online.com.ar\/wp-content\/uploads\/2019\/11\/20191108c1.jpg\" alt=\"\" width=\"678\" height=\"452\" srcset=\"https:\/\/www.comuna13online.com.ar\/wp-content\/uploads\/2019\/11\/20191108c1.jpg 678w, https:\/\/www.comuna13online.com.ar\/wp-content\/uploads\/2019\/11\/20191108c1-657x438.jpg 657w, https:\/\/www.comuna13online.com.ar\/wp-content\/uploads\/2019\/11\/20191108c1-272x182.jpg 272w\" sizes=\"auto, (max-width: 678px) 100vw, 678px\" \/><\/p>\n<p><strong>D\u00f3nde est\u00e1n y en que horario funcionan los vacunatorios:<\/strong><\/p>\n<table class=\"table table-hover\">\n<thead>\n<tr>\n<th>ESTABLECIMIENTO<\/th>\n<th>DIRECCI\u00d3N<\/th>\n<th>BARRIO<\/th>\n<th>TEL\u00c9FONO<\/th>\n<th>HORARIO<\/th>\n<\/tr>\n<\/thead>\n<tbody>\n<tr>\n<td><strong>Hospital \u00c1lvarez<\/strong><\/td>\n<td><a href=\"http:\/\/mapa.buenosaires.gob.ar\/comollego\/?lat=-34.624292&amp;lng=-58.469422&amp;zl=15&amp;modo=transporte&amp;dir=Aranguren%2C+Juan+F.%2C+Dr.+2701\" target=\"_blank\" rel=\"noopener noreferrer\">Aranguren 2701<\/a>\u00a0(Pabell\u00f3n I)<\/td>\n<td>Flores<\/td>\n<td>4630-2900 (Int 2010)<\/td>\n<td>lunes a viernes de 7:00 a 13:00 hs.<\/td>\n<\/tr>\n<tr>\n<td>CeSac 34<\/td>\n<td><a href=\"http:\/\/mapa.buenosaires.gob.ar\/comollego\/?lat=-34.606526&amp;lng=-58.478186&amp;zl=15&amp;modo=transporte&amp;dir=Artigas%2C+Jose+Gervasio%2C+Gral.+2262\" target=\"_blank\" rel=\"noopener noreferrer\">Gral. Jos\u00e9 G. Artigas 2262<\/a><\/td>\n<td>Villa del Parque<\/td>\n<td>4585-1514<\/td>\n<td>lunes a viernes de 8:30 a 13:00 hs y de 14:00 a 17:00 hs<\/td>\n<\/tr>\n<tr>\n<td><strong>Hospital Argerich<\/strong><\/td>\n<td><a href=\"http:\/\/mapa.buenosaires.gob.ar\/comollego\/?lat=-34.628423&amp;lng=-58.366048&amp;zl=15&amp;modo=transporte&amp;dir=Brown%2C+Alte.+Av.+240\" target=\"_blank\" rel=\"noopener noreferrer\">Almirante Brown 240<\/a><\/td>\n<td>La Boca<\/td>\n<td>4121-0706<\/td>\n<td>lunes a viernes de 8:00 a 12:00 y 13:00 a 17:00 hs<\/td>\n<\/tr>\n<tr>\n<td>CeSac 9<\/td>\n<td><a href=\"http:\/\/mapa.buenosaires.gob.ar\/comollego\/?lat=-34.640111&amp;lng=-58.366091&amp;zl=15&amp;modo=transporte&amp;dir=Irala+1254\" target=\"_blank\" rel=\"noopener noreferrer\">Irala 1254<\/a><\/td>\n<td>La Boca<\/td>\n<td>4302-9983<\/td>\n<td>lunes a viernes de 8 a 12 hs y de 14 a 17 hs<\/td>\n<\/tr>\n<tr>\n<td>CeSac 15<\/td>\n<td><a href=\"http:\/\/mapa.buenosaires.gob.ar\/comollego\/?lat=-34.620725&amp;lng=-58.372486&amp;zl=15&amp;modo=transporte&amp;dir=Humberto+1%C2%B0+470\" target=\"_blank\" rel=\"noopener noreferrer\">Humberto 1\u00ba 470<\/a><\/td>\n<td>San Telmo<\/td>\n<td>4361-4938<\/td>\n<td>lunes a viernes de 8.00 a 12.00 hs y de 14:00 a 17:00 hs<\/td>\n<\/tr>\n<tr>\n<td>CeSac 41<\/td>\n<td><a href=\"http:\/\/mapa.buenosaires.gob.ar\/comollego\/?lat=-34.631301&amp;lng=-58.357852&amp;zl=15&amp;modo=transporte&amp;dir=Brin%2C+Ministro+843\" target=\"_blank\" rel=\"noopener noreferrer\">Ministro Brin 843<\/a><\/td>\n<td>La Boca<\/td>\n<td>4361-8736 (Int. 106)<\/td>\n<td>lunes a viernes de 8:00 a 13:00 hs y de 14:00 a 17:30 hs<\/td>\n<\/tr>\n<tr>\n<td>Centro Boca &#8211; Barracas<\/td>\n<td><a href=\"http:\/\/mapa.buenosaires.gob.ar\/comollego\/?lat=-34.648849&amp;lng=-58.368022&amp;zl=15&amp;modo=transporte&amp;dir=Regimiento+De+Patricios+Av.+1941\" target=\"_blank\" rel=\"noopener noreferrer\">Regimiento Patricios 1941<\/a><\/td>\n<td>La Boca<\/td>\n<td>&#8211;<\/td>\n<td>lunes a viernes de 8:00 a 14:00 hs<\/td>\n<\/tr>\n<tr>\n<td><strong>Hospital de Cl\u00ednicas<\/strong><\/td>\n<td><a href=\"http:\/\/mapa.buenosaires.gob.ar\/comollego\/?lat=-34.599444&amp;lng=-58.400681&amp;zl=15&amp;modo=transporte&amp;dir=Cordoba+Av.+2351\" target=\"_blank\" rel=\"noopener noreferrer\">Av. C\u00f3rdoba 2351<\/a><\/td>\n<td>Recoleta<\/td>\n<td>5950-8579<\/td>\n<td>lunes a viernes de 8:00 a 12:00 hs y de 13.00 a 16:00 hs<\/td>\n<\/tr>\n<tr>\n<td><strong>Hospital Durand<\/strong><\/td>\n<td><a href=\"http:\/\/mapa.buenosaires.gob.ar\/comollego\/?lat=-34.608875&amp;lng=-58.437889&amp;zl=15&amp;modo=transporte&amp;dir=Diaz+Velez+Av.+5044\" target=\"_blank\" rel=\"noopener noreferrer\">D\u00edaz V\u00e9lez 5044<\/a>\u00a0Pabell\u00f3n Romano<\/td>\n<td>Caballito<\/td>\n<td>4981- 4842<\/td>\n<td>lunes a viernes de 8:30 a 12:00 hs y de 12:30 a 17:00 hs<br \/>\n<strong>Centro Antirr\u00e1bico:<\/strong>\u00a0lunes a domingos de 8.30 a 12.00 y de 12.30 a 18.00 hs<\/td>\n<\/tr>\n<tr>\n<td>CeSac 22<\/td>\n<td><a href=\"https:\/\/mapa.buenosaires.gob.ar\/informacion\/?lat=-34.600874&amp;lng=-58.459089&amp;zl=15&amp;modo=transporte&amp;dir=Fragata+Pres.+Sarmiento+2152&amp;ilat=-34.605431&amp;ilng=-58.460186&amp;fid=hospitales_especializados%7C12\" target=\"_blank\" rel=\"noopener noreferrer\">Fragata Pres. Sarmiento 2152<\/a><\/td>\n<td>Paternal<\/td>\n<td>4855-6268<\/td>\n<td>lunes a viernes de 8:30 a 18:30 hs<\/td>\n<\/tr>\n<tr>\n<td>CeSac 38<\/td>\n<td><a href=\"http:\/\/mapa.buenosaires.gob.ar\/comollego\/?lat=-34.606614&amp;lng=-58.421452&amp;zl=15&amp;modo=transporte&amp;dir=Medrano+Av.+350\" target=\"_blank\" rel=\"noopener noreferrer\">Medrano 350<\/a><\/td>\n<td>Almagro<\/td>\n<td>4958-4783<\/td>\n<td>lunes a viernes 9:00 a 12:00 hs y de 14:00 a 16:00 hs<\/td>\n<\/tr>\n<tr>\n<td><strong>Hospital Elizalde<\/strong><\/td>\n<td><a href=\"http:\/\/mapa.buenosaires.gob.ar\/comollego\/?lat=-34.628900&amp;lng=-58.377635&amp;zl=15&amp;modo=transporte&amp;dir=Montes+De+Oca%2C+Manuel+Av.+40\" target=\"_blank\" rel=\"noopener noreferrer\">Montes de Oca 40<\/a><\/td>\n<td>Barracas<\/td>\n<td>4363-2100 (Int. 6039)<\/td>\n<td>Lunes a viernes de 8 a 15 hs<\/td>\n<\/tr>\n<tr>\n<td><strong>Hospital Fern\u00e1ndez<\/strong><\/td>\n<td><a href=\"http:\/\/mapa.buenosaires.gob.ar\/comollego\/?lat=-34.581042&amp;lng=-58.406761&amp;zl=15&amp;modo=transporte&amp;dir=Cervi%C3%B1o+Av.+3356\" target=\"_blank\" rel=\"noopener noreferrer\">Cervi\u00f1o 3356<\/a><\/td>\n<td>Palermo<\/td>\n<td>4808-2600 (Int. 1016)<\/td>\n<td>lunes a viernes de 08:00 a 16:00 hs<\/td>\n<\/tr>\n<tr>\n<td>CeSac 17<\/td>\n<td><a href=\"https:\/\/mapa.buenosaires.gob.ar\/comollego\/?lat=-34.592726&amp;lng=-58.420525&amp;zl=15&amp;modo=transporte&amp;dir=El+Salvador+4087\" target=\"_blank\" rel=\"noopener noreferrer\">El Salvador 4087<\/a>\u00a0Escuela N\u00b09<\/td>\n<td>Palermo<\/td>\n<td>4862-1886<\/td>\n<td>lunes a viernes de 9:00 a 16:00 hs<\/td>\n<\/tr>\n<tr>\n<td>CeSac 21<\/td>\n<td><a href=\"http:\/\/mapa.buenosaires.gob.ar\/comollego\/?lat=-34.584676&amp;lng=-58.373258&amp;zl=15&amp;modo=transporte&amp;dir=CeSAC+N%C2%B0+21\" target=\"_blank\" rel=\"noopener noreferrer\">Gendarmer\u00eda Nacional 522<\/a><\/td>\n<td>Retiro<\/td>\n<td>4313-6985<\/td>\n<td>lunes a viernes de 8:30 a 12:30 hs<\/td>\n<\/tr>\n<tr>\n<td>CeSac 25<\/td>\n<td><a href=\"https:\/\/www.buenosaires.gob.ar\/\" target=\"_blank\" rel=\"noopener noreferrer\">E.E.U.U. de Brasil y Ant\u00e1rtida Argentina Escuela 25<\/a><\/td>\n<td>Palermo<\/td>\n<td>4315-1553<\/td>\n<td>lunes a viernes de 9:00 a 15.00 hs<\/td>\n<\/tr>\n<tr>\n<td>CeSac 26<\/td>\n<td><a href=\"http:\/\/mapa.buenosaires.gob.ar\/comollego\/?lat=-34.587150&amp;lng=-58.425744&amp;zl=15&amp;modo=transporte&amp;dir=Gurruchaga+1939\" target=\"_blank\" rel=\"noopener noreferrer\">Gurruchaga 1939<\/a><\/td>\n<td>Villa Crespo<\/td>\n<td>4897-2156<\/td>\n<td>lunes a viernes de 9:00 a 16.00 hs<\/td>\n<\/tr>\n<tr>\n<td>CeSac 47<\/td>\n<td><a href=\"https:\/\/mapa.buenosaires.gob.ar\/comollego\/?lat=-34.583691&amp;lng=-58.378639&amp;zl=17&amp;modo=transporte&amp;dir=Villa+31\" target=\"_blank\" rel=\"noopener noreferrer\">Calle play\u00f3n (ex galp\u00f3n SIC)<\/a><\/td>\n<td>Barrio 31 (Retiro)<\/td>\n<td>&#8211;<\/td>\n<td>lunes a viernes 9:00 a 15:00 hs<\/td>\n<\/tr>\n<tr>\n<td><strong>Hospital Garrahan<\/strong><\/td>\n<td><a href=\"http:\/\/mapa.buenosaires.gob.ar\/comollego\/?lat=-34.630832&amp;lng=-58.391527&amp;zl=15&amp;modo=transporte&amp;dir=Combate+De+Los+Pozos+1881\" target=\"_blank\" rel=\"noopener noreferrer\">Combate de Los Pozos 1881<\/a><\/td>\n<td>Constituci\u00f3n<\/td>\n<td>4122-6000 (Int. 6684)<\/td>\n<td>lunes a viernes de 8:00 a 15:00 hs<\/td>\n<\/tr>\n<tr>\n<td><strong>Hospital Guti\u00e9rrez<\/strong><\/td>\n<td><a href=\"http:\/\/mapa.buenosaires.gob.ar\/comollego\/?lat=-34.594851&amp;lng=-58.412740&amp;zl=15&amp;modo=transporte&amp;dir=Sanchez+De+Bustamante+1330\" target=\"_blank\" rel=\"noopener noreferrer\">Sanchez De Bustamante 1330<\/a><\/td>\n<td>Palermo<\/td>\n<td>4962-8367<\/td>\n<td>lunes a viernes de 8:30 a 14:30 hs<\/td>\n<\/tr>\n<tr>\n<td><strong>Hospital Mu\u00f1iz<\/strong><\/td>\n<td><a href=\"http:\/\/mapa.buenosaires.gob.ar\/comollego\/?lat=-34.637233&amp;lng=-58.393042&amp;zl=15&amp;modo=transporte&amp;dir=Uspallata+2272\" target=\"_blank\" rel=\"noopener noreferrer\">Uspallata 2272<\/a><\/td>\n<td>Parque Patricios<\/td>\n<td>4305-0847<\/td>\n<td>lunes a viernes de 7.30 hs a 16:00 hs. S\u00e1bados de 8.00 a 12.00 hs.<\/td>\n<\/tr>\n<tr>\n<td><strong>Hospital Penna<\/strong><\/td>\n<td><a href=\"http:\/\/mapa.buenosaires.gob.ar\/comollego\/?lat=-34.643059&amp;lng=-58.411453&amp;zl=15&amp;modo=transporte&amp;dir=Chutro%2C+Pedro%2C+Prof.%2C+Dr.+3380\" target=\"_blank\" rel=\"noopener noreferrer\">Pedro Chutro 3380<\/a><\/td>\n<td>Parque Patricios<\/td>\n<td>4911-4796\/4302-0059<\/td>\n<td>lunes a viernes de 7:30 a 12:30 hs y de 13:30 a 17:00 hs.<\/td>\n<\/tr>\n<tr>\n<td>CeSac 1<\/td>\n<td><a href=\"http:\/\/mapa.buenosaires.gob.ar\/comollego\/?lat=-34.649026&amp;lng=-58.389308&amp;zl=15&amp;modo=transporte&amp;dir=Velez+Sarsfield+Av.+1271\" target=\"_blank\" rel=\"noopener noreferrer\">V\u00e9lez Sarsfield 1271<\/a><\/td>\n<td>Barracas<\/td>\n<td>4303-2634<\/td>\n<td>lunes a viernes de 8:30 a 16:30 hs<\/td>\n<\/tr>\n<tr>\n<td>CeSac 8<\/td>\n<td><a href=\"http:\/\/mapa.buenosaires.gob.ar\/comollego\/?lat=-34.655839&amp;lng=-58.395274&amp;zl=15&amp;modo=transporte&amp;dir=CeSAC+N%C2%B0+8\" target=\"_blank\" rel=\"noopener noreferrer\">Osvaldo Cruz 3485<\/a><\/td>\n<td>Barracas<\/td>\n<td>4302-3825<\/td>\n<td>lunes a viernes de 8:30 a 16:00 hs<\/td>\n<\/tr>\n<tr>\n<td>CeSac 10<\/td>\n<td><a href=\"http:\/\/mapa.buenosaires.gob.ar\/comollego\/?lat=-34.633349&amp;lng=-58.383729&amp;zl=15&amp;modo=transporte&amp;dir=Alcorta%2C+Amancio+Av.+1402\" target=\"_blank\" rel=\"noopener noreferrer\">Amancio Alcorta 1402<\/a><\/td>\n<td>Barracas<\/td>\n<td>4304-2002<\/td>\n<td>lunes a viernes de 8:30 a 16:30 hs<\/td>\n<\/tr>\n<tr>\n<td>CeSac 16<\/td>\n<td><a href=\"http:\/\/mapa.buenosaires.gob.ar\/comollego\/?lat=-34.651815&amp;lng=-58.374546&amp;zl=15&amp;modo=transporte&amp;dir=Cruz%2C+Osvaldo+Av.+2045\" target=\"_blank\" rel=\"noopener noreferrer\">Osvaldo Cruz 2045<\/a><\/td>\n<td>Barracas<\/td>\n<td>4301-6411\/9058\/312 (Int. 104)<\/td>\n<td>lunes a viernes de 8:30 a 16:30 hs<\/td>\n<\/tr>\n<tr>\n<td>CeSac 30<\/td>\n<td><a href=\"http:\/\/mapa.buenosaires.gob.ar\/comollego\/?lat=-34.645742&amp;lng=-58.401625&amp;zl=15&amp;modo=transporte&amp;dir=Alcorta%2C+Amancio+Av.+2900\" target=\"_blank\" rel=\"noopener noreferrer\">Amancio Alcorta 2900<\/a>(tr\u00e1iler celeste, frente al Ceamse)<\/td>\n<td>Parque Patricios<\/td>\n<td>4348-9037<\/td>\n<td>lunes a viernes de 8:00 a 16:30 hs<\/td>\n<\/tr>\n<tr>\n<td>CeSac 32<\/td>\n<td><a href=\"http:\/\/mapa.buenosaires.gob.ar\/comollego\/?lat=-34.654251&amp;lng=-58.431151&amp;zl=15&amp;modo=transporte&amp;dir=Charrua+2900\" target=\"_blank\" rel=\"noopener noreferrer\">Charr\u00faa 2900<\/a><\/td>\n<td>Nueva Pompeya<\/td>\n<td>4919-7106<\/td>\n<td>lunes a viernes de 08:30 a 16:30 hs<\/td>\n<\/tr>\n<tr>\n<td>CeSac 35<\/td>\n<td><a href=\"http:\/\/mapa.buenosaires.gob.ar\/comollego\/?lat=-34.656475&amp;lng=-58.399222&amp;zl=15&amp;modo=transporte&amp;dir=CeSAC+N%C2%B0+35\" target=\"_blank\" rel=\"noopener noreferrer\">Osvaldo Cruz y Zabaleta<\/a><\/td>\n<td>Barracas<\/td>\n<td>4301-8720<\/td>\n<td>lunes a viernes de 8:30 a 16.30 hs<\/td>\n<\/tr>\n<tr>\n<td>CeSac 39<\/td>\n<td><a href=\"http:\/\/mapa.buenosaires.gob.ar\/comollego\/?lat=-34.631019&amp;lng=-58.409865&amp;zl=15&amp;modo=transporte&amp;dir=24+De+Noviembre+1679\" target=\"_blank\" rel=\"noopener noreferrer\">24 de Noviembre 1679<\/a><\/td>\n<td>Parque Patricios<\/td>\n<td>4911-3576<\/td>\n<td>lunes a viernes de 8:30 a 16:30 hs<\/td>\n<\/tr>\n<tr>\n<td><strong>Hospital Pi\u00f1ero<\/strong><\/td>\n<td><a href=\"http:\/\/mapa.buenosaires.gob.ar\/comollego\/?lat=-34.644118&amp;lng=-58.453681&amp;zl=15&amp;modo=transporte&amp;dir=Varela+Av.+1301\" target=\"_blank\" rel=\"noopener noreferrer\">Varela 1301<\/a><\/td>\n<td>Flores<\/td>\n<td>4631-8100\/4632-3016 (Int. 1504)<\/td>\n<td>Lunes a viernes de 8 a 12 hs y de 13 a 16 hs<\/td>\n<\/tr>\n<tr>\n<td>CeSac 6<\/td>\n<td><a href=\"http:\/\/mapa.buenosaires.gob.ar\/comollego\/?lat=-34.666766&amp;lng=-58.440949&amp;zl=15&amp;modo=transporte&amp;dir=Acosta%2C+Mariano+y+Roca%2C+Cnel.+Av.\" target=\"_blank\" rel=\"noopener noreferrer\">M. Acosta y Roca<\/a><\/td>\n<td>Villa Soldati<\/td>\n<td>4918-4879<\/td>\n<td>Lunes a viernes de 8:30 a 13:00 hs y de 14:00 a 15:30 hs<\/td>\n<\/tr>\n<tr>\n<td>CeSac 13<\/td>\n<td><a href=\"http:\/\/mapa.buenosaires.gob.ar\/comollego\/?lat=-34.643236&amp;lng=-58.482134&amp;zl=15&amp;modo=transporte&amp;dir=Directorio+Av.+4210\" target=\"_blank\" rel=\"noopener noreferrer\">Directorio 4210<\/a><\/td>\n<td>Parque Avellaneda<\/td>\n<td>4671-5693<\/td>\n<td>lunes a viernes 8:30 a 13 hs y de 14 a 15:45 hs<\/td>\n<\/tr>\n<tr>\n<td>CeSac 18<\/td>\n<td><a href=\"http:\/\/mapa.buenosaires.gob.ar\/comollego\/?lat=-34.673770&amp;lng=-58.468230&amp;zl=15&amp;modo=transporte&amp;dir=Miralla+y+Batlle+Y+Ordo%C3%B1ez%2C+Jose+P.T.\" target=\"_blank\" rel=\"noopener noreferrer\">Miralla y Batlle Ord\u00f3\u00f1ez<\/a><\/td>\n<td>Villa Lugano<\/td>\n<td>4638-7226<\/td>\n<td>lunes a viernes 8 a 13:30 hs y 14 a 16 hs<\/td>\n<\/tr>\n<tr>\n<td>CeSac 19<\/td>\n<td><a href=\"http:\/\/mapa.buenosaires.gob.ar\/comollego\/?lat=-34.642953&amp;lng=-58.442266&amp;zl=15&amp;modo=transporte&amp;dir=Curapaligue+1905\" target=\"_blank\" rel=\"noopener noreferrer\">Curapalig\u00fce 1905<\/a><\/td>\n<td>Nueva Pompeya<\/td>\n<td>4925-0992<\/td>\n<td>lunes a viernes 8 a 16 hs<\/td>\n<\/tr>\n<tr>\n<td>CeSac 20<\/td>\n<td><a href=\"http:\/\/mapa.buenosaires.gob.ar\/comollego\/?lat=-34.649379&amp;lng=-58.438103&amp;zl=15&amp;modo=transporte&amp;dir=CeSAC+N%C2%B0+20\" target=\"_blank\" rel=\"noopener noreferrer\">Ana M. Janner y Charr\u00faa<\/a><\/td>\n<td>Villa Soldati<\/td>\n<td>4919-2144<\/td>\n<td>lunes a viernes de 8:30 a 12:30 hs y de 13:30 a 15:30 hs<\/td>\n<\/tr>\n<tr>\n<td>CeSac 24<\/td>\n<td><a href=\"http:\/\/mapa.buenosaires.gob.ar\/comollego\/?lat=-34.657887&amp;lng=-58.455484&amp;zl=15&amp;modo=transporte&amp;dir=CeSAC+N%C2%B0+24\" target=\"_blank\" rel=\"noopener noreferrer\">Pasaje L entre Mart\u00ednez Castro y Laguna<\/a><\/td>\n<td>Villa Soldati<\/td>\n<td>4637-2002<\/td>\n<td>lunes a viernes de 9 a 12 hs y 14 a 17 hs<\/td>\n<\/tr>\n<tr>\n<td>CeSac 31<\/td>\n<td><a href=\"http:\/\/mapa.buenosaires.gob.ar\/comollego\/?lat=-34.645813&amp;lng=-58.433683&amp;zl=15&amp;modo=transporte&amp;dir=CeSAC+N%C2%B0+31\" target=\"_blank\" rel=\"noopener noreferrer\">Av. Riestra y Ana Mar\u00eda Janner<\/a><\/td>\n<td>Nueva Pompeya<\/td>\n<td>4919-3994<\/td>\n<td>lunes a viernes 8 a 15 hs.<\/td>\n<\/tr>\n<tr>\n<td>CeSac 40<\/td>\n<td><a href=\"http:\/\/mapa.buenosaires.gob.ar\/comollego\/?lat=-34.645072&amp;lng=-58.445485&amp;zl=15&amp;modo=transporte&amp;dir=Bonorino%2C+Esteban%2C+Cnel.+Av.+1729\" target=\"_blank\" rel=\"noopener noreferrer\">Esteban Bonorino 1729 y Casta\u00f1ares<\/a><\/td>\n<td>Flores<\/td>\n<td>4631-4554<\/td>\n<td>lunes a viernes de 9 a 13 hs y de 14 a 16 hs<\/td>\n<\/tr>\n<tr>\n<td>CeSac 43<\/td>\n<td><a href=\"https:\/\/mapa.buenosaires.gob.ar\/comollego\/?lat=-34.677722&amp;lng=-58.466531&amp;zl=15&amp;modo=transporte&amp;dir=Fonrouge+4377\" target=\"_blank\" rel=\"noopener noreferrer\">Fonrouge 4377<\/a><\/td>\n<td>Villa Lugano<\/td>\n<td>4602-4178<\/td>\n<td>lunes a viernes 8:30 a 13:30 hs y 14:30 a 15:30 hs<\/td>\n<\/tr>\n<tr>\n<td>CeSac 44<\/td>\n<td><a href=\"http:\/\/mapa.buenosaires.gob.ar\/comollego\/?lat=-34.660569&amp;lng=-58.467500&amp;zl=15&amp;modo=transporte&amp;dir=Saraza+4202\" target=\"_blank\" rel=\"noopener noreferrer\">Saraza 4202<\/a><\/td>\n<td>Barrio Samor\u00e9<\/td>\n<td>4601-3686<\/td>\n<td>lunes, martes, mi\u00e9rcoles y viernes de 9 a 13 hs y de 14 a 16 hs. Jueves de 9 a 11 hs y de 14 a 16 hs<\/td>\n<\/tr>\n<tr>\n<td><strong>Centro Asistencial Cecilia Grierson<\/strong><\/td>\n<td><a href=\"http:\/\/mapa.buenosaires.gob.ar\/comollego\/?lat=-34.673770&amp;lng=-58.459046&amp;zl=15&amp;modo=transporte&amp;dir=Fernandez+De+La+Cruz%2C+F.%2C+Gral.+Av.+4402\" target=\"_blank\" rel=\"noopener noreferrer\">Av. Gral. Fern\u00e1ndez de la Cruz 4402<\/a><\/td>\n<td>Villa Lugano<\/td>\n<td>4604-9000 (Int. 5)<\/td>\n<td>lunes a viernes de 8:30 a 12:30 hs y de 13:00 a 16:30 hs<\/td>\n<\/tr>\n<tr>\n<td><strong>Hospital Pirovano<\/strong><\/td>\n<td><a href=\"http:\/\/mapa.buenosaires.gob.ar\/comollego\/?lat=-34.565100&amp;lng=-58.471019&amp;zl=15&amp;modo=transporte&amp;dir=Monroe+Av.+3555\" target=\"_blank\" rel=\"noopener noreferrer\">Monroe 3555<\/a><\/td>\n<td>Coghlan<\/td>\n<td>El vacunatorio no tiene tel. Conmutador: 4542-552\/2772\/9279<\/td>\n<td>lunes a viernes de 8 a 13 hs y de 14 a 16 hs<\/td>\n<\/tr>\n<tr>\n<td>CeSac 2<\/td>\n<td><a href=\"http:\/\/mapa.buenosaires.gob.ar\/comollego\/?lat=-34.576444&amp;lng=-58.509429&amp;zl=15&amp;modo=transporte&amp;dir=Terrada+5850\" target=\"_blank\" rel=\"noopener noreferrer\">Terrada 5850<\/a><\/td>\n<td>Villa Pueyrred\u00f3n<\/td>\n<td>4572-9520\/6798\/3581<\/td>\n<td>lunes a viernes de 8:30 a 12:30 hs<\/td>\n<\/tr>\n<tr>\n<td>CeSac 12<\/td>\n<td><a href=\"http:\/\/mapa.buenosaires.gob.ar\/comollego\/?lat=-34.569800&amp;lng=-58.474324&amp;zl=15&amp;modo=transporte&amp;dir=Olazabal+Av.+3960\" target=\"_blank\" rel=\"noopener noreferrer\">Olaz\u00e1bal 3960<\/a><\/td>\n<td>Villa Urquiza<\/td>\n<td>4543-2494\/4541-8446<\/td>\n<td>lunes a viernes de 8:30 a 13:30 hs y de 14:00 a 16:00 hs<\/td>\n<\/tr>\n<tr>\n<td>CeSac 27<\/td>\n<td><a href=\"http:\/\/mapa.buenosaires.gob.ar\/comollego\/?lat=-34.547747&amp;lng=-58.486640&amp;zl=15&amp;modo=transporte&amp;dir=Arias+3783\" target=\"_blank\" rel=\"noopener noreferrer\">Arias 3783<\/a><\/td>\n<td>Saavedra<\/td>\n<td>4543-2998 Int. 102<\/td>\n<td>lunes a viernes de 8:30 a 13 hs y de 14 a 16 hs<\/td>\n<\/tr>\n<tr>\n<td><strong>Hospital Ramos Mej\u00eda<\/strong><\/td>\n<td><a href=\"http:\/\/mapa.buenosaires.gob.ar\/comollego\/?lat=-34.617634&amp;lng=-58.409436&amp;zl=15&amp;modo=transporte&amp;dir=Urquiza%2C+Gral.+609\" target=\"_blank\" rel=\"noopener noreferrer\">Gral. Urquiza 609<\/a><\/td>\n<td>Balvanera<\/td>\n<td>4127-0241<\/td>\n<td>lunes a viernes de 7:00 a 11:30 hs y de 12:00 a 16:45 hs<\/td>\n<\/tr>\n<tr>\n<td>CeSac 11<\/td>\n<td><a href=\"http:\/\/mapa.buenosaires.gob.ar\/comollego\/?lat=-34.599020&amp;lng=-58.410594&amp;zl=15&amp;modo=transporte&amp;dir=Aguero+940\" target=\"_blank\" rel=\"noopener noreferrer\">Ag\u00fcero 940<\/a><\/td>\n<td>Balvanera<\/td>\n<td>4864-1446<\/td>\n<td>lunes a viernes de 8:30 a 12:30 y de 13:30 a 15:30 hs.<\/td>\n<\/tr>\n<tr>\n<td>CeSac 45<\/td>\n<td><a href=\"http:\/\/mapa.buenosaires.gob.ar\/comollego\/?lat=-34.625335&amp;lng=-58.402305&amp;zl=15&amp;modo=transporte&amp;dir=Cochabamba+2626\" target=\"_blank\" rel=\"noopener noreferrer\">Cochabamba 2626<\/a><\/td>\n<td>Balvanera<\/td>\n<td>4941-0969<\/td>\n<td>lunes a viernes de 9 a 16:45 hs<\/td>\n<\/tr>\n<tr>\n<td><strong>Hospital Rivadavia<\/strong><\/td>\n<td><a href=\"http:\/\/mapa.buenosaires.gob.ar\/comollego\/?lat=-34.584358&amp;lng=-58.400853&amp;zl=15&amp;modo=transporte&amp;dir=Las+Heras+General+Av.+2670\" target=\"_blank\" rel=\"noopener noreferrer\">Las Heras 2670<\/a><\/td>\n<td>Recoleta<\/td>\n<td>4809-2000 (Int. 2158)<\/td>\n<td>Vacunatorio primer piso lunes a viernes de 7 a 12:45 hs. Vacunatorio de Pediatr\u00eda: de 8 a 12:45 hs<\/td>\n<\/tr>\n<tr>\n<td><strong>Hospital Santojanni<\/strong><\/td>\n<td><a href=\"http:\/\/mapa.buenosaires.gob.ar\/comollego\/?lat=-34.649343&amp;lng=-58.515823&amp;zl=15&amp;modo=transporte&amp;dir=Pilar+950\" target=\"_blank\" rel=\"noopener noreferrer\">Pilar 950<\/a><\/td>\n<td>Mataderos<\/td>\n<td>4630-5792\/1<\/td>\n<td>todos los d\u00edas (inclusive feriados) de 8 a 12:45 hs y de 14 a 17 hs<\/td>\n<\/tr>\n<tr>\n<td>CeSac 3<\/td>\n<td><a href=\"http:\/\/mapa.buenosaires.gob.ar\/comollego\/?lat=-34.684538&amp;lng=-58.464147&amp;zl=15&amp;modo=transporte&amp;dir=Soldado+De+La+Frontera+Av.+5144\" target=\"_blank\" rel=\"noopener noreferrer\">Soldado de la Frontera 5144<\/a><\/td>\n<td>Villa Lugano<\/td>\n<td>4605-7823 (Int. 106)<\/td>\n<td>lunes a viernes de 8 a 12 hs y de 13 a 17 hs<\/td>\n<\/tr>\n<tr>\n<td>CeSac 4<\/td>\n<td><a href=\"http:\/\/mapa.buenosaires.gob.ar\/comollego\/?lat=-34.655557&amp;lng=-58.507240&amp;zl=15&amp;modo=transporte&amp;dir=Alberdi%2C+Juan+Bautista+Av.+y+Pilar\" target=\"_blank\" rel=\"noopener noreferrer\">Alberdi y Pilar<\/a><\/td>\n<td>Mataderos<\/td>\n<td>4686-6660<\/td>\n<td>lunes a viernes de 8 a 13 hs y de 14 a 16 hs<\/td>\n<\/tr>\n<tr>\n<td>CeSac 5<\/td>\n<td><a href=\"http:\/\/mapa.buenosaires.gob.ar\/comollego\/?lat=-34.670523&amp;lng=-58.495309&amp;zl=15&amp;modo=transporte&amp;dir=Piedra+Buena+Av.+3140\" target=\"_blank\" rel=\"noopener noreferrer\">Av. Piedrabuena 3140<\/a><\/td>\n<td>Villa Lugano<\/td>\n<td>4687-0494<\/td>\n<td>lunes a viernes de 8 a 12 hs y de 13 a 16 hs<\/td>\n<\/tr>\n<tr>\n<td>CeSac 7<\/td>\n<td><a href=\"http:\/\/mapa.buenosaires.gob.ar\/comollego\/?lat=-34.678111&amp;lng=-58.491275&amp;zl=15&amp;modo=transporte&amp;dir=2+De+Abril+De+1982+y+Montiel\" target=\"_blank\" rel=\"noopener noreferrer\">2 de Abril y Montiel<\/a><\/td>\n<td>Villa Lugano<\/td>\n<td>4602-5161<\/td>\n<td>lunes a viernes de 8 a 13 hs y de 14 a 16 hs<\/td>\n<\/tr>\n<tr>\n<td>CeSac 28<\/td>\n<td><a href=\"http:\/\/mapa.buenosaires.gob.ar\/comollego\/?lat=-34.688875&amp;lng=-58.463252&amp;zl=15&amp;modo=transporte&amp;dir=Cafayate+5388\" target=\"_blank\" rel=\"noopener noreferrer\">Cafayate 5388<\/a><\/td>\n<td>Villa Lugano<\/td>\n<td>5030-9786<\/td>\n<td>lunes a viernes de 8 a 14 hs<\/td>\n<\/tr>\n<tr>\n<td>CeSac 29<\/td>\n<td><a href=\"http:\/\/mapa.buenosaires.gob.ar\/comollego\/?lat=-34.684887&amp;lng=-58.484838&amp;zl=15&amp;modo=transporte&amp;dir=Dellepiane%2C+Luis%2C+Tte.+Gral.+y+Paz%2C+Gral.+Av.\" target=\"_blank\" rel=\"noopener noreferrer\">Dellepiane y Gral. Paz<\/a>\u00a0Manzana 3 Casa 40<\/td>\n<td>Villa Lugano<\/td>\n<td>4601-7973<\/td>\n<td>lunes a viernes de 8 a 15:30 hs<\/td>\n<\/tr>\n<tr>\n<td>CeSac 37<\/td>\n<td><a href=\"https:\/\/mapa.buenosaires.gob.ar\/comollego\/?lat=-34.665839&amp;lng=-58.504135&amp;zl=15&amp;modo=transporte&amp;dir=Carhue+y+De+Los+Corrales+Av.\" target=\"_blank\" rel=\"noopener noreferrer\">Carhue y Av. De los Corrales<\/a><\/td>\n<td>Mataderos<\/td>\n<td>4687-2657<\/td>\n<td>lunes a viernes de 8 a 12:30 hs y 13:30 a 17 hs<\/td>\n<\/tr>\n<tr>\n<td><strong>Hospital Sard\u00e1<\/strong><\/td>\n<td><a href=\"http:\/\/mapa.buenosaires.gob.ar\/comollego\/?lat=-34.634832&amp;lng=-58.402569&amp;zl=15&amp;modo=transporte&amp;dir=Luca%2C+Esteban+De+2151\" target=\"_blank\" rel=\"noopener noreferrer\">Esteban de Luca 2151<\/a><\/td>\n<td>Parque Patricios<\/td>\n<td>4943-5028 (Int 7185)<\/td>\n<td>lunes a viernes de 8.30 a 16.30 hs<\/td>\n<\/tr>\n<tr>\n<td><strong>Hospital Torn\u00fa<\/strong><\/td>\n<td><a href=\"http:\/\/mapa.buenosaires.gob.ar\/comollego\/?lat=-34.582027&amp;lng=-58.473822&amp;zl=15&amp;modo=transporte&amp;dir=Combatientes+De+Malvinas+Av.+3300\" target=\"_blank\" rel=\"noopener noreferrer\">Combatientes de Malvinas 3300<\/a><\/td>\n<td>Parque Chas<\/td>\n<td>4521-1236\/3600 (Int. 203)<\/td>\n<td>lunes a viernes de 8 a 13 hs y de 14 a 17 hs<\/td>\n<\/tr>\n<tr>\n<td>CeSac 33<\/td>\n<td><a href=\"http:\/\/mapa.buenosaires.gob.ar\/comollego\/?lat=-34.586443&amp;lng=-58.441751&amp;zl=15&amp;modo=transporte&amp;dir=Cordoba+Av.+5741\" target=\"_blank\" rel=\"noopener noreferrer\">Av. C\u00f3rdoba 5741<\/a><\/td>\n<td>Villa Crespo<\/td>\n<td>5197-5078<\/td>\n<td>lunes, mi\u00e9rcoles y jueves de 8 a 13 hs. y martes y viernes de 10 a 13 hs.<\/td>\n<\/tr>\n<tr>\n<td><strong>Hospital Velez Sarsfield<\/strong><\/td>\n<td><a href=\"http:\/\/mapa.buenosaires.gob.ar\/comollego\/?lat=-34.625227&amp;lng=-58.507540&amp;zl=15&amp;modo=transporte&amp;dir=Calderon+De+La+Barca%2C+Pedro+1550\" target=\"_blank\" rel=\"noopener noreferrer\">Calder\u00f3n de la Barca 1550<\/a><\/td>\n<td>Monte Castro<\/td>\n<td>4639-7456<\/td>\n<td>lunes a jueves de 8 a 12 hs y de 14 a 16 hs. Viernes de 8 a 12 hs<\/td>\n<\/tr>\n<tr>\n<td>CeSac 36<\/td>\n<td><a href=\"http:\/\/mapa.buenosaires.gob.ar\/comollego\/?lat=-34.621943&amp;lng=-58.491833&amp;zl=15&amp;modo=transporte&amp;dir=Mercedes+1371\" target=\"_blank\" rel=\"noopener noreferrer\">Mercedes 1371\/79<\/a><\/td>\n<td>Villa Santa Rita<\/td>\n<td>4567-1891<\/td>\n<td>lunes, martes, mi\u00e9rcoles y viernes de 8:30 a 12:30 hs, Jueves de 10:45 a 12:30 hs. Y lunes a viernes de 14:00 a 16:00 hs<\/td>\n<\/tr>\n<tr>\n<td><strong>Hospital Zubizarreta<\/strong><\/td>\n<td><a href=\"http:\/\/mapa.buenosaires.gob.ar\/comollego\/?lat=-34.599903&amp;lng=-58.511231&amp;zl=15&amp;modo=transporte&amp;dir=Nueva+York+3952\" target=\"_blank\" rel=\"noopener noreferrer\">Nueva York 3952<\/a><\/td>\n<td>Villa Devoto<\/td>\n<td>4501-0683 (Int. 148)<\/td>\n<td>lunes a viernes de 8 a 13 y 13:30 a 15:30 hs<\/td>\n<\/tr>\n<\/tbody>\n<\/table>\n<p>&nbsp;<\/p>\n","protected":false},"excerpt":{"rendered":"<div class=\"mh-excerpt\">Los legisladores solicitan al Gobierno porte\u00f1o que brinde precisiones sobra la cantidad de casos detectados, a qu\u00e9 grupo etario corresponden y si se cuenta con las medicaciones necesarias para tratarlos. <a class=\"mh-excerpt-more\" href=\"https:\/\/www.comuna13online.com.ar\/?p=7466\" title=\"Piden informaci\u00f3n sobre casos de sarampi\u00f3n y hantavirus en la Ciudad\">[&#8230;]<\/a><\/div>\n","protected":false},"author":1,"featured_media":7467,"comment_status":"closed","ping_status":"closed","sticky":false,"template":"","format":"standard","meta":{"_uag_custom_page_level_css":"","_jetpack_memberships_contains_paid_content":false,"footnotes":"","jetpack_publicize_message":"","jetpack_publicize_feature_enabled":true,"jetpack_social_post_already_shared":true,"jetpack_social_options":{"image_generator_settings":{"template":"highway","default_image_id":0,"font":"","enabled":false},"version":2}},"categories":[21],"tags":[246,250,7,45],"class_list":{"0":"post-7466","1":"post","2":"type-post","3":"status-publish","4":"format-standard","5":"has-post-thumbnail","7":"category-legislatura","8":"tag-h1","9":"tag-h2","10":"tag-legislatura","11":"tag-salud"},"jetpack_publicize_connections":[],"jetpack_featured_media_url":"https:\/\/www.comuna13online.com.ar\/wp-content\/uploads\/2019\/11\/20191108c.jpg","uagb_featured_image_src":{"full":["https:\/\/www.comuna13online.com.ar\/wp-content\/uploads\/2019\/11\/20191108c.jpg",1030,438,false],"thumbnail":["https:\/\/www.comuna13online.com.ar\/wp-content\/uploads\/2019\/11\/20191108c-150x150.jpg",96,96,true],"medium":["https:\/\/www.comuna13online.com.ar\/wp-content\/uploads\/2019\/11\/20191108c-678x288.jpg",678,288,true],"medium_large":["https:\/\/www.comuna13online.com.ar\/wp-content\/uploads\/2019\/11\/20191108c-768x327.jpg",768,327,true],"large":["https:\/\/www.comuna13online.com.ar\/wp-content\/uploads\/2019\/11\/20191108c.jpg",1030,438,false],"1536x1536":["https:\/\/www.comuna13online.com.ar\/wp-content\/uploads\/2019\/11\/20191108c.jpg",1030,438,false],"2048x2048":["https:\/\/www.comuna13online.com.ar\/wp-content\/uploads\/2019\/11\/20191108c.jpg",1030,438,false],"mh-magazine-slider":["https:\/\/www.comuna13online.com.ar\/wp-content\/uploads\/2019\/11\/20191108c.jpg",1030,438,false],"mh-magazine-content":["https:\/\/www.comuna13online.com.ar\/wp-content\/uploads\/2019\/11\/20191108c-678x381.jpg",678,381,true],"mh-magazine-large":["https:\/\/www.comuna13online.com.ar\/wp-content\/uploads\/2019\/11\/20191108c-678x438.jpg",678,438,true],"mh-magazine-medium":["https:\/\/www.comuna13online.com.ar\/wp-content\/uploads\/2019\/11\/20191108c-326x245.jpg",326,245,true],"mh-magazine-small":["https:\/\/www.comuna13online.com.ar\/wp-content\/uploads\/2019\/11\/20191108c-80x60.jpg",80,60,true],"sow-carousel-default":["https:\/\/www.comuna13online.com.ar\/wp-content\/uploads\/2019\/11\/20191108c-272x182.jpg",272,182,true]},"uagb_author_info":{"display_name":"Comuna13","author_link":"https:\/\/www.comuna13online.com.ar\/?author=1"},"uagb_comment_info":0,"uagb_excerpt":"Los legisladores solicitan al Gobierno porte\u00f1o que brinde precisiones sobra la cantidad de casos detectados, a qu\u00e9 grupo etario corresponden y si se cuenta con las medicaciones necesarias para tratarlos. [...]","jetpack_sharing_enabled":true,"_links":{"self":[{"href":"https:\/\/www.comuna13online.com.ar\/index.php?rest_route=\/wp\/v2\/posts\/7466","targetHints":{"allow":["GET"]}}],"collection":[{"href":"https:\/\/www.comuna13online.com.ar\/index.php?rest_route=\/wp\/v2\/posts"}],"about":[{"href":"https:\/\/www.comuna13online.com.ar\/index.php?rest_route=\/wp\/v2\/types\/post"}],"author":[{"embeddable":true,"href":"https:\/\/www.comuna13online.com.ar\/index.php?rest_route=\/wp\/v2\/users\/1"}],"replies":[{"embeddable":true,"href":"https:\/\/www.comuna13online.com.ar\/index.php?rest_route=%2Fwp%2Fv2%2Fcomments&post=7466"}],"version-history":[{"count":0,"href":"https:\/\/www.comuna13online.com.ar\/index.php?rest_route=\/wp\/v2\/posts\/7466\/revisions"}],"wp:featuredmedia":[{"embeddable":true,"href":"https:\/\/www.comuna13online.com.ar\/index.php?rest_route=\/wp\/v2\/media\/7467"}],"wp:attachment":[{"href":"https:\/\/www.comuna13online.com.ar\/index.php?rest_route=%2Fwp%2Fv2%2Fmedia&parent=7466"}],"wp:term":[{"taxonomy":"category","embeddable":true,"href":"https:\/\/www.comuna13online.com.ar\/index.php?rest_route=%2Fwp%2Fv2%2Fcategories&post=7466"},{"taxonomy":"post_tag","embeddable":true,"href":"https:\/\/www.comuna13online.com.ar\/index.php?rest_route=%2Fwp%2Fv2%2Ftags&post=7466"}],"curies":[{"name":"wp","href":"https:\/\/api.w.org\/{rel}","templated":true}]}}