{"id":7458,"date":"2019-11-08T10:19:45","date_gmt":"2019-11-08T13:19:45","guid":{"rendered":"http:\/\/www.comuna13online.com.ar\/?p=7458"},"modified":"2019-11-08T10:19:45","modified_gmt":"2019-11-08T13:19:45","slug":"la-ciudad-debera-brindarles-cobertura-y-seguro-de-riesgos-de-trabajo-a-los-agentes-de-transito","status":"publish","type":"post","link":"https:\/\/www.comuna13online.com.ar\/?p=7458","title":{"rendered":"La Ciudad deber\u00e1 brindarles cobertura y seguro de riesgos de trabajo a los Agentes de Tr\u00e1nsito:"},"content":{"rendered":"<p><strong>As\u00ed lo hab\u00eda ordenado la justicia porte\u00f1a el pasado 1\u00ba de noviembre. El Gobierno de la Ciudad de Buenos Aires comunic\u00f3 hoy que consiente la medida.<\/strong><\/p>\n<p><img loading=\"lazy\" decoding=\"async\" data-attachment-id=\"7460\" data-permalink=\"https:\/\/www.comuna13online.com.ar\/?attachment_id=7460\" data-orig-file=\"https:\/\/www.comuna13online.com.ar\/wp-content\/uploads\/2019\/11\/20191108a1.jpg\" data-orig-size=\"678,466\" data-comments-opened=\"0\" data-image-meta=\"{&quot;aperture&quot;:&quot;0&quot;,&quot;credit&quot;:&quot;&quot;,&quot;camera&quot;:&quot;&quot;,&quot;caption&quot;:&quot;&quot;,&quot;created_timestamp&quot;:&quot;0&quot;,&quot;copyright&quot;:&quot;&quot;,&quot;focal_length&quot;:&quot;0&quot;,&quot;iso&quot;:&quot;0&quot;,&quot;shutter_speed&quot;:&quot;0&quot;,&quot;title&quot;:&quot;&quot;,&quot;orientation&quot;:&quot;0&quot;}\" data-image-title=\"20191108a1\" data-image-description=\"\" data-image-caption=\"\" data-large-file=\"https:\/\/www.comuna13online.com.ar\/wp-content\/uploads\/2019\/11\/20191108a1-637x438.jpg\" class=\"alignnone size-full wp-image-7460\" src=\"http:\/\/www.comuna13online.com.ar\/wp-content\/uploads\/2019\/11\/20191108a1.jpg\" alt=\"\" width=\"678\" height=\"466\" srcset=\"https:\/\/www.comuna13online.com.ar\/wp-content\/uploads\/2019\/11\/20191108a1.jpg 678w, https:\/\/www.comuna13online.com.ar\/wp-content\/uploads\/2019\/11\/20191108a1-658x452.jpg 658w, https:\/\/www.comuna13online.com.ar\/wp-content\/uploads\/2019\/11\/20191108a1-637x438.jpg 637w\" sizes=\"auto, (max-width: 678px) 100vw, 678px\" \/><\/p>\n<p>La titular del Juzgado n.\u00ba 6 en lo Contencioso Administrativo y Tributario,\u00a0<strong>Patricia L\u00f3pez Vergara<\/strong>, hab\u00eda hecho lugar a la medida cautelar y ordenado al Gobierno de la Ciudad de Buenos Aires que deb\u00eda \u00ababstenerse de agravar y\/o socavar y\/o desfavorecer el v\u00ednculo que contractualmente refleja la situaci\u00f3n laboral que mantiene a la fecha con los Agentes de Tr\u00e1nsito\u00bb. Todo ello en el marco de los autos caratulados\u00a0<em>\u00abAsociaci\u00f3n Trabajadores del Estado. contra GCBA sobre Amparo \u2013 empleo p\u00fablico \u2013 otros\u00bb<\/em>.<\/p>\n<p>Por tanto, indic\u00f3 que el Ejecutivo \u00abdeber\u00e1 con car\u00e1cter\u00a0<strong>urgente<\/strong>\u00a0proteger de forma inmediata la vida, la salud y mejorar las condiciones de trabajo en las cuales estos trabajadores desempe\u00f1an las funciones de Agentes de Tr\u00e1nsito -es decir, sobre aquellos que no revistan en planta permanente- y\u00a0<strong>garantizarles la prevenci\u00f3n y cobertura de prestaciones frente a riesgos de trabajo<\/strong>, lo cual incluye la reparaci\u00f3n de los da\u00f1os derivados de accidentes de trabajo, la cobertura de enfermedades profesionales y en su caso, la indemnizaci\u00f3n por invalidez sobreviniente. Todo ello hasta tanto cada uno de los agentes contratadas pase a integrar la planta transitoria de la Administraci\u00f3n\u00bb.<\/p>\n<p>La magistrada record\u00f3 que entre las obligaciones internacionales asumidas, se encuentra el\u00a0<strong>Convenio OIT n.\u00ba 155:\u00a0<\/strong>\u00aben el cual se busca promover la\u00a0<strong>seguridad\u00a0<\/strong>y\u00a0<strong>salud<\/strong>\u00a0en el trabajo y las\u00a0<strong>mejoras<\/strong>\u00a0en sus condiciones\u00bb. Adem\u00e1s, en el orden local, el texto de la\u00a0<strong>ley n.\u00ba 2.540<\/strong>, en el marco del acuerdo celebrado entre el Ministerio de Trabajo, Empleo y Seguridad Social de la Naci\u00f3n, la Provincia de Buenos Aires y el GCBA, estas jurisdicciones hace hincapi\u00e9 en la necesidad de\u00a0<em>\u201cpromover el \u2018<strong>trabajo decente\u2019<\/strong>; y se comprometen a ejecutar en forma articulada acciones tendientes a instaurar el empleo de calidad que garantice un\u00a0<strong>trabajo digno<\/strong>, el cumplimiento de las condiciones legales y convencionales, la eliminaci\u00f3n de toda forma de trabajo que implique una clara y absoluta violaci\u00f3n de los derechos de los trabajadores y de sus\u00a0<strong>condiciones de salud y seguridad<\/strong><\/em>\u201d. En ese sentido expres\u00f3: \u00ab<b>Trabajo decente es trabajo seguro\u00bb<\/b>.<\/p>\n<p>Asimismo, la titular del Juzgado n.\u00ba 6 razon\u00f3: \u00abpareciera que el propio Jefe de Gobierno en 2013 al suscribir el decreto con el Jefe de Gabinete asume \u2018la importancia de la labor y la naturaleza de los servicios [que el Cuerpo de Agentes] presta a los ciudadanos\u2019 y luego los contrata como locador de servicios. Si un empleador particular violara de tal modo las leyes laborales, inmediatamente ser\u00eda multado por la violaci\u00f3n a la normativa de la LCT.\u00a0<b>\u00bfY el Estado garante del cumplimiento de las leyes es el primero en violarlas?<\/b>\u00ab.<\/p>\n<p>En su sentencia, enfatiz\u00f3 que\u00a0<strong>\u00ablos Agentes de Tr\u00e1nsito son seres humanos que a trav\u00e9s de su presencia permanente en la v\u00eda p\u00fablica tienen a su cargo el control del tr\u00e1nsito vehicular, la educaci\u00f3n vial y velan por la seguridad y cuidado tanto de los peatones como de los conductores\u00bb<\/strong>.\u00a0<strong>\u00abPero\u2026 \u00bfqui\u00e9n cuida de ellos?\u00bb<\/strong>, se pregunt\u00f3. En ese orden de ideas, agreg\u00f3 que \u00abse descuenta la necesidad de explicitar para ello la imperiosa necesidad de evitar que acontezca la p\u00e9rdida de otra vida humana, mientras se clama por justicia, la cual debe responder al mismo en pos de evitar dar soluci\u00f3n a los conflictos en forma tard\u00eda.\u00a0<b>Justicia tard\u00eda no es justicia\u00bb<\/b>.<\/p>\n<p>Por \u00faltimo,\u00a0<strong>L\u00f3pez Vergara<\/strong>\u00a0resolvi\u00f3 asimismo que \u00abdeber\u00e1 informar informe las medidas adoptadas a fin de cumplir la manda cautelar en el plazo de\u00a0<strong>cinco (5) d\u00edas<\/strong>\u00ab.<\/p>\n<p>Tras ser consultado por\u00a0<em><strong>iJudicial<\/strong><\/em>, por el estado de la causa, desde el juzgado informaron que en el d\u00eda de hoy\u00a0<strong>el GCBA present\u00f3 un escrito en el que manifest\u00f3 que avala la medida cautelar dispuesta por el tribunal y que la resoluci\u00f3n se halla consentida<\/strong>. A su vez, el gobierno comunic\u00f3 que\u00a0<strong>ya comenz\u00f3 a regularizar la situaci\u00f3n de alguno de los agentes afectados<\/strong>.-<\/p>\n<hr \/>\n<p style=\"text-align: right;\">Fuente: <em>iJudicial<\/em><\/p>\n","protected":false},"excerpt":{"rendered":"<div class=\"mh-excerpt\">As\u00ed lo hab\u00eda ordenado la justicia porte\u00f1a el pasado 1\u00ba de noviembre. El Gobierno de la Ciudad de Buenos Aires comunic\u00f3 hoy que consiente la medida. La titular del Juzgado <a class=\"mh-excerpt-more\" href=\"https:\/\/www.comuna13online.com.ar\/?p=7458\" title=\"La Ciudad deber\u00e1 brindarles cobertura y seguro de riesgos de trabajo a los Agentes de Tr\u00e1nsito:\">[&#8230;]<\/a><\/div>\n","protected":false},"author":1,"featured_media":7459,"comment_status":"closed","ping_status":"closed","sticky":false,"template":"","format":"standard","meta":{"_uag_custom_page_level_css":"","_jetpack_memberships_contains_paid_content":false,"footnotes":"","jetpack_publicize_message":"","jetpack_publicize_feature_enabled":true,"jetpack_social_post_already_shared":true,"jetpack_social_options":{"image_generator_settings":{"template":"highway","default_image_id":0,"font":"","enabled":false},"version":2}},"categories":[129],"tags":[131,246,250,121],"class_list":{"0":"post-7458","1":"post","2":"type-post","3":"status-publish","4":"format-standard","5":"has-post-thumbnail","7":"category-derechos","8":"tag-derechos","9":"tag-h1","10":"tag-h2","11":"tag-trabajo"},"jetpack_publicize_connections":[],"jetpack_featured_media_url":"https:\/\/www.comuna13online.com.ar\/wp-content\/uploads\/2019\/11\/20191108a.jpg","uagb_featured_image_src":{"full":["https:\/\/www.comuna13online.com.ar\/wp-content\/uploads\/2019\/11\/20191108a.jpg",1030,438,false],"thumbnail":["https:\/\/www.comuna13online.com.ar\/wp-content\/uploads\/2019\/11\/20191108a-150x150.jpg",96,96,true],"medium":["https:\/\/www.comuna13online.com.ar\/wp-content\/uploads\/2019\/11\/20191108a-678x288.jpg",678,288,true],"medium_large":["https:\/\/www.comuna13online.com.ar\/wp-content\/uploads\/2019\/11\/20191108a-768x327.jpg",768,327,true],"large":["https:\/\/www.comuna13online.com.ar\/wp-content\/uploads\/2019\/11\/20191108a.jpg",1030,438,false],"1536x1536":["https:\/\/www.comuna13online.com.ar\/wp-content\/uploads\/2019\/11\/20191108a.jpg",1030,438,false],"2048x2048":["https:\/\/www.comuna13online.com.ar\/wp-content\/uploads\/2019\/11\/20191108a.jpg",1030,438,false],"mh-magazine-slider":["https:\/\/www.comuna13online.com.ar\/wp-content\/uploads\/2019\/11\/20191108a.jpg",1030,438,false],"mh-magazine-content":["https:\/\/www.comuna13online.com.ar\/wp-content\/uploads\/2019\/11\/20191108a-678x381.jpg",678,381,true],"mh-magazine-large":["https:\/\/www.comuna13online.com.ar\/wp-content\/uploads\/2019\/11\/20191108a-678x438.jpg",678,438,true],"mh-magazine-medium":["https:\/\/www.comuna13online.com.ar\/wp-content\/uploads\/2019\/11\/20191108a-326x245.jpg",326,245,true],"mh-magazine-small":["https:\/\/www.comuna13online.com.ar\/wp-content\/uploads\/2019\/11\/20191108a-80x60.jpg",80,60,true],"sow-carousel-default":["https:\/\/www.comuna13online.com.ar\/wp-content\/uploads\/2019\/11\/20191108a-272x182.jpg",272,182,true]},"uagb_author_info":{"display_name":"Comuna13","author_link":"https:\/\/www.comuna13online.com.ar\/?author=1"},"uagb_comment_info":0,"uagb_excerpt":"As\u00ed lo hab\u00eda ordenado la justicia porte\u00f1a el pasado 1\u00ba de noviembre. El Gobierno de la Ciudad de Buenos Aires comunic\u00f3 hoy que consiente la medida. La titular del Juzgado [...]","jetpack_sharing_enabled":true,"_links":{"self":[{"href":"https:\/\/www.comuna13online.com.ar\/index.php?rest_route=\/wp\/v2\/posts\/7458","targetHints":{"allow":["GET"]}}],"collection":[{"href":"https:\/\/www.comuna13online.com.ar\/index.php?rest_route=\/wp\/v2\/posts"}],"about":[{"href":"https:\/\/www.comuna13online.com.ar\/index.php?rest_route=\/wp\/v2\/types\/post"}],"author":[{"embeddable":true,"href":"https:\/\/www.comuna13online.com.ar\/index.php?rest_route=\/wp\/v2\/users\/1"}],"replies":[{"embeddable":true,"href":"https:\/\/www.comuna13online.com.ar\/index.php?rest_route=%2Fwp%2Fv2%2Fcomments&post=7458"}],"version-history":[{"count":0,"href":"https:\/\/www.comuna13online.com.ar\/index.php?rest_route=\/wp\/v2\/posts\/7458\/revisions"}],"wp:featuredmedia":[{"embeddable":true,"href":"https:\/\/www.comuna13online.com.ar\/index.php?rest_route=\/wp\/v2\/media\/7459"}],"wp:attachment":[{"href":"https:\/\/www.comuna13online.com.ar\/index.php?rest_route=%2Fwp%2Fv2%2Fmedia&parent=7458"}],"wp:term":[{"taxonomy":"category","embeddable":true,"href":"https:\/\/www.comuna13online.com.ar\/index.php?rest_route=%2Fwp%2Fv2%2Fcategories&post=7458"},{"taxonomy":"post_tag","embeddable":true,"href":"https:\/\/www.comuna13online.com.ar\/index.php?rest_route=%2Fwp%2Fv2%2Ftags&post=7458"}],"curies":[{"name":"wp","href":"https:\/\/api.w.org\/{rel}","templated":true}]}}