{"id":7452,"date":"2019-11-07T16:30:47","date_gmt":"2019-11-07T19:30:47","guid":{"rendered":"http:\/\/www.comuna13online.com.ar\/?p=7452"},"modified":"2019-11-08T11:43:35","modified_gmt":"2019-11-08T14:43:35","slug":"manana-paro-nacional-docente-en-solidaridad-con-los-maestros-de-chubut","status":"publish","type":"post","link":"https:\/\/www.comuna13online.com.ar\/?p=7452","title":{"rendered":"Paro Nacional Docente en solidaridad con los maestros de Chubut"},"content":{"rendered":"<p><strong>CTERA convoc\u00f3 un paro nacional docente para este viernes 8 de noviembre por \u00abla brutal represi\u00f3n que sufrieron los trabajadores de la educaci\u00f3n chubutenses\u00bb que reclamaban por los descuentos salariales.<\/strong><\/p>\n<p><img loading=\"lazy\" decoding=\"async\" data-attachment-id=\"7455\" data-permalink=\"https:\/\/www.comuna13online.com.ar\/?attachment_id=7455\" data-orig-file=\"https:\/\/www.comuna13online.com.ar\/wp-content\/uploads\/2019\/11\/20191107e1.jpg\" data-orig-size=\"678,452\" data-comments-opened=\"0\" data-image-meta=\"{&quot;aperture&quot;:&quot;0&quot;,&quot;credit&quot;:&quot;&quot;,&quot;camera&quot;:&quot;&quot;,&quot;caption&quot;:&quot;&quot;,&quot;created_timestamp&quot;:&quot;0&quot;,&quot;copyright&quot;:&quot;&quot;,&quot;focal_length&quot;:&quot;0&quot;,&quot;iso&quot;:&quot;0&quot;,&quot;shutter_speed&quot;:&quot;0&quot;,&quot;title&quot;:&quot;&quot;,&quot;orientation&quot;:&quot;0&quot;}\" data-image-title=\"20191107e1\" data-image-description=\"\" data-image-caption=\"\" data-large-file=\"https:\/\/www.comuna13online.com.ar\/wp-content\/uploads\/2019\/11\/20191107e1-657x438.jpg\" class=\"alignnone size-full wp-image-7455\" src=\"http:\/\/www.comuna13online.com.ar\/wp-content\/uploads\/2019\/11\/20191107e1.jpg\" alt=\"\" width=\"678\" height=\"452\" srcset=\"https:\/\/www.comuna13online.com.ar\/wp-content\/uploads\/2019\/11\/20191107e1.jpg 678w, https:\/\/www.comuna13online.com.ar\/wp-content\/uploads\/2019\/11\/20191107e1-657x438.jpg 657w, https:\/\/www.comuna13online.com.ar\/wp-content\/uploads\/2019\/11\/20191107e1-272x182.jpg 272w\" sizes=\"auto, (max-width: 678px) 100vw, 678px\" \/><\/p>\n<p>El gremio, que agrupa la mayor\u00eda de los trabajadores de la educaci\u00f3n a nivel nacional, anunci\u00f3 la medida de fuerza tras la represi\u00f3n que sufrieron los docentes chubutenses frente a la Casa de Gobierno en la ciudad de Rawson cuando se manifestaban en contra del descuento salarial.<\/p>\n<p>La protesta que se llevo a cabo este jueves por la ma\u00f1ana era para demostrar el descontento de los maestros por los descuentos aplicados por el gobernador Mariano Arcioni en sus salarios, lo que desemboc\u00f3 en enfrentamientos con la polic\u00eda y la detenci\u00f3n de el Secretario General de la Asociaci\u00f3n de Trabajadores de la Educaci\u00f3n de Chubut (Atech) Santiago Goodman.<\/p>\n<blockquote><p><span style=\"color: #008080;\"><strong>\u201cLa Ctera ha resuelto convocar a un raro nacional docente ante la brutal represi\u00f3n que sufrieron los trabajadores de la educaci\u00f3n chubutenses mientras realizaban una marcha frente a la Casa de Gobierno en Rawson. Tambi\u00e9n exige al Gobierno Provincial la urgente liberaci\u00f3n de Santiago Goodman, y el cese inmediato de la represi\u00f3n\u201d<\/strong><\/span>, plante\u00f3 CTERA en un comunicado.<\/p><\/blockquote>\n<p>Se trata del segundo paro que el gremio convoca por el conflicto de los docentes en Chubut. En la provincia patag\u00f3nica llevan m\u00e1s de 80 d\u00edas consecutivos de paro y el enfrentamiento entre el los docentes\u00a0 y la gobernaci\u00f3n parece endurecerse.<\/p>\n<div align=\"center\">\n<blockquote class=\"twitter-tweet\">\n<p dir=\"ltr\" lang=\"es\">Viernes 8\/11 PARO NACIONAL DOCENTE convocado por <a href=\"https:\/\/twitter.com\/hashtag\/CTERA?src=hash&amp;ref_src=twsrc%5Etfw\">#CTERA<\/a> ante la represi\u00f3n a los docentes de chubut y la detenci\u00f3n de Santiago Goodman secretario general del sindicato docente de chubut ATECH <a href=\"https:\/\/twitter.com\/hashtag\/AuditoriaALaDeudaM?src=hash&amp;ref_src=twsrc%5Etfw\">#AuditoriaALaDeudaM<\/a> <a href=\"https:\/\/t.co\/hVzyUwHAZV\">pic.twitter.com\/hVzyUwHAZV<\/a><\/p>\n<p>\u2014 Pablo Rey\u270c?? (@soypablitorey) <a href=\"https:\/\/twitter.com\/soypablitorey\/status\/1192494706141409286?ref_src=twsrc%5Etfw\">November 7, 2019<\/a><\/p><\/blockquote>\n<p><script async src=\"https:\/\/platform.twitter.com\/widgets.js\" charset=\"utf-8\"><\/script><\/p>\n<\/div>\n<p><em>\u201cSe tuvo que utilizar un poco de agentes qu\u00edmicos para restaurar el orden, algunos tipos de estruendos con armas largas y hay una persona desobediencia. Nos topamos con una situaci\u00f3n agresiva en la que atacaron al personal policial\u201d<\/em>, argument\u00f3 el Director de Seguridad provincial, Paulino G\u00f3mez.<\/p>\n<p>El conflicto docente en la provincia de Chubut ya lleva cuatro meses, tom\u00f3 mayor notoriedad a nivel nacional cuando en septiembre pasado, luego de una manifestaci\u00f3n en Rawson, dos docentes fallecieran en un siniestro vial en la Ruta Nacional 3 cuando regresaban a Comodoro Rivadavia.<\/p>\n<div align=\"center\">\n<blockquote class=\"twitter-tweet\">\n<p dir=\"ltr\" lang=\"es\">Luego de los descuentos masivos a los docentes ahora Arcioni los reprime en Rawson y detiene al Sec gral de Atech, Santiago Goodman<br \/>\nQuiere quebrar la lucha contra el ajuste.<br \/>\nBasta de represi\u00f3n! Libertad ya a los detenidos! <a href=\"https:\/\/t.co\/xJCb62WX67\">pic.twitter.com\/xJCb62WX67<\/a><\/p>\n<p>\u2014 Nathalia Gonzalez (@NathiGonzalezS) <a href=\"https:\/\/twitter.com\/NathiGonzalezS\/status\/1192467452233474048?ref_src=twsrc%5Etfw\">November 7, 2019<\/a><\/p><\/blockquote>\n<p><script async src=\"https:\/\/platform.twitter.com\/widgets.js\" charset=\"utf-8\"><\/script><\/p>\n<\/div>\n<p><strong>Por la represi\u00f3n a los maestros chubutenses, la Confederaci\u00f3n de Trabajadores de la Educaci\u00f3n (Ctera) emiti\u00f3 el siguiente comunicado:<\/strong><\/p>\n<p>REPUDIAMOS LA BRUTAL REPRESI\u00d3N EN CHUBUT.<\/p>\n<p>EXIGIMOS AL GOBIERNO PROVINCIAL LA INMEDIATA LIBERACI\u00d3N DE SANTIAGO GOODMAN \u2013 SECRETARIO GENERAL DE ATECH \u2013 .<\/p>\n<p>URGENTE SOLUCI\u00d3N AL CONFLICTO EDUCATIVO EN CHUBUT.<\/p>\n<p>DEVOLUCI\u00d3N DE LOS DESCUENTOS ILEGALES.<\/p>\n<p>PAGO DE TODAS LAS DEUDAS.La CTERA ha resuelto convocar a un Paro Nacional Docente ante la brutal represi\u00f3n que sufrieron lxs trabajadorxs de la educaci\u00f3n chubutenses mientras realizaban una marcha frente a la Casa de Gobierno en Rawson.<br \/>\nA estos graves y repudiables hechos se suma la detenci\u00f3n del Secretario General de ATECH, Santiago Goodman, quien participaba de la marcha.<br \/>\nCTERA viene denunciado la grave situaci\u00f3n que viven lxs docentes en Chubut con retraso en los pagos de los haberes, par\u00e1lisis de la obra social, entre otras problem\u00e1ticas.<br \/>\nCTERA exige al Gobierno Provincial la urgente liberaci\u00f3n de Santiago Goodman, y el cese inmediato de la represi\u00f3n.<br \/>\nAsimismo volvemos a ratificar, en forma urgente, al Gobierno Provincial y Nacional la urgente soluci\u00f3n a los problemas que viven lxs trabajadorxs.<\/p>\n<p>Buenos Aires, jueves 7 de noviembre de 2019<\/p>\n<p>El comunicado lleva la firma de Sonia Alesso, Secretaria General y Roberto Baradel, Secretario General Adjunto<\/p>\n<p><img loading=\"lazy\" decoding=\"async\" data-attachment-id=\"7453\" data-permalink=\"https:\/\/www.comuna13online.com.ar\/?attachment_id=7453\" data-orig-file=\"https:\/\/www.comuna13online.com.ar\/wp-content\/uploads\/2019\/11\/24438.jpg\" data-orig-size=\"1191,1191\" data-comments-opened=\"0\" data-image-meta=\"{&quot;aperture&quot;:&quot;0&quot;,&quot;credit&quot;:&quot;&quot;,&quot;camera&quot;:&quot;&quot;,&quot;caption&quot;:&quot;&quot;,&quot;created_timestamp&quot;:&quot;0&quot;,&quot;copyright&quot;:&quot;&quot;,&quot;focal_length&quot;:&quot;0&quot;,&quot;iso&quot;:&quot;0&quot;,&quot;shutter_speed&quot;:&quot;0&quot;,&quot;title&quot;:&quot;&quot;,&quot;orientation&quot;:&quot;0&quot;}\" data-image-title=\"24438\" data-image-description=\"\" data-image-caption=\"\" data-large-file=\"https:\/\/www.comuna13online.com.ar\/wp-content\/uploads\/2019\/11\/24438-438x438.jpg\" class=\"alignnone size-full wp-image-7453\" src=\"http:\/\/www.comuna13online.com.ar\/wp-content\/uploads\/2019\/11\/24438.jpg\" alt=\"\" width=\"1191\" height=\"1191\" srcset=\"https:\/\/www.comuna13online.com.ar\/wp-content\/uploads\/2019\/11\/24438.jpg 1191w, https:\/\/www.comuna13online.com.ar\/wp-content\/uploads\/2019\/11\/24438-150x150.jpg 150w, https:\/\/www.comuna13online.com.ar\/wp-content\/uploads\/2019\/11\/24438-452x452.jpg 452w, https:\/\/www.comuna13online.com.ar\/wp-content\/uploads\/2019\/11\/24438-768x768.jpg 768w, https:\/\/www.comuna13online.com.ar\/wp-content\/uploads\/2019\/11\/24438-438x438.jpg 438w\" sizes=\"auto, (max-width: 1191px) 100vw, 1191px\" \/><\/p>\n","protected":false},"excerpt":{"rendered":"<div class=\"mh-excerpt\">CTERA convoc\u00f3 un paro nacional docente para este viernes 8 de noviembre por \u00abla brutal represi\u00f3n que sufrieron los trabajadores de la educaci\u00f3n chubutenses\u00bb que reclamaban por los descuentos salariales. <a class=\"mh-excerpt-more\" href=\"https:\/\/www.comuna13online.com.ar\/?p=7452\" title=\"Paro Nacional Docente en solidaridad con los maestros de Chubut\">[&#8230;]<\/a><\/div>\n","protected":false},"author":1,"featured_media":7454,"comment_status":"closed","ping_status":"closed","sticky":false,"template":"","format":"standard","meta":{"_uag_custom_page_level_css":"","_jetpack_memberships_contains_paid_content":false,"footnotes":"","jetpack_publicize_message":"Ma\u00f1ana Paro Nacional Docente en solidaridad con los maestros de Chubut #CTERA #ParoNacionalDocente","jetpack_publicize_feature_enabled":true,"jetpack_social_post_already_shared":true,"jetpack_social_options":{"image_generator_settings":{"template":"highway","default_image_id":0,"font":"","enabled":false},"version":2}},"categories":[113],"tags":[114,246,250,123,121],"class_list":{"0":"post-7452","1":"post","2":"type-post","3":"status-publish","4":"format-standard","5":"has-post-thumbnail","7":"category-educacion","8":"tag-educacion","9":"tag-h1","10":"tag-h2","11":"tag-paro","12":"tag-trabajo"},"jetpack_publicize_connections":[],"jetpack_featured_media_url":"https:\/\/www.comuna13online.com.ar\/wp-content\/uploads\/2019\/11\/20191107e-e1573154917113.jpg","uagb_featured_image_src":{"full":["https:\/\/www.comuna13online.com.ar\/wp-content\/uploads\/2019\/11\/20191107e-e1573154917113.jpg",1024,437,false],"thumbnail":["https:\/\/www.comuna13online.com.ar\/wp-content\/uploads\/2019\/11\/20191107e-e1573154917113-150x150.jpg",96,96,true],"medium":["https:\/\/www.comuna13online.com.ar\/wp-content\/uploads\/2019\/11\/20191107e-e1573154917113-678x289.jpg",678,289,true],"medium_large":["https:\/\/www.comuna13online.com.ar\/wp-content\/uploads\/2019\/11\/20191107e-e1573154917113-768x328.jpg",768,328,true],"large":["https:\/\/www.comuna13online.com.ar\/wp-content\/uploads\/2019\/11\/20191107e-584x438.jpg",584,438,true],"1536x1536":["https:\/\/www.comuna13online.com.ar\/wp-content\/uploads\/2019\/11\/20191107e-e1573154917113.jpg",1024,437,false],"2048x2048":["https:\/\/www.comuna13online.com.ar\/wp-content\/uploads\/2019\/11\/20191107e-e1573154917113.jpg",1024,437,false],"mh-magazine-slider":["https:\/\/www.comuna13online.com.ar\/wp-content\/uploads\/2019\/11\/20191107e-1024x438.jpg",1024,438,true],"mh-magazine-content":["https:\/\/www.comuna13online.com.ar\/wp-content\/uploads\/2019\/11\/20191107e-e1573154917113-678x381.jpg",678,381,true],"mh-magazine-large":["https:\/\/www.comuna13online.com.ar\/wp-content\/uploads\/2019\/11\/20191107e-e1573154917113-678x437.jpg",678,437,true],"mh-magazine-medium":["https:\/\/www.comuna13online.com.ar\/wp-content\/uploads\/2019\/11\/20191107e-e1573154917113-326x245.jpg",326,245,true],"mh-magazine-small":["https:\/\/www.comuna13online.com.ar\/wp-content\/uploads\/2019\/11\/20191107e-e1573154917113-80x60.jpg",80,60,true],"sow-carousel-default":["https:\/\/www.comuna13online.com.ar\/wp-content\/uploads\/2019\/11\/20191107e-e1573154917113-272x182.jpg",272,182,true]},"uagb_author_info":{"display_name":"Comuna13","author_link":"https:\/\/www.comuna13online.com.ar\/?author=1"},"uagb_comment_info":0,"uagb_excerpt":"CTERA convoc\u00f3 un paro nacional docente para este viernes 8 de noviembre por \u00abla brutal represi\u00f3n que sufrieron los trabajadores de la educaci\u00f3n chubutenses\u00bb que reclamaban por los descuentos salariales. [...]","jetpack_sharing_enabled":true,"_links":{"self":[{"href":"https:\/\/www.comuna13online.com.ar\/index.php?rest_route=\/wp\/v2\/posts\/7452","targetHints":{"allow":["GET"]}}],"collection":[{"href":"https:\/\/www.comuna13online.com.ar\/index.php?rest_route=\/wp\/v2\/posts"}],"about":[{"href":"https:\/\/www.comuna13online.com.ar\/index.php?rest_route=\/wp\/v2\/types\/post"}],"author":[{"embeddable":true,"href":"https:\/\/www.comuna13online.com.ar\/index.php?rest_route=\/wp\/v2\/users\/1"}],"replies":[{"embeddable":true,"href":"https:\/\/www.comuna13online.com.ar\/index.php?rest_route=%2Fwp%2Fv2%2Fcomments&post=7452"}],"version-history":[{"count":0,"href":"https:\/\/www.comuna13online.com.ar\/index.php?rest_route=\/wp\/v2\/posts\/7452\/revisions"}],"wp:featuredmedia":[{"embeddable":true,"href":"https:\/\/www.comuna13online.com.ar\/index.php?rest_route=\/wp\/v2\/media\/7454"}],"wp:attachment":[{"href":"https:\/\/www.comuna13online.com.ar\/index.php?rest_route=%2Fwp%2Fv2%2Fmedia&parent=7452"}],"wp:term":[{"taxonomy":"category","embeddable":true,"href":"https:\/\/www.comuna13online.com.ar\/index.php?rest_route=%2Fwp%2Fv2%2Fcategories&post=7452"},{"taxonomy":"post_tag","embeddable":true,"href":"https:\/\/www.comuna13online.com.ar\/index.php?rest_route=%2Fwp%2Fv2%2Ftags&post=7452"}],"curies":[{"name":"wp","href":"https:\/\/api.w.org\/{rel}","templated":true}]}}