{"id":7427,"date":"2019-11-07T10:10:57","date_gmt":"2019-11-07T13:10:57","guid":{"rendered":"http:\/\/www.comuna13online.com.ar\/?p=7427"},"modified":"2019-11-07T10:10:57","modified_gmt":"2019-11-07T13:10:57","slug":"imagenes-de-ida-y-vuelta-presentacion-del-catalogo-en-el-museo-larreta","status":"publish","type":"post","link":"https:\/\/www.comuna13online.com.ar\/?p=7427","title":{"rendered":"Im\u00e1genes de Ida y Vuelta &#8211; Presentaci\u00f3n del cat\u00e1logo en el Museo Larreta"},"content":{"rendered":"<p><strong>En el marco de la exhibici\u00f3n \u201cIm\u00e1genes de Ida y vuelta. Artistas espa\u00f1oles y argentinos de comienzos del siglo XX\u201d, este jueves se realizar\u00e1 la presentaci\u00f3n oficial junto a su curadora.<\/strong><\/p>\n<p><img loading=\"lazy\" decoding=\"async\" data-attachment-id=\"7428\" data-permalink=\"https:\/\/www.comuna13online.com.ar\/?attachment_id=7428\" data-orig-file=\"https:\/\/www.comuna13online.com.ar\/wp-content\/uploads\/2019\/11\/20191107a1.jpg\" data-orig-size=\"678,435\" data-comments-opened=\"0\" data-image-meta=\"{&quot;aperture&quot;:&quot;0&quot;,&quot;credit&quot;:&quot;&quot;,&quot;camera&quot;:&quot;&quot;,&quot;caption&quot;:&quot;&quot;,&quot;created_timestamp&quot;:&quot;0&quot;,&quot;copyright&quot;:&quot;&quot;,&quot;focal_length&quot;:&quot;0&quot;,&quot;iso&quot;:&quot;0&quot;,&quot;shutter_speed&quot;:&quot;0&quot;,&quot;title&quot;:&quot;&quot;,&quot;orientation&quot;:&quot;0&quot;}\" data-image-title=\"20191107a1\" data-image-description=\"\" data-image-caption=\"\" data-large-file=\"https:\/\/www.comuna13online.com.ar\/wp-content\/uploads\/2019\/11\/20191107a1.jpg\" class=\"alignnone size-full wp-image-7428\" src=\"http:\/\/www.comuna13online.com.ar\/wp-content\/uploads\/2019\/11\/20191107a1.jpg\" alt=\"\" width=\"678\" height=\"435\" \/><\/p>\n<p>El Ministerio de Cultura de la Ciudad junto con Centro Cultural de Espa\u00f1a en Buenos Aires invitan a la presentaci\u00f3n del cat\u00e1logo de la exhibici\u00f3n Im\u00e1genes de ida y vuelta. Artistas espa\u00f1oles y argentinos a principios del siglo XX, el jueves 7 de noviembre a las 18 horas. Le Exposici\u00f3n cierra el 11 de Noviembre.<\/p>\n<p>Esta exhibici\u00f3n dio inicio al eje Color del programa anual Narrativas Cruzadas, un proyecto de la Direcci\u00f3n General de Patrimonio, Museos y Casco hist\u00f3rico mediante el cual se interrelacionan las distintas formas de entender las din\u00e1micas art\u00edsticas que atraviesan las colecciones de los Museos de la Ciudad, con las nuevas muestras y el p\u00fablico.<\/p>\n<div align=\"center\">\n<blockquote class=\"twitter-tweet\">\n<p dir=\"ltr\" lang=\"es\">PRESENTACI\u00d3N CAT\u00c1LOGO<br \/>\nCIERRA DE LA MUESTRA<br \/>\n[IM\u00c1GENES DE IDA Y VUELTA]<\/p>\n<p>Este jueves 7 de noviembre a las 18 haremos la presentaci\u00f3n oficial del cat\u00e1logo de la muestra junto a su curadora @malenababino y el <a href=\"https:\/\/twitter.com\/CCEBA?ref_src=twsrc%5Etfw\">@CCEBA<\/a> .<\/p>\n<p>La exposici\u00f3n cierra el lunes 11 de noviembre.<a href=\"https:\/\/twitter.com\/BAMuseosyPatrim?ref_src=twsrc%5Etfw\">@BAMuseosyPatrim<\/a> <a href=\"https:\/\/t.co\/aoPiK6PUPy\">pic.twitter.com\/aoPiK6PUPy<\/a><\/p>\n<p>\u2014 Museo Larreta (@MuseoLarreta) <a href=\"https:\/\/twitter.com\/MuseoLarreta\/status\/1191486811396362240?ref_src=twsrc%5Etfw\">November 4, 2019<\/a><\/p><\/blockquote>\n<p><script async src=\"https:\/\/platform.twitter.com\/widgets.js\" charset=\"utf-8\"><\/script><\/p>\n<\/div>\n<p>Presentado por Delfina Helguera, Directora del Museo de Arte Espa\u00f1ol Enrique Larreta, Mar\u00eda Elena Babino, curadora de la muestra, Patricia Nobilia, curadora del Museo Larreta y Luis Marina Bravo, Consejero Cultural de la Embajada de Espa\u00f1a y Director del CCEBA.<\/p>\n<p>La exposici\u00f3n propone una relectura contempor\u00e1nea de las relaciones art\u00edsticas entre Espa\u00f1a y Argentina. En total se presentar\u00e1n 51 obras -incluyendo documentos, cartas y notas- que recrean la relaci\u00f3n de nuestra historia del arte con la del pa\u00eds ib\u00e9rico, sobre todo durante las primeras tres d\u00e9cada del siglo XX.<\/p>\n<p>El gui\u00f3n curatorial de Mar\u00eda Elena Babino gira en torno a las obras que los artistas espa\u00f1oles y argentinos de principios del siglo XX produjeron en el entramado de sus relaciones y en la experiencia de sus viajes. Desde la centralidad que tuvieron Joaqu\u00edn Sorolla, Hermenegildo Anglada Camarasa e Ignacio Zuloaga entre los artistas argentinos de comienzos del siglo XX se analizar\u00e1n las identidades y alteridades.<\/p>\n<p><img loading=\"lazy\" decoding=\"async\" data-attachment-id=\"7429\" data-permalink=\"https:\/\/www.comuna13online.com.ar\/?attachment_id=7429\" data-orig-file=\"https:\/\/www.comuna13online.com.ar\/wp-content\/uploads\/2019\/11\/20191107a2.jpg\" data-orig-size=\"678,417\" data-comments-opened=\"0\" data-image-meta=\"{&quot;aperture&quot;:&quot;0&quot;,&quot;credit&quot;:&quot;&quot;,&quot;camera&quot;:&quot;&quot;,&quot;caption&quot;:&quot;&quot;,&quot;created_timestamp&quot;:&quot;0&quot;,&quot;copyright&quot;:&quot;&quot;,&quot;focal_length&quot;:&quot;0&quot;,&quot;iso&quot;:&quot;0&quot;,&quot;shutter_speed&quot;:&quot;0&quot;,&quot;title&quot;:&quot;&quot;,&quot;orientation&quot;:&quot;0&quot;}\" data-image-title=\"20191107a2\" data-image-description=\"\" data-image-caption=\"\" data-large-file=\"https:\/\/www.comuna13online.com.ar\/wp-content\/uploads\/2019\/11\/20191107a2.jpg\" class=\"alignnone size-full wp-image-7429\" src=\"http:\/\/www.comuna13online.com.ar\/wp-content\/uploads\/2019\/11\/20191107a2.jpg\" alt=\"\" width=\"678\" height=\"417\" \/><\/p>\n<p><img loading=\"lazy\" decoding=\"async\" data-attachment-id=\"2965\" data-permalink=\"https:\/\/www.comuna13online.com.ar\/?attachment_id=2965\" data-orig-file=\"https:\/\/www.comuna13online.com.ar\/wp-content\/uploads\/2018\/10\/line.gif\" data-orig-size=\"678,2\" data-comments-opened=\"0\" data-image-meta=\"{&quot;aperture&quot;:&quot;0&quot;,&quot;credit&quot;:&quot;&quot;,&quot;camera&quot;:&quot;&quot;,&quot;caption&quot;:&quot;&quot;,&quot;created_timestamp&quot;:&quot;0&quot;,&quot;copyright&quot;:&quot;&quot;,&quot;focal_length&quot;:&quot;0&quot;,&quot;iso&quot;:&quot;0&quot;,&quot;shutter_speed&quot;:&quot;0&quot;,&quot;title&quot;:&quot;&quot;,&quot;orientation&quot;:&quot;0&quot;}\" data-image-title=\"line\" data-image-description=\"\" data-image-caption=\"\" data-large-file=\"https:\/\/www.comuna13online.com.ar\/wp-content\/uploads\/2018\/10\/line.gif\" class=\"alignnone size-full wp-image-2965\" src=\"http:\/\/www.comuna13online.com.ar\/wp-content\/uploads\/2018\/10\/line.gif\" alt=\"\" width=\"678\" height=\"2\" \/><\/p>\n<p><strong>Museo de Arte Espa\u00f1ol Enrique Larreta<br \/>\n<span style=\"color: #8a008c;\"><i><span style=\"color: #008080;\">\u00abIm\u00e1genes de Ida y vuelta\u00bb<\/span><br \/>\n<\/i><\/span><\/strong>\u00a0Juramento 2291, Belgrano<\/p>\n<p><strong>Jueves 7 de noviembre 18 horas.<\/strong><\/p>\n<p><iframe loading=\"lazy\" style=\"border: 0;\" src=\"https:\/\/www.google.com\/maps\/embed?pb=!1m18!1m12!1m3!1d3285.692963597937!2d-58.4578286850968!3d-34.56132856276278!2m3!1f0!2f0!3f0!3m2!1i1024!2i768!4f13.1!3m3!1m2!1s0x95bcb5d3a0a211b3%3A0xedd3483149685e17!2sMuseo+de+Arte+Espa%C3%B1ol+Enrique+Larreta!5e0!3m2!1ses!2sar!4v1515582783930\" width=\"678\" height=\"450\" frameborder=\"0\" allowfullscreen=\"allowfullscreen\" data-mce-fragment=\"1\"><span data-mce-type=\"bookmark\" style=\"display: inline-block; width: 0px; overflow: hidden; line-height: 0;\" class=\"mce_SELRES_start\">\ufeff<\/span><\/iframe><\/p>\n<p><strong>Transportes Cercanos:<\/strong><\/p>\n<p><strong>Colectivos<\/strong>:\u00a015, 29, 41, 42, 44, 57, 59, 60, 63, 65, 67, 68, 80, 107, 113, 114, 133, 152, 161, 168, 184 y 194.<br \/>\n<strong>Subte<\/strong>: Estaci\u00f3n Juramento de la L\u00ednea D<\/p>\n","protected":false},"excerpt":{"rendered":"<div class=\"mh-excerpt\">En el marco de la exhibici\u00f3n \u201cIm\u00e1genes de Ida y vuelta. Artistas espa\u00f1oles y argentinos de comienzos del siglo XX\u201d, este jueves se realizar\u00e1 la presentaci\u00f3n oficial junto a su <a class=\"mh-excerpt-more\" href=\"https:\/\/www.comuna13online.com.ar\/?p=7427\" title=\"Im\u00e1genes de Ida y Vuelta &#8211; Presentaci\u00f3n del cat\u00e1logo en el Museo Larreta\">[&#8230;]<\/a><\/div>\n","protected":false},"author":1,"featured_media":7430,"comment_status":"closed","ping_status":"closed","sticky":false,"template":"","format":"standard","meta":{"_uag_custom_page_level_css":"","_jetpack_memberships_contains_paid_content":false,"footnotes":"","jetpack_publicize_message":"Im\u00e1genes de Ida y Vuelta - Presentaci\u00f3n del cat\u00e1logo en el @MuseoLarreta @CCEBA @malenababino #Museos #Cultura","jetpack_publicize_feature_enabled":true,"jetpack_social_post_already_shared":true,"jetpack_social_options":{"image_generator_settings":{"template":"highway","default_image_id":0,"font":"","enabled":false},"version":2}},"categories":[154],"tags":[155,246,250,71],"class_list":{"0":"post-7427","1":"post","2":"type-post","3":"status-publish","4":"format-standard","5":"has-post-thumbnail","7":"category-arte","8":"tag-arte","9":"tag-h1","10":"tag-h2","11":"tag-tiempo-libre"},"jetpack_publicize_connections":[],"jetpack_featured_media_url":"https:\/\/www.comuna13online.com.ar\/wp-content\/uploads\/2019\/11\/20191107a.jpg","uagb_featured_image_src":{"full":["https:\/\/www.comuna13online.com.ar\/wp-content\/uploads\/2019\/11\/20191107a.jpg",1030,438,false],"thumbnail":["https:\/\/www.comuna13online.com.ar\/wp-content\/uploads\/2019\/11\/20191107a-150x150.jpg",96,96,true],"medium":["https:\/\/www.comuna13online.com.ar\/wp-content\/uploads\/2019\/11\/20191107a-678x288.jpg",678,288,true],"medium_large":["https:\/\/www.comuna13online.com.ar\/wp-content\/uploads\/2019\/11\/20191107a-768x327.jpg",768,327,true],"large":["https:\/\/www.comuna13online.com.ar\/wp-content\/uploads\/2019\/11\/20191107a.jpg",1030,438,false],"1536x1536":["https:\/\/www.comuna13online.com.ar\/wp-content\/uploads\/2019\/11\/20191107a.jpg",1030,438,false],"2048x2048":["https:\/\/www.comuna13online.com.ar\/wp-content\/uploads\/2019\/11\/20191107a.jpg",1030,438,false],"mh-magazine-slider":["https:\/\/www.comuna13online.com.ar\/wp-content\/uploads\/2019\/11\/20191107a.jpg",1030,438,false],"mh-magazine-content":["https:\/\/www.comuna13online.com.ar\/wp-content\/uploads\/2019\/11\/20191107a-678x381.jpg",678,381,true],"mh-magazine-large":["https:\/\/www.comuna13online.com.ar\/wp-content\/uploads\/2019\/11\/20191107a-678x438.jpg",678,438,true],"mh-magazine-medium":["https:\/\/www.comuna13online.com.ar\/wp-content\/uploads\/2019\/11\/20191107a-326x245.jpg",326,245,true],"mh-magazine-small":["https:\/\/www.comuna13online.com.ar\/wp-content\/uploads\/2019\/11\/20191107a-80x60.jpg",80,60,true],"sow-carousel-default":["https:\/\/www.comuna13online.com.ar\/wp-content\/uploads\/2019\/11\/20191107a-272x182.jpg",272,182,true]},"uagb_author_info":{"display_name":"Comuna13","author_link":"https:\/\/www.comuna13online.com.ar\/?author=1"},"uagb_comment_info":0,"uagb_excerpt":"En el marco de la exhibici\u00f3n \u201cIm\u00e1genes de Ida y vuelta. Artistas espa\u00f1oles y argentinos de comienzos del siglo XX\u201d, este jueves se realizar\u00e1 la presentaci\u00f3n oficial junto a su [...]","jetpack_sharing_enabled":true,"_links":{"self":[{"href":"https:\/\/www.comuna13online.com.ar\/index.php?rest_route=\/wp\/v2\/posts\/7427","targetHints":{"allow":["GET"]}}],"collection":[{"href":"https:\/\/www.comuna13online.com.ar\/index.php?rest_route=\/wp\/v2\/posts"}],"about":[{"href":"https:\/\/www.comuna13online.com.ar\/index.php?rest_route=\/wp\/v2\/types\/post"}],"author":[{"embeddable":true,"href":"https:\/\/www.comuna13online.com.ar\/index.php?rest_route=\/wp\/v2\/users\/1"}],"replies":[{"embeddable":true,"href":"https:\/\/www.comuna13online.com.ar\/index.php?rest_route=%2Fwp%2Fv2%2Fcomments&post=7427"}],"version-history":[{"count":0,"href":"https:\/\/www.comuna13online.com.ar\/index.php?rest_route=\/wp\/v2\/posts\/7427\/revisions"}],"wp:featuredmedia":[{"embeddable":true,"href":"https:\/\/www.comuna13online.com.ar\/index.php?rest_route=\/wp\/v2\/media\/7430"}],"wp:attachment":[{"href":"https:\/\/www.comuna13online.com.ar\/index.php?rest_route=%2Fwp%2Fv2%2Fmedia&parent=7427"}],"wp:term":[{"taxonomy":"category","embeddable":true,"href":"https:\/\/www.comuna13online.com.ar\/index.php?rest_route=%2Fwp%2Fv2%2Fcategories&post=7427"},{"taxonomy":"post_tag","embeddable":true,"href":"https:\/\/www.comuna13online.com.ar\/index.php?rest_route=%2Fwp%2Fv2%2Ftags&post=7427"}],"curies":[{"name":"wp","href":"https:\/\/api.w.org\/{rel}","templated":true}]}}