{"id":7392,"date":"2019-11-11T08:00:49","date_gmt":"2019-11-11T11:00:49","guid":{"rendered":"http:\/\/www.comuna13online.com.ar\/?p=7392"},"modified":"2019-11-11T08:49:26","modified_gmt":"2019-11-11T11:49:26","slug":"denuncian-que-faltan-mas-de-22-000-vacantes-en-la-ciudad","status":"publish","type":"post","link":"https:\/\/www.comuna13online.com.ar\/?p=7392","title":{"rendered":"Denuncian que faltan m\u00e1s de 22.000 vacantes en la Ciudad"},"content":{"rendered":"<p><strong>De los 54 establecimientos educativos proyectados para 2019, una veintena servir\u00e1 para reemplazar instituciones existentes, Rodr\u00edguez Larreta promete construir 19 nuevas escuelas para 2023 y desmienten la falta de vacantes.<\/strong><\/p>\n<p><img loading=\"lazy\" decoding=\"async\" data-attachment-id=\"6574\" data-permalink=\"https:\/\/www.comuna13online.com.ar\/?attachment_id=6574\" data-orig-file=\"https:\/\/www.comuna13online.com.ar\/wp-content\/uploads\/2019\/08\/20190826a.jpg\" data-orig-size=\"1030,438\" data-comments-opened=\"0\" data-image-meta=\"{&quot;aperture&quot;:&quot;0&quot;,&quot;credit&quot;:&quot;&quot;,&quot;camera&quot;:&quot;&quot;,&quot;caption&quot;:&quot;&quot;,&quot;created_timestamp&quot;:&quot;0&quot;,&quot;copyright&quot;:&quot;&quot;,&quot;focal_length&quot;:&quot;0&quot;,&quot;iso&quot;:&quot;0&quot;,&quot;shutter_speed&quot;:&quot;0&quot;,&quot;title&quot;:&quot;&quot;,&quot;orientation&quot;:&quot;0&quot;}\" data-image-title=\"20190826a\" data-image-description=\"\" data-image-caption=\"\" data-large-file=\"https:\/\/www.comuna13online.com.ar\/wp-content\/uploads\/2019\/08\/20190826a.jpg\" class=\"alignnone wp-image-6574 size-mh-magazine-content\" src=\"http:\/\/www.comuna13online.com.ar\/wp-content\/uploads\/2019\/08\/20190826a-678x381.jpg\" alt=\"\" width=\"678\" height=\"381\" \/><\/p>\n<p>El 25 de noviembre las familias sabr\u00e1n si sus hijos tienen una vacante para el ciclo lectivo 2020 en establecimientos escolares p\u00fablicos de gesti\u00f3n estatal de la Ciudad de Buenos Aires. Es la angustia anual en un contexto donde las comunidades educativas denuncian que faltan al menos 22.000 vacantes. Casi la mitad han ido a Centros de Primera Infancia (CPI), creados hace 10 a\u00f1os y bajo la \u00f3rbita del Ministerio de Desarrollo Humano y H\u00e1bitat, no de Educaci\u00f3n e Innovaci\u00f3n. Otros tantos ingresaron a colegios privados o perdieron el a\u00f1o.<\/p>\n<p>Del 8 al 20 de octubre se hizo la preinscripci\u00f3n online para todas las salas de jard\u00edn de infantes, primer grado de primaria y primer a\u00f1o de secundaria. Tambi\u00e9n para Especial, Terciarios y Adultos y Adolescentes.<\/p>\n<p>Consultada para este art\u00edculo, Patricia Pines del colectivo Vacantes para Tod@s en la Escuela P\u00fablica dijo: <em>\u201cEl sistema estuvo ca\u00eddo toda la primera semana. Falta de Internet para validar en las escuelas. Aguardamos los resultados, que el a\u00f1o pasado dejaron un saldo de 12.000 ni\u00f1os y ni\u00f1as sin vacante y 10.000 m\u00e1s que asisten a los CPI que no dependen de Educaci\u00f3n\u201d<\/em>.<\/p>\n<p>Desde el colectivo La Vacante es un Derecho dicen que faltan 13.972 vacantes en el nivel inicial, 1.232 en primaria y 427 en secundaria. Suman que hubo casi 6.400 menores cuyas familias no pudieron completar la inscripci\u00f3n online.<\/p>\n<p>La ministra de Educaci\u00f3n e Innovaci\u00f3n, Soledad Acu\u00f1a, descarta esas cifras y dijo que solo faltan vacantes en establecimientos para menores de tres a\u00f1os. Asegur\u00f3 que ese segmento est\u00e1 cubierto en un 80%. Agreg\u00f3 que <em>\u201cel 90% de las familias encuentran soluci\u00f3n en la primera o segunda opci\u00f3n de inscripci\u00f3n online\u201d<\/em>.<\/p>\n<p>El Gobierno porte\u00f1o dice que los CPI son una alternativa v\u00e1lida con una propuesta pedag\u00f3gica. Las familias dicen que es una \u201ctercerizaci\u00f3n\u201d con trabajadores que no son docentes.<\/p>\n<p>Hay m\u00e1s de 70 CPI y Ciudad planea abrir m\u00e1s. All\u00ed asisten ni\u00f1os de entre 45 d\u00edas y tres a\u00f1os <em>\u201cen situaci\u00f3n de vulnerabilidad social\u201d<\/em>, dicen fuentes oficiales. El 70% de las vacantes\u00a0est\u00e1 en los barrios del sur. Pines dice: <em>\u201cCon cualquier m\u00ednimo ingreso ya no le dan el lugar. Hay que demostrar que son pobres para que les habiliten la vacante\u201d<\/em>.<\/p>\n<p>Pese a la existencia de los CPI, las familias luchan por ingresar en las escuelas p\u00fablicas. En agosto de este a\u00f1o la titular del Juzgado N\u00b0 4 en lo Contencioso Administrativo y Tributario de la CABA, Elena Liberatori, confirm\u00f3 la falta de vacantes y orden\u00f3 que el Gobierno lo resuelva.<\/p>\n<p><em>\u201cEsta dificultad para conseguir una vacante se acent\u00faa principalmente en los primeros a\u00f1os, de primero a cuarto grado, y en las escuelas de jornada completa\u201d<\/em>, expuso la magistrada al avalar un amparo de Patricio del Corro y Myriam Bregman (Frente de Izquierda) y los gremios Ademys y UTE.<\/p>\n<p>Su fallo informa que faltan vacantes mayormente en los Distritos Escolares N\u00b0 1 (San Nicol\u00e1s, Retiro, Recoleta, Balvanera, Palermo), 5 (Parque Patricios, Nueva Pompeya, Barracas), 13 (Mataderos, Villa Luro, Parque Avellaneda, Villa Lugano, V\u00e9lez Sarsfield), 19 (Villa Soldati, Nueva Pompeya, Flores) y 20 (Liniers, Mataderos, Villa Lugano).<\/p>\n<p>Al asumir a fines de 2015, el jefe de Gobierno porte\u00f1o, Horacio Rodr\u00edguez Larreta, prometi\u00f3 hacer 54 establecimientos educativos (puede haber varios en un mismo inmueble) en cuatro a\u00f1os: 31 de nivel inicial, 12 primarios, nueve secundarios, un Centro de Adultos y un Centro de Formaci\u00f3n Profesional. Se proyectaron 4.185 vacantes de nivel inicial, 3.251 de nivel primario y 2.498 de nivel secundario, con mayor\u00eda en la zona sur.<\/p>\n<p>Sin embargo, de ese n\u00famero hay 18 que reemplazan a establecimientos existentes, como el de Catamarca y Jujuy (Plaza Manzana 66, Balvanera) que absorbe los lugares del Jard\u00edn del Hospital Ramos Mej\u00eda.<\/p>\n<p><img loading=\"lazy\" decoding=\"async\" data-attachment-id=\"7393\" data-permalink=\"https:\/\/www.comuna13online.com.ar\/?attachment_id=7393\" data-orig-file=\"https:\/\/www.comuna13online.com.ar\/wp-content\/uploads\/2019\/11\/20191104a2.jpg\" data-orig-size=\"678,509\" data-comments-opened=\"0\" data-image-meta=\"{&quot;aperture&quot;:&quot;0&quot;,&quot;credit&quot;:&quot;&quot;,&quot;camera&quot;:&quot;&quot;,&quot;caption&quot;:&quot;&quot;,&quot;created_timestamp&quot;:&quot;0&quot;,&quot;copyright&quot;:&quot;&quot;,&quot;focal_length&quot;:&quot;0&quot;,&quot;iso&quot;:&quot;0&quot;,&quot;shutter_speed&quot;:&quot;0&quot;,&quot;title&quot;:&quot;&quot;,&quot;orientation&quot;:&quot;0&quot;}\" data-image-title=\"20191104a2\" data-image-description=\"\" data-image-caption=\"\" data-large-file=\"https:\/\/www.comuna13online.com.ar\/wp-content\/uploads\/2019\/11\/20191104a2-583x438.jpg\" class=\"alignnone size-full wp-image-7393\" src=\"http:\/\/www.comuna13online.com.ar\/wp-content\/uploads\/2019\/11\/20191104a2.jpg\" alt=\"\" width=\"678\" height=\"509\" srcset=\"https:\/\/www.comuna13online.com.ar\/wp-content\/uploads\/2019\/11\/20191104a2.jpg 678w, https:\/\/www.comuna13online.com.ar\/wp-content\/uploads\/2019\/11\/20191104a2-602x452.jpg 602w, https:\/\/www.comuna13online.com.ar\/wp-content\/uploads\/2019\/11\/20191104a2-583x438.jpg 583w, https:\/\/www.comuna13online.com.ar\/wp-content\/uploads\/2019\/11\/20191104a2-326x245.jpg 326w, https:\/\/www.comuna13online.com.ar\/wp-content\/uploads\/2019\/11\/20191104a2-80x60.jpg 80w\" sizes=\"auto, (max-width: 678px) 100vw, 678px\" \/><\/p>\n<p>Hay 39 establecimientos educativos terminados, seg\u00fan datos del Gobierno. Son 17, dice el fallo de Liberatori. La oposici\u00f3n lo rebautiz\u00f3 como <em>\u201cLa mentira de las 54 escuelas\u201d<\/em> o <em>\u201cEscuelas Fantasma\u201d<\/em>.<\/p>\n<p>Algunos han tenido problemas edilicios tras la inauguraci\u00f3n. Hubo filtraciones, falta de gas y calefacci\u00f3n, luz precaria (de obra). Por ejemplo, la nueva sede de la Escuela de Ense\u00f1anza Art\u00edstica Rogelio Yrurtia (Juan Bautista Alberdi 4139) sufri\u00f3 inundaciones durante los fuertes temporales. Hay aulas que por un fallo deben ser usadas, pero est\u00e1n sin habilitar. En el Jard\u00edn de Infantes Integral N\u00b0 13 D.E. 4 del Barrio Rodrigo Bueno (Calabria y Rosario Vera Pe\u00f1aloza) una reja cay\u00f3 sobre una ni\u00f1a.<\/p>\n<p>Quedan por inaugurar varios inmuebles, entre ellos el de Pichincha 1152 en San Crist\u00f3bal, el IES \u00abJuan B. Justo\u00bb de Villa del Parque (\u00c1lvarez Jonte 3867)\u00a0 o el de Santo Domingo 4050 en Nueva Pompeya.<\/p>\n<p>A la espera de los establecimientos educativos restantes, Rodr\u00edguez Larreta como plataforma de campa\u00f1a para la reelecci\u00f3n 2019-2023 prometi\u00f3 \u201c19 nuevas escuelas\u201d: \u201cQueremos que todos los chicos y chicas de todos los barrios tengan una escuela cerca de su casa para ir a estudiar\u201d.<\/p>\n<p>Como antecedente, Liberatori reproch\u00f3 que Ciudad anunciara como nuevos algunos establecimientos que se proyectaron hace una d\u00e9cada.<\/p>\n<p><img loading=\"lazy\" decoding=\"async\" data-attachment-id=\"2965\" data-permalink=\"https:\/\/www.comuna13online.com.ar\/?attachment_id=2965\" data-orig-file=\"https:\/\/www.comuna13online.com.ar\/wp-content\/uploads\/2018\/10\/line.gif\" data-orig-size=\"678,2\" data-comments-opened=\"0\" data-image-meta=\"{&quot;aperture&quot;:&quot;0&quot;,&quot;credit&quot;:&quot;&quot;,&quot;camera&quot;:&quot;&quot;,&quot;caption&quot;:&quot;&quot;,&quot;created_timestamp&quot;:&quot;0&quot;,&quot;copyright&quot;:&quot;&quot;,&quot;focal_length&quot;:&quot;0&quot;,&quot;iso&quot;:&quot;0&quot;,&quot;shutter_speed&quot;:&quot;0&quot;,&quot;title&quot;:&quot;&quot;,&quot;orientation&quot;:&quot;0&quot;}\" data-image-title=\"line\" data-image-description=\"\" data-image-caption=\"\" data-large-file=\"https:\/\/www.comuna13online.com.ar\/wp-content\/uploads\/2018\/10\/line.gif\" class=\"alignnone size-full wp-image-2965\" src=\"http:\/\/www.comuna13online.com.ar\/wp-content\/uploads\/2018\/10\/line.gif\" alt=\"\" width=\"678\" height=\"2\" \/><\/p>\n<p style=\"text-align: right;\"><strong>Juan Manuel Castro<\/strong><br \/>\nMaterial exclusivo para la Cooperativa E.B.C.<br \/>\nEditores de Medios Barriales<br \/>\nComuna13online<\/p>\n","protected":false},"excerpt":{"rendered":"<div class=\"mh-excerpt\">De los 54 establecimientos educativos proyectados para 2019, una veintena servir\u00e1 para reemplazar instituciones existentes, Rodr\u00edguez Larreta promete construir 19 nuevas escuelas para 2023 y desmienten la falta de vacantes. <a class=\"mh-excerpt-more\" href=\"https:\/\/www.comuna13online.com.ar\/?p=7392\" title=\"Denuncian que faltan m\u00e1s de 22.000 vacantes en la Ciudad\">[&#8230;]<\/a><\/div>\n","protected":false},"author":1,"featured_media":7394,"comment_status":"closed","ping_status":"closed","sticky":false,"template":"","format":"standard","meta":{"_uag_custom_page_level_css":"","_jetpack_memberships_contains_paid_content":false,"footnotes":"","jetpack_publicize_message":"","jetpack_publicize_feature_enabled":true,"jetpack_social_post_already_shared":true,"jetpack_social_options":{"image_generator_settings":{"template":"highway","default_image_id":0,"font":"","enabled":false},"version":2}},"categories":[113],"tags":[114,246,250],"class_list":{"0":"post-7392","1":"post","2":"type-post","3":"status-publish","4":"format-standard","5":"has-post-thumbnail","7":"category-educacion","8":"tag-educacion","9":"tag-h1","10":"tag-h2"},"jetpack_publicize_connections":[],"jetpack_featured_media_url":"https:\/\/www.comuna13online.com.ar\/wp-content\/uploads\/2019\/11\/20191104a.jpg","uagb_featured_image_src":{"full":["https:\/\/www.comuna13online.com.ar\/wp-content\/uploads\/2019\/11\/20191104a.jpg",1030,438,false],"thumbnail":["https:\/\/www.comuna13online.com.ar\/wp-content\/uploads\/2019\/11\/20191104a-150x150.jpg",96,96,true],"medium":["https:\/\/www.comuna13online.com.ar\/wp-content\/uploads\/2019\/11\/20191104a-678x288.jpg",678,288,true],"medium_large":["https:\/\/www.comuna13online.com.ar\/wp-content\/uploads\/2019\/11\/20191104a-768x327.jpg",768,327,true],"large":["https:\/\/www.comuna13online.com.ar\/wp-content\/uploads\/2019\/11\/20191104a.jpg",1030,438,false],"1536x1536":["https:\/\/www.comuna13online.com.ar\/wp-content\/uploads\/2019\/11\/20191104a.jpg",1030,438,false],"2048x2048":["https:\/\/www.comuna13online.com.ar\/wp-content\/uploads\/2019\/11\/20191104a.jpg",1030,438,false],"mh-magazine-slider":["https:\/\/www.comuna13online.com.ar\/wp-content\/uploads\/2019\/11\/20191104a.jpg",1030,438,false],"mh-magazine-content":["https:\/\/www.comuna13online.com.ar\/wp-content\/uploads\/2019\/11\/20191104a-678x381.jpg",678,381,true],"mh-magazine-large":["https:\/\/www.comuna13online.com.ar\/wp-content\/uploads\/2019\/11\/20191104a-678x438.jpg",678,438,true],"mh-magazine-medium":["https:\/\/www.comuna13online.com.ar\/wp-content\/uploads\/2019\/11\/20191104a-326x245.jpg",326,245,true],"mh-magazine-small":["https:\/\/www.comuna13online.com.ar\/wp-content\/uploads\/2019\/11\/20191104a-80x60.jpg",80,60,true],"sow-carousel-default":["https:\/\/www.comuna13online.com.ar\/wp-content\/uploads\/2019\/11\/20191104a-272x182.jpg",272,182,true]},"uagb_author_info":{"display_name":"Comuna13","author_link":"https:\/\/www.comuna13online.com.ar\/?author=1"},"uagb_comment_info":0,"uagb_excerpt":"De los 54 establecimientos educativos proyectados para 2019, una veintena servir\u00e1 para reemplazar instituciones existentes, Rodr\u00edguez Larreta promete construir 19 nuevas escuelas para 2023 y desmienten la falta de vacantes. [...]","jetpack_sharing_enabled":true,"_links":{"self":[{"href":"https:\/\/www.comuna13online.com.ar\/index.php?rest_route=\/wp\/v2\/posts\/7392","targetHints":{"allow":["GET"]}}],"collection":[{"href":"https:\/\/www.comuna13online.com.ar\/index.php?rest_route=\/wp\/v2\/posts"}],"about":[{"href":"https:\/\/www.comuna13online.com.ar\/index.php?rest_route=\/wp\/v2\/types\/post"}],"author":[{"embeddable":true,"href":"https:\/\/www.comuna13online.com.ar\/index.php?rest_route=\/wp\/v2\/users\/1"}],"replies":[{"embeddable":true,"href":"https:\/\/www.comuna13online.com.ar\/index.php?rest_route=%2Fwp%2Fv2%2Fcomments&post=7392"}],"version-history":[{"count":0,"href":"https:\/\/www.comuna13online.com.ar\/index.php?rest_route=\/wp\/v2\/posts\/7392\/revisions"}],"wp:featuredmedia":[{"embeddable":true,"href":"https:\/\/www.comuna13online.com.ar\/index.php?rest_route=\/wp\/v2\/media\/7394"}],"wp:attachment":[{"href":"https:\/\/www.comuna13online.com.ar\/index.php?rest_route=%2Fwp%2Fv2%2Fmedia&parent=7392"}],"wp:term":[{"taxonomy":"category","embeddable":true,"href":"https:\/\/www.comuna13online.com.ar\/index.php?rest_route=%2Fwp%2Fv2%2Fcategories&post=7392"},{"taxonomy":"post_tag","embeddable":true,"href":"https:\/\/www.comuna13online.com.ar\/index.php?rest_route=%2Fwp%2Fv2%2Ftags&post=7392"}],"curies":[{"name":"wp","href":"https:\/\/api.w.org\/{rel}","templated":true}]}}