{"id":7316,"date":"2019-10-31T12:30:45","date_gmt":"2019-10-31T15:30:45","guid":{"rendered":"http:\/\/www.comuna13online.com.ar\/?p=7316"},"modified":"2019-11-27T08:50:32","modified_gmt":"2019-11-27T11:50:32","slug":"la-noche-de-los-museos-en-la-comuna-13","status":"publish","type":"post","link":"https:\/\/www.comuna13online.com.ar\/?p=7316","title":{"rendered":"La Noche de los Museos en la Comuna 13"},"content":{"rendered":"<p><strong>El s\u00e1bado se realizar\u00e1 el la 16ta edici\u00f3n del evento cultural m\u00e1s relevante de la Ciudad y visitar los museos de nuestra comuna siempre fue una buena propuesta, destacamos algunas y te informamos de todas las propuestas.<\/strong><\/p>\n<p><img loading=\"lazy\" decoding=\"async\" data-attachment-id=\"7317\" data-permalink=\"https:\/\/www.comuna13online.com.ar\/?attachment_id=7317\" data-orig-file=\"https:\/\/www.comuna13online.com.ar\/wp-content\/uploads\/2019\/10\/20191101a1.jpg\" data-orig-size=\"678,382\" data-comments-opened=\"0\" data-image-meta=\"{&quot;aperture&quot;:&quot;0&quot;,&quot;credit&quot;:&quot;&quot;,&quot;camera&quot;:&quot;&quot;,&quot;caption&quot;:&quot;&quot;,&quot;created_timestamp&quot;:&quot;0&quot;,&quot;copyright&quot;:&quot;&quot;,&quot;focal_length&quot;:&quot;0&quot;,&quot;iso&quot;:&quot;0&quot;,&quot;shutter_speed&quot;:&quot;0&quot;,&quot;title&quot;:&quot;&quot;,&quot;orientation&quot;:&quot;0&quot;}\" data-image-title=\"20191101a1\" data-image-description=\"\" data-image-caption=\"\" data-large-file=\"https:\/\/www.comuna13online.com.ar\/wp-content\/uploads\/2019\/10\/20191101a1.jpg\" class=\"alignnone size-full wp-image-7317\" src=\"http:\/\/www.comuna13online.com.ar\/wp-content\/uploads\/2019\/10\/20191101a1.jpg\" alt=\"\" width=\"678\" height=\"382\"><\/p>\n<h3><span style=\"color: #800080;\"><strong>Museo de Arte Espa\u00f1ol Enrique Larreta<\/strong><\/span><\/h3>\n<p><span style=\"color: #666699;\"><strong>Un palacio del Renacimiento espa\u00f1ol. Colecci\u00f3n permanente<\/strong><\/span><br \/>\nEl recorrido se inicia en el Patio Central y desde all\u00ed se accede a las diferentes salas. Y finaliza en el magn\u00edfico Jard\u00edn andaluz de m\u00e1s de media hect\u00e1rea, creado por Larreta junto a las reformas de su vivienda con la intenci\u00f3n de representar en \u00e9l \u201cun trozo de la Alhambra\u201d.<\/p>\n<p><span style=\"color: #666699;\"><strong>Im\u00e1genes de ida y vuelta. Artistas espa\u00f1oles y argentinos del siglo XX. Exhibici\u00f3n temporaria.<\/strong><\/span><br \/>\nLa exposici\u00f3n con curadur\u00eda de Mar\u00eda Elena Babino propone una relectura contempor\u00e1nea de las relaciones art\u00edsticas entre Espa\u00f1a y Argentina durante el siglo XX. En total se presentan 51 obras -incluyendo documentos, cartas y notas. Artistas: Joaqu\u00edn Sorolla, Ignacio Zuloaga, Hermenegildo Anglada Camarasa, Gregorio L\u00f3pez Naguil, Tito Cittadini, Rodolfo Franco, Santiago Rusi\u00f1ol, Roberto Ramaug\u00e9, Ricardo G\u00fciraldes, Francisco Bernareggi, Felipe Bellini, Mariano Montesinos, Octavio Pinto, Norah Borges, Juan Bautista Tapia y Jos\u00e9 Antonio Merediz.<\/p>\n<p><strong>20.00 \/ 21.00<\/strong><br \/>\nVisita guiada con lengua de se\u00f1as para personas hipoac\u00fasicas.<\/p>\n<p><strong>20.00 a 01.30<\/strong><br \/>\nJosefina Anchorena, Enrique Larreta y sus personajes nos presentan su casa.<br \/>\nArtistas caracterizados describir\u00e1n las caracter\u00edsticas principales de la casa y la colecci\u00f3n y narrar\u00e1n aspectos caracter\u00edsticos de sus vidas.<\/p>\n<p><span style=\"color: #666699;\"><strong>En el jard\u00edn<\/strong><\/span><\/p>\n<p><strong>20.00 a 03.00<\/strong><br \/>\nAstrosuka DJ set.<\/p>\n<p><strong>20.00 a 03.00<\/strong><br \/>\nPaisaje Natural 2 &#8211; Intervenci\u00f3n lum\u00ednica de Gonzalo C\u00f3rdova.<\/p>\n<p><span style=\"color: #666699;\"><strong>En el auditorio<\/strong><\/span><\/p>\n<p><strong>20.30 a 21.00 \/ 23.30 a 00.00<\/strong><br \/>\n\u00abEl cuerpo en palabras\u00bb &#8211; Baile flamenco y m\u00fasica en vivo.<br \/>\nEn un recorrido por la obra de poetas de diferentes per\u00edodos de la historia espa\u00f1ola como Garcilaso de la Vega, Cervantes, Calder\u00f3n de la Barca, Concepci\u00f3n Arenal, Antonio Machado y Garc\u00eda Lorca, transitaremos su poes\u00eda a trav\u00e9s de bailes de distintos palos del flamenco, acompa\u00f1ados de canto y m\u00fasica en vivo.<\/p>\n<p><strong>21.30 a 22.00 \/ 00.30 a 01.00<\/strong><br \/>\n\u00abEl cuerpo en palabras\u00bb Recorrido por la poes\u00eda espa\u00f1ola a trav\u00e9s de la danza flamenca.<br \/>\nEn un recorrido por la obra de poetas de diferentes per\u00edodos de la historia espa\u00f1ola como Garcilaso de la Vega, Cervantes, Calder\u00f3n de la Barca, Concepci\u00f3n Arenal, Antonio Machado y Garc\u00eda Lorca, transitaremos su poes\u00eda a trav\u00e9s de bailes de distintos palos del flamenco, acompa\u00f1ados de canto y m\u00fasica en vivo.<\/p>\n<p><strong>22.30 a 23.00 \/01.30 a 02.00<\/strong><br \/>\n\u00abEl cuerpo en palabras\u00bb &#8211; M\u00fasica en vivo<br \/>\nEn un recorrido por la obra de poetas de diferentes per\u00edodos de la historia espa\u00f1ola como Garcilaso de la Vega, Cervantes, Calder\u00f3n de la Barca, Concepci\u00f3n Arenal, Antonio Machado y Garc\u00eda Lorca, transitaremos su poes\u00eda a trav\u00e9s de bailes de distintos palos del flamenco, acompa\u00f1ados de canto y m\u00fasica en vivo.<\/p>\n<p>M\u00e1s informaci\u00f3n:<br \/>\n<strong>Actividades gratuitas \/ sin reserva previa \/ cupos limitados.<\/strong><br \/>\n<strong>Ingresos: Museo:&nbsp;<a href=\"https:\/\/www.google.com.ar\/maps\/place\/Juramento+2291,+C1428DNK+CABA\/@-34.561333,-58.4578287,17z\/data=!3m1!4b1!4m5!3m4!1s0x95bcb5d30a680059:0x3d3291ffa9fd7b52!8m2!3d-34.561333!4d-58.45564\" target=\"_blank\" rel=\"noopener noreferrer\">Juramento 2291<\/a>&nbsp;\/ Auditorio:&nbsp;<a href=\"https:\/\/goo.gl\/maps\/BPKuXkN4Lna3QroT7\" target=\"_blank\" rel=\"noopener noreferrer\">Mendoza 2250<\/a><br \/>\nSilla de ruedas o cochecitos por Croque Madame: <a href=\"https:\/\/goo.gl\/maps\/ZX21crFZ5KB6xc7v8\" target=\"_blank\" rel=\"noopener noreferrer\">Vuelta de Obligado 2155<\/a>.<\/strong><\/p>\n<p><img loading=\"lazy\" decoding=\"async\" data-attachment-id=\"7318\" data-permalink=\"https:\/\/www.comuna13online.com.ar\/?attachment_id=7318\" data-orig-file=\"https:\/\/www.comuna13online.com.ar\/wp-content\/uploads\/2019\/10\/20191101a2.jpg\" data-orig-size=\"678,449\" data-comments-opened=\"0\" data-image-meta=\"{&quot;aperture&quot;:&quot;0&quot;,&quot;credit&quot;:&quot;&quot;,&quot;camera&quot;:&quot;&quot;,&quot;caption&quot;:&quot;&quot;,&quot;created_timestamp&quot;:&quot;0&quot;,&quot;copyright&quot;:&quot;&quot;,&quot;focal_length&quot;:&quot;0&quot;,&quot;iso&quot;:&quot;0&quot;,&quot;shutter_speed&quot;:&quot;0&quot;,&quot;title&quot;:&quot;&quot;,&quot;orientation&quot;:&quot;0&quot;}\" data-image-title=\"20191101a2\" data-image-description=\"\" data-image-caption=\"\" data-large-file=\"https:\/\/www.comuna13online.com.ar\/wp-content\/uploads\/2019\/10\/20191101a2-661x438.jpg\" class=\"alignnone size-full wp-image-7318\" src=\"http:\/\/www.comuna13online.com.ar\/wp-content\/uploads\/2019\/10\/20191101a2.jpg\" alt=\"\" width=\"678\" height=\"449\" srcset=\"https:\/\/www.comuna13online.com.ar\/wp-content\/uploads\/2019\/10\/20191101a2.jpg 678w, https:\/\/www.comuna13online.com.ar\/wp-content\/uploads\/2019\/10\/20191101a2-661x438.jpg 661w\" sizes=\"auto, (max-width: 678px) 100vw, 678px\" \/><\/p>\n<h3><span style=\"color: #800080;\"><strong>Museo Hist\u00f3rico Sarmiento<\/strong><\/span><\/h3>\n<p><strong>20, 22&nbsp; y 00 hs.<\/strong>&nbsp;<b>Visita guiada a la Exposici\u00f3n \u201cUni\u00f3n del Plata. Una puerta a la Masoner\u00eda\u201d.<\/b><\/p>\n<h5>Se exhibir\u00e1n s\u00edmbolos y documentos que dan testimonio de la organizaci\u00f3n mas\u00f3nica como una instituci\u00f3n&nbsp; que form\u00f3 parte de la conformaci\u00f3n del pa\u00eds, accionando desde sus principios de libertad, igualdad y fraternidad.<\/h5>\n<p><span style=\"color: #666699;\"><strong>Charlas sobre Masoner\u00eda &#8211; A cargo de Juan Carlos Roisecco&nbsp;<\/strong><\/span><\/p>\n<p><b>20 y 22 hs. Teatro Viajero:<\/b><b><i>&nbsp;Una loca, loca noche en el Museo<\/i><\/b><b>&nbsp;<\/b><\/p>\n<p>Intervenciones teatrales con m\u00fasica en vivo en los salones y jardines del Museo.<\/p>\n<p>Una loca, loca noche en el museo es una experiencia museol\u00f3gica, hist\u00f3rica, musical y teatral.&nbsp;Conjuga la din\u00e1mica teatral de la comedia con los elementos propios del museo. Al irrumpir inesperadamente la escena teatral se quiebra con el estatismo t\u00edpico del p\u00fablico observador y se lo moviliza de un sal\u00f3n a otro generando, al mismo tiempo, un v\u00ednculo sentimental entre el objeto (museol\u00f3gicamente observado) y la historia argentina (humor\u00edsticamente narrada).<\/p>\n<p><b>21 hs<\/b>.&nbsp;<b><i>La marquesa de Larkspur Lotion<\/i><\/b>,&nbsp;<strong>obra teatral de Tennessee Williams&nbsp;<\/strong><\/p>\n<p>Cuando los sue\u00f1os rotos, las falsas esperanzas y la fantas\u00eda se enfrentan a la crudeza que nos presenta la realidad.<br \/>\nLa marquesa de Larkspur Lotion, transcurre en una pensi\u00f3n de mala muerte regentada por la Se\u00f1ora Wire. En dos de sus inquilinos, Hardwicke-Moore y un escritor que sue\u00f1a o cree ser Chejov, encontramos sue\u00f1os y frustraciones y una situaci\u00f3n de carencia y miseria descorazonadora.<\/p>\n<p>Capacidad de Sala Limitada.&nbsp;Entrega de n\u00fameros desde una hora antes de la funci\u00f3n<\/p>\n<p><b>23 hs<\/b>.&nbsp;<b><i>Sotavento Big Band<\/i><\/b>&nbsp;(Jazz &#8211; En los jardines del Museo)<\/p>\n<p>La \u00abSotavento Big Band\u00bb es una orquesta de jazz y tango creada en 2003 por Gustavo Firmenich. Actualmente es una de las orquestas m\u00e1s activas de la escena musical argentina. Editaron tres CDs y este a\u00f1o realizaron su tercera gira europea, con excelente repercusi\u00f3n.<\/p>\n<p><strong>Museo Hist\u00f3rico Sarmiento<\/strong> &#8211; <a href=\"https:\/\/mapa.buenosaires.gob.ar\/informacion\/?lat=-34.561301&amp;lng=-58.454368&amp;zl=15&amp;modo=pie&amp;dir=MUSEO+HISTORICO+SARMIENTO+CONGRESO+DE+1880&amp;ilat=-34.566288&amp;ilng=-58.446150\" target=\"_blank\" rel=\"noopener noreferrer\">Cuba 2079, C.A.B.A.<\/a><\/p>\n<h4><strong style=\"color: #800080;\"><img loading=\"lazy\" decoding=\"async\" data-attachment-id=\"7333\" data-permalink=\"https:\/\/www.comuna13online.com.ar\/?attachment_id=7333\" data-orig-file=\"https:\/\/www.comuna13online.com.ar\/wp-content\/uploads\/2019\/10\/20191101a3.jpg\" data-orig-size=\"678,449\" data-comments-opened=\"0\" data-image-meta=\"{&quot;aperture&quot;:&quot;0&quot;,&quot;credit&quot;:&quot;&quot;,&quot;camera&quot;:&quot;&quot;,&quot;caption&quot;:&quot;&quot;,&quot;created_timestamp&quot;:&quot;0&quot;,&quot;copyright&quot;:&quot;&quot;,&quot;focal_length&quot;:&quot;0&quot;,&quot;iso&quot;:&quot;0&quot;,&quot;shutter_speed&quot;:&quot;0&quot;,&quot;title&quot;:&quot;&quot;,&quot;orientation&quot;:&quot;0&quot;}\" data-image-title=\"20191101a3\" data-image-description=\"\" data-image-caption=\"\" data-large-file=\"https:\/\/www.comuna13online.com.ar\/wp-content\/uploads\/2019\/10\/20191101a3-661x438.jpg\" class=\"alignnone size-full wp-image-7333\" src=\"http:\/\/www.comuna13online.com.ar\/wp-content\/uploads\/2019\/10\/20191101a3.jpg\" alt=\"\" width=\"678\" height=\"449\" srcset=\"https:\/\/www.comuna13online.com.ar\/wp-content\/uploads\/2019\/10\/20191101a3.jpg 678w, https:\/\/www.comuna13online.com.ar\/wp-content\/uploads\/2019\/10\/20191101a3-661x438.jpg 661w\" sizes=\"auto, (max-width: 678px) 100vw, 678px\" \/><\/strong><\/h4>\n<h3><span style=\"color: #800080;\"><strong>Mus<\/strong><\/span><strong style=\"color: #800080;\">eo Malvinas e Islas del Atl\u00e1ntico Sur<\/strong><\/h3>\n<p><span style=\"color: #666699;\"><b>Coro San Benito de Palermo y Orquesta Quiral<\/b><\/span><\/p>\n<p><b>Horario<\/b>: 20:00 a 21.00h.<\/p>\n<p align=\"JUSTIFY\">Un concierto sinf\u00f3nico coral dirigido al p\u00fablico en general a cargo del Coro San Benito de Palermo y Orquesta Quiral. Interpretar\u00e1n obras de T.L. De Victoria, Brahms, Rheinberger, Reger y Lauridsen<\/p>\n<p align=\"JUSTIFY\"><span style=\"color: #666699;\"><b>Biblioteca infanto juvenil \u201cMar\u00eda Elena Walsh\u201d<\/b><\/span><\/p>\n<p><b>Horario:<\/b>&nbsp;20.00 a 01.00h.<\/p>\n<p align=\"JUSTIFY\">La Biblioteca infanto-juvenil Mar\u00eda Elena Walsh tiene m\u00e1s de 150 t\u00edtulos disponibles centrados en cinco ejes: la humanidad en relaci\u00f3n con el mar, la flora y fauna de la Patagonia, costumbres y tradiciones argentinas, derechos humanos e identidad y el conflicto b\u00e9lico de 1982.<\/p>\n<p align=\"JUSTIFY\"><span style=\"color: #666699;\"><b>Acci\u00f3n po\u00e9tica,&nbsp;<\/b><b>actividad literaria<\/b><\/span><\/p>\n<p align=\"JUSTIFY\"><b>Horario:<\/b>&nbsp;21:00 a 22:00h.<\/p>\n<p align=\"JUSTIFY\">Peque\u00f1os universos de posibilidades po\u00e9ticas donde compartiremos poes\u00edas que habitan en las profundidades de la Biblioteca infanto juvenil del Museo Malvinas y salen a la superficie de la noche para que se escuchen sus voces.<\/p>\n<p align=\"JUSTIFY\"><span style=\"color: #666699;\"><b>Obra de Teatro \u00abMalvinas en el Coraz\u00f3n\u00bb<\/b><\/span><\/p>\n<p><b>Horario<\/b>: 22:30 a 00:00h<\/p>\n<p align=\"JUSTIFY\">Una obra de teatro para toda la familia que se propone despertar el inter\u00e9s por Malvinas, apostando a la imaginaci\u00f3n para promover los valores de Memoria, Paz y Soberan\u00eda.<br \/>\nOfrece la oportunidad de ser parte de un viaje a trav\u00e9s de la historia y de los hechos m\u00e1s importantes que determinan la soberan\u00eda argentina sobre las Islas Malvinas e Islas del Atl\u00e1ntico Sur.<br \/>\nLa obra est\u00e1 producida por la compa\u00f1\u00eda teatral del Museo Malvinas e Islas del Atl\u00e1ntico Sur.<\/p>\n<h4><em><strong>Exposiciones<\/strong><\/em><\/h4>\n<p><span style=\"color: #666699;\"><b>Exposici\u00f3n temporaria \u201cEscribir 100 veces son nuestras\u201d<\/b><\/span><\/p>\n<p><b>Horario<\/b>: 20:00 a 03:00h<\/p>\n<p align=\"JUSTIFY\">Muestra temporaria organizada en forma conjunta con el Museo de las Escuelas, que invita al visitante a un recorrido por la historia de Malvinas en las aulas.<br \/>\nPor medio de recursos como cuadernos de clase, libros, documentos y objetos utilizados por los y las estudiantes, la muestra pone de manifiesto la continuidad y las distintas formas de abordaje del reclamo de soberan\u00eda en Malvinas en la educaci\u00f3n.<\/p>\n<p align=\"JUSTIFY\">Museo Malvinas e Islas del Atl\u00e1ntico Sur. <a href=\"https:\/\/mapa.buenosaires.gob.ar\/informacion\/?lat=-34.537007&amp;lng=-58.462814&amp;zl=18&amp;modo=transporte&amp;dir=Centro+Cultural+Islas+Malvinas+(La+Plata%2C+La+Plata)&amp;ilat=-34.535737&amp;ilng=-58.462536\" target=\"_blank\" rel=\"noopener noreferrer\">Santiago Calzadilla 1302<\/a><\/p>\n<h3><img loading=\"lazy\" decoding=\"async\" data-attachment-id=\"7357\" data-permalink=\"https:\/\/www.comuna13online.com.ar\/?attachment_id=7357\" data-orig-file=\"https:\/\/www.comuna13online.com.ar\/wp-content\/uploads\/2019\/11\/20191101a5.jpg\" data-orig-size=\"678,400\" data-comments-opened=\"0\" data-image-meta=\"{&quot;aperture&quot;:&quot;0&quot;,&quot;credit&quot;:&quot;&quot;,&quot;camera&quot;:&quot;&quot;,&quot;caption&quot;:&quot;&quot;,&quot;created_timestamp&quot;:&quot;0&quot;,&quot;copyright&quot;:&quot;&quot;,&quot;focal_length&quot;:&quot;0&quot;,&quot;iso&quot;:&quot;0&quot;,&quot;shutter_speed&quot;:&quot;0&quot;,&quot;title&quot;:&quot;&quot;,&quot;orientation&quot;:&quot;0&quot;}\" data-image-title=\"20191101a5\" data-image-description=\"\" data-image-caption=\"\" data-large-file=\"https:\/\/www.comuna13online.com.ar\/wp-content\/uploads\/2019\/11\/20191101a5.jpg\" class=\"alignnone size-full wp-image-7357\" src=\"http:\/\/www.comuna13online.com.ar\/wp-content\/uploads\/2019\/11\/20191101a5.jpg\" alt=\"\" width=\"678\" height=\"400\"><\/h3>\n<h3><span style=\"color: #800080;\"><strong>Espacio Memoria y Derechos Humanos<\/strong><\/span><\/h3>\n<p><a href=\"http:\/\/www.comuna13online.com.ar\/wp-content\/uploads\/2019\/11\/MAPA_01-01.jpg\" target=\"_blank\" rel=\"noopener noreferrer\"><img loading=\"lazy\" decoding=\"async\" data-attachment-id=\"7356\" data-permalink=\"https:\/\/www.comuna13online.com.ar\/?attachment_id=7356\" data-orig-file=\"https:\/\/www.comuna13online.com.ar\/wp-content\/uploads\/2019\/11\/MAPA_01-01.jpg\" data-orig-size=\"1250,1250\" data-comments-opened=\"0\" data-image-meta=\"{&quot;aperture&quot;:&quot;0&quot;,&quot;credit&quot;:&quot;&quot;,&quot;camera&quot;:&quot;&quot;,&quot;caption&quot;:&quot;&quot;,&quot;created_timestamp&quot;:&quot;0&quot;,&quot;copyright&quot;:&quot;&quot;,&quot;focal_length&quot;:&quot;0&quot;,&quot;iso&quot;:&quot;0&quot;,&quot;shutter_speed&quot;:&quot;0&quot;,&quot;title&quot;:&quot;&quot;,&quot;orientation&quot;:&quot;0&quot;}\" data-image-title=\"MAPA_01-01\" data-image-description=\"\" data-image-caption=\"\" data-large-file=\"https:\/\/www.comuna13online.com.ar\/wp-content\/uploads\/2019\/11\/MAPA_01-01-438x438.jpg\" class=\"alignnone wp-image-7356\" src=\"http:\/\/www.comuna13online.com.ar\/wp-content\/uploads\/2019\/11\/MAPA_01-01.jpg\" alt=\"\" width=\"678\" height=\"678\" srcset=\"https:\/\/www.comuna13online.com.ar\/wp-content\/uploads\/2019\/11\/MAPA_01-01.jpg 1250w, https:\/\/www.comuna13online.com.ar\/wp-content\/uploads\/2019\/11\/MAPA_01-01-150x150.jpg 150w, https:\/\/www.comuna13online.com.ar\/wp-content\/uploads\/2019\/11\/MAPA_01-01-452x452.jpg 452w, https:\/\/www.comuna13online.com.ar\/wp-content\/uploads\/2019\/11\/MAPA_01-01-768x768.jpg 768w, https:\/\/www.comuna13online.com.ar\/wp-content\/uploads\/2019\/11\/MAPA_01-01-438x438.jpg 438w\" sizes=\"auto, (max-width: 678px) 100vw, 678px\" \/><\/a><\/p>\n<div class=\"accordian fusion-accordian\">\n<div id=\"accordion-18112-1\" class=\"panel-group\">\n<div class=\"fusion-panel panel-default\">\n<div id=\"4c88d02cbe4065eeb\" class=\"panel-collapse collapse in\">\n<div class=\"panel-body toggle-content fusion-clearfix\">\n<p><strong>01.<\/strong> Museo Sitio de Memoria ESMA \/ <strong>02.<\/strong> IPPDH MERCOSUR \/ <strong>03.<\/strong> Edificio ex Cuatro Columnas \/ <strong>04.<\/strong> Archivo Nacional de la Memoria \/ <strong>05.<\/strong> 30.000 Compa\u00f1eros Presentes \/ <strong>06.<\/strong> Casa Nuestros Hijos. La Vida y la Esperanza \/ <strong>07.<\/strong> CCM Haroldo Conti \/ <strong>08.<\/strong> Casa por la Identidad \/ <strong>09.<\/strong> Espacio Cultural Nuestros Hijos \/ <strong>10.<\/strong> Museo Malvinas e Islas del Atl\u00e1ntico Sur \/ <strong>11.<\/strong> Sal\u00f3n de los pa\u00f1uelos blancos<\/p>\n<\/div>\n<\/div>\n<\/div>\n<\/div>\n<\/div>\n<div class=\"fusion-panel panel-default\">\n<div id=\"ac13b03314da4a37e\" class=\"panel-collapse collapse in\">\n<div class=\"panel-body toggle-content fusion-clearfix\">\n<div class=\"fusion-text\">\n<h4 data-fontsize=\"18\" data-lineheight=\"25\"><span style=\"color: #800000;\"><strong>ENTE P\u00daBLICO <\/strong><strong>ESPACIO MEMORIA <\/strong>EDIFICIO EX CUATRO COLUMNAS<\/span><\/h4>\n<p><strong>PLURAL Encuentro de arte colectivo | ISMO arte colectivo.<\/strong><\/p>\n<p><strong>20.50 \/ 21:50 \/ 22:50 hs. \/ Cuerpas&nbsp;<\/strong>(Danza aerea).<strong><br \/>\n<\/strong><br \/>\n<strong>23.20 hs \/ Del Placer de una huella por Gui Van Der Kooy&nbsp;<\/strong>(Performance).<strong><br \/>\n<\/strong><br \/>\n<strong>20.00 hs \/ Intervenci\u00f3n de remeras coordinado por Estudiantes del D.A.P.A Tucum\u00e1n.<\/strong><\/p>\n<p><strong>21.00 hs \/ Intervenci\u00f3n de estampas por el c\u00e1ncer de mama coordinado por Vero Verazzi Fotoluz.<\/strong><\/p>\n<p><strong>22.00 hs \/ Mesa de estampado serigr\u00e1fico por Tuca \u2013 Tuca BAM! \u2013 Bondi Art\u00edstico Militante.<\/strong><\/p>\n<p><strong>21.00 hs \/ Pintura en vivo.<\/strong><\/p>\n<p><strong>20:30 hs \/ 21:30hs \/ 22:30hs \/ 23:30hs. Visitas Guiadas \u00c1rea de Conservaci\u00f3n de la Direcci\u00f3n Nacional de Sitios de Memoria<\/strong>&nbsp;(presentarse en el hall del \u00e1rea de Conservaci\u00f3n 15 minutos antes). Actividad organizada por el Archivo Nacional de la Memoria.<\/p>\n<p><strong>20.00 hs \/ Muestra Fotogr\u00e1fica del Centro Clandestino Detenci\u00f3n Tortura y Exterminio.<\/strong><br \/>\n\u201cOlimpo\u201d (actividad organizada por el ANM) \/ Video \u201cIndicios de la resistencia. Materialidades ind\u00f3mitas \u2013 Sobre los objetos hallados del mismo ex CCDTyE.<\/p>\n<p><strong>01.20 hs \/ Actuaci\u00f3n del Grupo Rizomante.<\/strong><\/p>\n<h4 data-fontsize=\"18\" data-lineheight=\"25\"><strong><br \/>\n<span style=\"color: #800000;\">AUDITORIO MABEL GUTI\u00c9RREZ<\/span><\/strong><\/h4>\n<p><strong>20.00 hs \/ 21.00 hs \/ 22.00 hs \/ Proyecci\u00f3n de \u201cEmbutes\u201d.<\/strong><br \/>\nEs un documental sobre las casas operativas de Montoneros en la ciudad de La Plata.<\/p>\n<p><strong>20:20 hs. Uhkelelas \/ 21:20 hs. Justo antes de la guerra \/ 22:20 hs. Ceremonia Comunidad Gong \/ 23:20 hs. Brigada Barcel\u00f3 \/ 00:20 hs. Proporci\u00f3n \u00c1urea.<\/strong><\/p>\n<p><strong>21.10 hs \/ Cosificame que me gusta por Las Objetas de la cumbia&nbsp;<\/strong>(Teatro)<strong>&nbsp;\/ 22.40 hs. Eli Trimarchi&nbsp;<\/strong>(Stand Up)<strong>&nbsp;\/ 23.20 hs. Javier Caceres&nbsp;<\/strong>(M\u00fasica)<strong>&nbsp;\/ 00:10 hs. Churumbeles&nbsp;<\/strong>(Clown Teatro)<strong>&nbsp;\/ 01.20 hs. \u00a1HEY HUMANO!&nbsp;<\/strong>(Audiovisual).<\/p>\n<h4 data-fontsize=\"18\" data-lineheight=\"25\"><span style=\"color: #800000;\">SAL\u00d3N DE LOS PA\u00d1UELOS BLANCOS:<\/span><br \/>\nProgramas educativos Ente P\u00fablico Espacio para la Memoria<\/h4>\n<p data-fontsize=\"25\" data-lineheight=\"36\"><strong>20.00 hs \/ La Kermesse de los derechos<\/strong>. Actividades l\u00fadicas para ni\u00f1os y ni\u00f1as sobre la memoria y los derechos humanos.<\/p>\n<p><strong>21.00 hs \/ Los Juicios hoy.<\/strong>&nbsp;Breve recorrido por los juicios por cr\u00edmenes de lesa humanidad en la Argentina.<\/p>\n<p><strong>22.00 hs \/ Producciones de J\u00f3venes y Memoria CABA.<\/strong>&nbsp;Proyecci\u00f3n de audiovisuales.<\/p>\n<p><strong>23.00 hs \/ Freestyle y Memoria<\/strong>, micr\u00f3fono abierto para quienes quieran sumarse, trae tu pista en un pendrive.<\/p>\n<\/div>\n<div class=\"fusion-text\">\n<hr>\n<h4 data-fontsize=\"18\" data-lineheight=\"25\"><span style=\"color: #800000;\">MUSEO SITIO DE MEMORIA ESMA<\/span><\/h4>\n<p><strong>20.00 hs \/ Visitas guiadas cada 30 minutos por la muestra permanente.<\/strong><br \/>\nSe recorren los distintos espacios del antiguo Casino de Oficiales que funcion\u00f3 como n\u00facleo del accionar represivo dentro de la Escuela de Mec\u00e1nica de la Armada (ESMA) durante la \u00faltima dictadura c\u00edvico-militar. \u00daltima visita ingresa a las 2 am.<br \/>\n<strong><br \/>\n20.00 hs \/ Libros de la Memoria.<\/strong><br \/>\nEn los jardines exteriores del Museo habr\u00e1 conversaciones entre el p\u00fablico y personas vinculadas espec\u00edficamente con la experiencia de la ESMA: sobrevivientes, nacidos en el CCDTyE, abuelas, madres y familiares de detenidos desaparecidos, profesionales, personas relacionadas con los juicios por los cr\u00edmenes de lesa humanidad e integrantes de organismos de DDHH.<\/p>\n<\/div>\n<div class=\"fusion-text\">\n<hr>\n<h4 data-fontsize=\"18\" data-lineheight=\"25\"><span style=\"color: #800000;\">CASA POR LA IDENTIDAD DE ABUELAS DE PLAZA DE MAYO<\/span><\/h4>\n<p><strong>21.00 y 23.30 hs \/ Visita guiada punto de encuentro hall de Casa por la Identidad.<br \/>\n<\/strong><br \/>\n<strong>22.00 hs \/ Auditorio Obras de Teatro por la Identidad \u201cBoulogne\u201d y \u201cDame el tenedor\u201d.<\/strong><\/p>\n<\/div>\n<div class=\"fusion-text\">\n<hr>\n<h4 data-fontsize=\"18\" data-lineheight=\"25\"><span style=\"color: #800000;\">CASA NUESTROS HIJOS, LA VIDA Y LA ESPERANZA \/ MADRES DE PLAZA DE MAYO L\u00cdNEA FUNDADORA&nbsp;<\/span><\/h4>\n<p><strong>20.00hs \/ Exposiciones:<br \/>\n<\/strong><br \/>\n<strong>Muestra permanente \/ fotos hist\u00f3ricas de las Madres.<\/strong><br \/>\n<strong>Reactivaci\u00f3n de archivos \u201cLegado en Movimiento\u201d&nbsp;<\/strong>(fotos, banderas, gr\u00e1fica de las organizaciones pol\u00edticas de los a\u00f1os 60\/70)<br \/>\n<strong>G.r.a.s.a \u201cLas Calles son Nuestras\u201d.<\/strong><br \/>\n<strong>L\u00ednea Peluda (dibujos).<\/strong><\/p>\n<p><strong>21:30 \/ Ronda de charlas \u201cDe los pa\u00f1uelos blancos a los pa\u00f1uelos verdes\u201d ; el pa\u00f1uelo&nbsp;<\/strong><b>como s\u00edmbolo, bandera y legado de luchas.<\/b><br \/>\nCharlar\u00e1n Taty Almeida y Vera Jarach de Madres de Plaza de Mayo Linea Fundadora junto a militantes territoriales, sindicales y estudiantiles.<br \/>\nParticipan Ofelia Fern\u00e1ndez, legisladora electa y Nelly Minyersky, abogada, militante feminista.<\/p>\n<p><strong>22:30 \/ Dolores Sol\u00e1 \/ Intervenci\u00f3n musical.<\/strong><\/p>\n<p><strong>Tecnicatura de M\u00fasica Popular:<\/strong><br \/>\nBandas de Jazz \/ Batucada en el espacio publico.<\/p>\n<\/div>\n<div class=\"fusion-text\">\n<hr>\n<h4 data-fontsize=\"18\" data-lineheight=\"25\"><span style=\"color: #800000;\">EDIFICIO 30.000 COMPA\u00d1EROS DESAPARECIDOS PRESENTES \/ FAMILIARES \u2013 MEMORIA ABIERTA<\/span><\/h4>\n<p><strong>20.00 hs \/ Muestras:<br \/>\n<\/strong><br \/>\n<strong>Empezar a juzgarlos. A 30 a\u00f1os del Juicio a las Juntas.<\/strong><br \/>\nOrganiza Memoria Abierta. Sala Augusto Conte (Planta Baja).<\/p>\n<p><strong>40 a\u00f1os de nuestra historia.<\/strong><br \/>\nFamiliares de Desaparecidos y Detenidos por Razones Pol\u00edticas propone un recorrido por los hechos producidos durante la \u00faltima dictadura c\u00edvico-militar\/ Sala Catalina Guagnini (Planta Baja).<\/p>\n<p><strong>76.11 Afiches \/<br \/>\nMomentos que hicieron historia.<\/strong><br \/>\nSelecci\u00f3n de materiales gr\u00e1ficos producidos por los organismos de DD.HH desde 1976 hasta 2011. Sala Lateral (Planta Baja). Fundaci\u00f3n Luisa Hairabedian.<\/p>\n<p><strong>Memorias de la Memoria.<\/strong><br \/>\nMemoria Abierta proyecta una selecci\u00f3n de los audiovisuales.<\/p>\n<p><strong>Espacio Deporte y Derechos Humanos.<\/strong><br \/>\nExhibici\u00f3n que recupera las historias de los j\u00f3venes comprometidos de los a\u00f1os 70 y las de los deportistas desaparecidos a trav\u00e9s de una muestra audiovisual e interactiva.<\/p>\n<p><strong>\u201cDibujos en prisi\u00f3n\u201d \/ \u201cSeries\u201d.<\/strong><br \/>\nDocumentos digitalizados en marco del convenio entre la Defensoria del Pueblo y Familiares.<\/p>\n<hr>\n<h4 data-fontsize=\"18\" data-lineheight=\"25\"><span style=\"color: #800000;\">ESPACIO CULTURAL NUESTROS HIJOS \/ ECUNHI<\/span><\/h4>\n<p><strong>20.00 hs \/ \u201c1000 guitarras para V\u00edctor Jara\u201d.<\/strong><br \/>\nEl evento re\u00fane a m\u00fasicos, a variadas expresiones de la cultura y a la comunidad en torno al legado del m\u00fasico y militante chileno. Es tambi\u00e9n un encuentro con la memoria.<\/p>\n<\/div>\n<div class=\"fusion-text\">\n<hr>\n<h4 data-fontsize=\"18\" data-lineheight=\"25\"><span style=\"color: #800000;\">INSTITUTO DE POL\u00cdTICAS P\u00daBLICAS EN DERECHOS HUMANOS (IPPDH)<\/span><\/h4>\n<p><strong>20.30 hs en adelante:<\/strong><\/p>\n<p><strong>Experiencia en Realidad Virtual:<br \/>\nEl viaje de Kuarahy.<\/strong><br \/>\nSobre una ni\u00f1a adolescente que durante un viaje reconoce los derechos de la ni\u00f1ez migrante y refugiada en el MERCOSUR.<\/p>\n<p><strong>Exhibici\u00f3n Fotogr\u00e1fica 360 VR: Afrodescendientes en las Am\u00e9ricas.<\/strong><br \/>\nLas 12 fotos premiadas en el concurso realizado entre diciembre de 2018 y marzo de 2019.<\/p>\n<p><strong>Ciudadan\u00eda Suramericana.<\/strong><br \/>\nSegundo Concurso de Fotograf\u00edas organizado por la Secretaria del MERCOSUR. Testimonios de personas migrantes y trabajadoras que circulan la regi\u00f3n.<\/p>\n<p><strong>Miradas desde de la extensi\u00f3n universitaria.<\/strong><br \/>\nExposici\u00f3n del fot\u00f3grafo Ram\u00f3n Moser sobre la inclusi\u00f3n, la diversidad y la igualdad a partir de las experiencias de extensi\u00f3n universitaria en el Brasil.<\/p>\n<p><strong>\u201cFamilia\u201d \/ Taller de fotograf\u00eda del CUSAM.<\/strong><br \/>\nMesa de publicaciones del taller de encuadernacion del cusam \/ La fraternidad.<\/p>\n<p><strong>\u201cDescubriendo Wikipedia\u201d<br \/>\npor Wikimedia Argentina.<\/strong><\/p>\n<p><strong>Por Cabezas.<\/strong><br \/>\nMuestra fotogr\u00e1fica interactiva realizada por la Facultad de Periodismo y Comunicaci\u00f3n Social de la UNLP. Jos\u00e9 Luis Cabezas habla a trav\u00e9s de sus fotos.<\/p>\n<\/div>\n<div class=\"fusion-text\">\n<hr>\n<h4 data-fontsize=\"18\" data-lineheight=\"25\"><span style=\"color: #800000;\">CENTRO CULTURAL DE LA MEMORIA HAROLDO CONTI<\/span><\/h4>\n<p><strong>20.00 hs \/ Exhibiciones<\/strong><br \/>\nLo prometido es deuda \/ Colectivo indisoluble de Candela Sotos \/ Arte en Territorio. Quinta Edici\u00f3n \/ Plataforma curatorial CONTI-UNA #2 \/ Conquistas de la Memoria\/ Instalaci\u00f3n permanente \u201cAutores ideol\u00f3gicos\u201d. Obra colectiva\/ Trafic. Tom\u00e1s Espina.<\/p>\n<p><strong>20.30 hs \/ M\u00fasica Primer Festival de Improvisaci\u00f3n Musical con se\u00f1as.<\/strong><br \/>\nConcierto de \u201cSer Pentario\/ La Calle\u201d.<\/p>\n<p><strong>21.00 y 23.00 hs \/ Cine \u201cLos \u00d1oquis, cr\u00f3nica de una resistencia presente\u201d.<\/strong><br \/>\nMuestra el panorama de estigmatizaci\u00f3n y maltrato que sufren desde hace a\u00f1os los empleados p\u00fablicos.<\/p>\n<\/div>\n<div class=\"fusion-text\">\n<hr>\n<\/div>\n<div class=\"fusion-text\">\n<h4 data-fontsize=\"18\" data-lineheight=\"25\"><span style=\"color: #800000;\">ARCHIVO NACIONAL DE LA MEMORIA<\/span><\/h4>\n<p data-fontsize=\"18\" data-lineheight=\"27\"><strong>A partir de las 20 hs \/ Exposiciones<\/strong>&nbsp;(Textos impresos en sistema braille):<\/p>\n<p><strong>\u201cEl Informe Nunca M\u00e1s: la potencia de un archivo\u201d.<\/strong><br \/>\nTrabajo realizado por la CONADEP entre el 15 de diciembre de 1983 y finales de septiembre de 1984.<\/p>\n<p><strong>\u201cMalvinas: H\u00e9roes con nombre y apellido\u201d. El derecho a la identidad como pol\u00edtica de Estado.<\/strong><br \/>\nUn recorrido a trav\u00e9s de las etapas del Plan Humanitario Malvinas que permiti\u00f3 la identificaci\u00f3n de los soldados argentinos enterrados en el Cementerio de Darwin.<\/p>\n<p><strong>\u201cMemorias del Mundial \u201978. Una reflexi\u00f3n sobre deporte, DDHH y dictadura\u201d.<\/strong><br \/>\nMaterial in\u00e9dito del EAM \u00b478 y producciones de la campa\u00f1a de boicot impulsada desde Europa por organizaciones de DD.HH.<\/p>\n<p><strong>\u201c40\u00b0 aniversario de la visita de la CIDH a Argentina en 1979\u201d.<br \/>\n<\/strong><br \/>\n<strong>Colecci\u00f3n de Afiches de Madres de Plaza de Mayo L\u00ednea Fundadora.<\/strong><br \/>\nColecci\u00f3n Olga del Valle M\u00e1rquez de Aredes.<\/p>\n<p><strong>Muestras fotogr\u00e1ficas de ARGRA \/ \u201cArchivos incompletos\u201d.<\/strong><br \/>\nRecopilaci\u00f3n de material de la Fototeca ARGRA. \/ \u201cLilia, una Madre\u201d de Daniel Garc\u00eda.<\/p>\n<p><strong>20.30 hs \/ 22.00 hs \/ 23.30 hs \/ 01.00 hs \/ Proyecci\u00f3n de Selecci\u00f3n de cortometrajes.<\/strong><br \/>\nDirecci\u00f3n de Fondos Audiovisuales. Lugar \u201cGaler\u00eda de los Patriotas Latinoamericanos\u201d.<\/p>\n<p>&nbsp;<\/p>\n<p><span style=\"color: #800000;\"><strong>Museo sitio de Memoria ESMA <\/strong><\/span>| <span style=\"color: #666666;\"><a style=\"color: #666666;\" href=\"http:\/\/lanochedelosmuseos.gob.ar\/2019\/lnm\/es\/eventos&amp;modal=true&amp;target=home&amp;title=Museo%20Sitio%20de%20Memoria%20ESMA%20-%20Ex%20Centro%20Clandestino%20de%20Detenci%C3%B3n,%20Tortura%20y%20Exterminio\" target=\"_blank\" rel=\"noopener noreferrer\">ver programaci\u00f3n<\/a><\/span> |<br \/>\n<a href=\"https:\/\/mapa.buenosaires.gob.ar\/informacion\/?lat=-34.540285&amp;lng=-58.464081&amp;zl=15&amp;modo=transporte&amp;dir=Del+Libertador+Av.+8151&amp;ilat=-34.540285&amp;ilng=-58.464081\" target=\"_blank\" rel=\"noopener noreferrer\">Av. Libertador 8151\/8571<\/a><\/p>\n<\/div>\n<\/div>\n<\/div>\n<\/div>\n<div class=\"fusion-panel panel-default\">\n<div class=\"panel-heading\">\n<h4 class=\"panel-title toggle\" data-fontsize=\"16\" data-lineheight=\"22\"><img loading=\"lazy\" decoding=\"async\" data-attachment-id=\"99\" data-permalink=\"https:\/\/www.comuna13online.com.ar\/?attachment_id=99\" data-orig-file=\"https:\/\/www.comuna13online.com.ar\/wp-content\/uploads\/2017\/12\/line.jpg\" data-orig-size=\"678,1\" data-comments-opened=\"0\" data-image-meta=\"{&quot;aperture&quot;:&quot;0&quot;,&quot;credit&quot;:&quot;&quot;,&quot;camera&quot;:&quot;&quot;,&quot;caption&quot;:&quot;&quot;,&quot;created_timestamp&quot;:&quot;0&quot;,&quot;copyright&quot;:&quot;&quot;,&quot;focal_length&quot;:&quot;0&quot;,&quot;iso&quot;:&quot;0&quot;,&quot;shutter_speed&quot;:&quot;0&quot;,&quot;title&quot;:&quot;&quot;,&quot;orientation&quot;:&quot;0&quot;}\" data-image-title=\"line\" data-image-description=\"\" data-image-caption=\"\" data-large-file=\"https:\/\/www.comuna13online.com.ar\/wp-content\/uploads\/2017\/12\/line.jpg\" class=\"alignnone size-full wp-image-99\" src=\"http:\/\/www.comuna13online.com.ar\/wp-content\/uploads\/2017\/12\/line.jpg\" alt=\"\" width=\"678\" height=\"1\" srcset=\"https:\/\/www.comuna13online.com.ar\/wp-content\/uploads\/2017\/12\/line.jpg 678w, https:\/\/www.comuna13online.com.ar\/wp-content\/uploads\/2017\/12\/line-150x1.jpg 150w, https:\/\/www.comuna13online.com.ar\/wp-content\/uploads\/2017\/12\/line-326x1.jpg 326w, https:\/\/www.comuna13online.com.ar\/wp-content\/uploads\/2017\/12\/line-80x1.jpg 80w, https:\/\/www.comuna13online.com.ar\/wp-content\/uploads\/2017\/12\/line-272x1.jpg 272w\" sizes=\"auto, (max-width: 678px) 100vw, 678px\" \/><\/h4>\n<\/div>\n<\/div>\n<h3 style=\"text-align: center;\" align=\"JUSTIFY\"><span style=\"color: #008080;\">Otros Museos y espacios culturales de la Comuna 13<\/span><\/h3>\n<p>&nbsp;<\/p>\n<p><span style=\"color: #800000;\"><strong>Centro Cultural de la Memoria Haroldo Conti<\/strong><\/span> | <span style=\"color: #666666;\"><a style=\"color: #666666;\" href=\"http:\/\/lanochedelosmuseos.gob.ar\/2019\/lnm\/es\/eventos&amp;modal=true&amp;target=home&amp;title=Centro%20Cultural%20de%20la%20Memoria%20Haroldo%20Conti%20(Espacio%20Memoria%20y%20Derechos%20Humanos,%20ex%20ESMA)\" target=\"_blank\" rel=\"noopener noreferrer\">ver programaci\u00f3n<\/a><\/span> |<br \/>\n<a href=\"https:\/\/mapa.buenosaires.gob.ar\/informacion\/?lat=-34.540285&amp;lng=-58.464081&amp;zl=15&amp;modo=transporte&amp;dir=Del+Libertador+Av.+8151&amp;ilat=-34.540285&amp;ilng=-58.464081\" target=\"_blank\" rel=\"noopener noreferrer\">Av. Libertador 8151<\/a><\/p>\n<div class=\"col m12 texp\" tabindex=\"0\" role=\"button\" data-tipo=\"titulo\" data-name=\"1 exposicion titulo\" data-condition=\"false\">\n<p><span style=\"color: #800000;\"><strong>Museo Club Atl\u00e9tico River Plate |<\/strong> <span style=\"color: #666666;\"><a style=\"color: #666666;\" href=\"http:\/\/lanochedelosmuseos.gob.ar\/2019\/lnm\/es\/eventos&amp;modal=true&amp;target=home&amp;title=Museo%20River%20Plate\" target=\"_blank\" rel=\"noopener noreferrer\">ver<\/a><a style=\"color: #666666;\" href=\"http:\/\/lanochedelosmuseos.gob.ar\/2019\/lnm\/es\/eventos&amp;modal=true&amp;target=home&amp;title=Museo%20River%20Plate\" target=\"_blank\" rel=\"noopener noreferrer\"> programaci\u00f3n<\/a><\/span><strong> |<\/strong><\/span><br \/>\n<a href=\"https:\/\/mapa.buenosaires.gob.ar\/informacion\/?lat=-34.546432&amp;lng=-58.447617&amp;zl=18&amp;modo=transporte&amp;ilat=-34.546408&amp;ilng=-58.448419\" target=\"_blank\" rel=\"noopener noreferrer\">Av. Figueroa Alcorta 7597<\/a><\/p>\n<p><strong><span style=\"color: #800000;\">Museo Archivo Tecno Educativo Lorenzo Raggio<\/span><\/strong> | <span style=\"color: #666666;\"><a style=\"color: #666666;\" href=\"http:\/\/lanochedelosmuseos.gob.ar\/2019\/lnm\/es\/eventos&amp;modal=true&amp;target=home&amp;title=Museo%20Archivo%20Tecno%20Educativo%20Lorenzo%20Raggio\" target=\"_blank\" rel=\"noopener noreferrer\">ver programaci\u00f3n<\/a><\/span> |<br \/>\n<a href=\"https:\/\/mapa.buenosaires.gob.ar\/informacion\/?lat=-34.536205&amp;lng=-58.466256&amp;zl=15&amp;modo=transporte&amp;dir=Esc.+T%C3%A9cnicas+Raggio&amp;ilat=-34.536189&amp;ilng=-58.466289&amp;fid=establecimientos_educativos_de_gestion_estatal%7C663\" target=\"_blank\" rel=\"noopener noreferrer\">Av. del Libertador 8635<\/a><\/p>\n<\/div>\n<p><strong><span style=\"color: #800000;\">Espacio Casa Manucho Mujica Lainez<\/span><\/strong> | <span style=\"color: #666666;\"><a style=\"color: #666666;\" href=\"http:\/\/lanochedelosmuseos.gob.ar\/2019\/lnm\/es\/eventos&amp;modal=true&amp;target=home&amp;title=Espacio%20Casa%20Manucho%20Mujica%20Lainez\" target=\"_blank\" rel=\"noopener noreferrer\">ver programaci\u00f3n<\/a><\/span> |<br \/>\n<a href=\"https:\/\/mapa.buenosaires.gob.ar\/informacion\/?lat=-34.556070&amp;lng=-58.443081&amp;zl=15&amp;modo=transporte&amp;dir=O%27Higgins+2150&amp;ilat=-34.559403&amp;ilng=-58.453397\" target=\"_blank\" rel=\"noopener noreferrer\">O&#8217;Higgins 2150 PB<\/a><\/p>\n<p><span style=\"color: #800000;\"><strong>Museo Casa de Yrurtia<\/strong><\/span> | <span style=\"color: #666666;\"><a style=\"color: #666666;\" href=\"http:\/\/lanochedelosmuseos.gob.ar\/2019\/lnm\/es\/eventos&amp;modal=true&amp;target=home&amp;title=Museo%20Casa%20de%20Yrurtia\" target=\"_blank\" rel=\"noopener noreferrer\">ver programaci\u00f3n<\/a><\/span> |<br \/>\n<a href=\"https:\/\/mapa.buenosaires.gob.ar\/informacion\/?lat=-34.557201&amp;lng=-58.455269&amp;zl=15&amp;modo=transporte&amp;dir=O%27Higgins+2390&amp;ilat=-34.557203&amp;ilng=-58.455287\" target=\"_blank\" rel=\"noopener noreferrer\">O&#8217;Higgins 2390<\/a><\/p>\n<p><strong><span style=\"color: #800000;\">Museo L\u00edbero Badi\u00ed<\/span><\/strong> | <span style=\"color: #666666;\"><a style=\"color: #666666;\" href=\"http:\/\/lanochedelosmuseos.gob.ar\/2019\/lnm\/es\/eventos&amp;modal=true&amp;target=home&amp;title=Museo%20L%C3%ADbero%20Badi%C3%AD\" target=\"_blank\" rel=\"noopener noreferrer\">ver programaci\u00f3n<\/a><\/span> |<br \/>\n<a href=\"https:\/\/mapa.buenosaires.gob.ar\/informacion\/?lat=-34.559958&amp;lng=-58.450205&amp;zl=15&amp;modo=transporte&amp;dir=11+De+Septiembre+De+1888+1990&amp;ilat=-34.559971&amp;ilng=-58.450167\" target=\"_blank\" rel=\"noopener noreferrer\">11 de Septiembre 1888<\/a><\/p>\n<p><strong><span style=\"color: #800000;\">Museo del Holocausto de Buenos Aires<\/span><\/strong> | <a href=\"http:\/\/lanochedelosmuseos.gob.ar\/2019\/lnm\/es\/eventos&amp;modal=true&amp;target=home&amp;title=Museo%20del%20Holocausto%20de%20Buenos%20Aires\" target=\"_blank\" rel=\"noopener noreferrer\"><span style=\"color: #666666;\">ver programaci\u00f3n<\/span><\/a> |<br \/>\n<a href=\"https:\/\/mapa.buenosaires.gob.ar\/informacion\/?lat=-34.562361&amp;lng=-58.447545&amp;zl=15&amp;modo=transporte&amp;dir=Hernandez%2C+Jose+1750&amp;ilat=-34.562363&amp;ilng=-58.447526\" target=\"_blank\" rel=\"noopener noreferrer\">Jose Hern\u00e1ndez 1750<\/a><\/p>\n<p><strong><span style=\"color: #800000;\">Iglesia Anglicana San Salvador<\/span><\/strong> | <a href=\"http:\/\/lanochedelosmuseos.gob.ar\/2019\/lnm\/es\/eventos&amp;modal=true&amp;target=home&amp;title=Iglesia%20Anglicana%20San%20Salvador\" target=\"_blank\" rel=\"noopener noreferrer\"><span style=\"color: #666666;\">ver programaci\u00f3n<\/span><\/a> |<br \/>\n<a href=\"https:\/\/mapa.buenosaires.gob.ar\/informacion\/?lat=-34.567274&amp;lng=-58.459260&amp;zl=15&amp;modo=transporte&amp;dir=Cramer+Av.+1820&amp;ilat=-34.567281&amp;ilng=-58.459246\" target=\"_blank\" rel=\"noopener noreferrer\">Av. Cramer 1820<\/a><\/p>\n<p><strong><span style=\"color: #800000;\">Facultad de Ciencias Exactas y Naturales UBA<\/span><\/strong> | <span style=\"color: #666666;\"><a style=\"color: #666666;\" href=\"http:\/\/lanochedelosmuseos.gob.ar\/2019\/lnm\/es\/museos-y-espacios\" target=\"_blank\" rel=\"noopener noreferrer\">ver programaci\u00f3n<\/a><\/span> |<br \/>\n<a href=\"https:\/\/mapa.buenosaires.gob.ar\/informacion\/?lat=-34.543491&amp;lng=-58.442497&amp;zl=17&amp;modo=transporte&amp;ilat=-34.542108&amp;ilng=-58.442384\" target=\"_blank\" rel=\"noopener noreferrer\">Intendente G\u00fciraldes 2160, Pabell\u00f3n II<\/a><\/p>\n<p><strong><span style=\"color: #800000;\">Universidad de Belgrano<\/span><\/strong> | <a href=\"http:\/\/lanochedelosmuseos.gob.ar\/2019\/lnm\/es\/eventos&amp;modal=true&amp;target=home&amp;title=Universidad%20de%20Belgrano\" target=\"_blank\" rel=\"noopener noreferrer\"><span style=\"color: #666666;\">ver programaci\u00f3n<\/span><\/a> |<br \/>\n<a href=\"https:\/\/mapa.buenosaires.gob.ar\/informacion\/?lat=-34.566350&amp;lng=-58.444245&amp;zl=17&amp;modo=transporte&amp;dir=Zabala+1837&amp;ilat=-34.564254&amp;ilng=-58.443790\" target=\"_blank\" rel=\"noopener noreferrer\">Zabala 1837<\/a><\/p>\n<p><strong><span style=\"color: #800000;\">Museo Escuela de Comercio \u00abManuel Belgrano\u00bb<\/span><\/strong> | <a href=\"http:\/\/lanochedelosmuseos.gob.ar\/2019\/lnm\/es\/eventos&amp;modal=true&amp;target=home&amp;title=Museo%20Escuela%20de%20Comercio%20N%C2%B07%20%22Manuel%20Belgrano%22\" target=\"_blank\" rel=\"noopener noreferrer\"><span style=\"color: #666666;\">ver programaci\u00f3n<\/span><\/a> |<br \/>\n<a href=\"https:\/\/mapa.buenosaires.gob.ar\/informacion\/?lat=-34.562830&amp;lng=-58.478540&amp;zl=16&amp;modo=transporte&amp;dir=Monroe+3061&amp;ilat=-34.561819&amp;ilng=-58.465979\" target=\"_blank\" rel=\"noopener noreferrer\">Av. Monroe 3061<\/a><\/p>\n<p>&nbsp;<\/p>\n","protected":false},"excerpt":{"rendered":"<div class=\"mh-excerpt\">El s\u00e1bado se realizar\u00e1 el la 16ta edici\u00f3n del evento cultural m\u00e1s relevante de la Ciudad y visitar los museos de nuestra comuna siempre fue una buena propuesta, destacamos algunas <a class=\"mh-excerpt-more\" href=\"https:\/\/www.comuna13online.com.ar\/?p=7316\" title=\"La Noche de los Museos en la Comuna 13\">[&#8230;]<\/a><\/div>\n","protected":false},"author":1,"featured_media":7337,"comment_status":"closed","ping_status":"closed","sticky":false,"template":"","format":"standard","meta":{"_uag_custom_page_level_css":"","_jetpack_memberships_contains_paid_content":false,"footnotes":"","jetpack_publicize_message":"La Noche de los Museos en la Comuna 13 #LaNocheDeLosMuseos #BuenViernes","jetpack_publicize_feature_enabled":true,"jetpack_social_post_already_shared":true,"jetpack_social_options":{"image_generator_settings":{"template":"highway","default_image_id":0,"font":"","enabled":false},"version":2}},"categories":[9],"tags":[19,246,250,213,127,71],"class_list":{"0":"post-7316","1":"post","2":"type-post","3":"status-publish","4":"format-standard","5":"has-post-thumbnail","7":"category-ciudad","8":"tag-comuna-13","9":"tag-h1","10":"tag-h2","11":"tag-la-noche-de-los-museos","12":"tag-museos","13":"tag-tiempo-libre"},"jetpack_publicize_connections":[],"jetpack_featured_media_url":"https:\/\/www.comuna13online.com.ar\/wp-content\/uploads\/2019\/10\/20191101a.jpg","uagb_featured_image_src":{"full":["https:\/\/www.comuna13online.com.ar\/wp-content\/uploads\/2019\/10\/20191101a.jpg",1030,438,false],"thumbnail":["https:\/\/www.comuna13online.com.ar\/wp-content\/uploads\/2019\/10\/20191101a-150x150.jpg",96,96,true],"medium":["https:\/\/www.comuna13online.com.ar\/wp-content\/uploads\/2019\/10\/20191101a-678x288.jpg",678,288,true],"medium_large":["https:\/\/www.comuna13online.com.ar\/wp-content\/uploads\/2019\/10\/20191101a-768x327.jpg",768,327,true],"large":["https:\/\/www.comuna13online.com.ar\/wp-content\/uploads\/2019\/10\/20191101a.jpg",1030,438,false],"1536x1536":["https:\/\/www.comuna13online.com.ar\/wp-content\/uploads\/2019\/10\/20191101a.jpg",1030,438,false],"2048x2048":["https:\/\/www.comuna13online.com.ar\/wp-content\/uploads\/2019\/10\/20191101a.jpg",1030,438,false],"mh-magazine-slider":["https:\/\/www.comuna13online.com.ar\/wp-content\/uploads\/2019\/10\/20191101a.jpg",1030,438,false],"mh-magazine-content":["https:\/\/www.comuna13online.com.ar\/wp-content\/uploads\/2019\/10\/20191101a-678x381.jpg",678,381,true],"mh-magazine-large":["https:\/\/www.comuna13online.com.ar\/wp-content\/uploads\/2019\/10\/20191101a-678x438.jpg",678,438,true],"mh-magazine-medium":["https:\/\/www.comuna13online.com.ar\/wp-content\/uploads\/2019\/10\/20191101a-326x245.jpg",326,245,true],"mh-magazine-small":["https:\/\/www.comuna13online.com.ar\/wp-content\/uploads\/2019\/10\/20191101a-80x60.jpg",80,60,true],"sow-carousel-default":["https:\/\/www.comuna13online.com.ar\/wp-content\/uploads\/2019\/10\/20191101a-272x182.jpg",272,182,true]},"uagb_author_info":{"display_name":"Comuna13","author_link":"https:\/\/www.comuna13online.com.ar\/?author=1"},"uagb_comment_info":0,"uagb_excerpt":"El s\u00e1bado se realizar\u00e1 el la 16ta edici\u00f3n del evento cultural m\u00e1s relevante de la Ciudad y visitar los museos de nuestra comuna siempre fue una buena propuesta, destacamos algunas [...]","jetpack_sharing_enabled":true,"_links":{"self":[{"href":"https:\/\/www.comuna13online.com.ar\/index.php?rest_route=\/wp\/v2\/posts\/7316","targetHints":{"allow":["GET"]}}],"collection":[{"href":"https:\/\/www.comuna13online.com.ar\/index.php?rest_route=\/wp\/v2\/posts"}],"about":[{"href":"https:\/\/www.comuna13online.com.ar\/index.php?rest_route=\/wp\/v2\/types\/post"}],"author":[{"embeddable":true,"href":"https:\/\/www.comuna13online.com.ar\/index.php?rest_route=\/wp\/v2\/users\/1"}],"replies":[{"embeddable":true,"href":"https:\/\/www.comuna13online.com.ar\/index.php?rest_route=%2Fwp%2Fv2%2Fcomments&post=7316"}],"version-history":[{"count":0,"href":"https:\/\/www.comuna13online.com.ar\/index.php?rest_route=\/wp\/v2\/posts\/7316\/revisions"}],"wp:featuredmedia":[{"embeddable":true,"href":"https:\/\/www.comuna13online.com.ar\/index.php?rest_route=\/wp\/v2\/media\/7337"}],"wp:attachment":[{"href":"https:\/\/www.comuna13online.com.ar\/index.php?rest_route=%2Fwp%2Fv2%2Fmedia&parent=7316"}],"wp:term":[{"taxonomy":"category","embeddable":true,"href":"https:\/\/www.comuna13online.com.ar\/index.php?rest_route=%2Fwp%2Fv2%2Fcategories&post=7316"},{"taxonomy":"post_tag","embeddable":true,"href":"https:\/\/www.comuna13online.com.ar\/index.php?rest_route=%2Fwp%2Fv2%2Ftags&post=7316"}],"curies":[{"name":"wp","href":"https:\/\/api.w.org\/{rel}","templated":true}]}}